{"id":102508,"date":"2026-03-21T07:53:40","date_gmt":"2026-03-21T06:53:40","guid":{"rendered":"https:\/\/www.infokuryr.cz\/n\/?p=102508"},"modified":"2026-03-21T07:53:40","modified_gmt":"2026-03-21T06:53:40","slug":"uriel-araujo-kde-je-netanjahu-miri-se-otazky-o-tom-kdo-ridi-politiku-usa-a-izraele","status":"publish","type":"post","link":"https:\/\/www.infokuryr.cz\/n\/2026\/03\/21\/uriel-araujo-kde-je-netanjahu-miri-se-otazky-o-tom-kdo-ridi-politiku-usa-a-izraele\/","title":{"rendered":"Uriel Araujo: Kde je Netanjahu? M\u00ed\u0159\u00ed se ot\u00e1zky o tom, kdo \u0159\u00edd\u00ed politiku USA a Izraele"},"content":{"rendered":"<div id=\"fb-root\"><\/div>\n<p><strong>Rezignace Joea Kenta a nevysv\u011btliteln\u00e9 absence Netanjahua p\u0159i\u017eivuj\u00ed pochybnosti o tom, kdo skute\u010dn\u011b \u0159\u00edd\u00ed politiku USA i Izraele. \u0160\u00ed\u0159\u00ed se spekulace o s\u00edt\u00edch vlivu, vide\u00edch upraven\u00fdch um\u011blou inteligenc\u00ed a netransparentn\u00edm rozhodov\u00e1n\u00ed. Uprost\u0159ed v\u00e1lky s \u00cdr\u00e1nem je sama o sob\u011b nejistota velk\u00fdm geopolitick\u00fdm rizikem.<\/strong><\/p>\n<p><span dir=\"auto\">Kdo vl\u00e1dne Izraeli? A kdo \u0159\u00edd\u00ed zahrani\u010dn\u00ed politiku USA? To u\u017e nejsou okrajov\u00e9 ot\u00e1zky: brzy se mohou objevit jako sou\u010d\u00e1st mainstreamov\u00e9 debaty, poh\u00e1n\u011bn\u00e9 konvergenc\u00ed anom\u00e1li\u00ed a prohlubuj\u00edc\u00ed se propast\u00ed d\u016fv\u011bryhodnosti ve v\u00e1le\u010dn\u00fdch narativech. Zaprv\u00e9, Joe Kent, vysoce postaven\u00fd americk\u00fd \u00fa\u0159edn\u00edk pro boj s terorismem, rezignoval\u00a0<\/span><a href=\"https:\/\/www.washingtonpost.com\/politics\/2026\/03\/18\/iran-joe-kent-counterterrorism-trump\/9cb72f1c-232c-11f1-954a-6300919c9854_story.html\"><span dir=\"auto\">,<\/span><\/a><span dir=\"auto\">\u00a0zat\u00edmco otev\u0159en\u011b kritizoval v\u00e1lku v \u00cdr\u00e1nu a\u00a0<\/span><a href=\"https:\/\/ici.radio-canada.ca\/rci\/en\/news\/2240400\/u-s-officials-not-allowed-to-tell-trump-iran-war-concerns-former-counterterrorism-director-claims\"><span dir=\"auto\">ukazoval prstem<\/span><\/a><span dir=\"auto\">\u00a0na to, co\u00a0<\/span><a href=\"https:\/\/www.yahoo.com\/entertainment\/videos\/trump-counterterrorism-chief-joe-kent-110000487.html\"><span dir=\"auto\">ozna\u010dil<\/span><\/a><span dir=\"auto\">\u00a0za nep\u0159im\u011b\u0159en\u00fd vliv na formov\u00e1n\u00ed politiky USA \u2013 co\u017e vyvol\u00e1v\u00e1 v\u00e1\u017en\u00e9 ot\u00e1zky ohledn\u011b rozhodovac\u00edho procesu ve Washingtonu v okam\u017eiku glob\u00e1ln\u00edho rizika.<\/span><\/p>\n<p><span dir=\"auto\">Analytici z\u00e1rove\u0148 st\u00e1le \u010dast\u011bji poukazuj\u00ed na osobnosti jako\u00a0<\/span><a href=\"https:\/\/responsiblestatecraft.org\/witkoff-iran-war\/\"><span dir=\"auto\">Jared Kushner a Steve Witkoff<\/span><\/a><span dir=\"auto\">\u00a0jako na kl\u00ed\u010dov\u00e9 prost\u0159edn\u00edky formuj\u00edc\u00ed p\u0159\u00edstup americk\u00e9ho prezidenta Donalda Trumpa k Bl\u00edzk\u00e9mu v\u00fdchodu. \u010casto jsou vykreslov\u00e1ni jako osoby, kter\u00e9 B\u00edl\u00e9mu domu vnucuj\u00ed specifickou interpretaci ud\u00e1lost\u00ed, kter\u00e1 se obvykle \u00fazce shoduje s izraelsk\u00fdmi strategick\u00fdmi prioritami. Toto vn\u00edm\u00e1n\u00ed zes\u00edlilo obnoven\u00fd z\u00e1jem o tzv. \u201e\u00a0<\/span><a href=\"https:\/\/www.hks.harvard.edu\/publications\/israel-lobby-and-us-foreign-policy\"><span dir=\"auto\">izraelskou lobby<\/span><\/a><span dir=\"auto\">\u00a0\u201c, co\u017e je dostate\u010dn\u011b z\u00e1va\u017en\u00e9 t\u00e9ma, kter\u00e9 se nyn\u00ed op\u011bt objevuje v politick\u00fdch debat\u00e1ch.<\/span><\/p>\n<p><span dir=\"auto\">Krom\u011b antisemitsk\u00fdch konspira\u010dn\u00edch teori\u00ed a v\u0161ech jejich prob\u00edhaj\u00edc\u00edch\u00a0<\/span><a href=\"https:\/\/www.globalresearch.ca\/trump-iran-mistake-expands-beyond-middle-east-impacts-eurasia-globe\/5918744\"><span dir=\"auto\">glob\u00e1ln\u00edch dopad\u016f<\/span><\/a><span dir=\"auto\">\u00a0je nyn\u00ed zcela jasn\u00e9, \u017ee i z americk\u00e9ho pohledu se Trump p\u0159ipojil k izraelsk\u00e9 vojensk\u00e9 operaci proti \u00cdr\u00e1nu a u\u010dinil\u00a0<\/span><a href=\"https:\/\/www.globalresearch.ca\/operation-epstein-trump-iran-war-end-maga\/5918032\"><span dir=\"auto\">neuv\u00e1\u017een\u00e9 rozhodnut\u00ed<\/span><\/a><span dir=\"auto\">\u00a0. Vzhledem k prob\u00edhaj\u00edc\u00ed\u00a0<\/span><a href=\"http:\/\/www.globalresearch.ca\/musk-trump-feud-exposes-deep-state-intrigue-political-blackmail\/5890474\"><span dir=\"auto\">kontroverzi kolem Epsteina<\/span><\/a><span dir=\"auto\">\u00a0je p\u0159irozen\u00e9, \u017ee spekulace o politick\u00e9m vyd\u00edr\u00e1n\u00ed rostou.<\/span><\/p>\n<p><span dir=\"auto\">Pokud se zd\u016fvodn\u011bn\u00ed Washingtonu jev\u00ed, m\u00edrn\u011b \u0159e\u010deno, nepr\u016fhledn\u00e9, zd\u016fvodn\u011bn\u00ed Tel Avivu nen\u00ed o nic m\u00e9n\u011b z\u00e1hadn\u00e9. Izraelsk\u00fd premi\u00e9r Benjamin Netanjahu nav\u00edc b\u011bhem tak kritick\u00e9 f\u00e1ze \u00edr\u00e1nsk\u00e9ho konfliktu pozoruhodn\u011b chyb\u011bl\u00a0<\/span><a href=\"https:\/\/www.palestinechronicle.com\/fact-check-where-is-netanyahu-and-why-are-questions-spreading-online\/\"><span dir=\"auto\">na<\/span><\/a><span dir=\"auto\">\u00a0\u0159ad\u011b setk\u00e1n\u00ed na vysok\u00e9 \u00farovni t\u00fdkaj\u00edc\u00edch se bezpe\u010dnosti. Nen\u00ed tedy divu, \u017ee takov\u00e1\u00a0<\/span><a href=\"https:\/\/iol.co.za\/the-star\/news\/2026-03-15-netanyahus-office-quashes-assassination-rumours-as-conflict-escalates\/\"><span dir=\"auto\">absence<\/span><\/a><span dir=\"auto\">\u00a0rychle vyvolala vlnu spekulac\u00ed.<\/span><\/p>\n<p><a href=\"https:\/\/www.msn.com\/en-us\/news\/world\/netanyahu-killed-by-iran-israeli-pm-s-sudden-absence-from-israeli-war-cabinet-meet-sparks-rumours\/vi-AA1YFmLN?ocid=SNYDHP\"><span dir=\"auto\">Zv\u011bsti<\/span><\/a><span dir=\"auto\">\u00a0o tom, \u017ee premi\u00e9r je ter\u010dem n\u011bjak\u00e9ho \u201epal\u00e1cov\u00e9ho p\u0159evratu\u201c z bl\u00edzk\u00e9ho kruhu, o jeho smrti (\u00edr\u00e1nsk\u00fdm \u00fatokem) \u010di hospitalizaci, se rychle\u00a0<\/span><a href=\"https:\/\/www.hindustantimes.com\/world-news\/is-netanyahu-absent-from-key-cabinet-meets-death-rumors-swirl-despite-new-pmo-photos-videos-101773695286809.html\"><span dir=\"auto\">\u0161\u00ed\u0159ily<\/span><\/a><span dir=\"auto\">\u00a0, a to d\u00edky soci\u00e1ln\u00edm m\u00e9di\u00edm a s\u00e9rii kontroverzn\u00edch vide\u00ed \u201ed\u016fkaz\u016f \u017eivota\u201c zve\u0159ejn\u011bn\u00fdch jeho kancel\u00e1\u0159\u00ed, kter\u00e1 se zjevn\u011b\u00a0<\/span><a href=\"https:\/\/timesofindia.indiatimes.com\/videos\/international\/netanyahu-dead-or-alive-rumours-after-israeli-pm-missed-security-meeting-amid-iranian-attacks\/videoshow\/129588451.cms\"><span dir=\"auto\">vymst\u00edla<\/span><\/a><span dir=\"auto\">\u00a0. Skute\u010dnost, \u017ee z n\u011bjak\u00e9ho d\u016fvodu n\u011bkter\u00e1 videa zve\u0159ejn\u011bn\u00e1 na jeho \u00fa\u010dtu na soci\u00e1ln\u00edch s\u00edt\u00edch vykazuj\u00ed zn\u00e1mky toho, \u017ee byla vytvo\u0159ena um\u011blou inteligenc\u00ed nebo upravena um\u011blou inteligenc\u00ed, rozhodn\u011b nepom\u00e1h\u00e1 rozpt\u00fdlit f\u00e1my.<\/span><\/p>\n<p><span dir=\"auto\">V jednom klipu si koment\u00e1to\u0159i\u00a0<\/span><a href=\"https:\/\/www.france24.com\/en\/social-media-abuzz-with-viral-rumours-of-benjamin-netanyahu-s-death\"><span dir=\"auto\">v\u0161imli<\/span><\/a><span dir=\"auto\">\u00a0zd\u00e1nliv\u00e9ho\u00a0<\/span><a href=\"https:\/\/www.politifact.com\/factchecks\/2026\/mar\/13\/social-media\/netanyahu-dead-video-artificial-intelligence\/\"><span dir=\"auto\">\u0161est\u00e9ho prstu<\/span><\/a><span dir=\"auto\">\u00a0, co\u017e by bylo\u00a0<\/span><a href=\"https:\/\/www.theverge.com\/tech\/895453\/ai-deepfake-netanyahu-claims-conspiracy\"><span dir=\"auto\">typick\u00e9<\/span><\/a><span dir=\"auto\">\u00a0pro\u00a0sn\u00edmky\u00a0<\/span><a href=\"https:\/\/timesofindia.indiatimes.com\/etimes\/trending\/is-netanyahu-dead-internet-claims-recent-viral-video-of-israeli-pm-ai-generated-as-it-shows-6-fingers-sets-rumour-mills-running-amid-iran-vs-us-israel-war\/articleshow\/129562425.cms\"><span dir=\"auto\">generovan\u00e9 um\u011blou inteligenc\u00ed, kter\u00e9 se pot\u00fdkaj\u00ed s probl\u00e9my s rukama.<\/span><\/a><\/p>\n<p><span dir=\"auto\">V dal\u0161\u00edm videu, \u00fadajn\u011b nato\u010den\u00e9m v kav\u00e1rn\u011b Sataf v jeruzal\u00e9msk\u00fdch kopc\u00edch a zve\u0159ejn\u011bn\u00e9m pr\u00e1v\u011b proto, aby vyvr\u00e1tilo tato tvrzen\u00ed,\u00a0<\/span><a href=\"https:\/\/www.cbc.ca\/news\/world\/netanyahu-video-proof-of-life-iran-israel-9.7132558\"><span dir=\"auto\">\u0161\u00e1lek k\u00e1vy<\/span><\/a><span dir=\"auto\">\u00a0pln\u00fd a\u017e po okraj jasn\u011b odporuje z\u00e1kladn\u00ed fyzice: tekutina v hrnku se jev\u00ed nep\u0159irozen\u011b nehybn\u011b a jeho povrch z\u016fst\u00e1v\u00e1 ploch\u00fd. To se p\u0159ipisuje kompresi videa nebo osv\u011btlen\u00ed. V navazuj\u00edc\u00edm videu tentokr\u00e1t Netanjahu\u016fv snubn\u00ed prsten na prstu kr\u00e1tce\u00a0<\/span><a href=\"https:\/\/www.deccanherald.com\/world\/middle-east\/benjamin-netanyahus-latest-proof-of-life-video-has-ring-disappearing-problem-3934677\"><span dir=\"auto\">zmiz\u00ed<\/span><\/a><span dir=\"auto\">\u00a0uprost\u0159ed pohybu, ne\u017e\u00a0<\/span><a href=\"https:\/\/timesofindia.indiatimes.com\/videos\/entertainment\/english\/netanyahu-dead-theory-explodes-vanishing-ring-in-viral-video-sparks-ai-cover-up-claims\/videoshow\/129627451.cms\"><span dir=\"auto\">se znovu objev\u00ed<\/span><\/a><span dir=\"auto\">\u00a0. To by se \u00fadajn\u011b dalo vysv\u011btlit i\u00a0<\/span><a href=\"https:\/\/www.theverge.com\/tech\/895453\/ai-deepfake-netanyahu-claims-conspiracy\"><span dir=\"auto\">zhor\u0161en\u00edm kvality videa.<\/span><\/a><\/p>\n<p><span dir=\"auto\">Ned\u00e1vno byl zve\u0159ejn\u011bn dal\u0161\u00ed klip, kter\u00fd ukazuje Netanjahua p\u0159i rozhovoru s americk\u00fdm velvyslancem v Izraeli Mikem Huckabeem. V tomto p\u0159\u00edpad\u011b m\u00e1 lev\u00e9 ucho premi\u00e9ra podivn\u011b n\u011bco, co jasn\u011b vypad\u00e1 jako\u00a0<\/span><a href=\"https:\/\/youtu.be\/-US8xiiPPV8?si=1Qsxb5qpT9AhLZVj\"><span dir=\"auto\">dva zvukovody<\/span><\/a><span dir=\"auto\">\u00a0, a nav\u00edc odli\u0161nou strukturu u\u0161n\u00edch lal\u016f\u010dk\u016f (ve srovn\u00e1n\u00ed s ve\u0159ejn\u00fdmi fotografiemi izraelsk\u00e9ho v\u016fdce). Tento klip je mo\u017en\u00e1 nejbizarn\u011bj\u0161\u00ed a nejobt\u00ed\u017en\u011bji vysv\u011btliteln\u00fd jako n\u011bjak\u00e1 video z\u00e1vada, co\u017e siln\u011b nazna\u010duje pou\u017eit\u00ed um\u011bl\u00e9 inteligence z jak\u00e9hokoli d\u016fvodu. Tato anom\u00e1lie se stala vir\u00e1ln\u00ed na soci\u00e1ln\u00edch s\u00edt\u00edch, ale dosud se o n\u00ed v mainstreamov\u00fdch m\u00e9di\u00edch p\u0159\u00edli\u0161 nemluvilo.<\/span><\/p>\n<p><span dir=\"auto\">Ov\u011b\u0159ovatel\u00e9 fakt\u016f tyto jevy op\u011bt z velk\u00e9 \u010d\u00e1sti odm\u00edtaj\u00ed jako z\u00e1vady komprese, probl\u00e9my s osv\u011btlen\u00edm nebo jin\u00e9 optick\u00e9 iluze. Pocit, \u017ee je n\u011bco \u201epodez\u0159el\u00e9ho\u201c, a podez\u0159en\u00ed v\u0161ak p\u0159etrv\u00e1vaj\u00ed: je pravda, \u017ee v \u00e9\u0159e deepfak\u016f a informa\u010dn\u00ed v\u00e1lky se i autentick\u00e9 z\u00e1b\u011bry, kter\u00e9 jsou p\u0159\u00edli\u0161 zkoum\u00e1ny, mohou jevit natolik pochybn\u00e9, \u017ee podkop\u00e1vaj\u00ed d\u016fv\u011bru.<\/span><\/p>\n<p><span dir=\"auto\">A\u0165 je to jakkoli, takov\u00e9 pochybnosti nemus\u00ed b\u00fdt nutn\u011b paranoidn\u00ed: b\u011bhem kriz\u00ed nebo v\u00e1le\u010dn\u00fdch dob je pravda jednou z prvn\u00edch ob\u011bt\u00ed. Franklin D. Roosevelt se v soukrom\u00ed siln\u011b spol\u00e9hal na invalidn\u00ed voz\u00edk, ale na ve\u0159ejnosti se t\u00edmto zp\u016fsobem t\u00e9m\u011b\u0159 nikdy neobjevil, s choreograficky zre\u017e\u00edrovan\u00fdmi ve\u0159ejn\u00fdmi vystoupen\u00edmi \u2013 stejn\u011b jako byla utajov\u00e1na mrtvice Woodrowa Wilsona z roku 1919. V Braz\u00edlii z\u016fst\u00e1v\u00e1 p\u0159\u00edpad\u00a0<\/span><a href=\"https:\/\/www.terra.com.br\/noticias\/educacao\/tancredo-neves-a-historia-por-tras-de-sua-ultima-e-misteriosa-foto,e25eb9ea9503fd0118dc4e2355d759b6w1jkz4ag.html\"><span dir=\"auto\">Tancreda Nevese<\/span><\/a><span dir=\"auto\">\u00a0z roku 1985 dodnes kontroverzn\u00ed a existuje podez\u0159en\u00ed, \u017ee ofici\u00e1ln\u00ed sn\u00edmky jeho hospitalizace mohly b\u00fdt zinscenov\u00e1ny a\u017e po jeho smrti.<\/span><\/p>\n<p><a href=\"https:\/\/voiceofeast.net\/2024\/07\/02\/bidens-senility-and-inappropriateness-are-nothing-new-but-have-now-short-circuited-american-democracy\/\"><span dir=\"auto\">V ned\u00e1vn\u00e9 dob\u011b zjevn\u00e1 senilita<\/span><\/a><span dir=\"auto\">\u00a0a do\u010dasn\u00e9\u00a0<\/span><a href=\"https:\/\/voiceofeast.net\/2024\/07\/26\/bidens-address-after-a-week-long-disappearance-left-many-asking-who-is-running-the-usa\/\"><span dir=\"auto\">zmizen\u00ed<\/span><\/a><span dir=\"auto\">\u00a0b\u00fdval\u00e9ho prezidenta Joea Bidena\u00a0vyvolaly\u00a0<\/span><a href=\"https:\/\/nymag.com\/intelligencer\/article\/conspiracy-of-silence-to-protect-joe-biden.html\"><span dir=\"auto\">ot\u00e1zky<\/span><\/a><span dir=\"auto\">\u00a0o\u00a0<\/span><a href=\"https:\/\/www.usatoday.com\/story\/opinion\/columnist\/2024\/07\/24\/harris-campaign-democrats-biden-health\/74506384007\/\"><span dir=\"auto\">utajov\u00e1n\u00ed<\/span><\/a><span dir=\"auto\">\u00a0a o tom, kdo ve skute\u010dnosti vl\u00e1dl \u2013 objevily se zpr\u00e1vy o \u201e\u00a0<\/span><a href=\"https:\/\/www.axios.com\/2024\/07\/12\/biden-election-inner-circle-withdrawal-criticism\"><span dir=\"auto\">triumvir\u00e1tu<\/span><\/a><span dir=\"auto\">\u00a0\u201c poradc\u016f, kte\u0159\u00ed rozhodovali o situaci. Dnes je pod drobnohledem i Trumpovo\u00a0<\/span><a href=\"https:\/\/www.globalresearch.ca\/trump-senile-behavior-sign-american-empire-gone-mad\/5913139\"><span dir=\"auto\">vlastn\u00ed zdrav\u00ed a kognitivn\u00ed stav<\/span><\/a><span dir=\"auto\">\u00a0.<\/span><\/p>\n<p><span dir=\"auto\">Spekulace o tom, kde se Netanjahu nach\u00e1z\u00ed, jsou tedy ve skute\u010dnosti pom\u011brn\u011b p\u0159edv\u00eddatelnou reakc\u00ed na informa\u010dn\u00ed vakuum.<\/span><\/p>\n<p><span dir=\"auto\">To v\u0161e samoz\u0159ejm\u011b nutn\u011b neznamen\u00e1, \u017ee je mrtv\u00fd nebo zran\u011bn\u00fd (v posledn\u00edch dnech poskytl alespo\u0148 jednu tiskovou konferenci) a mohlo by se zde d\u00edt n\u011bkolik v\u011bc\u00ed. Pravd\u011bpodobn\u011bj\u0161\u00ed z\u016fst\u00e1vaj\u00ed i konven\u010dn\u011bj\u0161\u00ed vysv\u011btlen\u00ed: izraelsk\u00e9 rozhodov\u00e1n\u00ed za v\u00e1lky je\u00a0<\/span><a href=\"https:\/\/www.watanserb.com\/en\/2025\/03\/24\/inside-netanyahus-inner-circle-the-power-players-shaping-israeli-policy\"><span dir=\"auto\">\u00fadajn\u011b<\/span><\/a><span dir=\"auto\">\u00a0st\u00e1le v\u00edce\u00a0<\/span><a href=\"https:\/\/clarionindia.net\/fact-check-where-is-netanyahu-and-why-are-questions-spreading-online\/\"><span dir=\"auto\">rozt\u0159\u00ed\u0161t\u011bno<\/span><\/a><span dir=\"auto\">\u00a0mezi\u00a0<\/span><a href=\"https:\/\/www.bbc.com\/news\/articles\/ce99m0n99z0o\"><span dir=\"auto\">v\u00edce org\u00e1n\u016f<\/span><\/a><span dir=\"auto\">\u00a0, v\u010detn\u011b\u00a0<\/span><a href=\"https:\/\/www.reuters.com\/world\/middle-east\/netanyahu-disbands-his-inner-war-cabinet-israeli-official-says-2024-06-17\"><span dir=\"auto\">men\u0161\u00edch<\/span><\/a><span dir=\"auto\">\u00a0vnit\u0159n\u00edch\u00a0<\/span><a href=\"https:\/\/www.bbc.com\/news\/articles\/ce99m0n99z0o\"><span dir=\"auto\">kruh\u016f<\/span><\/a><span dir=\"auto\">\u00a0a vojensk\u00fdch velitelsk\u00fdch struktur. Vedouc\u00ed p\u0159edstavitel\u00e9 tak mohou vynech\u00e1vat form\u00e1ln\u00ed sch\u016fzky a z\u00e1rove\u0148 se \u00fa\u010dastnit\u00a0<\/span><a href=\"https:\/\/www.theguardian.com\/world\/2025\/aug\/05\/israeli-cabinet-meeting-postponed-doubts-raised-benjamin-netanyahu-occupation-plan\"><span dir=\"auto\">paraleln\u00edch konzultac\u00ed<\/span><\/a><span dir=\"auto\">\u00a0s \u0161\u00e9fy bezpe\u010dnostn\u00edch slo\u017eek. Mo\u017en\u00e1 se tak\u00e9 odehr\u00e1vaj\u00ed vnit\u0159n\u00ed neshody: objevily se\u00a0<\/span><a href=\"https:\/\/www.nytimes.com\/2025\/09\/18\/world\/middleeast\/israel-netanyahu-military-gaza.html\"><span dir=\"auto\">zpr\u00e1vy<\/span><\/a><span dir=\"auto\">\u00a0o\u00a0<\/span><a href=\"https:\/\/www.haaretz.com\/israel-news\/2025-08-05\/ty-article\/.premium\/netanyahu-to-meet-idf-chief-key-ministers-amid-gaza-takeover-plans-and-tensions-with-army\/00000198-7a5f-d9de-a3fd-fa7f8b6a0000\"><span dir=\"auto\">nap\u011bt\u00ed<\/span><\/a><span dir=\"auto\">\u00a0mezi Netanjahuem a vojensk\u00fdm veden\u00edm.<\/span><\/p>\n<p><span dir=\"auto\">Nav\u00edc zde mohou hr\u00e1t roli i obavy o osobn\u00ed bezpe\u010dnost: prioritou je vyhnout se \u00edr\u00e1nsk\u00e9mu raketov\u00e9mu \u00fatoku, co\u017e je samo o sob\u011b dost trapn\u00e9 pro v\u016fdce zem\u011b, kter\u00e1 se kdysi chlubila svou protivzdu\u0161nou obranou \u201e\u017delezn\u00e1 kopule\u201c.<\/span><\/p>\n<p><span dir=\"auto\">V ka\u017ed\u00e9m p\u0159\u00edpad\u011b se jak ve Washingtonu, tak v Tel Avivu jev\u00ed rozhodov\u00e1n\u00ed st\u00e1le m\u00e9n\u011b transparentn\u00ed, fragmentovan\u011bj\u0161\u00ed a \u010dasto protich\u016fdn\u00e9.<\/span><\/p>\n<p><span dir=\"auto\">Tato nejistota nen\u00ed trivi\u00e1ln\u00ed. Prob\u00edhaj\u00edc\u00ed v\u00e1lka s \u00cdr\u00e1nem zdaleka nen\u00ed lokalizovan\u00fdm konfliktem, ohro\u017euje glob\u00e1ln\u00ed energetick\u00e9 trhy, obchodn\u00ed trasy a finan\u010dn\u00ed stabilitu po cel\u00e9m sv\u011bt\u011b. Trhy reaguj\u00ed nejen na ud\u00e1losti, ale i na vn\u00edm\u00e1n\u00ed, a v tuto chv\u00edli, pomineme-li konspirace, situace nevypad\u00e1 dob\u0159e.<\/span><\/p>\n<p><span dir=\"auto\">Izrael se uprost\u0159ed zpr\u00e1v o\u00a0<\/span><a href=\"https:\/\/www.ohchr.org\/en\/press-releases\/2025\/09\/israel-has-committed-genocide-gaza-strip-un-commission-finds\"><span dir=\"auto\">genocid\u011b<\/span><\/a><span dir=\"auto\">\u00a0v Gaze st\u00e1le v\u00edce izoluje. T\u00edm, \u017ee to umo\u017e\u0148uje a p\u0159ipojuje se k nebezpe\u010dn\u00e9 kampani v \u00cdr\u00e1nu, se i americk\u00e1 supervelmoc jev\u00ed jako st\u00e1le nevyzpytateln\u011bj\u0161\u00ed a nespolehliv\u011bj\u0161\u00ed.<\/span><\/p>\n<p><em><span dir=\"auto\"><a href=\"https:\/\/infobrics.org\/en\/post\/87452\">Uriel Araujo, PhD.<\/a> v oboru antropologie, je soci\u00e1ln\u00ed v\u011bdec specializuj\u00edc\u00ed se na etnick\u00e9 a n\u00e1bo\u017eensk\u00e9 konflikty s rozs\u00e1hl\u00fdm v\u00fdzkumem geopolitick\u00e9 dynamiky a kulturn\u00edch interakc\u00ed<\/span><\/em><\/p>\n<p>&nbsp;<\/p>\n","protected":false},"excerpt":{"rendered":"<p>Rezignace Joea Kenta a nevysv\u011btliteln\u00e9 absence Netanjahua p\u0159i\u017eivuj\u00ed pochybnosti o tom, kdo skute\u010dn\u011b \u0159\u00edd\u00ed politiku&#8230;<\/p>\n","protected":false},"author":2,"featured_media":102509,"comment_status":"closed","ping_status":"closed","sticky":false,"template":"","format":"standard","meta":[],"categories":[7],"tags":[1042,4537,178,107],"_links":{"self":[{"href":"https:\/\/www.infokuryr.cz\/n\/wp-json\/wp\/v2\/posts\/102508"}],"collection":[{"href":"https:\/\/www.infokuryr.cz\/n\/wp-json\/wp\/v2\/posts"}],"about":[{"href":"https:\/\/www.infokuryr.cz\/n\/wp-json\/wp\/v2\/types\/post"}],"author":[{"embeddable":true,"href":"https:\/\/www.infokuryr.cz\/n\/wp-json\/wp\/v2\/users\/2"}],"replies":[{"embeddable":true,"href":"https:\/\/www.infokuryr.cz\/n\/wp-json\/wp\/v2\/comments?post=102508"}],"version-history":[{"count":0,"href":"https:\/\/www.infokuryr.cz\/n\/wp-json\/wp\/v2\/posts\/102508\/revisions"}],"wp:featuredmedia":[{"embeddable":true,"href":"https:\/\/www.infokuryr.cz\/n\/wp-json\/wp\/v2\/media\/102509"}],"wp:attachment":[{"href":"https:\/\/www.infokuryr.cz\/n\/wp-json\/wp\/v2\/media?parent=102508"}],"wp:term":[{"taxonomy":"category","embeddable":true,"href":"https:\/\/www.infokuryr.cz\/n\/wp-json\/wp\/v2\/categories?post=102508"},{"taxonomy":"post_tag","embeddable":true,"href":"https:\/\/www.infokuryr.cz\/n\/wp-json\/wp\/v2\/tags?post=102508"}],"curies":[{"name":"wp","href":"https:\/\/api.w.org\/{rel}","templated":true}]}}