{"id":1025,"date":"2021-04-22T04:21:06","date_gmt":"2021-04-22T02:21:06","guid":{"rendered":"http:\/\/www.infokuryr.cz\/n\/?p=1025"},"modified":"2021-04-22T04:24:02","modified_gmt":"2021-04-22T02:24:02","slug":"kreml-zareagoval-na-pozadavek-ceska-o-navratu-diplomatu-znovu-si-predvola-ceskeho-velvylslance","status":"publish","type":"post","link":"https:\/\/www.infokuryr.cz\/n\/2021\/04\/22\/kreml-zareagoval-na-pozadavek-ceska-o-navratu-diplomatu-znovu-si-predvola-ceskeho-velvylslance\/","title":{"rendered":"Kreml zareagoval na po\u017eadavek \u010ceska o n\u00e1vratu diplomat\u016f. Znovu si p\u0159edvol\u00e1 \u010desk\u00e9ho velvylslance"},"content":{"rendered":"<div id=\"fb-root\"><\/div>\n<div class=\"article__header\">\n<div class=\"article__announce-text\"><strong>Mluv\u010d\u00ed rusk\u00e9ho prezidenta Dmitrij Peskov okomentoval po\u017eadavek \u010desk\u00e9 strany na n\u00e1vrat vyho\u0161t\u011bn\u00fdch \u010desk\u00fdch diplomat\u016f do Moskvy. Zd\u016fraznil, \u017ee Rusko nedovol\u00ed, aby s n\u00edm bylo jedn\u00e1no ultimativn\u00edm t\u00f3nem. Mluv\u010d\u00ed rusk\u00e9ho ministerstva zahrani\u010d\u00ed Maria Zacharovov\u00e1 doporu\u010dila \u010desk\u00fdm diplomat\u016fm, aby si nechali jazyk ultim\u00e1t pro jedn\u00e1n\u00ed uvnit\u0159 NATO.<\/strong><\/div>\n<div><\/div>\n<\/div>\n<div class=\"article__body\">\n<div class=\"article__block\" data-type=\"text\">\n<div class=\"article__text\">\u010cesk\u00fd ministr zahrani\u010d\u00ed Jakub Kulh\u00e1nek na tiskov\u00e9 konferenci po jedn\u00e1n\u00ed s rusk\u00fdm velvyslancem Alexandrem Zmejevsk\u00fdm\u00a0uvedl, \u017ee Praha po\u017e\u00e1dala, aby se do Moskvy vr\u00e1tilo v\u0161ech 20 vyho\u0161t\u011bn\u00fdch \u010desk\u00fdch diplomat\u016f.<\/div>\n<\/div>\n<div class=\"article__block\" data-type=\"text\">\n<div class=\"article__text\">Na prohl\u00e1\u0161en\u00ed \u010desk\u00e9ho ministra vz\u00e1p\u011bt\u00ed reagovala rusk\u00e1 strana. Tiskov\u00fd mluv\u010d\u00ed prezidenta RF Dmitrij Peskov ve sv\u00e9m\u00a0koment\u00e1\u0159i\u00a0pro rusk\u00e1 m\u00e9dia prohl\u00e1sil, \u017ee Moskva pova\u017euje styl jedn\u00e1n\u00ed Prahy za nep\u0159ijateln\u00fd.<\/div>\n<\/div>\n<div class=\"article__block\" data-type=\"quote\">\n<div class=\"article__quote\">\n<div class=\"article__quote-bg\">\n<div class=\"article__quote-bg-line\"><\/div>\n<\/div>\n<div class=\"article__quote-text\">\u201ePr\u00e1v\u011b dnes ve sv\u00e9m poselstv\u00ed prezident Putin hovo\u0159il o neperspektivnosti jedn\u00e1n\u00ed s n\u00e1mi pomoc\u00ed ultim\u00e1t,\u201d zd\u016fraznil Peskov.<\/div>\n<div class=\"article__quote-info\">\n<div class=\"elem-info\">\n<div class=\"elem-info__share\">\n<div data-id=\"14218270\" data-url=\"https:\/\/cz.sputniknews.com\/20210421\/kreml-reaguje-na-pozadavek-ceska-mluvit-s-ruskem-pomoci-ultimat-nema-smysl-14218270.html?share-block=14218525\" data-title=\"\u201ePr\u00e1v\u011b dnes ve sv\u00e9m poselstv\u00ed prezident Putin hovo\u0159il o neperspektivnosti jedn\u00e1n\u00ed s n\u00e1mi pomoc\u00ed ultim\u00e1t,\u201d zd\u016fraznil Peskov.\"><\/div>\n<div class=\"share\" data-id=\"14218270\" data-url=\"https:\/\/cz.sputniknews.com\/20210421\/kreml-reaguje-na-pozadavek-ceska-mluvit-s-ruskem-pomoci-ultimat-nema-smysl-14218270.html?share-block=14218525\" data-title=\"\u201ePr\u00e1v\u011b dnes ve sv\u00e9m poselstv\u00ed prezident Putin hovo\u0159il o neperspektivnosti jedn\u00e1n\u00ed s n\u00e1mi pomoc\u00ed ultim\u00e1t,\u201d zd\u016fraznil Peskov.\"><strong>Ministerstvo zahrani\u010dn\u00edch v\u011bc\u00ed RF si znovu p\u0159edvol\u00e1 \u010desk\u00e9ho velvyslance<\/strong><\/div>\n<\/div>\n<\/div>\n<\/div>\n<\/div>\n<\/div>\n<div class=\"article__block\" data-type=\"text\">\n<div class=\"article__text\">Ofici\u00e1ln\u00ed mluv\u010d\u00ed rusk\u00e9ho ministerstva zahrani\u010d\u00ed Maria Zacharovov\u00e1 informovala o tom, \u017ee \u010desk\u00fd velvyslanec v Rusku bude znovu p\u0159edvol\u00e1n na p\u016fdu resortu.<\/div>\n<\/div>\n<div class=\"article__block\" data-type=\"quote\">\n<div class=\"article__quote\">\n<div class=\"article__quote-text\">\n<p>\u201eNavrhujeme Praze nechat ultim\u00e1ta pro jedn\u00e1n\u00ed uvnit\u0159 NATO. Pro Rusko je takov\u00fd t\u00f3n nep\u0159ijateln\u00fd. Z\u00edtra budeme pokra\u010dovat v jedn\u00e1n\u00ed s \u010desk\u00fdm velvyslancem na p\u016fd\u011b rusk\u00e9ho ministerstva zahrani\u010d\u00ed,\u201d prohl\u00e1sila Zacharovov\u00e1.<\/p>\n<\/div>\n<div class=\"article__quote-info\">\n<div class=\"elem-info\">\n<div class=\"elem-info__share\">\n<div class=\"share\" data-id=\"14218270\" data-url=\"https:\/\/cz.sputniknews.com\/20210421\/kreml-reaguje-na-pozadavek-ceska-mluvit-s-ruskem-pomoci-ultimat-nema-smysl-14218270.html?share-block=14218590\" data-title=\"\u201eNavrhujeme Praze nechat ultim\u00e1ta pro jedn\u00e1n\u00ed uvnit\u0159 NATO. Pro Rusko je takov\u00fd t\u00f3n nep\u0159ijateln\u00fd. Z\u00edtra budeme pokra\u010dovat v jedn\u00e1n\u00ed s \u010desk\u00fdm velvyslancem na p\u016fd\u011b rusk\u00e9ho ministerstva zahrani\u010d\u00ed,\u201d prohl\u00e1sila Zacharovov\u00e1.\"><strong>Rusko-\u010desk\u00e9 vztahy a Vrb\u011btice<\/strong><\/div>\n<div data-id=\"14218270\" data-url=\"https:\/\/cz.sputniknews.com\/20210421\/kreml-reaguje-na-pozadavek-ceska-mluvit-s-ruskem-pomoci-ultimat-nema-smysl-14218270.html?share-block=14218590\" data-title=\"\u201eNavrhujeme Praze nechat ultim\u00e1ta pro jedn\u00e1n\u00ed uvnit\u0159 NATO. Pro Rusko je takov\u00fd t\u00f3n nep\u0159ijateln\u00fd. Z\u00edtra budeme pokra\u010dovat v jedn\u00e1n\u00ed s \u010desk\u00fdm velvyslancem na p\u016fd\u011b rusk\u00e9ho ministerstva zahrani\u010d\u00ed,\u201d prohl\u00e1sila Zacharovov\u00e1.\"><\/div>\n<\/div>\n<\/div>\n<\/div>\n<\/div>\n<\/div>\n<div class=\"article__block\" data-type=\"text\">\n<div class=\"article__text\">Krize v rusko-\u010desk\u00fdch vztaz\u00edch nastala pot\u00e9, co 17. dubna \u010desk\u00fd premi\u00e9r Andrej Babi\u0161 (ANO) na tiskov\u00e9 konferenci\u00a0obvinil rusk\u00e9 tajn\u00e9 slu\u017eby z organizace v\u00fdbuch\u016f na muni\u010dn\u00edm sklad\u011b ve Vrb\u011btic\u00edch v roce 2014.<\/div>\n<div><\/div>\n<div class=\"article__text\">\u010cesk\u00e1 policie vyhl\u00e1sila p\u00e1tr\u00e1n\u00ed po rusk\u00fdch ob\u010danech Alexandru Petrovovi a Ruslanu Bo\u0161irovovi, kter\u00e9 Lond\u00fdn podez\u00edr\u00e1 z otravy b\u00fdval\u00e9ho d\u016fstojn\u00edka GRU Sergeje Skripala. Podle \u010desk\u00e9ho nejvy\u0161\u0161\u00edho st\u00e1tn\u00edho z\u00e1stupce stoj\u00ed i za v\u00fdbuchem ve skladu. Zdroj port\u00e1lu Seznam.cz pozd\u011bji\u00a0uvedl, \u017ee t\u0159et\u00edm podez\u0159el\u00fdm je Sergej Fedotov, kter\u00fd podle sv\u00fdch slov pracoval v r\u00e1mci rusk\u00e9 diplomatick\u00e9 mise v \u010cR.<\/div>\n<div><\/div>\n<\/div>\n<div class=\"article__block\" data-type=\"text\">\n<div class=\"article__text\">N\u00e1sledn\u011b bylo vyho\u0161t\u011bno 18 pracovn\u00edk\u016f rusk\u00e9ho velvyslanectv\u00ed v Praze, kte\u0159\u00ed m\u011bli b\u00fdt identifikov\u00e1ni jako \u010dlenov\u00e9\u00a0rusk\u00fdch zpravodajsk\u00fdch slu\u017eeb. Moskva v reakci na to vyhostila 20 zam\u011bstnanc\u016f \u010desk\u00e9ho velvyslanectv\u00ed. Je mezi nimi z\u00e1stupce velvyslance, co\u017e bylo pro Prahu p\u0159ekvapen\u00edm.<\/div>\n<div><\/div>\n<\/div>\n<div class=\"article__block\" data-type=\"text\">\n<div class=\"article__text\">Ministerstvo zahrani\u010dn\u00edch v\u011bc\u00ed RF ozna\u010dilo obvin\u011bn\u00ed na adresu tajn\u00fdch slu\u017eeb za absurdn\u00ed a vymy\u0161len\u00e9. Podle mluv\u010d\u00ed ministerstva Marie Zacharovov\u00e9 je situace s vy\u0161et\u0159ov\u00e1n\u00edm v\u00fdbuch\u016f sklad\u016f v \u010cesku \u201e\u0161\u00edlenstv\u00edm\u201c, kter\u00e9 slou\u017e\u00ed k odvr\u00e1cen\u00ed pozornosti od \u00fa\u010dasti USA na p\u0159\u00edprav\u011b atent\u00e1tu na Alexandra Luka\u0161enka a p\u0159evratu v\u00a0B\u011blorusku.<\/div>\n<div><\/div>\n<\/div>\n<div class=\"article__block\" data-type=\"text\">\n<div class=\"article__text\">\u010cesk\u00e1 vl\u00e1da nav\u00edc tak\u00e9 vy\u0159adila\u00a0Rosatom z \u0159ad uchaze\u010d\u016f o \u00fa\u010dast v tendru na v\u00fdstavbu nov\u00e9ho energetick\u00e9ho bloku jadern\u00e9 elektr\u00e1rny Dukovany na jihov\u00fdchod\u011b zem\u011b. St\u00e1tn\u00ed spole\u010dnost Rosatom ozna\u010dila rozhodnut\u00ed za netr\u017en\u00ed a politicky anga\u017eovan\u00e9. N\u00e1sledn\u011b Praha tak\u00e9 po\u017eadovala, aby Rusko vr\u00e1tilo \u010d\u00e1st m\u011bstsk\u00e9ho parku Stromovka, kterou nyn\u00ed pou\u017e\u00edv\u00e1 rusk\u00e9 velvyslanectv\u00ed.<\/div>\n<\/div>\n<\/div>\n<div><\/div>\n<div><a href=\"https:\/\/cz.sputniknews.com\/20210421\/kreml-reaguje-na-pozadavek-ceska-mluvit-s-ruskem-pomoci-ultimat-nema-smysl-14218270.html\">ZDROJ<\/a><\/div>\n","protected":false},"excerpt":{"rendered":"<p>Mluv\u010d\u00ed rusk\u00e9ho prezidenta Dmitrij Peskov okomentoval po\u017eadavek \u010desk\u00e9 strany na n\u00e1vrat vyho\u0161t\u011bn\u00fdch \u010desk\u00fdch diplomat\u016f do&#8230;<\/p>\n","protected":false},"author":2,"featured_media":935,"comment_status":"closed","ping_status":"closed","sticky":false,"template":"","format":"standard","meta":[],"categories":[7],"tags":[76,39,22,145],"_links":{"self":[{"href":"https:\/\/www.infokuryr.cz\/n\/wp-json\/wp\/v2\/posts\/1025"}],"collection":[{"href":"https:\/\/www.infokuryr.cz\/n\/wp-json\/wp\/v2\/posts"}],"about":[{"href":"https:\/\/www.infokuryr.cz\/n\/wp-json\/wp\/v2\/types\/post"}],"author":[{"embeddable":true,"href":"https:\/\/www.infokuryr.cz\/n\/wp-json\/wp\/v2\/users\/2"}],"replies":[{"embeddable":true,"href":"https:\/\/www.infokuryr.cz\/n\/wp-json\/wp\/v2\/comments?post=1025"}],"version-history":[{"count":0,"href":"https:\/\/www.infokuryr.cz\/n\/wp-json\/wp\/v2\/posts\/1025\/revisions"}],"wp:featuredmedia":[{"embeddable":true,"href":"https:\/\/www.infokuryr.cz\/n\/wp-json\/wp\/v2\/media\/935"}],"wp:attachment":[{"href":"https:\/\/www.infokuryr.cz\/n\/wp-json\/wp\/v2\/media?parent=1025"}],"wp:term":[{"taxonomy":"category","embeddable":true,"href":"https:\/\/www.infokuryr.cz\/n\/wp-json\/wp\/v2\/categories?post=1025"},{"taxonomy":"post_tag","embeddable":true,"href":"https:\/\/www.infokuryr.cz\/n\/wp-json\/wp\/v2\/tags?post=1025"}],"curies":[{"name":"wp","href":"https:\/\/api.w.org\/{rel}","templated":true}]}}