{"id":102496,"date":"2026-03-21T07:35:26","date_gmt":"2026-03-21T06:35:26","guid":{"rendered":"https:\/\/www.infokuryr.cz\/n\/?p=102496"},"modified":"2026-03-21T07:35:26","modified_gmt":"2026-03-21T06:35:26","slug":"dve-rany-pro-who-argentina-odstoupila-novy-zeland-odmita-igf","status":"publish","type":"post","link":"https:\/\/www.infokuryr.cz\/n\/2026\/03\/21\/dve-rany-pro-who-argentina-odstoupila-novy-zeland-odmita-igf\/","title":{"rendered":"Dv\u011b r\u00e1ny pro WHO: Argentina odstoupila, Nov\u00fd Z\u00e9land odm\u00edt\u00e1 IGF"},"content":{"rendered":"<div id=\"fb-root\"><\/div>\n<p><strong><span dir=\"auto\">Rostouc\u00ed nep\u0159\u00edze\u0148 situace pro Sv\u011btovou zdravotnickou organizaci: Vystoupen\u00ed Argentiny z kontroverzn\u00ed WHO nyn\u00ed vstoupilo v platnost. Nov\u00fd Z\u00e9land nav\u00edc odm\u00edtl zm\u011bny Mezin\u00e1rodn\u00edch zdravotnick\u00fdch p\u0159edpis\u016f s odvol\u00e1n\u00edm na svou vlastn\u00ed suverenitu.<\/span><\/strong><\/p>\n<p><span dir=\"auto\">Argentinsk\u00fd prezident Javier Milei ofici\u00e1ln\u011b\u00a0<\/span><a href=\"https:\/\/www.skynews.com.au\/world-news\/global-affairs\/argentinas-milei-follows-in-trumps-footsteps-with-landmark-who-pullout\/video\/3b0cdc8c9ca9c4315f2505aa39f3f483\" target=\"_blank\" rel=\"noreferrer noopener\"><span dir=\"auto\">vystoupil ze Sv\u011btov\u00e9 zdravotnick\u00e9 organizace (WHO)<\/span><\/a><span dir=\"auto\">\u00a0. Tento krok byl ozn\u00e1men loni, nyn\u00ed je ofici\u00e1ln\u00ed. 17. b\u0159ezna ministr zahrani\u010d\u00ed Pablo Quirno\u00a0<\/span><a href=\"https:\/\/x.com\/pabloquirno\/status\/2033867687495975079?s=20\" target=\"_blank\" rel=\"noreferrer noopener\"><span dir=\"auto\">v po\u0159adu X ozn\u00e1mil:<\/span><\/a><span dir=\"auto\"> \u201eDnes nab\u00fdv\u00e1 platnosti vystoupen\u00ed Argentiny ze Sv\u011btov\u00e9 zdravotnick\u00e9 organizace (WHO), rok po form\u00e1ln\u00edm ozn\u00e1men\u00ed na\u0161\u00ed zem\u011b.\u201c<\/span><\/p>\n<p><span dir=\"auto\">N\u011bmecko sv\u00fdm odstoupen\u00edm n\u00e1sleduje p\u0159\u00edklad Donalda Trumpa a USA. Quirno ve sv\u00e9m prohl\u00e1\u0161en\u00ed zd\u016fraznil: \u201eNa\u0161e zem\u011b bude i nad\u00e1le podporovat mezin\u00e1rodn\u00ed spolupr\u00e1ci v oblasti zdrav\u00ed prost\u0159ednictv\u00edm dvoustrann\u00fdch dohod a region\u00e1ln\u00edch f\u00f3r a z\u00e1rove\u0148 si pln\u011b zachov\u00e1 svou suverenitu a schopnost rozhodovat o zdravotn\u00edch ot\u00e1zk\u00e1ch.\u201c<\/span><\/p>\n<p><span dir=\"auto\">Suverenita se pou\u017e\u00edv\u00e1 jako argument i na Nov\u00e9m Z\u00e9landu. Zem\u011b\u00a0<\/span><a href=\"https:\/\/www.health.govt.nz\/strategies-initiatives\/programmes-and-initiatives\/emergency-management\/pandemics\/strengthening-global-pandemic-prevention-preparedness-and-response\/international-health-regulations\" target=\"_blank\" rel=\"noreferrer noopener\"><span dir=\"auto\">16. b\u0159ezna<\/span><\/a><span dir=\"auto\">\u00a0informovala gener\u00e1ln\u00edho \u0159editele WHO , \u017ee odm\u00edt\u00e1 dodatky k Mezin\u00e1rodn\u00edm zdravotnick\u00fdm p\u0159edpis\u016fm (IHR). Novoz\u00e9landsk\u00fd ministr zahrani\u010d\u00ed Winston Peters (z vlasteneck\u00e9 strany Nov\u00fd Z\u00e9land na prvn\u00edm m\u00edst\u011b) zve\u0159ejnil prohl\u00e1\u0161en\u00ed\u00a0<\/span><a href=\"https:\/\/x.com\/winstonpeters\/status\/2033648407211028781?s=20\" target=\"_blank\" rel=\"noreferrer noopener\"><span dir=\"auto\">na X<\/span><\/a><span dir=\"auto\">:<\/span><\/p>\n<p><em><span dir=\"auto\">Nov\u00fd Z\u00e9land prost\u0159ednictv\u00edm sv\u00e9 St\u00e1l\u00e9 mise p\u0159i Organizaci spojen\u00fdch n\u00e1rod\u016f v \u017denev\u011b dnes informoval gener\u00e1ln\u00edho \u0159editele Sv\u011btov\u00e9 zdravotnick\u00e9 organizace, \u017ee form\u00e1ln\u011b odm\u00edt\u00e1 navrhovan\u00e9 zm\u011bny Mezin\u00e1rodn\u00edch zdravotnick\u00fdch p\u0159edpis\u016f (MZP) podle \u010dl\u00e1nku 61.<br \/>\n<\/span><\/em><br \/>\n<em><span dir=\"auto\">New Zealand First d\u016fsledn\u011b trv\u00e1 na tom, \u017ee ve\u0161ker\u00e1 rozhodnut\u00ed t\u00fdkaj\u00edc\u00ed se zdrav\u00ed Novoz\u00e9lan\u010fan\u016f by m\u011bla b\u00fdt p\u0159ij\u00edm\u00e1na ve Wellingtonu, nikoli v \u017denev\u011b.<\/span><\/em><br \/>\n<em><span dir=\"auto\">Vedli jsme kampa\u0148 za \u00fapln\u00e9 odm\u00edtnut\u00ed t\u011bchto zm\u011bn MZP. Zav\u00e1zali jsme se, \u017ee budeme d\u00e1vat p\u0159ednost n\u00e1rodn\u00edm z\u00e1jm\u016fm Novoz\u00e9lan\u010fan\u016f, budeme p\u0159i rozhodov\u00e1n\u00ed ct\u00edt na\u0161i suverenitu a budeme se postavit globalistick\u00fdm byrokrat\u016fm \u2013 a tento slib jsme dodr\u017eeli.<\/span><\/em><\/p>\n<p><span dir=\"auto\">Tito politici d\u00e1vaj\u00ed jasn\u011b najevo: Aby mohli d\u011blat to, co je nejlep\u0161\u00ed pro zdrav\u00ed sv\u00fdch ob\u010dan\u016f, WHO nepot\u0159ebuj\u00ed \u2013 pr\u00e1v\u011b naopak. Z\u00e1rove\u0148 by odm\u00edtnut\u00ed kontroverzn\u00ed organizace nem\u011blo b\u00fdt interpretov\u00e1no jako odm\u00edtnut\u00ed mezin\u00e1rodn\u00ed spolupr\u00e1ce. I v tomto ohledu je organizace \u00fazce spjat\u00e1 s farmaceutick\u00fdm pr\u016fmyslem a se zjevn\u00fdm hladem po moci nadbyte\u010dn\u00e1. Bude to tak v zem\u00edch, jako je N\u011bmecko, realizov\u00e1no?<\/span><\/p>\n<p><img decoding=\"async\" loading=\"lazy\" class=\"alignnone size-full wp-image-1185\" src=\"http:\/\/www.infokuryr.cz\/n\/wp-content\/uploads\/2021\/04\/kuryr-podpis.png\" alt=\"\" width=\"84\" height=\"24\" \/><\/p>\n<p>&nbsp;<\/p>\n","protected":false},"excerpt":{"rendered":"<p>Rostouc\u00ed nep\u0159\u00edze\u0148 situace pro Sv\u011btovou zdravotnickou organizaci: Vystoupen\u00ed Argentiny z kontroverzn\u00ed WHO nyn\u00ed vstoupilo v&#8230;<\/p>\n","protected":false},"author":2,"featured_media":102497,"comment_status":"closed","ping_status":"closed","sticky":false,"template":"","format":"standard","meta":[],"categories":[7],"tags":[756,302,81],"_links":{"self":[{"href":"https:\/\/www.infokuryr.cz\/n\/wp-json\/wp\/v2\/posts\/102496"}],"collection":[{"href":"https:\/\/www.infokuryr.cz\/n\/wp-json\/wp\/v2\/posts"}],"about":[{"href":"https:\/\/www.infokuryr.cz\/n\/wp-json\/wp\/v2\/types\/post"}],"author":[{"embeddable":true,"href":"https:\/\/www.infokuryr.cz\/n\/wp-json\/wp\/v2\/users\/2"}],"replies":[{"embeddable":true,"href":"https:\/\/www.infokuryr.cz\/n\/wp-json\/wp\/v2\/comments?post=102496"}],"version-history":[{"count":0,"href":"https:\/\/www.infokuryr.cz\/n\/wp-json\/wp\/v2\/posts\/102496\/revisions"}],"wp:featuredmedia":[{"embeddable":true,"href":"https:\/\/www.infokuryr.cz\/n\/wp-json\/wp\/v2\/media\/102497"}],"wp:attachment":[{"href":"https:\/\/www.infokuryr.cz\/n\/wp-json\/wp\/v2\/media?parent=102496"}],"wp:term":[{"taxonomy":"category","embeddable":true,"href":"https:\/\/www.infokuryr.cz\/n\/wp-json\/wp\/v2\/categories?post=102496"},{"taxonomy":"post_tag","embeddable":true,"href":"https:\/\/www.infokuryr.cz\/n\/wp-json\/wp\/v2\/tags?post=102496"}],"curies":[{"name":"wp","href":"https:\/\/api.w.org\/{rel}","templated":true}]}}