{"id":102468,"date":"2026-03-21T00:17:46","date_gmt":"2026-03-20T23:17:46","guid":{"rendered":"https:\/\/www.infokuryr.cz\/n\/?p=102468"},"modified":"2026-03-20T12:48:02","modified_gmt":"2026-03-20T11:48:02","slug":"paul-craig-roberts-turecko-je-dalsi-iran","status":"publish","type":"post","link":"https:\/\/www.infokuryr.cz\/n\/2026\/03\/21\/paul-craig-roberts-turecko-je-dalsi-iran\/","title":{"rendered":"Paul Craig Roberts: Turecko je dal\u0161\u00ed \u00cdr\u00e1n"},"content":{"rendered":"<div id=\"fb-root\"><\/div>\n<div class=\"elementor-element elementor-element-1fb4c2c elementor-widget elementor-widget-theme-post-content\" data-id=\"1fb4c2c\" data-element_type=\"widget\" data-e-type=\"widget\" data-widget_type=\"theme-post-content.default\">\n<div class=\"elementor-widget-container\">\n<p><span dir=\"auto\">Muslimov\u00e9 jsou rozd\u011bleni od sunnitsko-\u0161\u00editsk\u00e9ho n\u00e1stupnick\u00e9ho konfliktu v 7. stolet\u00ed. Oslabeni t\u00edmto rozd\u011blen\u00edm byli muslimov\u00e9 ovl\u00e1d\u00e1ni Turky, Brity, Francouzi, Washingtonem a nyn\u00ed Izraelem. Britov\u00e9 a Francouzi vyty\u010dili hranice arabsk\u00fdch zem\u00ed na Bl\u00edzk\u00e9m v\u00fdchod\u011b tak, \u017ee st\u00e1ty obsahovaly jak sunnity, tak \u0161\u00edity, \u010d\u00edm\u017e zajistili rozd\u011blen\u00ed, kter\u00e9 usnad\u0148ovalo ciz\u00ed vl\u00e1du.<\/span><\/p>\n<p><span dir=\"auto\">Nejednota muslim\u016f usnadnila Washingtonu v prvn\u00ed \u010dtvrtin\u011b 21. stolet\u00ed veden\u00ed v\u00e1lky proti muslim\u016fm v Afgh\u00e1nist\u00e1nu, Ir\u00e1ku, Libyi, S\u00fdrii a nyn\u00ed i v \u00cdr\u00e1nu, aby vy\u010distili \u00fazem\u00ed od Nilu po P\u00e1kist\u00e1n pro Velk\u00fd Izrael. Zaslepen\u00e9 nejednotou kv\u016fli sporu o n\u00e1stupnictv\u00ed p\u0159ed 14 stolet\u00edmi se vl\u00e1dy t\u011bchto arabsk\u00fdch zem\u00ed nedok\u00e1zaly sjednotit pro spole\u010dnou obranu a byly postupn\u011b zni\u010deny. Pokud padne \u00cdr\u00e1n, bude dal\u0161\u00ed na \u0159ad\u011b Turecko. Turecko si tuto situaci ve skute\u010dnosti samo zp\u016fsobilo t\u00edm, \u017ee pomohlo Izraeli a Americe svrhnout S\u00fdrii.<\/span><\/p>\n<p><span dir=\"auto\">17. \u00fanora 2026 prohl\u00e1sil b\u00fdval\u00fd izraelsk\u00fd premi\u00e9r Naftali Bennett na Konferenci prezident\u016f americk\u00fdch \u017eidovsk\u00fdch organizac\u00ed: \u201eObjevuje se nov\u00e1 tureck\u00e1 hrozba. Turecko je nov\u00fd \u00cdr\u00e1n.\u201c Za\u010dal d\u00e9monizac\u00ed Turecka a varoval, \u017ee prezident Erdo\u011fan je \u201elstiv\u00fd, nebezpe\u010dn\u00fd a\u2026 sna\u017e\u00ed se obkl\u00ed\u010dit Izrael\u201c. Brzy tot\u00e9\u017e usly\u0161\u00edme i od izraelsko-americk\u00e9ho hnut\u00ed MIGA. Nebude trvat dlouho a naivn\u00ed Ameri\u010dan\u00e9 si budou kv\u016fli \u201etureck\u00e9 hrozb\u011b\u201c l\u00e1mat ruce.<\/span><\/p>\n<p><span dir=\"auto\">\u00cdr\u00e1n je persk\u00fd, nikoli arabsk\u00fd st\u00e1t a projevuje odhodl\u00e1n\u00ed podobn\u00e9 Talibanu. Stejn\u011b jako Washington selhal proti Talibanu a nyn\u00ed proti n\u011bmu mobilizoval P\u00e1kist\u00e1n, mohl by Washington selhat i proti \u00cdr\u00e1nu. Opravdu to z\u00e1le\u017e\u00ed na s\u00edle \u00edr\u00e1nsk\u00e9ho n\u00e1rodn\u00edho uv\u011bdom\u011bn\u00ed. Pokud \u00cdr\u00e1n zv\u00edt\u011bz\u00ed, selh\u00e1n\u00ed Izraele a Washingtonu by mohlo osvobodit Spojen\u00e9 st\u00e1ty od izraelsk\u00e9 dominance nad jejich zahrani\u010dn\u00ed i dom\u00e1c\u00ed politikou. Je to zvl\u00e1\u0161tn\u00ed situace. Ameri\u010dan\u00e9, skute\u010dn\u00ed Ameri\u010dan\u00e9, se mohou znovu st\u00e1t suver\u00e9nn\u00edm n\u00e1rodem, pouze pokud \u00cdr\u00e1n poraz\u00ed izraelsko-americk\u00fd \u00fatok. Ameri\u010dan\u00e9 by m\u011bli fandit \u00cdr\u00e1nu, pokud cht\u011bj\u00ed b\u00fdt znovu suver\u00e9nn\u00edm n\u00e1rodem, a ne n\u00e1rodem, jeho\u017e prezident a hnut\u00ed MIGA jsou izraelsk\u00e9 loutky. Jinak, jak dlouho to bude trvat, ne\u017e n\u00e1s Izrael zavede do v\u00e1lky s na\u0161\u00edm spojencem v NATO, Tureckem? Pokud je Trump ochoten ukr\u00e1st Gr\u00f3nsko D\u00e1nsku, spojenci v NATO, bude tak\u00e9 ochoten znovu v\u00e1l\u010dit za Izrael.<\/span><\/p>\n<p><span dir=\"auto\">\u00cdr\u00e1n byl zrazen Putinem a Si \u0164in-pchingem. Oba si v\u00edce cen\u00ed sv\u00e9ho vztahu s lstiv\u00fdm Washingtonem ne\u017e sv\u00e9ho \u00edr\u00e1nsk\u00e9ho spojence. Cel\u00fd sv\u011bt to vid\u00ed, a proto Moskva a Peking ztratily jakoukoli vyhl\u00eddku na glob\u00e1ln\u00ed v\u016fd\u010d\u00ed postaven\u00ed. Dv\u011b zbab\u011bl\u00e9 vl\u00e1dy \u010dekaj\u00ed na konci bitvy, v n\u00ed\u017e jsou v s\u00e1zce jejich vlastn\u00ed \u017eivotn\u011b d\u016fle\u017eit\u00e9 z\u00e1jmy. Je t\u011b\u017ek\u00e9 pochopit hloupost rusk\u00e9 a \u010d\u00ednsk\u00e9 vl\u00e1dy, kter\u00e9 ob\u011b p\u0159esv\u011bd\u010dily Washington, \u017ee se cht\u011bj\u00ed vyhnout konfrontac\u00edm, a t\u00edm prakticky p\u0159ivolaly provokace.<\/span><\/p>\n<p><span dir=\"auto\">Izraelsko-americk\u00e1 organizace a jej\u00ed k\u00e1dry z MIGA vedou v\u00e1lku \u2013 stejn\u011b jako v\u0161ichni ostatn\u00ed \u2013 proti civiln\u00edmu obyvatelstvu, zejm\u00e9na \u017een\u00e1m, nemocnic\u00edm a d\u00edv\u010d\u00edm \u0161kol\u00e1m. Trump slibuje, \u017ee z \u00cdr\u00e1nu ud\u011bl\u00e1 Gazu, pokud \u00cdr\u00e1n nep\u0159ijme zm\u011bnu re\u017eimu a loutkov\u00e9ho vl\u00e1dce, kter\u00fd se zodpov\u00edd\u00e1 Izraelsko-americk\u00e9 organizaci. Je skute\u010dn\u011b ostudn\u00e9, \u017ee Ameri\u010dan\u00e9 dovolili Izraeli, aby je infiltroval a prom\u011bnil je ve vrahy \u017een a d\u011bt\u00ed. Ameri\u010dan\u00e9 zab\u00edjej\u00ed \u017eeny a d\u011bti na Bl\u00edzk\u00e9m v\u00fdchod\u011b pro Izrael ji\u017e \u010dtvrt stolet\u00ed a zd\u00e1 se, \u017ee toto zab\u00edjen\u00ed bude pokra\u010dovat, dokud nebude dosa\u017eeno sionistick\u00e9ho c\u00edle Velk\u00e9ho Izraele.<\/span><\/p>\n<\/div>\n<\/div>\n<div class=\"elementor-element elementor-element-8c57238 quelle dc-has-condition dc-condition-empty elementor-widget elementor-widget-heading\" data-id=\"8c57238\" data-element_type=\"widget\" data-e-type=\"widget\" data-widget_type=\"heading.default\">\n<div class=\"elementor-widget-container\">\n<h3 class=\"elementor-heading-title elementor-size-default\"><span style=\"font-size: 10pt;\"><a href=\"https:\/\/paulcraigroberts.org\/turkey-is-the-next-iran\/\" target=\"_blank\" rel=\"nofollow noopener\"><span dir=\"auto\">Zdroj<\/span><\/a><\/span><\/h3>\n<p>&nbsp;<\/p>\n<\/div>\n<\/div>\n","protected":false},"excerpt":{"rendered":"<p>Muslimov\u00e9 jsou rozd\u011bleni od sunnitsko-\u0161\u00editsk\u00e9ho n\u00e1stupnick\u00e9ho konfliktu v 7. stolet\u00ed. Oslabeni t\u00edmto rozd\u011blen\u00edm byli muslimov\u00e9&#8230;<\/p>\n","protected":false},"author":2,"featured_media":810,"comment_status":"closed","ping_status":"closed","sticky":false,"template":"","format":"standard","meta":[],"categories":[7],"tags":[107,1503,452,55],"_links":{"self":[{"href":"https:\/\/www.infokuryr.cz\/n\/wp-json\/wp\/v2\/posts\/102468"}],"collection":[{"href":"https:\/\/www.infokuryr.cz\/n\/wp-json\/wp\/v2\/posts"}],"about":[{"href":"https:\/\/www.infokuryr.cz\/n\/wp-json\/wp\/v2\/types\/post"}],"author":[{"embeddable":true,"href":"https:\/\/www.infokuryr.cz\/n\/wp-json\/wp\/v2\/users\/2"}],"replies":[{"embeddable":true,"href":"https:\/\/www.infokuryr.cz\/n\/wp-json\/wp\/v2\/comments?post=102468"}],"version-history":[{"count":0,"href":"https:\/\/www.infokuryr.cz\/n\/wp-json\/wp\/v2\/posts\/102468\/revisions"}],"wp:featuredmedia":[{"embeddable":true,"href":"https:\/\/www.infokuryr.cz\/n\/wp-json\/wp\/v2\/media\/810"}],"wp:attachment":[{"href":"https:\/\/www.infokuryr.cz\/n\/wp-json\/wp\/v2\/media?parent=102468"}],"wp:term":[{"taxonomy":"category","embeddable":true,"href":"https:\/\/www.infokuryr.cz\/n\/wp-json\/wp\/v2\/categories?post=102468"},{"taxonomy":"post_tag","embeddable":true,"href":"https:\/\/www.infokuryr.cz\/n\/wp-json\/wp\/v2\/tags?post=102468"}],"curies":[{"name":"wp","href":"https:\/\/api.w.org\/{rel}","templated":true}]}}