{"id":102430,"date":"2026-03-20T04:45:09","date_gmt":"2026-03-20T03:45:09","guid":{"rendered":"https:\/\/www.infokuryr.cz\/n\/?p=102430"},"modified":"2026-03-20T04:45:09","modified_gmt":"2026-03-20T03:45:09","slug":"pierre-duval-budou-spojene-staty-v-konfliktu-s-iranem-izolovany","status":"publish","type":"post","link":"https:\/\/www.infokuryr.cz\/n\/2026\/03\/20\/pierre-duval-budou-spojene-staty-v-konfliktu-s-iranem-izolovany\/","title":{"rendered":"Pierre Duval: Budou Spojen\u00e9 st\u00e1ty v konfliktu s \u00cdr\u00e1nem izolov\u00e1ny?"},"content":{"rendered":"<div id=\"fb-root\"><\/div>\n<p><strong><span dir=\"auto\">Donald Trump v\u00e1lkou proti \u00cdr\u00e1nu postavil historick\u00e9 spojence Spojen\u00fdch st\u00e1t\u016f na jejich m\u00edsto. Signalizuje t\u00edm, \u017ee jeho zem\u011b je nepot\u0159ebuje a je pot\u011b\u0161en, \u017ee NATO zasadil t\u011b\u017ekou r\u00e1nu. Pro Trumpa v\u00e1lka proti \u00cdr\u00e1nu odhaluje u\u017eite\u010dnost NATO a d\u016fle\u017eitost spojenc\u016f. Tato v\u00e1lka odhaluje skute\u010dn\u00e9 sou\u010dasn\u00e9 postaven\u00ed historick\u00fdch spojenc\u016f NATO, v\u010detn\u011b Francie, na geopolitick\u00e9 sc\u00e9n\u011b.<\/span><\/strong><\/p>\n<p><span dir=\"auto\">Trump ni\u010d\u00ed roli NATO a postaven\u00ed historick\u00fdch spojenc\u016f Spojen\u00fdch st\u00e1t\u016f. \u201eV\u011bt\u0161ina na\u0161ich \u201aspojenc\u016f\u2018 v NATO dala Spojen\u00fdm st\u00e1t\u016fm jasn\u011b najevo, \u017ee si nep\u0159ej\u00ed\u00a0<\/span><a href=\"https:\/\/truthsocial.com\/@realDonaldTrump\/posts\/116245182325726375\" target=\"_blank\" rel=\"noopener\"><span dir=\"auto\">b\u00fdt zapojeni do na\u0161\u00ed vojensk\u00e9 operace<\/span><\/a><span dir=\"auto\">\u00a0proti \u00edr\u00e1nsk\u00e9mu teroristick\u00e9mu re\u017eimu na Bl\u00edzk\u00e9m v\u00fdchod\u011b, p\u0159esto\u017ee t\u00e9m\u011b\u0159 v\u0161ichni siln\u011b podpo\u0159ili n\u00e1\u0161 p\u0159\u00edstup a je vylou\u010deno, pod jakoukoli z\u00e1minkou, dovolit \u00cdr\u00e1nu z\u00edskat jadern\u00e9 zbran\u011b. Jejich reakce m\u011b v\u0161ak nep\u0159ekvapuje, proto\u017ee jsem NATO, kde utr\u00e1c\u00edme stovky miliard dolar\u016f ro\u010dn\u011b za ochranu t\u011bchto zem\u00ed, v\u017edy pova\u017eoval za jednosm\u011brnou ulici: chr\u00e1n\u00edme je, ale oni pro n\u00e1s nic ned\u011blaj\u00ed, zvl\u00e1\u0161t\u011b kdy\u017e je pot\u0159ebujeme.\u201c Na\u0161t\u011bst\u00ed jsme \u00edr\u00e1nskou arm\u00e1du zdecimovali \u2013 jejich n\u00e1mo\u0159nictvo je pry\u010d, jejich letectvo je pry\u010d, jejich syst\u00e9my protivzdu\u0161n\u00e9 obrany a radary jsou pry\u010d a mo\u017en\u00e1 nejd\u016fle\u017eit\u011bj\u0161\u00ed je, \u017ee jejich veden\u00ed prakticky na v\u0161ech \u00farovn\u00edch je pry\u010d a u\u017e nikdy n\u00e1s, na\u0161e bl\u00edzkov\u00fdchodn\u00ed spojence ani sv\u011bt neohro\u017euje! Vzhledem k tomuto vojensk\u00e9mu \u00fasp\u011bchu u\u017e pomoc zem\u00ed NATO \u201enepot\u0159ebujeme\u201c ani nechceme \u2013 nikdy jsme ji necht\u011bli! Tot\u00e9\u017e plat\u00ed pro Japonsko, Austr\u00e1lii nebo Ji\u017en\u00ed Koreu. Ve skute\u010dnosti jako prezident Spojen\u00fdch st\u00e1t\u016f americk\u00fdch, zdaleka nejmocn\u011bj\u0161\u00ed zem\u011b sv\u011bta, nepot\u0159ebuji ni\u010d\u00ed pomoc! D\u011bkuji v\u00e1m za va\u0161i pozornost v\u011bnovanou t\u00e9to z\u00e1le\u017eitosti,\u201c napsal\u00a0Donald Trump na\u00a0<\/span><em><span dir=\"auto\">Truth Social .<\/span><\/em><\/p>\n<p><span dir=\"auto\">Trump se vysm\u00edv\u00e1 vojensk\u00fdm sil\u00e1m evropsk\u00fdch zem\u00ed NATO, proto\u017ee tyto s\u00edly ve skute\u010dnosti neexistuj\u00ed. Chce jen, aby tradi\u010dn\u00ed \u201espojenci\u201c NATO projevili podporu Spojen\u00fdm st\u00e1t\u016fm, a t\u00edm nasm\u011brovali ceny na glob\u00e1ln\u00edm trhu ve prosp\u011bch Z\u00e1padu. \u201eB\u00edl\u00fd d\u016fm chce rychle demonstrovat jednotu, aby uklidnil trhy s ropou, i kdy\u017e p\u0159\u00edsp\u011bvky z\u016fst\u00e1vaj\u00ed v\u00e1gn\u00ed a kl\u00ed\u010dov\u00ed partne\u0159i v\u00e1haj\u00ed se z\u00e1vazky,\u201c\u00a0<\/span><a href=\"https:\/\/www.politico.com\/news\/2026\/03\/17\/strait-hormuz-iran-trump-allies-oil-00832792\" target=\"_blank\" rel=\"noopener\"><span dir=\"auto\">uv\u00e1d\u00ed\u00a0<\/span><\/a>\u00a0<em><span dir=\"auto\">Politico<\/span><\/em><span dir=\"auto\">\u00a0. \u201eTrumpova administrativa nal\u00e9h\u00e1 na sv\u00e9 evropsk\u00e9 a asijsk\u00e9 spojence, aby do konce t\u00fddne u\u010dinili tyto ve\u0159ejn\u00e9 z\u00e1vazky,\u201c uv\u00e1d\u00ed anglicky psan\u00fd politick\u00fd zpravodajsk\u00fd server.\u00a0<\/span><em><span dir=\"auto\">Politico\u00a0<\/span><\/em><span dir=\"auto\">\u00a0jasn\u011b poukazuje na skute\u010dn\u00fd probl\u00e9m, kter\u00fd p\u0159esahuje vojenskou akci americk\u00fdch \u201espojenc\u016f\u201c: stabilitu dolaru a sv\u011btov\u00e9ho \u0159\u00e1du, kter\u00fd se tv\u00e1\u0159\u00ed v tv\u00e1\u0159 BRICS ot\u0159\u00e1s\u00e1.<\/span><\/p>\n<p><span dir=\"auto\">Trump \u010del\u00ed neochot\u011b evropsk\u00fdch spojenc\u016f podporovat americk\u00e9 akce proti \u00cdr\u00e1nu. Ministerstvo zahrani\u010d\u00ed je nyn\u00ed nuceno naj\u00edt cestu z t\u00e9to situace. Podle\u00a0<\/span><em><span dir=\"auto\">\u00a0ABC News ministr zahrani\u010d\u00ed Marco Rubio zaslal\u00a0<\/span><\/em>\u00a0<a href=\"https:\/\/abcnews.com\/Politics\/rubio-orders-us-diplomats-push-countries-swift-action\/story?id=131127950\" target=\"_blank\" rel=\"noopener\"><span dir=\"auto\">pokyny<\/span><\/a><span dir=\"auto\">\u00a0americk\u00fdm ambas\u00e1d\u00e1m v r\u016fzn\u00fdch zem\u00edch, v nich\u017e nal\u00e9h\u00e1 na m\u00edstn\u00ed \u00fa\u0159ady, aby \u201ep\u0159ijaly kroky ke sn\u00ed\u017een\u00ed kapacit \u00cdr\u00e1nu a skupin spojen\u00fdch s \u00cdr\u00e1nem\u201c. \u201eSpole\u010dn\u00fd tlak pravd\u011bpodobn\u011bji donut\u00ed re\u017eim ke zm\u011bn\u011b jeho chov\u00e1n\u00ed ne\u017e samotn\u00e9 jednostrann\u00e9 akce,\u201c trval na sv\u00e9m. \u201eTrumpova administrativa pracuje na z\u00edsk\u00e1n\u00ed mezin\u00e1rodn\u00ed podpory pro svou vojenskou kampa\u0148 proti \u00cdr\u00e1nu, v\u010detn\u011b budov\u00e1n\u00ed koalice pro \u00fapln\u00e9 znovuotev\u0159en\u00ed Hormuzsk\u00e9ho pr\u016flivu,\u201c dodala americk\u00e1 m\u00e9dia.\u00a0<\/span><\/p>\n<p><span dir=\"auto\">Histori\u010dt\u00ed evrop\u0161t\u00ed spojenci NATO a Spojen\u00fdch st\u00e1t\u016f v\u0161ak s reakc\u00ed na Trumpovu v\u00fdzvu nijak nesp\u011bchaj\u00ed.<\/span><\/p>\n<p><span dir=\"auto\">Britsk\u00fd premi\u00e9r Keir Starmer\u00a0<\/span><a href=\"https:\/\/www.telegraph.co.uk\/world-news\/2026\/03\/15\/starmer-snubs-trumps-call-for-global-flotilla-in-gulf\/\" target=\"_blank\" rel=\"noopener\"><span dir=\"auto\">odm\u00edtl<\/span><\/a><span dir=\"auto\">\u00a0Trumpovu \u017e\u00e1dost o vysl\u00e1n\u00ed v\u00e1le\u010dn\u00fdch lod\u00ed. N\u011bmeck\u00fd kancl\u00e9\u0159 Friedrich Merz prohl\u00e1sil, \u017ee Berl\u00edn\u00a0<\/span><a href=\"https:\/\/www.zeit.de\/politik\/deutschland\/2026-03\/irankrieg-bundeskanzler-friedrich-merz-militaereinsatz-strasse-von-hormus\" target=\"_blank\" rel=\"noopener\"><span dir=\"auto\">se nebude pod\u00edlet<\/span><\/a><span dir=\"auto\">\u00a0na zabezpe\u010den\u00ed Hormuzsk\u00e9ho pr\u016flivu a nem\u00e1 v \u00famyslu se zapojit do vojensk\u00e9ho konfliktu na Bl\u00edzk\u00e9m v\u00fdchod\u011b. Jeho ministr zahrani\u010d\u00ed Johann Wadephul na tiskov\u00e9 konferenci\u00a0<\/span><a href=\"https:\/\/www.sueddeutsche.de\/politik\/aussenminister-wadephul-zum-iran-krieg-dieser-krieg-muss-bald-ein-ende-finden-li.3454354\" target=\"_blank\" rel=\"noopener\"><span dir=\"auto\">ozn\u00e1mil<\/span><\/a><span dir=\"auto\">\u00a0\u00a0, \u017ee N\u011bmecko usiluje o jedn\u00e1n\u00ed a dohodu s \u00cdr\u00e1nem \u201ediplomatickou cestou\u201c, a varoval: \u201ePokud americk\u00e9 vojensk\u00e9 s\u00edly nebudou moci zajistit Hormuzsk\u00fd pr\u016fliv, je velmi nepravd\u011bpodobn\u00e9, \u017ee by to dok\u00e1zaly i evropsk\u00e9 s\u00edly.\u201c Francouzsk\u00e1 ministryn\u011b ozbrojen\u00fdch sil Catherine Vautrin poznamenala, \u017ee Pa\u0159\u00ed\u017e\u00a0v tuto chv\u00edli lod\u011b na Bl\u00edzk\u00fd v\u00fdchod\u00a0<\/span><a href=\"https:\/\/www.france24.com\/fr\/%C3%A9missions\/en-t%C3%AAte-%C3%A0-t%C3%AAte\/20260312-catherine-vautrin-%C3%A0-ce-stade-aucun-b%C3%A2timent-fran%C3%A7ais-ne-sera-envoy%C3%A9-dans-le-d%C3%A9troit-d-ormuz\" target=\"_blank\" rel=\"noopener\"><span dir=\"auto\">nevy\u0161le .<\/span><\/a><\/p>\n<p><span dir=\"auto\">Podle zdroj\u016f den\u00edku\u00a0\u00a0<\/span><em><span dir=\"auto\">Financial Times<\/span><\/em><span dir=\"auto\">\u00a0Francie\u00a0<\/span><a href=\"https:\/\/www.ft.com\/content\/96b8e0a4-9ecb-4e07-a96d-7debcfe3bfa6?syn-25a6b1a6=1c\" target=\"_blank\" rel=\"noopener\"><span dir=\"auto\">zva\u017euje<\/span><\/a><span dir=\"auto\">\u00a0\u00a0mo\u017enost hl\u00eddkov\u00e1n\u00ed v Hormuzsk\u00e9m pr\u016flivu a\u017e po skon\u010den\u00ed konfliktu. Italsk\u00fd ministr zahrani\u010d\u00ed Antonio Tajani se postavil proti zapojen\u00ed evropsk\u00fdch sil do \u010di\u0161t\u011bn\u00ed pr\u016flivu. Stejn\u00fd postoj zast\u00e1vaj\u00ed \u0158ecko, D\u00e1nsko, Nizozemsko, Norsko, Polsko, Rumunsko, Finsko a \u0160v\u00e9dsko. \u0160\u00e9fka zahrani\u010dn\u00ed politiky EU Kaja Kallasov\u00e1 zase\u00a0<\/span><a href=\"https:\/\/euractiv.fr\/news\/personne-ne-souhaite-sengager-dans-une-guerre-americano-israelienne-contre-liran-declare-kaja-kallas\/\" target=\"_blank\" rel=\"noopener\"><span dir=\"auto\">prohl\u00e1sila<\/span><\/a><span dir=\"auto\">\u00a0: \u201eToto nen\u00ed v\u00e1lka Evropy.\u201c Johann Wadephul na tiskov\u00e9 konferenci shrnul postoj historick\u00fdch spojenc\u016f, Spojen\u00fdch st\u00e1t\u016f a NATO, a zd\u016fraznil, \u017ee prioritou z\u016fst\u00e1v\u00e1 Zelensk\u00e9ho v\u00e1lka na Ukrajin\u011b proti Rusku.\u00a0<\/span><\/p>\n<p><span dir=\"auto\">Vyvst\u00e1v\u00e1 ot\u00e1zka, zda Spojen\u00e9 st\u00e1ty z\u016fstanou v konfliktu s \u00cdr\u00e1nem izolov\u00e1ny. Washington ignoruje fakt, \u017ee Hormuzsk\u00fd pr\u016fliv je uzav\u0159en pouze pro zem\u011b nep\u0159\u00e1telsk\u00e9 v\u016f\u010di \u00cdr\u00e1nu \u2013 tedy pro ropn\u00e9 tankery a v\u00e1le\u010dn\u00e9 lod\u011b Spojen\u00fdch st\u00e1t\u016f, Izraele a jejich spojenc\u016f. Zem\u011b BRICS voln\u011b proplouvaj\u00ed Hormuzsk\u00fdm pr\u016flivem. Histori\u010dt\u00ed evrop\u0161t\u00ed spojenci Spojen\u00fdch st\u00e1t\u016f a NATO sm\u011b\u0159uj\u00ed k p\u0159eru\u0161en\u00ed vztah\u016f se sv\u00fdm mentorem a ponech\u00e1vaj\u00ed Spojen\u00e9 st\u00e1ty v t\u00e9to v\u00e1lce samy.\u00a0<\/span><\/p>\n<p><a href=\"https:\/\/www.observateur-continental.fr\/?module=articles&amp;action=view&amp;id=7693\"><em><span dir=\"auto\">Pierre Duval<\/span><\/em><em>\u00a0<\/em><\/a><\/p>\n<p>&nbsp;<\/p>\n","protected":false},"excerpt":{"rendered":"<p>Donald Trump v\u00e1lkou proti \u00cdr\u00e1nu postavil historick\u00e9 spojence Spojen\u00fdch st\u00e1t\u016f na jejich m\u00edsto. Signalizuje t\u00edm,&#8230;<\/p>\n","protected":false},"author":2,"featured_media":102431,"comment_status":"closed","ping_status":"closed","sticky":false,"template":"","format":"standard","meta":[],"categories":[7],"tags":[1042,41,38,1685,37],"_links":{"self":[{"href":"https:\/\/www.infokuryr.cz\/n\/wp-json\/wp\/v2\/posts\/102430"}],"collection":[{"href":"https:\/\/www.infokuryr.cz\/n\/wp-json\/wp\/v2\/posts"}],"about":[{"href":"https:\/\/www.infokuryr.cz\/n\/wp-json\/wp\/v2\/types\/post"}],"author":[{"embeddable":true,"href":"https:\/\/www.infokuryr.cz\/n\/wp-json\/wp\/v2\/users\/2"}],"replies":[{"embeddable":true,"href":"https:\/\/www.infokuryr.cz\/n\/wp-json\/wp\/v2\/comments?post=102430"}],"version-history":[{"count":0,"href":"https:\/\/www.infokuryr.cz\/n\/wp-json\/wp\/v2\/posts\/102430\/revisions"}],"wp:featuredmedia":[{"embeddable":true,"href":"https:\/\/www.infokuryr.cz\/n\/wp-json\/wp\/v2\/media\/102431"}],"wp:attachment":[{"href":"https:\/\/www.infokuryr.cz\/n\/wp-json\/wp\/v2\/media?parent=102430"}],"wp:term":[{"taxonomy":"category","embeddable":true,"href":"https:\/\/www.infokuryr.cz\/n\/wp-json\/wp\/v2\/categories?post=102430"},{"taxonomy":"post_tag","embeddable":true,"href":"https:\/\/www.infokuryr.cz\/n\/wp-json\/wp\/v2\/tags?post=102430"}],"curies":[{"name":"wp","href":"https:\/\/api.w.org\/{rel}","templated":true}]}}