{"id":102420,"date":"2026-03-20T04:29:41","date_gmt":"2026-03-20T03:29:41","guid":{"rendered":"https:\/\/www.infokuryr.cz\/n\/?p=102420"},"modified":"2026-03-20T04:29:41","modified_gmt":"2026-03-20T03:29:41","slug":"politici-chteji-valcit-ale-o-veterany-se-uz-nezajimaji-jake-je-ucastnit-se-boju-ladislav-sornas","status":"publish","type":"post","link":"https:\/\/www.infokuryr.cz\/n\/2026\/03\/20\/politici-chteji-valcit-ale-o-veterany-se-uz-nezajimaji-jake-je-ucastnit-se-boju-ladislav-sornas\/","title":{"rendered":"Politici cht\u011bj\u00ed v\u00e1l\u010dit, ale o veter\u00e1ny se u\u017e nezaj\u00edmaj\u00ed. Jak\u00e9 je \u00fa\u010dastnit se boj\u016f? | Ladislav Sornas"},"content":{"rendered":"<div id=\"fb-root\"><\/div>\n<p><strong>\u201eV\u00e1lka je v\u017edycky chyba politik\u016f a selh\u00e1n\u00ed diplomacie. Skute\u010dn\u00fd voj\u00e1k n\u00e1sil\u00ed nevyhled\u00e1v\u00e1, chce m\u00edt sv\u016fj klid a kafe.&#8220;<\/strong><\/p>\n<p>\ud83d\udc49 Jak\u00e9 to je \u00fa\u010dastnit se boj\u016f v nejt\u011b\u017e\u0161\u00edch konfliktech v Persk\u00e9m z\u00e1livu, Jugosl\u00e1vii nebo Kongu?<br \/>\n\ud83d\udc49 Pro\u010d je n\u00e1vrat z mise do \u201enorm\u00e1ln\u00edho&#8220; \u017eivota pro voj\u00e1ky tak t\u011b\u017ek\u00fd? Jak se projevuje neblaze zn\u00e1m\u00e9 PTSD?<br \/>\n\ud83d\udc49 Byla chyba zru\u0161it povinnou vojnu a jak bychom m\u011bli budovat modern\u00ed obranu?<br \/>\n\ud83d\udc49 Pro\u010d politici v parlamentu zvedaj\u00ed ruku pro mise, ale o veter\u00e1ny se pak u\u017e nezaj\u00edmaj\u00ed?<br \/>\n\ud83d\udc49 Pro\u010d \u010ce\u0161i jako n\u00e1rod p\u0159estali dr\u017eet p\u0159i sv\u00fdch voj\u00e1c\u00edch, kte\u0159\u00ed za n\u00e1s nasazuj\u00ed krk?<\/p>\n<p>O tom i o dal\u0161\u00edch t\u00e9matech jsme se bavili s v\u00e1le\u010dn\u00fdm veter\u00e1nem Ladislavem Sornasem \ud83d\udde3\ufe0f v podcastu, kde v\u00e1m pr\u016fb\u011b\u017en\u011b p\u0159edstavuji zaj\u00edmav\u00e9 osobnosti. Budu moc r\u00e1d, kdy\u017e si dne\u0161n\u00ed d\u00edl pust\u00edte a nap\u00ed\u0161ete n\u00e1m v\u00e1\u0161 n\u00e1zor nebo post\u0159eh do koment\u00e1\u0159\u016f. Pros\u00edm tak\u00e9 o sd\u00edlen\u00ed. P\u0159edem moc d\u011bkuji!<\/p>\n<p><strong>Ladislav Sornas<\/strong>\u00a0za\u017eil v\u00e1lky jako aktivn\u00ed d\u016fstojn\u00edk i jako logistik. Jeho zku\u0161enosti z ter\u00e9nu ost\u0159e kontrastuj\u00ed s teoriemi, kter\u00e9 sl\u00fdch\u00e1me z \u00fast politik\u016f. Poslechn\u011bte si syrovou pravdu o arm\u00e1d\u011b a v\u00e1lce.<\/p>\n<p><iframe loading=\"lazy\" title=\"Politici cht\u011bj\u00ed v\u00e1l\u010dit, ale o veter\u00e1ny se u\u017e nezaj\u00edmaj\u00ed. Jak\u00e9 je \u00fa\u010dastnit se boj\u016f? | Ladislav Sornas\" width=\"640\" height=\"360\" src=\"https:\/\/www.youtube.com\/embed\/I9ZEcAswkgU?feature=oembed\" frameborder=\"0\" allow=\"accelerometer; autoplay; clipboard-write; encrypted-media; gyroscope; picture-in-picture; web-share\" referrerpolicy=\"strict-origin-when-cross-origin\" allowfullscreen><\/iframe><\/p>\n<p><strong>Ing. Ond\u0159ej Prokop<\/strong><\/p>\n<p>&nbsp;<\/p>\n","protected":false},"excerpt":{"rendered":"<p>\u201eV\u00e1lka je v\u017edycky chyba politik\u016f a selh\u00e1n\u00ed diplomacie. Skute\u010dn\u00fd voj\u00e1k n\u00e1sil\u00ed nevyhled\u00e1v\u00e1, chce m\u00edt sv\u016fj&#8230;<\/p>\n","protected":false},"author":2,"featured_media":102421,"comment_status":"closed","ping_status":"closed","sticky":false,"template":"","format":"standard","meta":[],"categories":[6],"tags":[35,1052,5833,889],"_links":{"self":[{"href":"https:\/\/www.infokuryr.cz\/n\/wp-json\/wp\/v2\/posts\/102420"}],"collection":[{"href":"https:\/\/www.infokuryr.cz\/n\/wp-json\/wp\/v2\/posts"}],"about":[{"href":"https:\/\/www.infokuryr.cz\/n\/wp-json\/wp\/v2\/types\/post"}],"author":[{"embeddable":true,"href":"https:\/\/www.infokuryr.cz\/n\/wp-json\/wp\/v2\/users\/2"}],"replies":[{"embeddable":true,"href":"https:\/\/www.infokuryr.cz\/n\/wp-json\/wp\/v2\/comments?post=102420"}],"version-history":[{"count":0,"href":"https:\/\/www.infokuryr.cz\/n\/wp-json\/wp\/v2\/posts\/102420\/revisions"}],"wp:featuredmedia":[{"embeddable":true,"href":"https:\/\/www.infokuryr.cz\/n\/wp-json\/wp\/v2\/media\/102421"}],"wp:attachment":[{"href":"https:\/\/www.infokuryr.cz\/n\/wp-json\/wp\/v2\/media?parent=102420"}],"wp:term":[{"taxonomy":"category","embeddable":true,"href":"https:\/\/www.infokuryr.cz\/n\/wp-json\/wp\/v2\/categories?post=102420"},{"taxonomy":"post_tag","embeddable":true,"href":"https:\/\/www.infokuryr.cz\/n\/wp-json\/wp\/v2\/tags?post=102420"}],"curies":[{"name":"wp","href":"https:\/\/api.w.org\/{rel}","templated":true}]}}