{"id":102402,"date":"2026-03-20T00:31:06","date_gmt":"2026-03-19T23:31:06","guid":{"rendered":"https:\/\/www.infokuryr.cz\/n\/?p=102402"},"modified":"2026-03-19T15:15:40","modified_gmt":"2026-03-19T14:15:40","slug":"vzpoura-proti-klimatickemu-silenstvi-von-der-leyenove-10-statu-eu-varuje-pred-prumyslovym-kolapsem","status":"publish","type":"post","link":"https:\/\/www.infokuryr.cz\/n\/2026\/03\/20\/vzpoura-proti-klimatickemu-silenstvi-von-der-leyenove-10-statu-eu-varuje-pred-prumyslovym-kolapsem\/","title":{"rendered":"Vzpoura proti klimatick\u00e9mu \u0161\u00edlenstv\u00ed von der Leyenov\u00e9: 10 st\u00e1t\u016f EU varuje p\u0159ed pr\u016fmyslov\u00fdm kolapsem!"},"content":{"rendered":"<div id=\"fb-root\"><\/div>\n<p><strong><span dir=\"auto\">T\u011bsn\u011b p\u0159ed summitem EU se v Bruselu schyluje k velk\u00e9mu konfliktu! Aliance deseti evropsk\u00fdch st\u00e1t\u016f po\u0159\u00e1d\u00e1 vzpouru proti katastrof\u00e1ln\u00ed klimatick\u00e9 politice EU. Jejich dramatick\u00e9 varov\u00e1n\u00ed: Sou\u010dasn\u00fd syst\u00e9m ni\u010d\u00ed n\u00e1\u0161 pr\u016fmysl a ni\u010d\u00ed na\u0161i prosperitu.<\/span><\/strong><\/p>\n<p><span dir=\"auto\">Dopis s ostr\u00fdmi formulacemi, kter\u00fd byl p\u0159edlo\u017een Evropsk\u00e9 komisi,\u00a0<\/span><a href=\"https:\/\/de.euronews.com\/my-europe\/2026\/03\/18\/eu-gipfel-10-staaten-gegen-eu-klimapolitik\"><span dir=\"auto\">ost\u0159e kritizuje<\/span><\/a><span dir=\"auto\"> bruselskou klimatickou politiku. Deset zem\u00ed \u2013 v\u010detn\u011b Rakouska, It\u00e1lie, Polska, \u010cesk\u00e9 republiky a Ma\u010farska \u2013 u\u017e kone\u010dn\u011b m\u00e1 dost ekonomicky \u0161kodliv\u00fdch p\u0159edpis\u016f. Otev\u0159en\u011b ozna\u010duj\u00ed tzv. syst\u00e9m obchodov\u00e1n\u00ed s emisemi (ETS) \u2013 v podstat\u011b gigantickou byrokratickou da\u0148 z CO2 \u2013 za \u201eexisten\u010dn\u00ed riziko\u201c pro evropskou ekonomiku.<\/span><\/p>\n<p><span dir=\"auto\">Hlavy st\u00e1t\u016f a vl\u00e1d bij\u00ed na poplach: Pokud EU prosad\u00ed sv\u00e9 ideologick\u00e9 pl\u00e1ny a donut\u00ed pr\u016fmysl platit st\u00e1le absurdn\u011bj\u0161\u00ed \u010d\u00e1stky za emise CO2, hroz\u00ed tot\u00e1ln\u00ed kolaps. Po\u017eadavek aliance deseti zem\u00ed je p\u0159\u00edm\u00fdm \u00fatokem na zelen\u00e9 srdce EU: Bezplatn\u00e9 povolenky na CO2 mus\u00ed b\u00fdt prodlou\u017eeny i po roce 2034. Jinak, varuj\u00ed jednozna\u010dn\u011b, se firmy pod t\u00edhou n\u00e1klad\u016f zhrout\u00ed. (Zat\u00edm) se v\u0161ak neodva\u017euj\u00ed po\u017eadovat jedin\u00fd skute\u010dn\u011b rozumn\u00fd krok: \u00fapln\u00e9 zru\u0161en\u00ed nesmysln\u00e9ho syst\u00e9mu obchodov\u00e1n\u00ed s emisemi.<\/span><\/p>\n<p><span dir=\"auto\">\u201eN\u00e1\u0161 pr\u016fmysl je odhodl\u00e1n,\u201c napsali \u0161\u00e9fov\u00e9 vl\u00e1d. Realita je v\u0161ak bez\u00fat\u011b\u0161n\u00e1: \u201eV kombinaci s vysok\u00fdmi cenami energi\u00ed a vypr\u0161en\u00edm platnosti bezplatn\u00fdch povolenek ETS se sou\u010dasn\u00fd r\u00e1mec stal existen\u010dn\u00edm rizikem pro mnoho strategick\u00fdch pr\u016fmyslov\u00fdch odv\u011btv\u00ed v Evrop\u011b.\u201c EU tak \u017eene svou vlastn\u00ed ekonomiku do z\u00e1huby. Zem\u011b varuj\u00ed p\u0159ed \u201edokonalou bou\u0159\u00ed\u201c pro energeticky n\u00e1ro\u010dn\u00e1 odv\u011btv\u00ed. Exploduj\u00edc\u00ed n\u00e1klady, klimaticky maniak\u00e1ln\u00ed byrokracie a nezral\u00e9 \u201ezelen\u00e9\u201c technologie vystavuj\u00ed spole\u010dnosti obrovsk\u00e9mu tlaku. Postupn\u00e1 deindustrializace na\u0161eho kontinentu se r\u00fdsuje.<\/span><\/p>\n<p><span dir=\"auto\">Ale co d\u011bl\u00e1 p\u0159edsedkyn\u011b Evropsk\u00e9 komise Ursula von der Leyenov\u00e1? M\u00edsto aby zat\u00e1hla za z\u00e1chrannou brzdu, zat\u00edmco na Bl\u00edzk\u00e9m v\u00fdchod\u011b (\u00cdr\u00e1n) eskaluj\u00ed nov\u00e9 krize a d\u00e1le zvy\u0161uj\u00ed ceny energi\u00ed, tvrdohlav\u011b se dr\u017e\u00ed sv\u00e9 klimaticky posedl\u00e9 cesty. Ned\u00e1vno dala jasn\u011b najevo, \u017ee hodl\u00e1 prosadit trh s uhl\u00edkem. Pro ni je tento n\u00e1stroj \u201e\u00fast\u0159edn\u00edm\u201c pro financov\u00e1n\u00ed jej\u00ed zelen\u00e9 agendy \u2013 pro energeticky n\u00e1ro\u010dn\u00e9 spole\u010dnosti je to um\u00edr\u00e1\u010dek.<\/span><\/p>\n<p><span dir=\"auto\">Vzbou\u0159eneck\u00e9 st\u00e1ty nyn\u00ed po\u017eaduj\u00ed okam\u017eit\u00e9 ukon\u010den\u00ed bruselsk\u00e9ho \u0161\u00edlenstv\u00ed. EU mus\u00ed jednat \u201eb\u011bhem n\u011bkolika t\u00fddn\u016f\u201c, nejpozd\u011bji do konce kv\u011btna. Pl\u00e1novan\u00e9 postupn\u00e9 ru\u0161en\u00ed bezplatn\u00fdch certifik\u00e1t\u016f od roku 2028 mus\u00ed b\u00fdt zpomaleno a ceny elekt\u0159iny pro pr\u016fmysl a ob\u010dany mus\u00ed b\u00fdt kone\u010dn\u011b zastropov\u00e1ny. V s\u00e1zce nen\u00ed nic men\u0161\u00edho ne\u017e ekonomick\u00e9 p\u0159e\u017eit\u00ed Evropy.<\/span><\/p>\n<p><span dir=\"auto\">Zat\u00edmco st\u00e1le v\u00edce evropsk\u00fdch zem\u00ed bojuje o z\u00e1chranu milion\u016f pracovn\u00edch m\u00edst a sv\u00e9 pr\u016fmyslov\u00e9 z\u00e1kladny, obvykl\u00ed podez\u0159el\u00ed nad\u00e1le j\u00e1saj\u00ed nad klimatick\u00fdm dikt\u00e1tem. V samostatn\u00e9m dopise zem\u011b jako D\u00e1nsko, \u0160v\u00e9dsko, Lucembursko a Nizozemsko vyj\u00e1d\u0159ily podporu kontroverzn\u00edmu syst\u00e9mu. Pro n\u011b se ekonomick\u00e1 sebevra\u017eda Evropy jev\u00ed jako p\u0159ijateln\u00e1 cena za zelenou ideologii. Dne\u0161n\u00ed summit EU slibuje historick\u00fd st\u0159et: rozum a ekonomick\u00e1 ochrana versus zelen\u00e1 ideologie a deindustrializace.<\/span><\/p>\n<p><img decoding=\"async\" loading=\"lazy\" class=\"alignnone size-full wp-image-1185\" src=\"http:\/\/www.infokuryr.cz\/n\/wp-content\/uploads\/2021\/04\/kuryr-podpis.png\" alt=\"\" width=\"84\" height=\"24\" \/><\/p>\n<p>&nbsp;<\/p>\n","protected":false},"excerpt":{"rendered":"<p>T\u011bsn\u011b p\u0159ed summitem EU se v Bruselu schyluje k velk\u00e9mu konfliktu! Aliance deseti evropsk\u00fdch st\u00e1t\u016f&#8230;<\/p>\n","protected":false},"author":2,"featured_media":102403,"comment_status":"closed","ping_status":"closed","sticky":false,"template":"","format":"standard","meta":[],"categories":[7],"tags":[41,873,1068,2109],"_links":{"self":[{"href":"https:\/\/www.infokuryr.cz\/n\/wp-json\/wp\/v2\/posts\/102402"}],"collection":[{"href":"https:\/\/www.infokuryr.cz\/n\/wp-json\/wp\/v2\/posts"}],"about":[{"href":"https:\/\/www.infokuryr.cz\/n\/wp-json\/wp\/v2\/types\/post"}],"author":[{"embeddable":true,"href":"https:\/\/www.infokuryr.cz\/n\/wp-json\/wp\/v2\/users\/2"}],"replies":[{"embeddable":true,"href":"https:\/\/www.infokuryr.cz\/n\/wp-json\/wp\/v2\/comments?post=102402"}],"version-history":[{"count":0,"href":"https:\/\/www.infokuryr.cz\/n\/wp-json\/wp\/v2\/posts\/102402\/revisions"}],"wp:featuredmedia":[{"embeddable":true,"href":"https:\/\/www.infokuryr.cz\/n\/wp-json\/wp\/v2\/media\/102403"}],"wp:attachment":[{"href":"https:\/\/www.infokuryr.cz\/n\/wp-json\/wp\/v2\/media?parent=102402"}],"wp:term":[{"taxonomy":"category","embeddable":true,"href":"https:\/\/www.infokuryr.cz\/n\/wp-json\/wp\/v2\/categories?post=102402"},{"taxonomy":"post_tag","embeddable":true,"href":"https:\/\/www.infokuryr.cz\/n\/wp-json\/wp\/v2\/tags?post=102402"}],"curies":[{"name":"wp","href":"https:\/\/api.w.org\/{rel}","templated":true}]}}