{"id":102397,"date":"2026-03-20T00:28:19","date_gmt":"2026-03-19T23:28:19","guid":{"rendered":"https:\/\/www.infokuryr.cz\/n\/?p=102397"},"modified":"2026-03-19T15:05:13","modified_gmt":"2026-03-19T14:05:13","slug":"valka-proti-iranu-energeticka-valka-se-posouva-od-naruseni-k-destrukci","status":"publish","type":"post","link":"https:\/\/www.infokuryr.cz\/n\/2026\/03\/20\/valka-proti-iranu-energeticka-valka-se-posouva-od-naruseni-k-destrukci\/","title":{"rendered":"V\u00e1lka proti \u00cdr\u00e1nu: Energetick\u00e1 v\u00e1lka se posouv\u00e1 od naru\u0161en\u00ed k destrukci"},"content":{"rendered":"<div id=\"fb-root\"><\/div>\n<div class=\"elementor-element elementor-element-1fb4c2c elementor-widget elementor-widget-theme-post-content\" data-id=\"1fb4c2c\" data-element_type=\"widget\" data-e-type=\"widget\" data-widget_type=\"theme-post-content.default\">\n<div class=\"elementor-widget-container\">\n<p><strong><span dir=\"auto\">V\u00e1lka proti \u00cdr\u00e1nu z\u016fst\u00e1v\u00e1 nejd\u016fle\u017eit\u011bj\u0161\u00edm t\u00e9matem, kter\u00e9 v sou\u010dasnosti postihuje sv\u011bt.<\/span><\/strong><\/p>\n<p><span dir=\"auto\">Izrael a Spojen\u00e9 st\u00e1ty pokra\u010duj\u00ed v kampani atent\u00e1t\u016f na \u00edr\u00e1nsk\u00e9 p\u0159edstavitele. Dnes bylo potvrzeno, \u017ee Al\u00ed Lar\u00edd\u017e\u00e1n\u00ed, p\u0159edseda \u00edr\u00e1nsk\u00e9 Nejvy\u0161\u0161\u00ed rady n\u00e1rodn\u00ed bezpe\u010dnosti, byl zabit p\u0159i izraelsk\u00e9m leteck\u00e9m \u00fatoku na d\u016fm sv\u00e9 dcery. \u00datok si vy\u017e\u00e1dal n\u011bkolik des\u00edtek dal\u0161\u00edch ob\u011bt\u00ed. Lar\u00edd\u017e\u00e1n\u00ed byl velmi schopn\u00fd pragmatik, nikoli zast\u00e1nce tvrd\u00e9 linie. Jeho smrt je ztr\u00e1tou pro v\u0161echny, kte\u0159\u00ed usiluj\u00ed o m\u00edr na Bl\u00edzk\u00e9m v\u00fdchod\u011b.<\/span><\/p>\n<p><span dir=\"auto\">P\u0159i izraelsk\u00fdch n\u00e1letech byli zabiti tak\u00e9 dva v\u016fdci \u00edr\u00e1nsk\u00e9 dobrovolnick\u00e9 milice Bas\u00edd\u017e a tak\u00e9 \u00edr\u00e1nsk\u00fd ministr zpravodajsk\u00fdch slu\u017eeb Esmaeil Khatib.<\/span><\/p>\n<p><span dir=\"auto\">\u017d\u00e1dn\u00e1 z t\u011bchto \u00famrt\u00ed nezmen\u0161\u00ed \u00cdr\u00e1nskou v\u016fli ani schopnost odolat. \u00cdr\u00e1n v\u00ed, \u017ee jeho kontrola nad Hormuzsk\u00fdm pr\u016flivem mu umo\u017e\u0148uje ochromit glob\u00e1ln\u00ed ekonomiku, a proto mu d\u00e1v\u00e1 navrch v jak\u00e9mkoli dlouhodob\u00e9m konfliktu. USA budou nakonec muset p\u0159ijmout \u00edr\u00e1nsk\u00e9 podm\u00ednky pro ukon\u010den\u00ed v\u00e1lky (archivov\u00e1no).<\/span><\/p>\n<p><span dir=\"auto\">Strategick\u00fdm c\u00edlem \u00cdr\u00e1nu je nyn\u00ed uvalit na Spojen\u00e9 st\u00e1ty a st\u00e1ty Persk\u00e9ho z\u00e1livu tak vysok\u00e9 n\u00e1klady, \u017ee se Trump rozhodne pro p\u0159\u00edm\u011b\u0159\u00ed, kter\u00e9 zahrnuje omezen\u00ed budouc\u00edch izraelsk\u00fdch akc\u00ed. \u00cdr\u00e1n ho v podstat\u011b chce donutit, aby si vybral mezi bezpe\u010dnostn\u00edmi z\u00e1jmy Izraele a stabilitou glob\u00e1ln\u00edch trh\u016f. V\u00e1lka, kterou Trump zah\u00e1jil, nakonec nedopad\u00e1 dob\u0159e.<\/span><\/p>\n<p><span dir=\"auto\">Izrael se ale dnes nec\u00edt\u00ed v\u00e1z\u00e1n \u017e\u00e1dn\u00fdmi omezen\u00edmi. S podporou USA pr\u00e1v\u011b zah\u00e1jil \u00fatok na velk\u00e9 \u00edr\u00e1nsk\u00e9 plynov\u00e9 pole Ji\u017en\u00ed Pars a dal\u0161\u00ed \u00edr\u00e1nsk\u00e1 energetick\u00e1 za\u0159\u00edzen\u00ed.<\/span><\/p>\n<p><span dir=\"auto\">Izrael pr\u00e1v\u011b bombardoval nejv\u011bt\u0161\u00ed \u00edr\u00e1nsk\u00fd z\u00e1vod na zpracov\u00e1n\u00ed zemn\u00edho plynu v provincii B\u00fa\u0161er. Izrael uvedl, \u017ee \u00fatok provedl v pln\u00e9 koordinaci se Spojen\u00fdmi st\u00e1ty.<\/span><\/p>\n<p><span dir=\"auto\">\u00datok je v souladu s izraelskou strategi\u00ed zni\u010dit nejen \u00edr\u00e1nskou arm\u00e1du a vojensk\u00fd pr\u016fmysl, ale tak\u00e9 jeho pr\u016fmyslovou z\u00e1kladnu a ekonomiku. C\u00edlem Izraele nen\u00ed zm\u011bna re\u017eimu, ale kolaps st\u00e1tu.<\/span><\/p>\n<p><span dir=\"auto\">V tomto konkr\u00e9tn\u00edm p\u0159\u00edpad\u011b se domn\u00edv\u00e1m, \u017ee za izraelsk\u00fdm \u00fatokem stoj\u00ed dal\u0161\u00ed motiv. \u00cdr\u00e1n opakovan\u011b nazna\u010dil, \u017ee \u00fatok na jeho energetickou infrastrukturu p\u0159ekra\u010duje jasnou \u010dervenou linii a \u017ee se odvet\u00ed \u00fatoky na energetickou infrastrukturu v cel\u00e9m Persk\u00e9m z\u00e1livu.<\/span><\/p>\n<p><span dir=\"auto\">Pokud \u00cdr\u00e1n skute\u010dn\u011b zareaguje t\u00edmto zp\u016fsobem, v\u00fdrazn\u011b se zv\u00fd\u0161\u00ed vyhl\u00eddky na p\u0159\u00edm\u00e9 zapojen\u00ed st\u00e1t\u016f Rady pro spolupr\u00e1ci v Persk\u00e9m z\u00e1livu (GCC) do t\u00e9to v\u00e1lky. P\u0159esn\u011b to by Izrael r\u00e1d vid\u011bl, a tak\u00e9 by to vysv\u011btlovalo, pro\u010d USA, kter\u00e9 d\u0159\u00edve takov\u00e9 \u00fatoky nedoporu\u010dovaly, je nyn\u00ed podporuj\u00ed a pod\u00edlej\u00ed se na jejich proveden\u00ed.<\/span><\/p>\n<p><span dir=\"auto\">Tento \u00fatok nen\u00ed jen demonstrac\u00ed americko-izraelsk\u00fdch schopnost\u00ed, ale tak\u00e9 d\u016fkazem americko-izraelsk\u00e9ho strategick\u00e9ho selh\u00e1n\u00ed a mo\u017en\u00e1 i rostouc\u00edho zoufalstv\u00ed.<\/span><\/p>\n<p><span dir=\"auto\">\u00cdr\u00e1nsk\u00e1 produkce plynu se z velk\u00e9 \u010d\u00e1sti vyu\u017e\u00edv\u00e1 v tuzemsku. V\u00fdroba elekt\u0159iny do zna\u010dn\u00e9 m\u00edry z\u00e1vis\u00ed na jeho plyn\u00e1rensk\u00e9 infrastruktu\u0159e. \u00datok je tak\u00e9 ranou pro Turecko, kter\u00e9 z\u00edsk\u00e1v\u00e1 15 % sv\u00e9 spot\u0159eby plynu z \u00cdr\u00e1nu. Mluv\u010d\u00ed katarsk\u00e9ho ministerstva zahrani\u010d\u00ed \u00fatok odsoudil.<\/span><\/p>\n<p><span dir=\"auto\">Nejracion\u00e1ln\u011bj\u0161\u00ed reakc\u00ed \u00cdr\u00e1nu bude \u00fatok na izraelskou energetickou infrastrukturu. \u00datoky na Haifu a izraelsk\u00e1 plyn\u00e1rensk\u00e1 za\u0159\u00edzen\u00ed sice dojde, ale okam\u017eit\u00e1 reakce \u00cdr\u00e1nu, jak bylo ozn\u00e1meno, spo\u010d\u00edvala v p\u0159\u00edkazech k evakuaci p\u011bti energetick\u00fdch za\u0159\u00edzen\u00ed v sousedn\u00edch zem\u00edch Persk\u00e9ho z\u00e1livu.<\/span><\/p>\n<ul>\n<li><span dir=\"auto\">Rafinerie SAMREF \u2013 Sa\u00fadsk\u00e1 Ar\u00e1bie<\/span><\/li>\n<li><span dir=\"auto\">Plynov\u00e9 pole Al Hosn \u2013 Spojen\u00e9 arabsk\u00e9 emir\u00e1ty<\/span><\/li>\n<li><span dir=\"auto\">Petrochemick\u00fd komplex Jubail \u2013 Sa\u00fadsk\u00e1 Ar\u00e1bie<\/span><\/li>\n<li><span dir=\"auto\">Petrochemick\u00fd komplex Mesaieed &amp; Mesaieed Holding (s propojen\u00edm s Chevron) \u2013 Katar<\/span><\/li>\n<li><span dir=\"auto\">Ras Laffan Rafinery (f\u00e1ze 1 a 2) \u2013 Katar<\/span><\/li>\n<\/ul>\n<p><span dir=\"auto\">Podle agentury Bloomberg jsou za\u0159\u00edzen\u00ed evakuov\u00e1na. Ceny energi\u00ed na trhu s komoditn\u00edmi futures v d\u016fsledku \u00fatok\u016f vzrostly, a\u010dkoli kv\u016fli manipulaci jsou st\u00e1le v\u00fdrazn\u011b pod re\u00e1ln\u00fdmi cenami (archiv):<\/span><\/p>\n<p><span dir=\"auto\">Rostouc\u00ed naru\u0161en\u00ed dod\u00e1vek vyhnalo \u0159adu region\u00e1ln\u00edch cenov\u00fdch benchmark\u016f na historick\u00e1 maxima, p\u0159esto\u017ee glob\u00e1ln\u00ed referen\u010dn\u00ed ropa Brent klesla zp\u011bt na n\u011bco m\u00e1lo p\u0159es 100 dolar\u016f za barel pot\u00e9, co v ran\u00fdch f\u00e1z\u00edch \u00edr\u00e1nsko-ir\u00e1ck\u00e9 v\u00e1lky prudce vzrostla na t\u00e9m\u011b\u0159 120 dolar\u016f.<\/span><br \/>\n<span dir=\"auto\">\u2026<\/span><br \/>\n<span dir=\"auto\">Cena barelu ropy z Om\u00e1nu \u2013 vyv\u00e1\u017een\u00e9 z p\u0159\u00edstav\u016f mimo Hormuzsk\u00fd pr\u016fliv \u2013 v \u00fater\u00fd vzrostla na t\u00e9m\u011b\u0159 154 dolar\u016f, a to v d\u016fsledku intenzivn\u00ed konkurence o mal\u00e1 mno\u017estv\u00ed, kter\u00e1 st\u00e1le opou\u0161t\u011bj\u00ed Bl\u00edzk\u00fd v\u00fdchod.<\/span><br \/>\n<span dir=\"auto\">\u2026<\/span><br \/>\n<span dir=\"auto\">\u201ePr\u00e1v\u011b te\u010f se zd\u00e1, \u017ee se pap\u00edrov\u00fd trh a fyzick\u00fd trh odd\u011blily,\u201c \u0159ekl Ole Hansen, vedouc\u00ed komoditn\u00ed strategie v Saxo Bank. \u201e[Toto je] nejv\u011bt\u0161\u00ed naru\u0161en\u00ed od 70. let a Brent se sotva udr\u017e\u00ed nad 100 dolary.\u201c<\/span><\/p>\n<p><span dir=\"auto\">Cena 100 dolar\u016f za barel se vztahuje na lehkou ropu s n\u00edzk\u00fdm obsahem s\u00edry, zat\u00edmco trh pot\u0159ebuje i t\u011b\u017e\u0161\u00ed druhy a zpracovan\u00e9 produkty:<\/span><\/p>\n<p><span dir=\"auto\">Aktu\u00e1ln\u00ed spotov\u00e9 ceny benzinu, nafty a petroleje na z\u00e1padn\u00edm pob\u0159e\u017e\u00ed se zdaj\u00ed b\u00fdt zcela odd\u011blen\u00e9 a pohybuj\u00ed se kolem 147 USD\/barel, 162\u2013170 USD\/barel a 186 USD\/barel \u2013 pokud neuv\u00e1\u017e\u00edme, \u017ee rafinerie v \u010c\u00edn\u011b, Indii, Japonsku a Ji\u017en\u00ed Koreji \u010del\u00ed fyzick\u00fdm n\u00e1klad\u016fm na ropu p\u0159esahuj\u00edc\u00edm 150\u2013155 USD\/barel.<\/span><\/p>\n<p><span dir=\"auto\">\u00datok na energetick\u00e1 za\u0159\u00edzen\u00ed v \u00cdr\u00e1nu zah\u00e1jil novou f\u00e1zi eskalace na ekonomick\u00e9 front\u011b v\u00e1lky.<\/span><\/p>\n<p><span dir=\"auto\">Zabra\u0148ov\u00e1n\u00ed lod\u00edm v pr\u016fjezdu Hormuzem je ru\u0161iv\u00e9. \u00datok na elektr\u00e1rny je destruktivn\u00ed.<\/span><\/p>\n<p><span dir=\"auto\">Oprava \u0161kod bude trvat dlouho.<\/span><\/p>\n<\/div>\n<\/div>\n<div class=\"elementor-element elementor-element-8c57238 quelle dc-has-condition dc-condition-empty elementor-widget elementor-widget-heading\" data-id=\"8c57238\" data-element_type=\"widget\" data-e-type=\"widget\" data-widget_type=\"heading.default\">\n<div class=\"elementor-widget-container\">\n<h3 class=\"elementor-heading-title elementor-size-default\"><span style=\"font-size: 10pt;\"><a href=\"https:\/\/www.lewrockwell.com\/2026\/03\/no_author\/war-on-iran-energy-war-moves-from-disruption-to-destruction\/\" target=\"_blank\" rel=\"nofollow noopener\"><span dir=\"auto\">Zdroj<\/span><\/a><\/span><\/h3>\n<p>&nbsp;<\/p>\n<\/div>\n<\/div>\n","protected":false},"excerpt":{"rendered":"<p>V\u00e1lka proti \u00cdr\u00e1nu z\u016fst\u00e1v\u00e1 nejd\u016fle\u017eit\u011bj\u0161\u00edm t\u00e9matem, kter\u00e9 v sou\u010dasnosti postihuje sv\u011bt. Izrael a Spojen\u00e9 st\u00e1ty&#8230;<\/p>\n","protected":false},"author":2,"featured_media":101364,"comment_status":"closed","ping_status":"closed","sticky":false,"template":"","format":"standard","meta":[],"categories":[7],"tags":[38,1503,40],"_links":{"self":[{"href":"https:\/\/www.infokuryr.cz\/n\/wp-json\/wp\/v2\/posts\/102397"}],"collection":[{"href":"https:\/\/www.infokuryr.cz\/n\/wp-json\/wp\/v2\/posts"}],"about":[{"href":"https:\/\/www.infokuryr.cz\/n\/wp-json\/wp\/v2\/types\/post"}],"author":[{"embeddable":true,"href":"https:\/\/www.infokuryr.cz\/n\/wp-json\/wp\/v2\/users\/2"}],"replies":[{"embeddable":true,"href":"https:\/\/www.infokuryr.cz\/n\/wp-json\/wp\/v2\/comments?post=102397"}],"version-history":[{"count":0,"href":"https:\/\/www.infokuryr.cz\/n\/wp-json\/wp\/v2\/posts\/102397\/revisions"}],"wp:featuredmedia":[{"embeddable":true,"href":"https:\/\/www.infokuryr.cz\/n\/wp-json\/wp\/v2\/media\/101364"}],"wp:attachment":[{"href":"https:\/\/www.infokuryr.cz\/n\/wp-json\/wp\/v2\/media?parent=102397"}],"wp:term":[{"taxonomy":"category","embeddable":true,"href":"https:\/\/www.infokuryr.cz\/n\/wp-json\/wp\/v2\/categories?post=102397"},{"taxonomy":"post_tag","embeddable":true,"href":"https:\/\/www.infokuryr.cz\/n\/wp-json\/wp\/v2\/tags?post=102397"}],"curies":[{"name":"wp","href":"https:\/\/api.w.org\/{rel}","templated":true}]}}