{"id":102395,"date":"2026-03-20T00:27:44","date_gmt":"2026-03-19T23:27:44","guid":{"rendered":"https:\/\/www.infokuryr.cz\/n\/?p=102395"},"modified":"2026-03-19T15:02:47","modified_gmt":"2026-03-19T14:02:47","slug":"peter-haisenko-kdy-jste-ztratil-tacek-od-piva-pane-merzi","status":"publish","type":"post","link":"https:\/\/www.infokuryr.cz\/n\/2026\/03\/20\/peter-haisenko-kdy-jste-ztratil-tacek-od-piva-pane-merzi\/","title":{"rendered":"Peter Haisenko: Kdy jste ztratil t\u00e1cek od piva, pane Merzi?"},"content":{"rendered":"<div id=\"fb-root\"><\/div>\n<p class=\"bodytext\"><span dir=\"auto\">Ne\u017e Merkelov\u00e1 odstavila Friedricha Merze, m\u011bl skute\u010dn\u011b revolu\u010dn\u00ed my\u0161lenky. Cht\u011bl zjednodu\u0161it da\u0148ov\u00fd syst\u00e9m natolik, aby se da\u0148ov\u00e9 p\u0159izn\u00e1n\u00ed ve\u0161lo na t\u00e1cku od piva. Proto jsem m\u011bl velk\u00e9 nad\u011bje, kdy\u017e se kone\u010dn\u011b mohl st\u00e1t kancl\u00e9\u0159em.<\/span><\/p>\n<p class=\"bodytext\"><span dir=\"auto\">Nejen z tohoto d\u016fvodu. Merz m\u011bl dlouholet\u00e9 zku\u0161enosti ve vedouc\u00ed pozici v BlackRocku. Za p\u0159edpokladu, \u017ee si Merz zachov\u00e1 sv\u00e9 p\u016fvodn\u00ed c\u00edle, doufal jsem, \u017ee vyu\u017eije sv\u00e9 znalosti financ\u00ed ve prosp\u011bch n\u011bmeck\u00e9ho lidu. S t\u011bmito znalostmi by byl schopen rozpoznat, jak je t\u0159eba reformovat ekonomiku, byrokracii a finan\u010dn\u00ed syst\u00e9m, aby se v\u0161em N\u011bmc\u016fm da\u0159ilo l\u00e9pe; aby se zastavily masivn\u00ed podvody a vyko\u0159is\u0165ov\u00e1n\u00ed. I b\u011bhem volebn\u00ed kampan\u011b p\u016fsobil dojmem, \u017ee v\u00ed, co je t\u0159eba ud\u011blat, a \u017ee nov\u00e9 zadlu\u017een\u00ed nem\u016f\u017ee v\u00e9st k udr\u017eiteln\u00e9 ekonomice, a proti takov\u00fdm pl\u00e1n\u016fm vehementn\u011b protestoval. Jak zklaman\u00ed byli voli\u010di!<\/span><\/p>\n<p class=\"bodytext\"><span dir=\"auto\">Co se stalo s b\u00fdval\u00fdm revolucion\u00e1\u0159em? Zdiskreditovala ho Merkelov\u00e1 tak d\u016fkladn\u011b, prakticky ho zast\u00ednila, \u017ee opustil nep\u0159\u00edjemnou cestu, kter\u00e1 mu kdysi vynesla tolik podpory? Nebo se nau\u010dil, \u017ee si \u010dlov\u011bk m\u016f\u017ee dovolit p\u011bkn\u00fd soukrom\u00fd trysk\u00e1\u010d, jen kdy\u017e se prok\u00e1\u017ee jako v\u011brn\u00fd slu\u017eebn\u00edk velk\u00e9ho byznysu? Ka\u017edop\u00e1dn\u011b z Merze, kter\u00fd stoj\u00ed u pivn\u00edho t\u00e1cku, nic nezbylo, proto\u017ee mu bylo dovoleno hr\u00e1t si na kancl\u00e9\u0159e. A pr\u00e1v\u011b te\u010f, vzhledem k sou\u010dasn\u00e9 situaci, nen\u00ed nic nal\u00e9hav\u011bj\u0161\u00edho ne\u017e revoluce v da\u0148ov\u00e9m syst\u00e9mu zam\u011b\u0159en\u00e1 na sn\u00ed\u017een\u00ed byrokracie. To je spolu s cenov\u011b dostupnou energi\u00ed jedin\u00e1 cesta z tohoto chaosu. Energie, kter\u00e1 m\u016f\u017ee poch\u00e1zet pouze z Ruska. Ale co se stane? Merz ledabyle prohla\u0161uje Rusko za v\u011b\u010dn\u00e9ho nep\u0159\u00edtele, kter\u00e9ho mus\u00ed Kyjev porazit. Ten sam\u00fd Kyjev, kter\u00fd \u00fato\u010d\u00ed a sabotuje posledn\u00ed funk\u010dn\u00ed plynovody a ropovody. Merzovi je zjevn\u011b d\u016fle\u017eit\u011bj\u0161\u00ed blahobyt Ukrajiny ne\u017e sv\u00e9 vlastn\u00ed zem\u011b. No, v Kyjev\u011b mu l\u00edbaj\u00ed zadek, zat\u00edmco v N\u011bmecku je s jeho v\u00fdkonem ve funkci nespokojeno asi 80 procent voli\u010d\u016f.<\/span><\/p>\n<h3 class=\"bodytext\"><strong><span dir=\"auto\">Velk\u00e1 koalice nen\u00ed \u00fasp\u011b\u0161n\u00fd p\u0159\u00edb\u011bh<\/span><\/strong><\/h3>\n<p class=\"bodytext\"><span dir=\"auto\">Ale to nen\u00ed v\u0161echno. Na co myslel, kdy\u017e vstupoval do koalice s SPD? V podstat\u011b na vytvo\u0159en\u00ed kastrovan\u00e9 velk\u00e9 koalice, jak Merkelov\u00e1 opakovan\u011b prok\u00e1zala. Musel v\u011bd\u011bt, \u017ee s touto koalic\u00ed nem\u016f\u017ee dos\u00e1hnout \u017e\u00e1dn\u00e9ho z d\u016fle\u017eit\u00fdch c\u00edl\u016f. Pokud ov\u0161em jeho IQ nebylo a\u017e tak vysok\u00e9. Celkov\u011b vzato pokra\u010duje v destruktivn\u00ed politice Merkelov\u00e9 t\u00edm, \u017ee bezstarostn\u011b prosazuje \u0161\u00edlenstv\u00ed Strany zelen\u00fdch. \u201eZ\u00e1kon o vyt\u00e1p\u011bn\u00ed\u201c m\u011bl b\u00fdt zru\u0161en. Neud\u011blal to. Pouze ho o p\u00e1r let odlo\u017eil. Byla to kapitulace p\u0159ed Zelen\u00fdmi, nebo pokra\u010dov\u00e1n\u00ed politiky Merkelov\u00e9? T\u00e9\u017ee Merkelov\u00e9, kter\u00e1 ho odsunula na vedlej\u0161\u00ed kolej a \u00fasp\u011b\u0161n\u011b mu zabr\u00e1nila v dal\u0161\u00ed politick\u00e9 kari\u00e9\u0159e. Co proti n\u011bmu Merkelov\u00e1 a jej\u00ed p\u0159\u00edznivci maj\u00ed, nebo jeho sou\u010dasn\u00e9 chov\u00e1n\u00ed jednodu\u0161e odr\u00e1\u017e\u00ed jeho skute\u010dnou povahu?<\/span><\/p>\n<p class=\"bodytext\"><span dir=\"auto\">Nav\u00edc pokra\u010duje v Merkelov\u00e9 pod\u0159\u00edzenosti Izraeli. Vys\u00edl\u00e1 do Izraele sv\u00e9 ministry, kte\u0159\u00ed jednomysln\u011b vyjad\u0159uj\u00ed solidaritu s t\u00edmto vra\u017eedn\u00fdm st\u00e1tem. Ano, \u00cdr\u00e1n je zl\u00fd, proto\u017ee se br\u00e1n\u00ed zr\u00e1dn\u00fdm \u00fatok\u016fm USA a Izraele. Zazn\u011blo letos z kancel\u00e1\u0159e kancl\u00e9\u0159ky n\u011bco o Gaze? Nebo o pokra\u010duj\u00edc\u00edm poru\u0161ov\u00e1n\u00ed p\u0159\u00edm\u011b\u0159\u00ed s Libanonem? Nez\u00e1konn\u00e9 atent\u00e1ty na \u00edr\u00e1nsk\u00e9 v\u016fdce nejsou odsuzov\u00e1ny, ale jsou tlesk\u00e1ny. Dovoluje Trumpovi, aby ho za jeho postoj chv\u00e1lil. Pak, kdy\u017e cestuje do \u010c\u00edny, se dovol\u00e1v\u00e1 lidsk\u00fdch pr\u00e1v. Kter\u00e1 zem\u011b za\u00fato\u010dila na \u010c\u00ednu? Solidarita s Izraelem a USA je ale z\u0159ejm\u011b i Merzov\u00fdm raison d&#8217;etat, i kdy\u017e s t\u00edm v\u011bt\u0161ina voli\u010d\u016f, jeho \u00fadajn\u00fdch voli\u010d\u016f, nesouhlas\u00ed.<\/span><\/p>\n<h3 class=\"bodytext\"><strong><span dir=\"auto\">Protipo\u017ei\u00e1rn\u00ed ze\u010f je tak\u00e9 odkazem Merkelov\u00e9<\/span><\/strong><\/h3>\n<p class=\"bodytext\"><span dir=\"auto\">Jeho nejv\u011bt\u0161\u00ed chybou byla koalice s SPD. Ach ano, ta \u201efirewallov\u00e1 ze\u010f\u201c! Tu zd\u011bdil po Merkelov\u00e9 a \u201esemaforov\u00e9\u201c koalici a ztr\u00e1c\u00ed se v n\u00ed. Pokud by Merz cht\u011bl skute\u010dn\u011b dostat N\u011bmecko zp\u011bt na spr\u00e1vnou cestu, m\u011bl vytvo\u0159it koalici s AfD. Stejn\u011b jako by to byla nyn\u00ed spr\u00e1vn\u00e1 cesta v B\u00e1densku-W\u00fcrttembersku. To by mu dalo pohodlnou v\u011bt\u0161inu a s AfD m\u00e1 hodn\u011b spole\u010dn\u00e9ho. Pak by se nemusel tolik tr\u00e1pit s deportac\u00ed neleg\u00e1ln\u00edch imigrant\u016f a katastrof\u00e1ln\u00ed politika Zelen\u00fdch by se dala snadno ukon\u010dit. Pravd\u011bpodobn\u011b se ale boj\u00ed koncentrovan\u00e9 expert\u00edzy v AfD, a zejm\u00e9na pan\u00ed Weidelov\u00e9 a pana Chrupally. Po boku t\u011bchto osobnost\u00ed by se nedok\u00e1zal prosadit o nic v\u00edc, ne\u017e by se mohl prosadit po boku klaun\u016f z SPD, kte\u0159\u00ed mu znemo\u017e\u0148uj\u00ed jakoukoli rozumnou politiku. Ale chce v\u016fbec prosazovat rozumnou politiku?<\/span><\/p>\n<p class=\"bodytext\"><span dir=\"auto\">Kdyby cht\u011bl, musel by jen znovu vyhrabat svou starou t\u00e1cku od piva. Ale je Merz jako mnoho ambici\u00f3zn\u00edch mlad\u00fdch politik\u016f? V politice za\u010d\u00ednaj\u00ed s dobr\u00fdmi, efektivn\u00edmi n\u00e1pady a pak si mus\u00ed uv\u011bdomit, \u017ee politick\u00e1 kari\u00e9ra m\u016f\u017ee r\u016fst pouze tehdy, kdy\u017e se p\u0159izp\u016fsob\u00edte velk\u00e9mu sch\u00e9matu v\u011bc\u00ed. Jakmile dos\u00e1hnou vy\u0161\u0161\u00edch \u00farovn\u00ed, s p\u0159\u00edstupem k l\u00e1kadl\u016fm, zapomenou na v\u0161echny dobr\u00e9 pl\u00e1ny, kter\u00e9 je kdysi do politiky dohnaly. Koneckonc\u016f, jejich vlastn\u00ed blaho je d\u016fle\u017eit\u011bj\u0161\u00ed ne\u017e pokra\u010duj\u00edc\u00ed boj za dobrou politiku. Nebo si mus\u00ed uv\u011bdomit, \u017ee pokud budou i nad\u00e1le sledovat sv\u00e9 vzne\u0161en\u00e9 c\u00edle, v ohro\u017een\u00ed je nejen jejich bohatstv\u00ed, ale i jejich \u017eivoty. Jen si vzpome\u0148te na M\u00f6llemanna nebo Westerwelleho.<\/span><\/p>\n<h3 class=\"bodytext\"><strong><span dir=\"auto\">Zbab\u011blec, nebo populistick\u00fd lh\u00e1\u0159?<\/span><\/strong><\/h3>\n<p class=\"bodytext\"><span dir=\"auto\">Existuje mnoho p\u0159\u00edklad\u016f toho, jak se s politiky, kte\u0159\u00ed se sna\u017e\u00ed prosazovat rozumnou politiku, zach\u00e1z\u00ed. Vzpome\u0148te si na Fica nebo Orb\u00e1na, nebo na v\u0161echny politiky AfD, a nezapome\u0148te ani na Marine Le Penovou. \u0160pan\u011bl\u0161t\u00ed politici \u010del\u00ed tak\u00e9 z\u00e1plav\u011b kritiky, proto\u017ee odm\u00edtaj\u00ed podporovat vra\u017eedn\u00fd st\u00e1t Izrael. Je tedy Merz zbab\u011blec, kter\u00fd se vzdal sv\u00fdch star\u00fdch p\u0159esv\u011bd\u010den\u00ed kv\u016fli neru\u0161en\u00e9 politick\u00e9 kari\u00e9\u0159e? Nebo je Merz podvodn\u00edk, kter\u00fd nikdy v\u00e1\u017en\u011b nezam\u00fd\u0161lel realizovat sv\u016fj \u201epl\u00e1n pivn\u00edho podstavce\u201c, proto\u017ee v\u011bd\u011bl, \u017ee nikdy neprojde parlamentem? N\u011bkdo, kdo pou\u017e\u00edval populistick\u00e9 taktiky k oklam\u00e1n\u00ed voli\u010d\u016f a zv\u00fd\u0161en\u00ed sv\u00e9 popularity? A\u0165 tak \u010di onak, z \u201epivn\u00edho podstavce Merze\u201c nic nezbylo.<\/span><\/p>\n<p class=\"bodytext\"><span dir=\"auto\">Pokud by Merz cht\u011bl odvr\u00e1tit sv\u016fj \u00fapadek i \u00fapadek CDU, musel by rychle hledat ducha sv\u00e9ho pivn\u00edho t\u00e1cku. To by zahrnovalo i jeho volebn\u00ed slib drasticky sn\u00ed\u017eit byrokracii. V tomto ohledu se v\u0161ak nic nestalo. Musel by se distancovat od Merkelov\u00e9 a bojovat proti \u0161\u00edlenstv\u00ed Strany zelen\u00fdch, jak ho l\u00ed\u010dil ve sv\u00fdch volebn\u00edch vystoupen\u00edch. Zp\u016fsob, jak\u00fdm se chov\u00e1, ho lze vn\u00edmat jako \u201eMerkel-lite\u201c, kter\u00fd se do historie zap\u00ed\u0161e jako dal\u0161\u00ed zelen\u00fd kancl\u00e9\u0159. Ale kter\u00fd politik z \u201edemokratick\u00fdch stran\u201c nel\u017ee? To m\u011b p\u0159iv\u00e1d\u00ed k m\u00e9mu po\u017eadavku: poctivost se mus\u00ed op\u011bt st\u00e1t p\u0159edpokladem pro to, aby \u010dlov\u011bk v\u016fbec mohl b\u00fdt politikem. A odbornost je samoz\u0159ejm\u011b nezbytn\u00e1 pro to, aby se stal ministrem, nebo dokonce kancl\u00e9\u0159em. Pokud byste vy, pane Merzi, znovu na\u0161el sv\u016fj pivn\u00ed t\u00e1cek, byl byste na spr\u00e1vn\u00e9 cest\u011b. Ano, \u010dlov\u011bk m\u016f\u017ee sn\u00edt&#8230;<\/span><\/p>\n<p><a href=\"https:\/\/www.anderweltonline.com\/klartext\/klartext-20261\/wann-haben-sie-ihren-bierdeckel-verloren-herr-merz\/\">Peter Haisenko<\/a><\/p>\n<p>&nbsp;<\/p>\n","protected":false},"excerpt":{"rendered":"<p>Ne\u017e Merkelov\u00e1 odstavila Friedricha Merze, m\u011bl skute\u010dn\u011b revolu\u010dn\u00ed my\u0161lenky. Cht\u011bl zjednodu\u0161it da\u0148ov\u00fd syst\u00e9m natolik, aby&#8230;<\/p>\n","protected":false},"author":2,"featured_media":102396,"comment_status":"closed","ping_status":"closed","sticky":false,"template":"","format":"standard","meta":[],"categories":[7],"tags":[1503,8211,84,122],"_links":{"self":[{"href":"https:\/\/www.infokuryr.cz\/n\/wp-json\/wp\/v2\/posts\/102395"}],"collection":[{"href":"https:\/\/www.infokuryr.cz\/n\/wp-json\/wp\/v2\/posts"}],"about":[{"href":"https:\/\/www.infokuryr.cz\/n\/wp-json\/wp\/v2\/types\/post"}],"author":[{"embeddable":true,"href":"https:\/\/www.infokuryr.cz\/n\/wp-json\/wp\/v2\/users\/2"}],"replies":[{"embeddable":true,"href":"https:\/\/www.infokuryr.cz\/n\/wp-json\/wp\/v2\/comments?post=102395"}],"version-history":[{"count":0,"href":"https:\/\/www.infokuryr.cz\/n\/wp-json\/wp\/v2\/posts\/102395\/revisions"}],"wp:featuredmedia":[{"embeddable":true,"href":"https:\/\/www.infokuryr.cz\/n\/wp-json\/wp\/v2\/media\/102396"}],"wp:attachment":[{"href":"https:\/\/www.infokuryr.cz\/n\/wp-json\/wp\/v2\/media?parent=102395"}],"wp:term":[{"taxonomy":"category","embeddable":true,"href":"https:\/\/www.infokuryr.cz\/n\/wp-json\/wp\/v2\/categories?post=102395"},{"taxonomy":"post_tag","embeddable":true,"href":"https:\/\/www.infokuryr.cz\/n\/wp-json\/wp\/v2\/tags?post=102395"}],"curies":[{"name":"wp","href":"https:\/\/api.w.org\/{rel}","templated":true}]}}