{"id":102387,"date":"2026-03-20T00:19:32","date_gmt":"2026-03-19T23:19:32","guid":{"rendered":"https:\/\/www.infokuryr.cz\/n\/?p=102387"},"modified":"2026-03-19T12:09:12","modified_gmt":"2026-03-19T11:09:12","slug":"energeticka-hadanka-pekingu-analyza-klimatickeho-planu-ciny-na-roky-2026-2030","status":"publish","type":"post","link":"https:\/\/www.infokuryr.cz\/n\/2026\/03\/20\/energeticka-hadanka-pekingu-analyza-klimatickeho-planu-ciny-na-roky-2026-2030\/","title":{"rendered":"Energetick\u00e1 h\u00e1danka Pekingu: Anal\u00fdza klimatick\u00e9ho pl\u00e1nu \u010c\u00edny na roky 2026 \u2013 2030"},"content":{"rendered":"<div id=\"fb-root\"><\/div>\n<p>\u010c\u00edna jako nejv\u011bt\u0161\u00ed sv\u011btov\u00fd producent emis\u00ed a z\u00e1rove\u0148 neot\u0159esiteln\u00fd l\u00eddr v instalac\u00edch zelen\u00fdch technologi\u00ed, vstoupila do roku 2026 s nov\u00fdm strategick\u00fdm r\u00e1mcem pro ochranu klimatu. Pro investory a pr\u016fmyslov\u00e9 analytiky p\u0159edstavuje tento dokument fascinuj\u00edc\u00ed kombinaci pragmatismu a technologick\u00e9 expanze. Peking se v n\u011bm pokou\u0161\u00ed o historicky bezprecedentn\u00ed man\u00e9vr \u2013 dekarbonizaci gigantick\u00e9 ekonomiky bez toho, aby ohrozil jej\u00ed pr\u016fmyslov\u00fd motor.<\/p>\n<h3><strong>Ambici\u00f3zn\u00ed c\u00edle ve st\u00ednu nenapln\u011bn\u00fdch o\u010dek\u00e1v\u00e1n\u00ed<\/strong><\/h3>\n<p>\u00dast\u0159edn\u00edm pil\u00ed\u0159em nov\u00e9ho p\u011btilet\u00e9ho pl\u00e1nu je z\u00e1vazek sn\u00ed\u017eit uhl\u00edkovou intenzitu HDP o 17 procent do roku 2030. A\u010dkoli toto \u010d\u00edslo p\u016fsob\u00ed na prvn\u00ed pohled ambici\u00f3zn\u011b, p\u0159ich\u00e1z\u00ed po obdob\u00ed, ve kter\u00e9m se \u010c\u00edn\u011b nepoda\u0159ilo naplnit p\u0159edchoz\u00ed c\u00edl. Podle \u00fadaj\u016f zprost\u0159edkovan\u00fdch agenturou Reuters dos\u00e1hlo re\u00e1ln\u00e9 sn\u00ed\u017een\u00ed v letech 2021 a\u017e 2025 \u00farovn\u011b 12 procent, co\u017e zaostalo za pl\u00e1novan\u00fdmi 18 procenty. V n\u00e1vaznosti na to je pro rok 2026 stanoven d\u00edl\u010d\u00ed c\u00edl poklesu intenzity o 3,8 procenta, co\u017e do zna\u010dn\u00e9 m\u00edry odr\u00e1\u017e\u00ed snahu o okam\u017eit\u00e9 urychlen\u00ed proces\u016f. Sou\u010dasn\u00e1 ekonomick\u00e1 realita v\u0161ak nazna\u010duje ur\u010dit\u00fd paradox. P\u0159i p\u0159edpokl\u00e1dan\u00e9m tempu hospod\u00e1\u0159sk\u00e9ho r\u016fstu toti\u017e m\u016f\u017ee v n\u00e1sleduj\u00edc\u00ed p\u011btiletce, i p\u0159i napln\u011bn\u00ed nov\u00fdch c\u00edl\u016f, doj\u00edt k celkov\u00e9mu n\u00e1r\u016fstu emis\u00ed o 3 a\u017e 6 procent. Tento v\u00fdvoj tak nar\u00e1\u017e\u00ed na limity Pa\u0159\u00ed\u017esk\u00e9 klimatick\u00e9 dohody, podle kter\u00e9 by \u010c\u00edna v r\u00e1mci glob\u00e1ln\u00edch z\u00e1vazk\u016f musela sn\u00ed\u017eit intenzitu a\u017e o 23 procent. P\u0159esto Peking trv\u00e1 na sv\u00e9m pl\u00e1nu dos\u00e1hnout celkov\u00e9ho vrcholu uhl\u00edkov\u00fdch emis\u00ed do roku 2030.<\/p>\n<h3><strong>Uheln\u00fd pragmatismus<\/strong><\/h3>\n<p>V oblasti fosiln\u00edch paliv vol\u00ed \u010c\u00edna cestu postupn\u00e9ho uvol\u0148ov\u00e1n\u00ed nam\u00edsto radik\u00e1ln\u00edho omezov\u00e1n\u00ed. Pl\u00e1n po\u010d\u00edt\u00e1 s dosa\u017een\u00edm vrcholu spot\u0159eby uhl\u00ed i ropy v n\u00e1sleduj\u00edc\u00edch p\u011bti letech, p\u0159i\u010dem\u017e ambic\u00ed je nahradit 30 milion\u016f tun uhl\u00ed ro\u010dn\u011b \u010dist\u00fdmi zdroji. Pozoruhodn\u00fdm detailem je v\u0161ak absence celkov\u00fdch limit\u016f na spot\u0159ebu uhl\u00ed, co\u017e nazna\u010duje, \u017ee v dob\u011b energetick\u00e9 nejistoty z\u016fst\u00e1v\u00e1 uhl\u00ed pro Peking i nad\u00e1le strategickou pojistkou. Z\u00e1sadn\u00edm posunem ve struktu\u0159e \u0159\u00edzen\u00ed je p\u0159echod na nov\u00fd syst\u00e9m takzvan\u00e9 du\u00e1ln\u00ed kontroly. Tato politika ve sv\u00e9 podstat\u011b p\u0159esouv\u00e1 t\u011b\u017ei\u0161t\u011b regulace z n\u00e1rodn\u00ed \u00farovn\u011b p\u0159\u00edmo na \u00farove\u0148 konkr\u00e9tn\u00edch pr\u016fmyslov\u00fdch odv\u011btv\u00ed, firem a jednotliv\u00fdch projekt\u016f. Prioritou se st\u00e1v\u00e1 vy\u0159azov\u00e1n\u00ed zastaral\u00fdch uheln\u00fdch elektr\u00e1ren a modernizace energetick\u00e9ho syst\u00e9mu. Pro firmy p\u016fsob\u00edc\u00ed na \u010d\u00ednsk\u00e9m trhu to bude znamenat nutnost investovat do technologi\u00ed modernizace a zefektiv\u0148ov\u00e1n\u00ed v\u00fdroby.<\/p>\n<h3><strong>Obnoviteln\u00e1 energie<\/strong><\/h3>\n<p>Pokud existuje oblast, ve kter\u00e9 \u010c\u00edna skute\u010dn\u011b dominuje, je to masivn\u00ed rozvoj v\u011btrn\u00e9 a sol\u00e1rn\u00ed energie. Nov\u00fd pl\u00e1n po\u010d\u00edt\u00e1 se zv\u00fd\u0161en\u00edm kapacity na ohromuj\u00edc\u00edch 3 600 GW do roku 2035, co\u017e p\u0159edstavuje \u0161estin\u00e1sobek \u00farovn\u011b z roku 2020. Ji\u017e rok 2025 uk\u00e1zal prvn\u00ed pozitivn\u00ed v\u00fdsledky, kdy emise CO\u2082 v sektorech jako hutnictv\u00ed, energetika a doprava klesly o 0,3 procenta. \u010c\u00edna tak potvrzuje svou pozici nejv\u011bt\u0161\u00edho producenta zelen\u00e9 energie na sv\u011bt\u011b a z\u00e1rove\u0148 zav\u00e1d\u00ed povinn\u00fd syst\u00e9m kv\u00f3t na jej\u00ed spot\u0159ebu. Z investi\u010dn\u00edho hlediska se nejv\u011bt\u0161\u00ed v\u00fdzvy, a z\u00e1rove\u0148 p\u0159\u00edle\u017eitosti, p\u0159esouvaj\u00ed do oblasti flexibility s\u00edt\u00ed a integrace obnoviteln\u00fdch zdroj\u016f. Rostouc\u00ed popt\u00e1vka po energii, poh\u00e1n\u011bn\u00e1 siln\u00fdm pr\u016fmyslem, toti\u017e vy\u017eaduje dekarbonizaci i v obt\u00ed\u017en\u011b redukovateln\u00fdch sektorech. Pro investory to otev\u00edr\u00e1 dve\u0159e k technologi\u00edm ukl\u00e1d\u00e1n\u00ed energie a inteligentn\u00edm s\u00edt\u00edm, kter\u00e9 jsou nezbytn\u00e9 pro zvl\u00e1dnut\u00ed nest\u00e1losti v\u011btrn\u00e9 a sol\u00e1rn\u00ed produkce v takto obrovsk\u00e9m m\u011b\u0159\u00edtku.<\/p>\n<h3><strong>Strategick\u00fd v\u00fdhled<\/strong><\/h3>\n<p>Klimatick\u00fd pl\u00e1n na roky 2026 a\u017e 2030 jasn\u011b definuje \u010c\u00ednu jako pragmatick\u00e9ho hr\u00e1\u010de, kter\u00fd neodstav\u00ed fosiln\u00ed paliva d\u0159\u00edve, ne\u017e bude m\u00edt k dispozici dostate\u010dn\u011b robustn\u00ed a stabiln\u00ed alternativu. A\u010dkoli chyb\u011bj\u00edc\u00ed z\u00e1vazky na postupn\u00e9 sni\u017eov\u00e1n\u00ed uhl\u00ed mohou vyvol\u00e1vat obavy environmentalist\u016f, pro trhy jde o sign\u00e1l stability. Budoucnost \u010d\u00ednsk\u00e9 energetiky je tak st\u00e1le zelen\u011bj\u0161\u00ed, ale cesta k n\u00ed vede p\u0159es sofistikovanou regulaci emis\u00ed na \u00farovni jednotliv\u00fdch \u00fa\u010dastn\u00edk\u016f trhu. Pro investory to znamen\u00e1 obdob\u00ed velk\u00fdch infrastrukturn\u00edch projekt\u016f, kde modernizace energetick\u00e9 s\u00edt\u011b bude hr\u00e1t stejn\u011b d\u016fle\u017eitou roli jako samotn\u00e1 v\u00fdroba \u010dist\u00e9 energie.<\/p>\n<h4><strong>Ol\u00edvia Lacenov\u00e1, analyti\u010dka <\/strong><a href=\"https:\/\/www.wonderinterest.com\/cs\"><strong>Wonderinterest Trading Ltd.<\/strong><\/a><\/h4>\n<p>[1] V\u00fdhledov\u00e1 prohl\u00e1\u0161en\u00ed vych\u00e1zej\u00ed z p\u0159edpoklad\u016f a aktu\u00e1ln\u00edch o\u010dek\u00e1v\u00e1n\u00ed, kter\u00e1 mohou b\u00fdt nep\u0159esn\u00e1, nebo z aktu\u00e1ln\u00edho ekonomick\u00e9ho prost\u0159ed\u00ed, kter\u00e9 se m\u016f\u017ee zm\u011bnit. Takov\u00e1 prohl\u00e1\u0161en\u00ed nejsou z\u00e1rukou budouc\u00ed v\u00fdkonnosti. Zahrnuj\u00ed rizika a dal\u0161\u00ed nejistoty, kter\u00e9 je obt\u00ed\u017en\u00e9 p\u0159edv\u00eddat. V\u00fdsledky se mohou podstatn\u011b li\u0161it od v\u00fdsledk\u016f vyj\u00e1d\u0159en\u00fdch nebo implikovan\u00fdch v jak\u00fdchkoli v\u00fdhledov\u00fdch prohl\u00e1\u0161en\u00edch.<\/p>\n<p><img decoding=\"async\" loading=\"lazy\" class=\"alignnone size-full wp-image-1185\" src=\"http:\/\/www.infokuryr.cz\/n\/wp-content\/uploads\/2021\/04\/kuryr-podpis.png\" alt=\"\" width=\"84\" height=\"24\" \/><\/p>\n<p>&nbsp;<\/p>\n","protected":false},"excerpt":{"rendered":"<p>\u010c\u00edna jako nejv\u011bt\u0161\u00ed sv\u011btov\u00fd producent emis\u00ed a z\u00e1rove\u0148 neot\u0159esiteln\u00fd l\u00eddr v instalac\u00edch zelen\u00fdch technologi\u00ed, vstoupila&#8230;<\/p>\n","protected":false},"author":2,"featured_media":102388,"comment_status":"closed","ping_status":"closed","sticky":false,"template":"","format":"standard","meta":[],"categories":[6],"tags":[1042,30,873,1505,331],"_links":{"self":[{"href":"https:\/\/www.infokuryr.cz\/n\/wp-json\/wp\/v2\/posts\/102387"}],"collection":[{"href":"https:\/\/www.infokuryr.cz\/n\/wp-json\/wp\/v2\/posts"}],"about":[{"href":"https:\/\/www.infokuryr.cz\/n\/wp-json\/wp\/v2\/types\/post"}],"author":[{"embeddable":true,"href":"https:\/\/www.infokuryr.cz\/n\/wp-json\/wp\/v2\/users\/2"}],"replies":[{"embeddable":true,"href":"https:\/\/www.infokuryr.cz\/n\/wp-json\/wp\/v2\/comments?post=102387"}],"version-history":[{"count":0,"href":"https:\/\/www.infokuryr.cz\/n\/wp-json\/wp\/v2\/posts\/102387\/revisions"}],"wp:featuredmedia":[{"embeddable":true,"href":"https:\/\/www.infokuryr.cz\/n\/wp-json\/wp\/v2\/media\/102388"}],"wp:attachment":[{"href":"https:\/\/www.infokuryr.cz\/n\/wp-json\/wp\/v2\/media?parent=102387"}],"wp:term":[{"taxonomy":"category","embeddable":true,"href":"https:\/\/www.infokuryr.cz\/n\/wp-json\/wp\/v2\/categories?post=102387"},{"taxonomy":"post_tag","embeddable":true,"href":"https:\/\/www.infokuryr.cz\/n\/wp-json\/wp\/v2\/tags?post=102387"}],"curies":[{"name":"wp","href":"https:\/\/api.w.org\/{rel}","templated":true}]}}