{"id":102386,"date":"2026-03-20T00:16:01","date_gmt":"2026-03-19T23:16:01","guid":{"rendered":"https:\/\/www.infokuryr.cz\/n\/?p=102386"},"modified":"2026-03-19T12:05:02","modified_gmt":"2026-03-19T11:05:02","slug":"mafie-soukmenovcu-rozkradala-ministerstvo-obrany-nic-se-jim-nestane-byl-by-to-antisemitismus","status":"publish","type":"post","link":"https:\/\/www.infokuryr.cz\/n\/2026\/03\/20\/mafie-soukmenovcu-rozkradala-ministerstvo-obrany-nic-se-jim-nestane-byl-by-to-antisemitismus\/","title":{"rendered":"Mafie soukmenovc\u016f rozkr\u00e1dala ministerstvo obrany. Nic se jim nestane, byl by to \u201eantisemitismus\u201c\u2026"},"content":{"rendered":"<div id=\"fb-root\"><\/div>\n<p><strong>U\u017e i ofici\u00e1ln\u00ed m\u00e9dia za\u010d\u00ednaj\u00ed nesm\u011ble ps\u00e1t o ob\u0159\u00edch rozkr\u00e1da\u010dk\u00e1ch na ministerstvu obrany za minul\u00e9 vl\u00e1dy.<\/strong>\u00a0T\u0159eba ta posledn\u00ed ministerstvo obrany<a href=\"https:\/\/www.seznamzpravy.cz\/clanek\/domaci-kauzy-vojsko-zaplatilo-predem-za-unikatni-drony-krachujici-firme-nikdy-neprisly-298996\">\u00a0<strong>objednalo drony od firmy,<\/strong><\/a><strong> kterou vlastnil jist\u00fd Izraelec jm\u00e9nem David Schulz. Jeho spole\u010dn\u00edkem byl hlavn\u00ed poradce p\u0159edsedy vl\u00e1dy Fialy jist\u00fd T. Pojar, d\u0159\u00edve \u010desk\u00fd velvyslanec v Izraeli, kter\u00fd poch\u00e1z\u00ed z prominentn\u00ed \u017eidovsk\u00e9 rodiny. Ministerstvo vedla J. \u010cernochov\u00e1, kter\u00e1 je potomkem stejn\u00fdch vlastenc\u016f od Mrtv\u00e9ho mo\u0159e jako oba v\u00fd\u0161e uveden\u00ed v\u00fdte\u010dn\u00edci\u2026.\u00a0<\/strong>V\u0161e je pochopiteln\u011b n\u00e1hoda a nic nesouvis\u00ed s ni\u010d\u00edm\u2026<\/p>\n<p><strong>K\u0161eft to byl bezvadn\u00fd, dodavatelsk\u00e1 firma byla v t\u00e9 dob\u011b ji\u017e p\u0159ed krachem, co\u017e nijak nevadilo, aby j\u00ed ministerstvo poslalo z\u00e1lohu 17 mil K\u010d, kter\u00e9 u\u017e nikdy neuvid\u00ed.<\/strong> V\u00fdb\u011brov\u00e9 \u0159\u00edzen\u00ed bylo pr\u00fd \u0161ito na m\u00edru izraelsk\u00e9 firm\u011b.<\/p>\n<p><strong>Jen\u017ee v\u00fd\u0161e uveden\u00fdm osob\u00e1m se pochopiteln\u011b nic nestane. Cht\u00edt je potrestat by byl antisemitismus v nejhor\u0161\u00ed podob\u011b a na to jsou v kolonii \u010cesko paragrafy<\/strong>. Ostatn\u011b ka\u017ed\u00fd rab\u00edn tady v Izraeli by \u0159ekl, \u017ee nic \u0161patn\u00e9ho neud\u011blali. V\u017edy\u0165 si jen od g\u00f3j\u016f brali pen\u00edze, kter\u00e9 podle talmudu stejn\u011b pat\u0159\u00ed \u017eid\u016fm, Goyim je podle talmudu zv\u00ed\u0159e a \u017e\u00e1dn\u00fd majetek tedy vlastnit ani nem\u016f\u017ee\u2026.<\/p>\n<p>Podobn\u00e9 to bylo s izraelsk\u00fdmi radary MADR, kter\u00e9 ministerstvo obrany nakoupilo rad\u011bji bez sout\u011b\u017ee za pouh\u00fdch 3,6 mld. K\u010d. radary jsou moc hezk\u00e9, Jen nefunguj\u00ed a izraelsk\u00fd dodavatel odm\u00edt\u00e1 probl\u00e9my \u0159e\u0161it\u2026.a m\u00edstn\u00ed se \u010cech\u016fm sm\u011bj\u00ed a za jejich pen\u00edze jim d\u011blaj\u00ed d\u011bkovn\u00e9 kampan\u011b\u2026<\/p>\n<p>Jak se asi muselo kr\u00e1st u zak\u00e1zky na F35, co?! Ty \u010cesko koupilo za nejdra\u017e\u0161\u00ed cenu ze v\u0161ech zem\u00ed.<\/p>\n<p>Jak dlouho se vy \u010ce\u0161i nech\u00e1te od t\u00e9hle mafie okr\u00e1dat a kdy u\u017e si doma zjedn\u00e1te po\u0159\u00e1dek?<\/p>\n<p><img decoding=\"async\" class=\"aligncenter\" src=\"https:\/\/ceskavec.com\/wp-content\/uploads\/2025\/07\/image-16.png\" \/><\/p>\n<p style=\"text-align: center;\"><em>Za co p\u0159esn\u011b Izrael d\u011bkuje, Ze podivn\u00e9 zbrojn\u00ed zak\u00e1zky?<\/em><\/p>\n<p><em><a href=\"https:\/\/ceskavec.com\/2026\/03\/mafie-soukmenovcu-rozkradala-ministerstvo-obrany-nic-se-jim-nestane-byl-by-to-antisemitismus\">Itzak Stern<\/a>, erez Israel<\/em><\/p>\n<p>&nbsp;<\/p>\n<p>&nbsp;<\/p>\n","protected":false},"excerpt":{"rendered":"<p>U\u017e i ofici\u00e1ln\u00ed m\u00e9dia za\u010d\u00ednaj\u00ed nesm\u011ble ps\u00e1t o ob\u0159\u00edch rozkr\u00e1da\u010dk\u00e1ch na ministerstvu obrany za minul\u00e9&#8230;<\/p>\n","protected":false},"author":2,"featured_media":53801,"comment_status":"closed","ping_status":"closed","sticky":false,"template":"","format":"standard","meta":[],"categories":[6],"tags":[2854,45,1503,6014,3196],"_links":{"self":[{"href":"https:\/\/www.infokuryr.cz\/n\/wp-json\/wp\/v2\/posts\/102386"}],"collection":[{"href":"https:\/\/www.infokuryr.cz\/n\/wp-json\/wp\/v2\/posts"}],"about":[{"href":"https:\/\/www.infokuryr.cz\/n\/wp-json\/wp\/v2\/types\/post"}],"author":[{"embeddable":true,"href":"https:\/\/www.infokuryr.cz\/n\/wp-json\/wp\/v2\/users\/2"}],"replies":[{"embeddable":true,"href":"https:\/\/www.infokuryr.cz\/n\/wp-json\/wp\/v2\/comments?post=102386"}],"version-history":[{"count":0,"href":"https:\/\/www.infokuryr.cz\/n\/wp-json\/wp\/v2\/posts\/102386\/revisions"}],"wp:featuredmedia":[{"embeddable":true,"href":"https:\/\/www.infokuryr.cz\/n\/wp-json\/wp\/v2\/media\/53801"}],"wp:attachment":[{"href":"https:\/\/www.infokuryr.cz\/n\/wp-json\/wp\/v2\/media?parent=102386"}],"wp:term":[{"taxonomy":"category","embeddable":true,"href":"https:\/\/www.infokuryr.cz\/n\/wp-json\/wp\/v2\/categories?post=102386"},{"taxonomy":"post_tag","embeddable":true,"href":"https:\/\/www.infokuryr.cz\/n\/wp-json\/wp\/v2\/tags?post=102386"}],"curies":[{"name":"wp","href":"https:\/\/api.w.org\/{rel}","templated":true}]}}