{"id":102381,"date":"2026-03-20T00:24:34","date_gmt":"2026-03-19T23:24:34","guid":{"rendered":"https:\/\/www.infokuryr.cz\/n\/?p=102381"},"modified":"2026-03-19T11:38:01","modified_gmt":"2026-03-19T10:38:01","slug":"podcenovana-eskalace-proc-by-se-podmorske-kabely-v-perskem-zalivu-mohly-stat-dalsim-strategickym-cilem","status":"publish","type":"post","link":"https:\/\/www.infokuryr.cz\/n\/2026\/03\/20\/podcenovana-eskalace-proc-by-se-podmorske-kabely-v-perskem-zalivu-mohly-stat-dalsim-strategickym-cilem\/","title":{"rendered":"Podce\u0148ovan\u00e1 eskalace: Pro\u010d by se podmo\u0159sk\u00e9 kabely v Persk\u00e9m z\u00e1livu mohly st\u00e1t dal\u0161\u00edm strategick\u00fdm c\u00edlem"},"content":{"rendered":"<div id=\"fb-root\"><\/div>\n<p><span dir=\"auto\">Zat\u00edmco se v konfliktu kolem Hormuzsk\u00e9ho pr\u016flivu pozornost soust\u0159ed\u00ed na ropu, lodn\u00ed dopravu a vojenskou p\u0159\u00edtomnost, jedna kl\u00ed\u010dov\u00e1 zranitelnost z\u016fst\u00e1v\u00e1 do zna\u010dn\u00e9 m\u00edry p\u0159ehl\u00ed\u017eena: digit\u00e1ln\u00ed infrastruktura pod mo\u0159em.<\/span><\/p>\n<p><span dir=\"auto\">Sc\u00e9n\u00e1\u0159, kdy by byly podvodn\u00ed internetov\u00e9 kabely v Persk\u00e9m z\u00e1livu nebo Rud\u00e9m mo\u0159i \u00famysln\u011b po\u0161kozeny, se dosud ve\u0159ejn\u011b nediskutoval. D\u016fsledky by v\u0161ak mohly p\u0159es\u00e1hnout hranice regionu.<\/span><\/p>\n<h2 class=\"wp-block-heading\"><span dir=\"auto\">Neviditeln\u00e9 \u00fazk\u00e9 hrdlo<\/span><\/h2>\n<p><span dir=\"auto\">Datov\u00e1 spojen\u00ed mezi Evropou, Asi\u00ed a \u010d\u00e1stmi Afriky prob\u00edhaj\u00ed z velk\u00e9 \u010d\u00e1sti p\u0159es n\u011bkolik n\u00e1mo\u0159n\u00edch koridor\u016f. Persk\u00fd z\u00e1liv a Rud\u00e9 mo\u0159e pat\u0159\u00ed mezi tato kritick\u00e1 \u00fazk\u00e1 m\u00edsta. V\u00fdznamn\u00e1 \u010d\u00e1st mezin\u00e1rodn\u00edho datov\u00e9ho provozu je zpracov\u00e1v\u00e1na prost\u0159ednictv\u00edm optick\u00fdch kabel\u016f proch\u00e1zej\u00edc\u00edch t\u011bmito oblastmi.<\/span><\/p>\n<p><span dir=\"auto\">Tato infrastruktura je fyzicky zraniteln\u00e1. K po\u0161kozen\u00ed kabel\u016f doch\u00e1zelo ji\u017e v minulosti \u2013 v\u011bt\u0161inou v d\u016fsledku kotev, nehod nebo region\u00e1ln\u00edch konflikt\u016f. Opravy se pravideln\u011b uk\u00e1zaly jako slo\u017eit\u00e9 a \u010dasov\u011b n\u00e1ro\u010dn\u00e9.<\/span><\/p>\n<h2 class=\"wp-block-heading\"><span dir=\"auto\">Omezen\u00e1 redundance<\/span><\/h2>\n<p><span dir=\"auto\">A\u010dkoli je glob\u00e1ln\u00ed internet v podstat\u011b navr\u017een s redundanc\u00ed, tato redundance m\u00e1 geografick\u00e1 omezen\u00ed. Pokud dojde k v\u00fdpadku centr\u00e1ln\u00edho koridoru, lze datov\u00fd provoz p\u0159esm\u011brovat \u2013 ale za v\u00fdrazn\u011b hor\u0161\u00edch podm\u00ednek.<\/span><\/p>\n<p><span dir=\"auto\">D\u016fsledkem by nebyly glob\u00e1ln\u00ed v\u00fdpadky proudu, ale sp\u00ed\u0161e:<\/span><\/p>\n<ul>\n<li><span dir=\"auto\">v\u00fdrazn\u011b zv\u00fd\u0161en\u00e9 latence<\/span><\/li>\n<li><span dir=\"auto\">omezen\u00e1 kapacita<\/span><\/li>\n<li><span dir=\"auto\">Nestabiln\u00ed spojen\u00ed v posti\u017een\u00fdch oblastech<\/span><\/li>\n<\/ul>\n<p><span dir=\"auto\">St\u00e1ty v Persk\u00e9m z\u00e1livu, jejich\u017e mezin\u00e1rodn\u00ed spojen\u00ed siln\u011b z\u00e1vis\u00ed na n\u011bkolika m\u00e1lo tras\u00e1ch, by byly obzvl\u00e1\u0161t\u011b zraniteln\u00e9.<\/span><\/p>\n<h2 class=\"wp-block-heading\"><span dir=\"auto\">Region\u00e1ln\u00ed dopady, glob\u00e1ln\u00ed vlny<\/span><\/h2>\n<p><span dir=\"auto\">Selh\u00e1n\u00ed v\u00edce kabel\u016f by m\u011blo zpo\u010d\u00e1tku region\u00e1ln\u00ed dopad. V st\u00e1tech Persk\u00e9ho z\u00e1livu by mohly b\u00fdt v\u00fdznamn\u011b ovlivn\u011bny kl\u00ed\u010dov\u00e9 slu\u017eby \u2013 od cloudov\u00fdch aplikac\u00ed a\u017e po mezin\u00e1rodn\u00ed komunika\u010dn\u00ed platformy.<\/span><\/p>\n<p><span dir=\"auto\">\u00da\u010dinky by v\u0161ak pokra\u010dovaly glob\u00e1ln\u011b:<\/span><\/p>\n<ul>\n<li><span dir=\"auto\">Zpo\u017ed\u011bn\u00ed v mezin\u00e1rodn\u00edch platb\u00e1ch<\/span><\/li>\n<li><span dir=\"auto\">Naru\u0161en\u00ed dodavatelsk\u00fdch \u0159et\u011bzc\u016f a logistick\u00fdch syst\u00e9m\u016f<\/span><\/li>\n<li><span dir=\"auto\">Omezen\u00ed cloudov\u00fdch a platformn\u00edch slu\u017eeb<\/span><\/li>\n<li><span dir=\"auto\">Probl\u00e9my s aplikacemi pracuj\u00edc\u00edmi v re\u00e1ln\u00e9m \u010dase, jako je obchodov\u00e1n\u00ed nebo koordinace letov\u00e9ho provozu<\/span><\/li>\n<\/ul>\n<p><span dir=\"auto\">Glob\u00e1ln\u00ed ekonomika z\u00e1vis\u00ed na stabiln\u00edm datov\u00e9m p\u0159ipojen\u00ed \u2013 nejen na toc\u00edch energie.<\/span><\/p>\n<h2 class=\"wp-block-heading\"><span dir=\"auto\">Oprava jako geopolitick\u00fd probl\u00e9m<\/span><\/h2>\n<p><span dir=\"auto\">\u010casto podce\u0148ovan\u00fdm faktorem je oprava po\u0161kozen\u00fdch kabel\u016f. To vy\u017eaduje specializovan\u00e1 plavidla, p\u0159\u00edstup do posti\u017een\u00fdch oblast\u00ed a minim\u00e1ln\u00ed \u00farove\u0148 bezpe\u010dnosti.<\/span><\/p>\n<p><span dir=\"auto\">V aktivn\u00ed z\u00f3n\u011b konfliktu by se opravy mohly v\u00fdrazn\u011b zpozdit. Zku\u0161enosti z Rud\u00e9ho mo\u0159e ukazuj\u00ed, \u017ee i v ojedin\u011bl\u00fdch p\u0159\u00edpadech m\u016f\u017ee oprava \u0161kod trvat m\u011bs\u00edce. V napjat\u00e9 vojensk\u00e9 situaci by tyto doby mohly b\u00fdt podstatn\u011b del\u0161\u00ed.<\/span><\/p>\n<h2 class=\"wp-block-heading\"><span dir=\"auto\">Nov\u00e1 \u00farove\u0148 eskalace<\/span><\/h2>\n<p><span dir=\"auto\">C\u00edlen\u00fd \u00fatok na podmo\u0159sk\u00e9 kabely by p\u0159edstavoval novou \u00farove\u0148 eskalace. Na rozd\u00edl od \u00fatok\u016f na energetickou infrastrukturu by m\u011bl okam\u017eit\u00e9 n\u00e1sledky na v\u00edce kontinentech sou\u010dasn\u011b.<\/span><\/p>\n<p><span dir=\"auto\">Z\u00e1rove\u0148 by bylo obt\u00ed\u017en\u00e9 atribuovat \u00fatok \u2013 tedy jednozna\u010dn\u011b ho p\u0159i\u0159adit. To \u010din\u00ed tuto infrastrukturu ze strategick\u00e9ho hlediska obzvl\u00e1\u0161t\u011b citlivou.<\/span><\/p>\n<h2 class=\"wp-block-heading\"><span dir=\"auto\">Z\u00e1v\u011br<\/span><\/h2>\n<p><span dir=\"auto\">Hormuzsk\u00fd pr\u016fliv je pova\u017eov\u00e1n za kl\u00ed\u010dov\u00fd bod v glob\u00e1ln\u00edch dod\u00e1vk\u00e1ch energie. M\u00e9n\u011b se v\u0161ak v\u0161\u00edm\u00e1, \u017ee je tak\u00e9 centrem digit\u00e1ln\u00edch spojen\u00ed.<\/span><\/p>\n<p><span dir=\"auto\">Pokud by se tato oblast stala st\u0159edem vojensk\u00fdch strategi\u00ed, mohlo by to nejen zm\u011bnit dynamiku region\u00e1ln\u00edch konflikt\u016f, ale tak\u00e9 ovlivnit stabilitu glob\u00e1ln\u00edch komunika\u010dn\u00edch a ekonomick\u00fdch syst\u00e9m\u016f.<\/span><\/p>\n<p><span dir=\"auto\">Zranitelnost je zn\u00e1m\u00e1.<\/span><br \/>\n<span dir=\"auto\">D\u016fsledky v\u0161ak ne.<\/span><\/p>\n<p><strong><span dir=\"auto\">Zdroje:<\/span><\/strong><\/p>\n<p><a href=\"https:\/\/gulfbusiness.com\/en\/2025\/tech\/internet-slowdown-why-red-seas-smw4-imewe-cables-matter\/\" target=\"_blank\" rel=\"noreferrer noopener\" data-type=\"link\" data-id=\"https:\/\/gulfbusiness.com\/en\/2025\/tech\/internet-slowdown-why-red-seas-smw4-imewe-cables-matter\/\"><span dir=\"auto\">Zpomalen\u00ed internetu: Pro\u010d jsou kabely SMW4 a IMEWE v Rud\u00e9m mo\u0159i d\u016fle\u017eit\u00e9<\/span><\/a><\/p>\n<p><a href=\"https:\/\/visionias.in\/blog\/current-affairs\/hidden-lifelines-how-undersea-cables-shape-global-internet-connectivity\" target=\"_blank\" rel=\"noreferrer noopener\" data-type=\"link\" data-id=\"https:\/\/visionias.in\/blog\/current-affairs\/hidden-lifelines-how-undersea-cables-shape-global-internet-connectivity\"><span dir=\"auto\">Skryt\u00e9 \u017eiv\u00e9 linky<\/span><\/a><\/p>\n<p><a href=\"https:\/\/complexdiscovery.com\/red-sea-cable-cuts-disrupt-connectivity-and-expose-global-infrastructure-risks\/\" target=\"_blank\" rel=\"noreferrer noopener\"><span dir=\"auto\">P\u0159eru\u0161en\u00ed kabelov\u00e9 s\u00edt\u011b v Rud\u00e9m mo\u0159i naru\u0161uje konektivitu a odhaluje glob\u00e1ln\u00ed infrastrukturn\u00ed rizika<\/span><\/a><\/p>\n<p><a href=\"https:\/\/gulfbusiness.com\/en\/2025\/tech\/internet-slowdown-why-red-seas-smw4-imewe-cables-matter\/\" target=\"_blank\" rel=\"noreferrer noopener\" data-type=\"link\" data-id=\"https:\/\/gulfbusiness.com\/en\/2025\/tech\/internet-slowdown-why-red-seas-smw4-imewe-cables-matter\/\"><span dir=\"auto\">Zpomalen\u00ed internetu: Pro\u010d jsou kabely SMW4 a IMEWE v Rud\u00e9m mo\u0159i d\u016fle\u017eit\u00e9<\/span><\/a><\/p>\n<p><a href=\"https:\/\/thebulletin.org\/2025\/07\/to-keep-the-worlds-data-flowing-countries-need-to-quickly-fix-broken-undersea-cables\/\" target=\"_blank\" rel=\"noreferrer noopener\" data-type=\"link\" data-id=\"https:\/\/thebulletin.org\/2025\/07\/to-keep-the-worlds-data-flowing-countries-need-to-quickly-fix-broken-undersea-cables\/\"><span dir=\"auto\">Aby zajistily tok dat po cel\u00e9m sv\u011bt\u011b, zem\u011b mus\u00ed rychle opravit p\u0159eru\u0161en\u00e9 podmo\u0159sk\u00e9 kabely<\/span><\/a><\/p>\n<p><a href=\"https:\/\/www.submarinenetworks.com\/en\/systems\/asia-europe-africa\/peace\/peace-cable-cut-in-the-red-sea%2C-repair-to-be-prolonged\" target=\"_blank\" rel=\"noreferrer noopener\" data-type=\"link\" data-id=\"https:\/\/www.submarinenetworks.com\/en\/systems\/asia-europe-africa\/peace\/peace-cable-cut-in-the-red-sea%2C-repair-to-be-prolonged\"><span dir=\"auto\">Kabel PEACE p\u0159eru\u0161en v Rud\u00e9m mo\u0159i, oprava se prodlou\u017e\u00ed<\/span><\/a><\/p>\n<p><a href=\"https:\/\/www.tandfonline.com\/doi\/full\/10.1080\/0163660X.2025.2518647?needAccess=true&amp;scroll=top\" target=\"_blank\" rel=\"noreferrer noopener\" data-type=\"link\" data-id=\"https:\/\/www.tandfonline.com\/doi\/full\/10.1080\/0163660X.2025.2518647?needAccess=true&amp;scroll=top\"><span dir=\"auto\">Ochrana podmo\u0159sk\u00fdch kabel\u016f a role Ji\u017en\u00ed Koreje<\/span><\/a><\/p>\n<p>&nbsp;<\/p>\n","protected":false},"excerpt":{"rendered":"<p>Zat\u00edmco se v konfliktu kolem Hormuzsk\u00e9ho pr\u016flivu pozornost soust\u0159ed\u00ed na ropu, lodn\u00ed dopravu a vojenskou&#8230;<\/p>\n","protected":false},"author":2,"featured_media":102382,"comment_status":"closed","ping_status":"closed","sticky":false,"template":"","format":"standard","meta":[],"categories":[7],"tags":[647,6753,40],"_links":{"self":[{"href":"https:\/\/www.infokuryr.cz\/n\/wp-json\/wp\/v2\/posts\/102381"}],"collection":[{"href":"https:\/\/www.infokuryr.cz\/n\/wp-json\/wp\/v2\/posts"}],"about":[{"href":"https:\/\/www.infokuryr.cz\/n\/wp-json\/wp\/v2\/types\/post"}],"author":[{"embeddable":true,"href":"https:\/\/www.infokuryr.cz\/n\/wp-json\/wp\/v2\/users\/2"}],"replies":[{"embeddable":true,"href":"https:\/\/www.infokuryr.cz\/n\/wp-json\/wp\/v2\/comments?post=102381"}],"version-history":[{"count":0,"href":"https:\/\/www.infokuryr.cz\/n\/wp-json\/wp\/v2\/posts\/102381\/revisions"}],"wp:featuredmedia":[{"embeddable":true,"href":"https:\/\/www.infokuryr.cz\/n\/wp-json\/wp\/v2\/media\/102382"}],"wp:attachment":[{"href":"https:\/\/www.infokuryr.cz\/n\/wp-json\/wp\/v2\/media?parent=102381"}],"wp:term":[{"taxonomy":"category","embeddable":true,"href":"https:\/\/www.infokuryr.cz\/n\/wp-json\/wp\/v2\/categories?post=102381"},{"taxonomy":"post_tag","embeddable":true,"href":"https:\/\/www.infokuryr.cz\/n\/wp-json\/wp\/v2\/tags?post=102381"}],"curies":[{"name":"wp","href":"https:\/\/api.w.org\/{rel}","templated":true}]}}