{"id":102379,"date":"2026-03-20T00:23:30","date_gmt":"2026-03-19T23:23:30","guid":{"rendered":"https:\/\/www.infokuryr.cz\/n\/?p=102379"},"modified":"2026-03-19T11:36:22","modified_gmt":"2026-03-19T10:36:22","slug":"imperium-v-permanentni-valce-do-kolika-konfliktu-jsou-dnes-usa-a-nato-skutecne-zapojeny","status":"publish","type":"post","link":"https:\/\/www.infokuryr.cz\/n\/2026\/03\/20\/imperium-v-permanentni-valce-do-kolika-konfliktu-jsou-dnes-usa-a-nato-skutecne-zapojeny\/","title":{"rendered":"Imp\u00e9rium v \u200b\u200bpermanentn\u00ed v\u00e1lce \u2013 Do kolika konflikt\u016f jsou dnes USA a NATO skute\u010dn\u011b zapojeny?"},"content":{"rendered":"<div id=\"fb-root\"><\/div>\n<p><span dir=\"auto\">Sv\u011bt se nach\u00e1z\u00ed ve f\u00e1zi rostouc\u00ed vojensk\u00e9 eskalace. Ozbrojen\u00e9 konflikty, ob\u010dansk\u00e9 v\u00e1lky nebo otev\u0159en\u00e9 v\u00e1lky mezi st\u00e1ty zu\u0159\u00ed v des\u00edtk\u00e1ch region\u016f po cel\u00e9m sv\u011bt\u011b. Mnoho anal\u00fdz nyn\u00ed hovo\u0159\u00ed o\u00a0<\/span><strong><span dir=\"auto\">v\u00edce ne\u017e 50 ozbrojen\u00fdch konfliktech po cel\u00e9m sv\u011bt\u011b<\/span><\/strong><span dir=\"auto\">\u00a0, co\u017e je v\u00edce ne\u017e za n\u011bkolik desetilet\u00ed.<\/span><\/p>\n<p><span dir=\"auto\">Bli\u017e\u0161\u00ed pohled v\u0161ak odhaluje n\u00e1padn\u00fd vzorec:\u00a0<\/span><strong><span dir=\"auto\">Ve zna\u010dn\u00e9m po\u010dtu t\u011bchto konflikt\u016f jsou Spojen\u00e9 st\u00e1ty nebo aliance NATO p\u0159\u00edmo \u010di nep\u0159\u00edmo zapojeny<\/span><\/strong><span dir=\"auto\">\u00a0\u2013 a\u0165 u\u017e prost\u0159ednictv\u00edm dod\u00e1vek zbran\u00ed, vojensk\u00fdch poradc\u016f, zpravodajsk\u00fdch informac\u00ed, leteck\u00fdch \u00fader\u016f nebo p\u0159\u00edtomnost\u00ed vlastn\u00edch vojsk.<\/span><\/p>\n<p><span dir=\"auto\">USA disponuj\u00ed nejv\u011bt\u0161\u00ed vojenskou s\u00edt\u00ed v historii.\u00a0<\/span><strong><span dir=\"auto\">Stovky vojensk\u00fdch z\u00e1kladen po cel\u00e9m sv\u011bt\u011b<\/span><\/strong><span dir=\"auto\">\u00a0, strategicky rozm\u00edst\u011bn\u00fdch po Evrop\u011b, Bl\u00edzk\u00e9m v\u00fdchod\u011b, Africe a Asii, umo\u017e\u0148uj\u00ed Washingtonu vojensky zas\u00e1hnout prakticky kdekoli. Kritici vn\u00edmaj\u00ed tuto infrastrukturu jako\u00a0<\/span><strong><span dir=\"auto\">glob\u00e1ln\u00ed vojenskou architekturu kontroly<\/span><\/strong><span dir=\"auto\">\u00a0.<\/span><\/p>\n<p><span dir=\"auto\">Mezit\u00edm mu\u017e v B\u00edl\u00e9m dom\u011b d\u00e1l mluv\u00ed o m\u00edru \u2013 a sn\u00ed o tom, \u017ee\u00a0mu bude ud\u011blena\u00a0<\/span><strong><span dir=\"auto\">Nobelova cena m\u00edru .<\/span><\/strong><\/p>\n<p><span dir=\"auto\">Realita je v\u0161ak jin\u00e1.<\/span><\/p>\n<h2 class=\"wp-block-heading\"><span dir=\"auto\">Nejd\u016fle\u017eit\u011bj\u0161\u00ed sou\u010dasn\u00e9 v\u00e1lky, do kter\u00fdch jsou zapojeny USA nebo NATO<\/span><\/h2>\n<h3 class=\"wp-block-heading\"><span dir=\"auto\">1. Rusko\u2013Ukrajina<\/span><\/h3>\n<p><span dir=\"auto\">V\u00e1lka na Ukrajin\u011b je v sou\u010dasnosti nejv\u011bt\u0161\u00edm vojensk\u00fdm konfliktem v Evrop\u011b od roku 1945.<\/span><\/p>\n<p><span dir=\"auto\">USA a NATO ofici\u00e1ln\u011b nejsou p\u0159\u00edm\u00fdmi stranami v\u00e1lky. Bez jejich podpory by v\u0161ak v\u00e1lka v jej\u00ed sou\u010dasn\u00e9 podob\u011b sotva existovala. Miliardy dolar\u016f v dod\u00e1vk\u00e1ch zbran\u00ed, vojensk\u00e9m v\u00fdcviku, zpravodajsk\u00fdch slu\u017eb\u00e1ch a satelitn\u00edch datech fakticky \u010din\u00ed z konfliktu\u00a0<\/span><strong><span dir=\"auto\">z\u00e1stupnou v\u00e1lku mezi Ruskem a z\u00e1padn\u00edm vojensk\u00fdm blokem<\/span><\/strong><span dir=\"auto\">\u00a0.<\/span><\/p>\n<h3 class=\"wp-block-heading\"><span dir=\"auto\">Druh\u00e1 v\u00e1lka na Bl\u00edzk\u00e9m v\u00fdchod\u011b: Izrael \u2013 Gaza<\/span><\/h3>\n<p><span dir=\"auto\">Spojen\u00e9 st\u00e1ty jsou nejv\u00fdznamn\u011bj\u0161\u00edm vojensk\u00fdm podporovatelem Izraele.<\/span><\/p>\n<p><span dir=\"auto\">Dod\u00e1vky zbran\u00ed, politick\u00e1 podpora a vojensk\u00e1 spolupr\u00e1ce zaji\u0161\u0165uj\u00ed, \u017ee Washington je i nad\u00e1le hluboce zapleten do t\u00e9to v\u00e1lky. Zat\u00edmco Gaza le\u017e\u00ed v trosk\u00e1ch, americk\u00e1 podpora z\u016fst\u00e1v\u00e1 neochv\u011bjn\u00e1.<\/span><\/p>\n<h3 class=\"wp-block-heading\"><span dir=\"auto\">3. Izrael \u2013 \u00cdr\u00e1n<\/span><\/h3>\n<p><span dir=\"auto\">P\u0159\u00edm\u00e1 konfrontace mezi USA, Izraelem a \u00cdr\u00e1nem posunula konflikt na novou \u00farove\u0148 eskalace.<\/span><\/p>\n<p><span dir=\"auto\">Americk\u00e9 s\u00edly operuj\u00ed v Persk\u00e9m z\u00e1livu, americk\u00e9 z\u00e1kladny jsou st\u0159edem \u00edr\u00e1nsk\u00fdch hrozeb odvety a cel\u00e9mu regionu hroz\u00ed zata\u017een\u00ed do v\u011bt\u0161\u00ed v\u00e1lky.<\/span><\/p>\n<h3 class=\"wp-block-heading\"><span dir=\"auto\">4. Izrael \u2013 Hizball\u00e1h (Libanon)<\/span><\/h3>\n<p><span dir=\"auto\">Soub\u011b\u017en\u011b s v\u00e1lkou v Gaze se vyost\u0159uje i situace na libanonsk\u00e9 hranici.<\/span><\/p>\n<p><span dir=\"auto\">I zde Washington stoj\u00ed za Izraelem politicky i vojensky \u2013 s v\u00e1le\u010dn\u00fdmi lod\u011bmi ve St\u0159edomo\u0159\u00ed a strategickou podporou.<\/span><\/p>\n<h3 class=\"wp-block-heading\"><span dir=\"auto\">5. S\u00fdrie<\/span><\/h3>\n<p><span dir=\"auto\">V\u00edce ne\u017e deset let po za\u010d\u00e1tku syrsk\u00e9 v\u00e1lky jsou v zemi st\u00e1le americk\u00e9 jednotky.<\/span><\/p>\n<p><span dir=\"auto\">Washington podporuje m\u00edstn\u00ed milice a kontroluje strategicky d\u016fle\u017eit\u00e9 oblasti na severov\u00fdchod\u011b zem\u011b.<\/span><\/p>\n<h3 class=\"wp-block-heading\"><span dir=\"auto\">6. Jemen \/ Rud\u00e9 mo\u0159e<\/span><\/h3>\n<p><span dir=\"auto\">USA prov\u00e1d\u011bj\u00ed leteck\u00e9 a n\u00e1mo\u0159n\u00ed operace proti milic\u00edm H\u00fat\u00ed\u016f.<\/span><\/p>\n<p><span dir=\"auto\">Ofici\u00e1ln\u011b se konflikt t\u00fdk\u00e1 zaji\u0161t\u011bn\u00ed mezin\u00e1rodn\u00edch obchodn\u00edch cest. Ve skute\u010dnosti se v\u0161ak stal dal\u0161\u00ed ar\u00e9nou v r\u00e1mci v\u011bt\u0161\u00edho region\u00e1ln\u00edho mocensk\u00e9ho boje.<\/span><\/p>\n<h3 class=\"wp-block-heading\"><span dir=\"auto\">7. Ir\u00e1k<\/span><\/h3>\n<p><span dir=\"auto\">I po ofici\u00e1ln\u00edm skon\u010den\u00ed v\u00e1lky v Ir\u00e1ku z\u016fst\u00e1vaj\u00ed v zemi rozm\u00edst\u011bny americk\u00e9 jednotky.<\/span><\/p>\n<p><span dir=\"auto\">Operace proti islamistick\u00fdm skupin\u00e1m budou pokra\u010dovat, zat\u00edmco americk\u00e9 vojensk\u00e9 z\u00e1kladny z\u016fstanou ned\u00edlnou sou\u010d\u00e1st\u00ed region\u00e1ln\u00ed bezpe\u010dnostn\u00ed architektury.<\/span><\/p>\n<h3 class=\"wp-block-heading\"><span dir=\"auto\">8. Som\u00e1lsko<\/span><\/h3>\n<p><span dir=\"auto\">Spojen\u00e9 st\u00e1ty ji\u017e l\u00e9ta vedou intenzivn\u00ed kampa\u0148 s pou\u017eit\u00edm dron\u016f proti islamistick\u00fdm skupin\u00e1m v Som\u00e1lsku.<\/span><\/p>\n<p><span dir=\"auto\">V\u00e1lka je pro v\u011bt\u0161inu lid\u00ed mimo Afriku sotva viditeln\u00e1 \u2013 p\u0159esto se jedn\u00e1 o jednu z nejdel\u0161\u00edch nep\u0159etr\u017eit\u00fdch vojensk\u00fdch intervenc\u00ed USA.<\/span><\/p>\n<h2 class=\"wp-block-heading\"><span dir=\"auto\">Sv\u011bt vojensk\u00e9 p\u0159\u00edtomnosti<\/span><\/h2>\n<p><span dir=\"auto\">Se\u010dten\u00ed t\u011bchto konflikt\u016f odhaluje pozoruhodn\u00fd obraz:<\/span><\/p>\n<p><strong><span dir=\"auto\">Struktury USA nebo NATO jsou p\u0159\u00edmo \u010di nep\u0159\u00edmo vojensky zapojeny do nejm\u00e9n\u011b osmi sou\u010dasn\u00fdch v\u00e1lek.<\/span><\/strong><\/p>\n<p><span dir=\"auto\">A to jsou jen ty hlavn\u00ed konflikty.<\/span><\/p>\n<p><span dir=\"auto\">Krom\u011b toho existuje \u0159ada dal\u0161\u00edch region\u016f, kde jsou rozm\u00edst\u011bny americk\u00e9 jednotky, p\u0159ipravuj\u00ed se vojensk\u00e9 operace nebo jsou aktivn\u00ed zpravodajsk\u00e9 struktury.<\/span><\/p>\n<p><span dir=\"auto\">Glob\u00e1ln\u00ed vojensk\u00e1 architektura Washingtonu se t\u00e1hne od v\u00fdchodn\u00ed Evropy p\u0159es Bl\u00edzk\u00fd v\u00fdchod a\u017e po Afriku a v\u00fdchodn\u00ed Asii.<\/span><\/p>\n<h2 class=\"wp-block-heading\"><span dir=\"auto\">Paradox ceny m\u00edru<\/span><\/h2>\n<p><span dir=\"auto\">Obzvl\u00e1\u0161t\u011b pozoruhodn\u00e1 je politick\u00e1 r\u00e9torika vych\u00e1zej\u00edc\u00ed z Washingtonu.<\/span><\/p>\n<p><span dir=\"auto\">Prezident, kter\u00fd kdysi ve\u0159ejn\u011b prohl\u00e1sil, \u017ee si\u00a0<\/span><strong><span dir=\"auto\">Nobelovu cenu m\u00edru<\/span><\/strong><span dir=\"auto\">\u00a0skute\u010dn\u011b zaslou\u017e\u00ed , nyn\u00ed prosazuje zahrani\u010dn\u00ed politiku charakterizovanou vojenskou eskalac\u00ed.<\/span><\/p>\n<p><span dir=\"auto\">Zat\u00edmco projevy hovo\u0159\u00ed o stabilit\u011b a bezpe\u010dnosti, sou\u010dasn\u011b roste po\u010det konfliktn\u00edch z\u00f3n, ve kter\u00fdch p\u016fsob\u00ed americk\u00e9 ozbrojen\u00e9 s\u00edly.<\/span><\/p>\n<h2 class=\"wp-block-heading\"><span dir=\"auto\">Imp\u00e9rium v \u200b\u200bpermanentn\u00ed v\u00e1lce<\/span><\/h2>\n<p><span dir=\"auto\">Z\u00e1sadn\u00ed ot\u00e1zkou tedy je:<\/span><\/p>\n<p><span dir=\"auto\">Je tato glob\u00e1ln\u00ed vojensk\u00e1 p\u0159\u00edtomnost skute\u010dn\u011b n\u00e1strojem k zaji\u0161t\u011bn\u00ed m\u00edru \u2013 nebo vyj\u00e1d\u0159en\u00edm geopolitick\u00e9 strategie, kter\u00e1 vyu\u017e\u00edv\u00e1 vojenskou dominanci jako \u00fast\u0159edn\u00ed n\u00e1stroj moci?<\/span><\/p>\n<p><span dir=\"auto\">Pro rostouc\u00ed po\u010det pozorovatel\u016f je odpov\u011b\u010f z\u0159ejm\u00e1.<\/span><\/p>\n<p><span dir=\"auto\">Dokud m\u00e1 st\u00e1t glob\u00e1ln\u00ed s\u00ed\u0165 vojensk\u00fdch z\u00e1kladen a je z\u00e1rove\u0148 vojensky p\u0159\u00edtomen v \u010detn\u00fdch konfliktech, nevyhnuteln\u011b vznik\u00e1 dojem, \u017ee planetu charakterizuj\u00ed m\u00e9n\u011b suver\u00e9nn\u00ed st\u00e1ty ne\u017e syst\u00e9m\u00a0<\/span><strong><span dir=\"auto\">trval\u00fdch vojensk\u00fdch sf\u00e9r vlivu<\/span><\/strong><span dir=\"auto\">\u00a0.<\/span><\/p>\n<p><span dir=\"auto\">Nebo jinak \u0159e\u010deno:<\/span><\/p>\n<p><span dir=\"auto\">Sv\u011btov\u00fd \u0159\u00e1d, ve kter\u00e9m se v\u00e1lka stala ji\u017e d\u00e1vno trval\u00fdm stavem v\u011bc\u00ed.<\/span><\/p>\n<p><img decoding=\"async\" loading=\"lazy\" class=\"alignnone size-full wp-image-1185\" src=\"http:\/\/www.infokuryr.cz\/n\/wp-content\/uploads\/2021\/04\/kuryr-podpis.png\" alt=\"\" width=\"84\" height=\"24\" \/><\/p>\n<p>&nbsp;<\/p>\n","protected":false},"excerpt":{"rendered":"<p>Sv\u011bt se nach\u00e1z\u00ed ve f\u00e1zi rostouc\u00ed vojensk\u00e9 eskalace. Ozbrojen\u00e9 konflikty, ob\u010dansk\u00e9 v\u00e1lky nebo otev\u0159en\u00e9 v\u00e1lky&#8230;<\/p>\n","protected":false},"author":2,"featured_media":102380,"comment_status":"closed","ping_status":"closed","sticky":false,"template":"","format":"standard","meta":[],"categories":[7],"tags":[1042,4755,39,40],"_links":{"self":[{"href":"https:\/\/www.infokuryr.cz\/n\/wp-json\/wp\/v2\/posts\/102379"}],"collection":[{"href":"https:\/\/www.infokuryr.cz\/n\/wp-json\/wp\/v2\/posts"}],"about":[{"href":"https:\/\/www.infokuryr.cz\/n\/wp-json\/wp\/v2\/types\/post"}],"author":[{"embeddable":true,"href":"https:\/\/www.infokuryr.cz\/n\/wp-json\/wp\/v2\/users\/2"}],"replies":[{"embeddable":true,"href":"https:\/\/www.infokuryr.cz\/n\/wp-json\/wp\/v2\/comments?post=102379"}],"version-history":[{"count":0,"href":"https:\/\/www.infokuryr.cz\/n\/wp-json\/wp\/v2\/posts\/102379\/revisions"}],"wp:featuredmedia":[{"embeddable":true,"href":"https:\/\/www.infokuryr.cz\/n\/wp-json\/wp\/v2\/media\/102380"}],"wp:attachment":[{"href":"https:\/\/www.infokuryr.cz\/n\/wp-json\/wp\/v2\/media?parent=102379"}],"wp:term":[{"taxonomy":"category","embeddable":true,"href":"https:\/\/www.infokuryr.cz\/n\/wp-json\/wp\/v2\/categories?post=102379"},{"taxonomy":"post_tag","embeddable":true,"href":"https:\/\/www.infokuryr.cz\/n\/wp-json\/wp\/v2\/tags?post=102379"}],"curies":[{"name":"wp","href":"https:\/\/api.w.org\/{rel}","templated":true}]}}