{"id":102371,"date":"2026-03-20T00:17:09","date_gmt":"2026-03-19T23:17:09","guid":{"rendered":"https:\/\/www.infokuryr.cz\/n\/?p=102371"},"modified":"2026-03-19T11:17:46","modified_gmt":"2026-03-19T10:17:46","slug":"caitlin-johnstone-lhali-o-bombardovani-skoly-v-iranu-a-budou-lhat-dal","status":"publish","type":"post","link":"https:\/\/www.infokuryr.cz\/n\/2026\/03\/20\/caitlin-johnstone-lhali-o-bombardovani-skoly-v-iranu-a-budou-lhat-dal\/","title":{"rendered":"Caitlin Johnstone: Lhali o bombardov\u00e1n\u00ed \u0161koly v \u00cdr\u00e1nu a budou lh\u00e1t d\u00e1l"},"content":{"rendered":"<div id=\"fb-root\"><\/div>\n<div class=\"elementor-element elementor-element-1fb4c2c elementor-widget elementor-widget-theme-post-content\" data-id=\"1fb4c2c\" data-element_type=\"widget\" data-e-type=\"widget\" data-widget_type=\"theme-post-content.default\">\n<div class=\"elementor-widget-container\">\n<p><strong><span dir=\"auto\">Vzpome\u0148te si na v\u0161echny ty hasbaristy a obh\u00e1jce imp\u00e9ria, kte\u0159\u00ed tvrdili, \u017ee \u0161kolu zas\u00e1hla zbloudil\u00e1 \u00edr\u00e1nsk\u00e1 raketa. Vzpome\u0148te si, jak agresivn\u011b a jednomysln\u011b v\u0161ichni \u0161\u00ed\u0159ili tuto le\u017e, v\u010detn\u011b prezidenta Spojen\u00fdch st\u00e1t\u016f. Pak si uv\u011bdomte, \u017ee takto budou lh\u00e1t i nad\u00e1le po celou dobu v\u00e1lky.<\/span><\/strong><\/p>\n<p><span dir=\"auto\">Prob\u00edhaj\u00edc\u00ed intern\u00ed vy\u0161et\u0159ov\u00e1n\u00ed americk\u00e9 arm\u00e1dy \u00fadajn\u011b\u00a0<\/span><a href=\"https:\/\/archive.is\/9bWjL\" target=\"_blank\" rel=\"noreferrer noopener\"><span dir=\"auto\">zjistilo, \u017ee Spojen\u00e9 st\u00e1ty jsou zodpov\u011bdn\u00e9<\/span><\/a><span dir=\"auto\">\u00a0za \u00fatok raketou Tomahawk na \u00edr\u00e1nskou d\u00edv\u010d\u00ed \u0161kolu, p\u0159i kter\u00e9m na za\u010d\u00e1tku americko-izraelsk\u00e9 ofenzivy zahynulo nejm\u00e9n\u011b 175 lid\u00ed.<\/span><\/p>\n<p><span dir=\"auto\">Vzpome\u0148te si na v\u0161echny hasbaristy a apologety imp\u00e9ria, kte\u0159\u00ed tvrdili, \u017ee \u0161kolu zas\u00e1hla zbloudil\u00e1 \u00edr\u00e1nsk\u00e1 raketa. Vzpome\u0148te si, jak agresivn\u011b a jednotn\u011b v\u0161ichni \u0161\u00ed\u0159ili tuto le\u017e, v\u010detn\u011b\u00a0<\/span><a href=\"https:\/\/www.aljazeera.com\/news\/2026\/3\/11\/how-trump-has-addressed-the-deadly-iran-school-bombing\" target=\"_blank\" rel=\"noreferrer noopener\"><span dir=\"auto\">prezidenta Spojen\u00fdch st\u00e1t\u016f<\/span><\/a><span dir=\"auto\">\u00a0. Pak si uv\u011bdomte, \u017ee v tomto duchu budou lh\u00e1t po celou dobu v\u00e1lky.<\/span><\/p>\n<p><span dir=\"auto\">Vzpome\u0148te si, jak se ministr obrany Pete Hegseth chlubil, \u017ee USA zru\u0161ily\u00a0<\/span><a href=\"https:\/\/www.military.com\/feature\/2026\/03\/05\/hegseths-stupid-rules-of-engagement-line-and-what-roe-actually-do.html\" target=\"_blank\" rel=\"noreferrer noopener\"><span dir=\"auto\">\u201ehloup\u00e1 pravidla zapojen\u00ed\u201c<\/span><\/a><span dir=\"auto\">\u00a0ur\u010den\u00e1 k ochran\u011b civilist\u016f, a jak drsn\u011b prohl\u00e1sil: \u201eTohle nikdy nem\u011bl b\u00fdt spravedliv\u00fd boj a spravedliv\u00fd boj to nen\u00ed. B\u00edme je, kdy\u017e jsou na zemi, a p\u0159esn\u011b tak by to m\u011blo b\u00fdt.\u201c<\/span><\/p>\n<p><span dir=\"auto\">Tato slova nyn\u00ed nab\u00fdvaj\u00ed trochu jin\u00e9ho v\u00fdznamu, kdy\u017e v\u00edme, \u017ee m\u011bl na mysli masovou vra\u017edu mal\u00fdch d\u00edvek.<\/span><\/p>\n<p><span dir=\"auto\">P\u0159i zp\u011btn\u00e9m pohledu by asi nikoho nem\u011blo p\u0159ekvapit, \u017ee mu\u017e, kter\u00fd\u00a0<\/span><a href=\"https:\/\/en.wikipedia.org\/wiki\/American_Crusade\" target=\"_blank\" rel=\"noreferrer noopener\"><span dir=\"auto\">napsal knihu s n\u00e1zvem \u201eAmerick\u00e1 k\u0159\u00ed\u017eov\u00e1 v\u00fdprava\u201c,<\/span><\/a><span dir=\"auto\">\u00a0se okam\u017eit\u011b jmenoval ministrem v\u00e1lky a zah\u00e1jil k\u0159\u00ed\u017eovou v\u00fdpravu proti muslimsk\u00e9mu sv\u011btu.<\/span><\/p>\n<p><span dir=\"auto\">\u2756<\/span><\/p>\n<p><span dir=\"auto\">Queenslandsk\u00e1 policie\u00a0<\/span><a href=\"https:\/\/www.abc.net.au\/news\/2026-03-12\/qld-speech-laws-protest-students-for-palestine-responds-police\/106445318\" target=\"_blank\" rel=\"noreferrer noopener\"><span dir=\"auto\">za\u010dala zat\u00fdkat protestuj\u00edc\u00ed<\/span><\/a><span dir=\"auto\">\u00a0skanduj\u00edc\u00ed nyn\u00ed zak\u00e1zan\u00e9 heslo \u201eOd \u0159eky k mo\u0159i bude Palestina svobodn\u00e1\u201c; jeden z protestuj\u00edc\u00edch \u010del\u00ed obvin\u011bn\u00ed, kter\u00e1 by mohla v\u00e9st k trestu odn\u011bt\u00ed svobody a\u017e na dva roky.<\/span><\/p>\n<p><span dir=\"auto\">Jak jsem\u00a0<\/span><a href=\"https:\/\/www.caitlinjohnst.one\/p\/in-australia-the-police-beat-you\" target=\"_blank\" rel=\"noreferrer noopener\"><span dir=\"auto\">ji\u017e \u0159ekl<\/span><\/a><span dir=\"auto\">\u00a0, tento nov\u00fd z\u00e1kon st\u00e1tu Queensland je nej\u0161\u00edlen\u011bj\u0161\u00edm \u00fatokem na svobodu projevu v historii Austr\u00e1lie \u2013 a to u\u017e o n\u011b\u010dem vypov\u00edd\u00e1. Sionismus otravuje na\u0161i zemi a doh\u00e1n\u00ed v\u0161echny k \u0161\u00edlenstv\u00ed. V na\u0161\u00ed spole\u010dnosti neexistuje v\u011bt\u0161\u00ed hrozba pro svobodu projevu ne\u017e Izrael a jeho podporovatel\u00e9.<\/span><\/p>\n<p><span dir=\"auto\">\u2756<\/span><\/p>\n<p><span dir=\"auto\">Na soci\u00e1ln\u00edch s\u00edt\u00edch si v\u0161ichni d\u011blaj\u00ed legraci z\u00a0<\/span><a href=\"https:\/\/abcnews.com\/US\/fbi-warns-iran-aspired-attack-california-drones-retaliation\/story?utm_source=facebook&amp;utm_medium=social&amp;utm_campaign=dhfacebook&amp;utm_content=app.dashsocial.com\/abcnews\/library\/media\/649942622&amp;id=130973820\" target=\"_blank\" rel=\"noreferrer noopener\"><span dir=\"auto\">nejnov\u011bj\u0161\u00edho tvrzen\u00ed<\/span><\/a><span dir=\"auto\">\u00a0, \u017ee \u00cdr\u00e1n pl\u00e1nuje \u00fatok dronem na Kalifornii, co\u017e mnoz\u00ed ozna\u010duj\u00ed za zjevnou p\u0159\u00edpravu na bezprost\u0159edn\u00ed operaci pod fale\u0161nou vlajkou.\u00a0<\/span><\/p>\n<p><span dir=\"auto\">To je naprosto rozumn\u00fd p\u0159edpoklad, ale nem\u011blo by se zapom\u00ednat, \u017ee \u00cdr\u00e1n by m\u011bl pln\u00e9 pr\u00e1vo okam\u017eit\u011b bombardovat Spojen\u00e9 st\u00e1ty. To, jak daleko jsou Ameri\u010dan\u00e9 od reality hr\u016fz, kter\u00e9 jejich vl\u00e1da p\u00e1ch\u00e1 na jin\u00fdch zem\u00edch, vypov\u00edd\u00e1 hodn\u011b o tom, \u017ee p\u0159edstava, \u017ee \u00cdr\u00e1n bombarduje Spojen\u00e9 st\u00e1ty, zat\u00edmco se Teher\u00e1n m\u011bn\u00ed v lidsk\u00e1 jatka, sotva vzbud\u00ed obo\u010d\u00ed.\u00a0<\/span><\/p>\n<p><span dir=\"auto\">\u2756<\/span><\/p>\n<p><span dir=\"auto\">Od doby, co jsem za\u010dal pracovat jako koment\u00e1tor, jsem od expert\u016f a analytik\u016f opakovan\u011b sly\u0161el, \u017ee \u00cdr\u00e1n by v p\u0159\u00edpad\u011b \u00fatoku ze strany Spojen\u00fdch st\u00e1t\u016f zablokoval Hormuzsk\u00fd pr\u016fliv. Nikoho to nep\u0159ekvapilo. V\u011bd\u011bli, \u017ee se to stane, a p\u0159esto se rozhodli tuto v\u00e1lku za\u010d\u00edt.<\/span><\/p>\n<p><span dir=\"auto\">\u2756<\/span><\/p>\n<p><span dir=\"auto\">Je \u0161\u00edlen\u00e9, jak byla velk\u00e1 \u010d\u00e1st k\u0159es\u0165ansk\u00e9ho n\u00e1bo\u017eenstv\u00ed p\u0159etvo\u0159ena a restrukturalizov\u00e1na tak, \u017ee se nyn\u00ed jedn\u00e1 o poskytov\u00e1n\u00ed vojensk\u00e9 podpory n\u00e1rodu mlad\u0161\u00edmu ne\u017e Dolly Parton.<\/span><\/p>\n<p><span dir=\"auto\">K\u0159es\u0165ansk\u00fd sionismus se stal hlavn\u00ed politickou silou a\u017e v 70. letech 20. stolet\u00ed. Po dv\u011b tis\u00edcilet\u00ed existovalo k\u0159es\u0165anstv\u00ed bez modern\u00edho st\u00e1tu zvan\u00e9ho \u201eIzrael\u201c, kter\u00e9mu by v\u011bnovalo pozornost, a i po vzniku tohoto st\u00e1tu z ni\u010deho nic v roce 1948 si ho v\u011bt\u0161ina k\u0159es\u0165an\u016f po cel\u00e1 desetilet\u00ed sotva v\u0161\u00edmala. Teprve kdy\u017e bl\u00e1zni jako Jerry Falwell a Billy Graham za\u010dali k\u0159es\u0165any tla\u010dit k p\u0159esv\u011bd\u010den\u00ed, \u017ee jim B\u016fh p\u0159ik\u00e1zal zvolit politiky, kte\u0159\u00ed by do Tel Avivu poslali vrtuln\u00edky Apache, z\u00edskal tento psychotick\u00fd sv\u011bton\u00e1zor v\u00fdznamn\u00fd vliv ve ve\u0159ejn\u00e9m pov\u011bdom\u00ed.<\/span><\/p>\n<p><span dir=\"auto\">A v tom okam\u017eiku se skute\u010dn\u011b prom\u011bnilo ve zcela jin\u00e9 n\u00e1bo\u017eenstv\u00ed. Pro tyto k\u0159es\u0165ansk\u00e9 proudy se ji\u017e pozornost nekladla na Je\u017e\u00ed\u0161e, Bibli ani na c\u00edrkev, ale na tento zbrusu nov\u00fd, z\u00e1padn\u00edmi imigranty \u0159\u00edzen\u00fd etnick\u00fd st\u00e1t, kter\u00fd by nemohl existovat bez neust\u00e1l\u00e9ho vojensk\u00e9ho n\u00e1sil\u00ed. Zap\u00e1lili dva tis\u00edce let teologie a tradice, sp\u00e1lili v\u0161e do z\u00e1klad\u016f; na jej\u00edm m\u00edst\u011b vzty\u010dili n\u00e1bo\u017eenstv\u00ed z konce 20. stolet\u00ed, jeho\u017e st\u0159edem bylo nasazen\u00ed americk\u00e9 v\u00e1le\u010dn\u00e9 ma\u0161in\u00e9rie v z\u00e1padn\u00ed Asii.<\/span><\/p>\n<p><span dir=\"auto\">Netvrd\u00edm, \u017ee k\u0159es\u0165anstv\u00ed p\u0159ed n\u00e1stupem k\u0159es\u0165ansk\u00e9ho sionismu bylo \u00fa\u017easn\u00e9 n\u00e1bo\u017eenstv\u00ed, kter\u00e9 ned\u011blalo nic \u0161patn\u00e9ho, \u200b\u200bale nepochybn\u011b to byla zcela odli\u0161n\u00e1 v\u00edra od t\u00e9, kter\u00e1 pova\u017euje vojenskou podporu modern\u00edho st\u00e1tu Izrael za svou \u00fast\u0159edn\u00ed a nejvy\u0161\u0161\u00ed hodnotu. A je prost\u011b bizarn\u00ed, jak m\u00e1lo si toho lid\u00e9 v\u0161\u00edmaj\u00ed a mluv\u00ed o tom.<\/span><\/p>\n<p><span dir=\"auto\">\u2756<\/span><\/p>\n<p><span dir=\"auto\">Do\u0161lo k dal\u0161\u00edmu\u00a0<\/span><a href=\"https:\/\/www.theguardian.com\/us-news\/2026\/mar\/12\/temple-israel-synagogue-shooter-police\" target=\"_blank\" rel=\"noreferrer noopener\"><span dir=\"auto\">\u00fatoku na synagogu<\/span><\/a><span dir=\"auto\">\u00a0, tentokr\u00e1t v Michiganu; pachatelem je \u00fadajn\u011b mu\u017e, jeho\u017e \u010dlenov\u00e9 rodiny byli zabiti izraelsk\u00fdmi silami v Libanonu.<\/span><\/p>\n<p><span dir=\"auto\">Ryan Grim z Drop Site\u00a0<\/span><a href=\"https:\/\/x.com\/ryangrim\/status\/2032204336244171027\" target=\"_blank\" rel=\"noreferrer noopener\"><span dir=\"auto\">uv\u00e1d\u00ed<\/span><\/a><span dir=\"auto\">\u00a0: \u201eMu\u017e, kter\u00fd dnes najel sv\u00fdm n\u00e1kladn\u00edm vozem pln\u00fdm v\u00fdbu\u0161nin do synagogy v Michiganu, se podle zdroje obezn\u00e1men\u00e9ho se situac\u00ed jmenoval Ayman Ghazaleh. Ghazaleh p\u0159es noc zve\u0159ejnil fotografie \u010dlen\u016f sv\u00e9 rodiny, v\u010detn\u011b mal\u00fdch d\u011bt\u00ed, kte\u0159\u00ed byli zabiti p\u0159i ned\u00e1vn\u00e9m izraelsk\u00e9m \u00fatoku na m\u011bsto Ma\u0161gh\u00e1ra v Libanonu.\u201c<\/span><\/p>\n<p><span dir=\"auto\">U\u017e v\u00ed\u0161, jak to funguje.<\/span><\/p>\n<p><span dir=\"auto\">Krok 1: Pomozte Izraeli vra\u017edit d\u011bti v genocid\u00e1ch a \u00fato\u010dn\u00fdch v\u00e1lk\u00e1ch.\u00a0<\/span><\/p>\n<p><span dir=\"auto\">Krok 2: Po\u010dkejte na odvetu v podob\u011b extremistick\u00fdch \u00fatok\u016f na Z\u00e1pad\u011b.\u00a0<\/span><\/p>\n<p><span dir=\"auto\">Krok 3: Vyu\u017e\u00edt negativn\u00ed reakce k ospravedln\u011bn\u00ed autorit\u00e1\u0159sk\u00e9 dom\u00e1c\u00ed politiky ve jm\u00e9nu boje proti terorismu.\u00a0<\/span><\/p>\n<p><span dir=\"auto\">Krok 4: Opakujte postup od kroku 1.<\/span><\/p>\n<p><span dir=\"auto\">\u2756<\/span><\/p>\n<p><span dir=\"auto\">Vybudovali celou \u0159\u00ed\u0161i na tom, \u017ee p\u0159ipravili glob\u00e1ln\u00ed Jih o zdroje a pracovn\u00ed s\u00edlu, aby obyvatelstvu imperi\u00e1ln\u00edho j\u00e1dra poskytli chl\u00e9b a z\u00e1bavu, kter\u00e1 je tak akor\u00e1t levn\u00e1, aby jim zabr\u00e1nila v gilotin\u011b miliard\u00e1\u0159\u016f, kte\u0159\u00ed vlastn\u00ed a ovl\u00e1daj\u00ed v\u0161echno.<\/span><\/p>\n<\/div>\n<\/div>\n<div class=\"elementor-element elementor-element-8c57238 quelle dc-has-condition dc-condition-empty elementor-widget elementor-widget-heading\" data-id=\"8c57238\" data-element_type=\"widget\" data-e-type=\"widget\" data-widget_type=\"heading.default\">\n<div class=\"elementor-widget-container\">\n<h3 class=\"elementor-heading-title elementor-size-default\"><span style=\"font-size: 10pt;\"><a href=\"https:\/\/caitlinjohnstone.com.au\/2026\/03\/13\/they-lied-about-the-school-bombing-in-iran-and-theyre-going-to-keep-on-lying\/\" target=\"_blank\" rel=\"nofollow noopener\"><span dir=\"auto\">Zdroj<\/span><\/a><\/span><\/h3>\n<p>&nbsp;<\/p>\n<\/div>\n<\/div>\n","protected":false},"excerpt":{"rendered":"<p>Vzpome\u0148te si na v\u0161echny ty hasbaristy a obh\u00e1jce imp\u00e9ria, kte\u0159\u00ed tvrdili, \u017ee \u0161kolu zas\u00e1hla zbloudil\u00e1&#8230;<\/p>\n","protected":false},"author":2,"featured_media":102372,"comment_status":"closed","ping_status":"closed","sticky":false,"template":"","format":"standard","meta":[],"categories":[7],"tags":[1128,245,1503,851,94],"_links":{"self":[{"href":"https:\/\/www.infokuryr.cz\/n\/wp-json\/wp\/v2\/posts\/102371"}],"collection":[{"href":"https:\/\/www.infokuryr.cz\/n\/wp-json\/wp\/v2\/posts"}],"about":[{"href":"https:\/\/www.infokuryr.cz\/n\/wp-json\/wp\/v2\/types\/post"}],"author":[{"embeddable":true,"href":"https:\/\/www.infokuryr.cz\/n\/wp-json\/wp\/v2\/users\/2"}],"replies":[{"embeddable":true,"href":"https:\/\/www.infokuryr.cz\/n\/wp-json\/wp\/v2\/comments?post=102371"}],"version-history":[{"count":0,"href":"https:\/\/www.infokuryr.cz\/n\/wp-json\/wp\/v2\/posts\/102371\/revisions"}],"wp:featuredmedia":[{"embeddable":true,"href":"https:\/\/www.infokuryr.cz\/n\/wp-json\/wp\/v2\/media\/102372"}],"wp:attachment":[{"href":"https:\/\/www.infokuryr.cz\/n\/wp-json\/wp\/v2\/media?parent=102371"}],"wp:term":[{"taxonomy":"category","embeddable":true,"href":"https:\/\/www.infokuryr.cz\/n\/wp-json\/wp\/v2\/categories?post=102371"},{"taxonomy":"post_tag","embeddable":true,"href":"https:\/\/www.infokuryr.cz\/n\/wp-json\/wp\/v2\/tags?post=102371"}],"curies":[{"name":"wp","href":"https:\/\/api.w.org\/{rel}","templated":true}]}}