{"id":102365,"date":"2026-03-20T00:14:50","date_gmt":"2026-03-19T23:14:50","guid":{"rendered":"https:\/\/www.infokuryr.cz\/n\/?p=102365"},"modified":"2026-03-19T11:08:21","modified_gmt":"2026-03-19T10:08:21","slug":"jiskra-svetove-valky-jak-by-29kilometrovy-pruliv-v-rudem-mori-mohl-zpusobit-kolaps-globalni-ekonomiky","status":"publish","type":"post","link":"https:\/\/www.infokuryr.cz\/n\/2026\/03\/20\/jiskra-svetove-valky-jak-by-29kilometrovy-pruliv-v-rudem-mori-mohl-zpusobit-kolaps-globalni-ekonomiky\/","title":{"rendered":"Jiskra sv\u011btov\u00e9 v\u00e1lky? Jak by 29kilometrov\u00fd pr\u016fliv v Rud\u00e9m mo\u0159i mohl zp\u016fsobit kolaps glob\u00e1ln\u00ed ekonomiky"},"content":{"rendered":"<div id=\"fb-root\"><\/div>\n<p><strong><span dir=\"auto\">Bab al-Mandab: Nen\u00e1padn\u00e9 \u00fazk\u00e9 hrdlo, kter\u00e9 by mohlo spustit sv\u011btovou v\u00e1lku<\/span><\/strong><\/p>\n<p><span dir=\"auto\">Zat\u00edmco mezin\u00e1rodn\u00ed pozornost se soust\u0159ed\u00ed na rakety, leteck\u00e9 \u00fadery a stup\u0148uj\u00edc\u00ed se r\u00e9toriku mezi Izraelem, USA a \u00cdr\u00e1nem, nejnebezpe\u010dn\u011bj\u0161\u00ed spou\u0161t\u011b\u010d glob\u00e1ln\u00edho konfliktu m\u016f\u017ee spo\u010d\u00edvat zcela jinde \u2013 v Rud\u00e9m mo\u0159i. P\u0159esn\u011bji \u0159e\u010deno, v \u00fa\u017ein\u011b Bab al-Mandab, koridoru \u0161irok\u00e9m jen asi 29 kilometr\u016f mezi Jemenem a Africk\u00fdm rohem, kter\u00fdm prot\u00e9k\u00e1 v\u00fdznamn\u00e1 \u010d\u00e1st sv\u011btov\u00e9ho obchodu.<\/span><\/p>\n<p><span dir=\"auto\">Co za\u010dalo jako omezen\u00e1 vojensk\u00e1 kampa\u0148 proti \u00edr\u00e1nsk\u00fdm raketov\u00fdm z\u00e1kladn\u00e1m, se st\u00e1le v\u00edce rozv\u00edj\u00ed v region\u00e1ln\u00ed v\u00e1lku s glob\u00e1ln\u00edmi d\u016fsledky. Zat\u00edmco analytici diskutuj\u00ed o \u00edr\u00e1nsk\u00e9m raketov\u00e9m arzen\u00e1lu nebo izraelsk\u00e9 protivzdu\u0161n\u00e9 obran\u011b, nej\u00fa\u010dinn\u011bj\u0161\u00ed p\u00e1ka Teher\u00e1nu se m\u016f\u017ee nach\u00e1zet daleko od jeho vlastn\u00edho \u00fazem\u00ed: u milic\u00ed H\u00fat\u00ed\u016f v Jemenu.<\/span><\/p>\n<p><span dir=\"auto\">Tato skupina v posledn\u00edch letech opakovan\u011b pou\u017eila drony a rakety proti obchodn\u00edm lod\u00edm v Rud\u00e9m mo\u0159i. Dosud tyto \u00fatoky slou\u017eily p\u0159edev\u0161\u00edm jako politick\u00e9 prohl\u00e1\u0161en\u00ed. Pokud by se v\u0161ak konflikt s \u00cdr\u00e1nem d\u00e1le vyhrotil, H\u00fat\u00edov\u00e9 by mohli p\u0159ej\u00edt od sporadick\u00fdch \u00fatok\u016f k systematick\u00e9 blok\u00e1d\u011b \u2013 jak\u00e9si palebn\u00e9 bari\u00e9\u0159e proti mezin\u00e1rodn\u00ed lodn\u00ed doprav\u011b.<\/span><\/p>\n<p><span dir=\"auto\">Strategick\u00fd v\u00fdznam t\u00e9to \u00fa\u017einy je obrovsk\u00fd. Pr\u016flivem Bab al-Mandab proch\u00e1z\u00ed p\u0159ibli\u017en\u011b dvan\u00e1ct procent sv\u011btov\u00e9ho obchodu a v\u00fdznamn\u00e1 \u010d\u00e1st sv\u011btov\u00e9 p\u0159epravy ropy. Pokud by se toto \u00fazk\u00e9 hrdlo uzav\u0159elo, nejd\u016fle\u017eit\u011bj\u0161\u00ed spojen\u00ed mezi Suezsk\u00fdm pr\u016fplavem a Indick\u00fdm oce\u00e1nem by se zhroutilo. Lod\u011b by pak musely absolvovat okliku dlouhou v\u00edce ne\u017e 6 000 kilometr\u016f kolem Mysu Dobr\u00e9 nad\u011bje \u2013 co\u017e by znamenalo logistick\u00fd \u0161ok pro dodavatelsk\u00e9 \u0159et\u011bzce, ceny energi\u00ed a glob\u00e1ln\u00ed trhy.<\/span><\/p>\n<p><span dir=\"auto\">Ekonomick\u00e9 d\u016fsledky by se mohly projevit b\u011bhem n\u011bkolika dn\u00ed. Poji\u0161\u0165ovny by pozastavily kryt\u00ed pro lod\u011b v Rud\u00e9m mo\u0159i, p\u0159epravn\u00ed sazby by prudce vzrostly a cena ropy by se mohla rychle vy\u0161plhat v\u00fdrazn\u011b nad 150 dolar\u016f za barel. Evropa, kter\u00e1 je siln\u011b z\u00e1visl\u00e1 na dovozu z Bl\u00edzk\u00e9ho v\u00fdchodu a Asie, by byla obzvl\u00e1\u0161t\u011b t\u011b\u017ece zasa\u017eena.<\/span><\/p>\n<p><span dir=\"auto\">Je\u0161t\u011b nebezpe\u010dn\u011bj\u0161\u00ed je v\u0161ak vojensk\u00fd rozm\u011br. Oblast kolem Bab al-Mandab je ji\u017e nyn\u00ed jednou z nejv\u00edce militarizovan\u00fdch p\u0159\u00edmo\u0159sk\u00fdch oblast\u00ed na sv\u011bt\u011b. USA, Francie, \u010c\u00edna a Japonsko provozuj\u00ed vojensk\u00e9 z\u00e1kladny v D\u017eibutsku. Sa\u00fadsk\u00e1 Ar\u00e1bie a Egypt oblast monitoruj\u00ed ze severu, zat\u00edmco Som\u00e1lsko a Eritrea jsou pova\u017eov\u00e1ny za potenci\u00e1ln\u00ed \u00fato\u010di\u0161t\u011b pro milice a pa\u0161er\u00e1ck\u00e9 s\u00edt\u011b.<\/span><\/p>\n<p><span dir=\"auto\">Pokud by H\u00fat\u00edov\u00e9 zintenzivnili sv\u00e9 \u00fatoky, n\u011bkolik velk\u00fdch n\u00e1mo\u0159nictev by se sou\u010dasn\u011b pokusilo chr\u00e1nit lodn\u00ed dopravu. Spojen\u00e9 st\u00e1ty, evropsk\u00e9 st\u00e1ty, Indie a p\u0159\u00edpadn\u011b i \u010c\u00edna by mohly zah\u00e1jit konvojov\u00e9 operace k doprovodu sv\u00fdch obchodn\u00edch lod\u00ed. Pokud v\u0161ak v tak omezen\u00e9 oblasti mo\u0159e operuje v\u00edce soupe\u0159\u00edc\u00edch flotil, riziko nedorozum\u011bn\u00ed dramaticky roste.<\/span><\/p>\n<p><span dir=\"auto\">\u0160patn\u011b identifikovan\u00fd radarov\u00fd c\u00edl, \u0161patn\u011b interpretovan\u00fd dron nebo nerv\u00f3zn\u00ed velitel by mohly sta\u010dit k vyvol\u00e1n\u00ed \u0159et\u011bzov\u00e9 vojensk\u00e9 reakce. V p\u0159epln\u011bn\u00e9 mo\u0159sk\u00e9 oblasti s v\u00e1le\u010dn\u00fdmi lod\u011bmi z r\u016fzn\u00fdch mocensk\u00fdch blok\u016f se jedin\u00fd incident m\u016f\u017ee rychle vymknout kontrole.<\/span><\/p>\n<p><span dir=\"auto\">P\u0159esn\u011b to je strategick\u00e1 logika \u00edr\u00e1nsk\u00e9ho asymetrick\u00e9ho p\u0159\u00edstupu. M\u00edsto p\u0159\u00edm\u00e9ho boje proti vojensky p\u0159esil\u00fdm mocnostem vyu\u017e\u00edv\u00e1 Teher\u00e1n spojeneck\u00e9 milice k vyv\u00edjen\u00ed tlaku na zraniteln\u00e1 m\u00edsta glob\u00e1ln\u00ed infrastruktury. Mal\u00ed, obt\u00ed\u017en\u011b kontrolovateln\u00ed akt\u00e9\u0159i tak mohou vyv\u00edjet dopad, kter\u00fd daleko p\u0159esahuje jejich vlastn\u00ed vojenskou s\u00edlu.<\/span><\/p>\n<p><span dir=\"auto\">Nejnebezpe\u010dn\u011bj\u0161\u00edm faktorem je \u010das. Pokud by lodn\u00ed doprava v Rud\u00e9m mo\u0159i z\u016fstala po n\u011bkolik t\u00fddn\u016f v\u00e1\u017en\u011b naru\u0161ena, tlak na vl\u00e1dy po cel\u00e9m sv\u011bt\u011b by se enormn\u011b zv\u00fd\u0161il. Dodavatelsk\u00e9 \u0159et\u011bzce by se zhroutily, ceny energi\u00ed by prudce vzrostly a politick\u00e9 nap\u011bt\u00ed v mnoha zem\u00edch by se stup\u0148ovalo.<\/span><\/p>\n<p><span dir=\"auto\">V tomto sc\u00e9n\u00e1\u0159i by konflikt, kter\u00fd zpo\u010d\u00e1tku za\u010dal jako region\u00e1ln\u00ed v\u00e1lka, mohl n\u00e1hle nab\u00fdt glob\u00e1ln\u00edch rozm\u011br\u016f. A neza\u010dal by jadern\u00fdmi \u00fadery ani rozs\u00e1hl\u00fdmi invazemi \u2013 ale mo\u017en\u00e1 by zas\u00e1hl obchodn\u00ed lo\u010f v \u00fazk\u00e9m pr\u016flivu dron.<\/span><\/p>\n<p><span dir=\"auto\">Modern\u00ed glob\u00e1ln\u00ed ekonomika se op\u00edr\u00e1 o n\u011bkolik kritick\u00fdch \u00fazk\u00fdch m\u00edst: kan\u00e1ly, kabely a \u00fa\u017einy. B\u00e1b al-Mandab pat\u0159\u00ed mezi nejzraniteln\u011bj\u0161\u00ed z nich. Pokud by tento koridor z\u016fstal del\u0161\u00ed dobu blokov\u00e1n, mohlo by to uk\u00e1zat, \u017ee v dne\u0161n\u00ed geopolitick\u00e9 krajin\u011b osud n\u00e1rod\u016f nen\u00ed v\u017edy rozhodov\u00e1n velk\u00fdmi arm\u00e1dami \u2013 ale n\u011bkdy i n\u011bkolika ozbrojen\u00fdmi drony l\u00e9taj\u00edc\u00edmi nad jednou z nejd\u016fle\u017eit\u011bj\u0161\u00edch obchodn\u00edch tras sv\u011bta.<\/span><\/p>\n<p><img decoding=\"async\" loading=\"lazy\" class=\"alignnone size-full wp-image-1185\" src=\"http:\/\/www.infokuryr.cz\/n\/wp-content\/uploads\/2021\/04\/kuryr-podpis.png\" alt=\"\" width=\"84\" height=\"24\" \/><\/p>\n<p>&nbsp;<\/p>\n","protected":false},"excerpt":{"rendered":"<p>Bab al-Mandab: Nen\u00e1padn\u00e9 \u00fazk\u00e9 hrdlo, kter\u00e9 by mohlo spustit sv\u011btovou v\u00e1lku Zat\u00edmco mezin\u00e1rodn\u00ed pozornost se&#8230;<\/p>\n","protected":false},"author":2,"featured_media":102366,"comment_status":"closed","ping_status":"closed","sticky":false,"template":"","format":"standard","meta":[],"categories":[7],"tags":[1987,1503,6329,40],"_links":{"self":[{"href":"https:\/\/www.infokuryr.cz\/n\/wp-json\/wp\/v2\/posts\/102365"}],"collection":[{"href":"https:\/\/www.infokuryr.cz\/n\/wp-json\/wp\/v2\/posts"}],"about":[{"href":"https:\/\/www.infokuryr.cz\/n\/wp-json\/wp\/v2\/types\/post"}],"author":[{"embeddable":true,"href":"https:\/\/www.infokuryr.cz\/n\/wp-json\/wp\/v2\/users\/2"}],"replies":[{"embeddable":true,"href":"https:\/\/www.infokuryr.cz\/n\/wp-json\/wp\/v2\/comments?post=102365"}],"version-history":[{"count":0,"href":"https:\/\/www.infokuryr.cz\/n\/wp-json\/wp\/v2\/posts\/102365\/revisions"}],"wp:featuredmedia":[{"embeddable":true,"href":"https:\/\/www.infokuryr.cz\/n\/wp-json\/wp\/v2\/media\/102366"}],"wp:attachment":[{"href":"https:\/\/www.infokuryr.cz\/n\/wp-json\/wp\/v2\/media?parent=102365"}],"wp:term":[{"taxonomy":"category","embeddable":true,"href":"https:\/\/www.infokuryr.cz\/n\/wp-json\/wp\/v2\/categories?post=102365"},{"taxonomy":"post_tag","embeddable":true,"href":"https:\/\/www.infokuryr.cz\/n\/wp-json\/wp\/v2\/tags?post=102365"}],"curies":[{"name":"wp","href":"https:\/\/api.w.org\/{rel}","templated":true}]}}