{"id":102359,"date":"2026-03-20T00:11:43","date_gmt":"2026-03-19T23:11:43","guid":{"rendered":"https:\/\/www.infokuryr.cz\/n\/?p=102359"},"modified":"2026-03-19T10:56:02","modified_gmt":"2026-03-19T09:56:02","slug":"thomas-roper-komu-iran-dovoli-proplout-hormuzskym-prulivem","status":"publish","type":"post","link":"https:\/\/www.infokuryr.cz\/n\/2026\/03\/20\/thomas-roper-komu-iran-dovoli-proplout-hormuzskym-prulivem\/","title":{"rendered":"Thomas R\u00f6per: Komu \u00cdr\u00e1n dovol\u00ed proplout Hormuzsk\u00fdm pr\u016flivem?"},"content":{"rendered":"<div id=\"fb-root\"><\/div>\n<p><strong><span dir=\"auto\">Hormuzsk\u00fd pr\u016fliv nen\u00ed v \u017e\u00e1dn\u00e9m p\u0159\u00edpad\u011b zcela uzav\u0159en. \u00cdr\u00e1n dokonce umo\u017e\u0148uje pr\u016fjezd tanker\u016fm z ur\u010dit\u00fdch zem\u00ed.<\/span><\/strong><\/p>\n<p><span dir=\"auto\">Vzhledem k tomu, \u017ee m\u00e9dia informuj\u00ed o tom, \u017ee Hormuzsk\u00fd pr\u016fliv je pro tankery zcela uzav\u0159en a \u017ee n\u011bme\u010dt\u00ed politici z toho vin\u00ed \u00cdr\u00e1n, uk\u00e1\u017eu zde, \u017ee to nen\u00ed pravda. Pravd\u011bpodobn\u011b je samoz\u0159ejm\u00e9, \u017ee vina za (\u010d\u00e1ste\u010dn\u00e9?) uzav\u0159en\u00ed Hormuzsk\u00e9ho pr\u016flivu le\u017e\u00ed na USA a Izraeli, proto\u017ee pr\u016fliv by nebyl uzav\u0159en bez v\u00e1lky proti \u00cdr\u00e1nu.<\/span><\/p>\n<p><span dir=\"auto\">\u00cdr\u00e1nsk\u00fd velvyslanec v Ir\u00e1ku 13. b\u0159ezna\u00a0<\/span><a href=\"https:\/\/tass.ru\/mezhdunarodnaya-panorama\/26744687\"><u><span dir=\"auto\">ozn\u00e1mil<\/span><\/u><\/a><span dir=\"auto\">\u00a0, \u017ee ir\u00e1ck\u00fdm lod\u00edm bude povolen pr\u016fplav Hormuzsk\u00fdm pr\u016flivem.<\/span><\/p>\n<p><span dir=\"auto\">Indick\u00e1 televizn\u00ed stanice NDTV 14. b\u0159ezna\u00a0<\/span><a href=\"https:\/\/tass.ru\/mezhdunarodnaya-panorama\/26759421\"><u><span dir=\"auto\">ozn\u00e1mila<\/span><\/u><\/a><span dir=\"auto\">\u00a0, \u017ee indick\u00e9 tankery Shivalik a Nanda Devi propluly Hormuzsk\u00fdm pr\u016flivem. Ve stejn\u00fd den server India Today\u00a0<\/span><a href=\"https:\/\/tass.ru\/mezhdunarodnaya-panorama\/26760537\"><u><span dir=\"auto\">uvedl , \u017ee \u00cdr\u00e1n obecn\u011b povolil indick\u00fdm lod\u00edm pr\u016fliv. \u00cdr\u00e1nsk\u00fd ministr zahrani\u010d\u00ed nav\u00edc\u00a0<\/span><\/u><\/a><a href=\"https:\/\/www.ms.now\/news\/iran-war-military-russia-china-foreign-minister\"><u><span dir=\"auto\">v rozhovoru<\/span><\/u><\/a><span dir=\"auto\">\u00a0t\u00e9ho\u017e dne uvedl\u00a0, \u017ee Hormuzsk\u00fd pr\u016fliv je uzav\u0159en pouze pro americk\u00e9 a izraelsk\u00e9 lod\u011b.<\/span><\/p>\n<p><span dir=\"auto\">Indick\u00fd ministr zahrani\u010d\u00ed Subrahmanyam Jaishankar 15. b\u0159ezna listu Financial Times\u00a0<\/span><a href=\"https:\/\/tass.ru\/mezhdunarodnaya-panorama\/26768799\"><u><span dir=\"auto\">sd\u011blil<\/span><\/u><\/a><span dir=\"auto\">\u00a0, \u017ee Indie jedn\u00e1 s \u00cdr\u00e1nem o pr\u016fjezdu ka\u017ed\u00e9 jednotliv\u00e9 lodi. Dodal, \u017ee neexistuje \u017e\u00e1dn\u00e1 dohoda o pr\u016fjezdu v\u0161ech indick\u00fdch lod\u00ed Hormuzsk\u00fdm pr\u016flivem, ale \u017ee jedn\u00e1n\u00ed s \u00cdr\u00e1nem na toto t\u00e9ma prob\u00edhaj\u00ed.<\/span><\/p>\n<p><span dir=\"auto\">Agentura Bloomberg 16. b\u0159ezna\u00a0<\/span><a href=\"https:\/\/tass.ru\/mezhdunarodnaya-panorama\/26774121\"><u><span dir=\"auto\">informovala<\/span><\/u><\/a><span dir=\"auto\">\u00a0, \u017ee p\u00e1kist\u00e1nsk\u00fd tanker Kar\u00e1\u010d\u00ed proplul pr\u016flivem s ropou ze Spojen\u00fdch arabsk\u00fdch emir\u00e1t\u016f.<\/span><\/p>\n<p><span dir=\"auto\">Tento seznam nen\u00ed vy\u010derp\u00e1vaj\u00edc\u00ed a t\u011bchto n\u011bkolik tanker\u016f samoz\u0159ejm\u011b nem\u00e1 v\u00fdznamn\u00fd vliv na situaci na mezin\u00e1rodn\u00edch trz\u00edch s ropou, ale ukazuje, \u017ee \u00cdr\u00e1n umo\u017e\u0148uje pr\u016fplav alespo\u0148 n\u011bkter\u00fdm tanker\u016fm ze zem\u00ed, kter\u00e9 pova\u017euje za sp\u0159\u00e1telen\u00e9. Ukazuje tak\u00e9, \u017ee \u00cdr\u00e1n nezaminoval Hormuzsk\u00fd pr\u016fliv, proto\u017ee jinak by \u017e\u00e1dn\u00e1 lo\u010f nemohla pr\u016flivem bezpe\u010dn\u011b proplout.<\/span><\/p>\n<p><span dir=\"auto\">To se v\u0161ak mohlo zm\u011bnit, proto\u017ee 17. b\u0159ezna p\u0159edseda \u00edr\u00e1nsk\u00e9ho parlamentu\u00a0<\/span><a href=\"https:\/\/tass.ru\/ekonomika\/26785721\"><u><span dir=\"auto\">prohl\u00e1sil<\/span><\/u><\/a><span dir=\"auto\">\u00a0:<\/span><\/p>\n<p><em><span dir=\"auto\">\u201eHormuzsk\u00fd pr\u016fliv je nyn\u00ed uzav\u0159en. Necht\u011bli jsme ho uzav\u00edrat, ale je uzav\u0159en. Hormuzsk\u00fd pr\u016fliv u\u017e nem\u016f\u017ee b\u00fdt stejn\u00fd jako d\u0159\u00edve a nevr\u00e1t\u00ed se do sv\u00e9ho d\u0159\u00edv\u011bj\u0161\u00edho stavu, proto\u017ee s p\u0159\u00edtomnost\u00ed USA a sionistick\u00e9ho re\u017eimu u\u017e neexistuje \u017e\u00e1dn\u00e1 bezpe\u010dnost.\u201c<\/span><\/em><\/p>\n<p><span dir=\"auto\">Dne 18. b\u0159ezna\u00a0\u00edr\u00e1nsk\u00fd n\u00e1m\u011bstek ministra zahrani\u010d\u00ed\u00a0<\/span><a href=\"https:\/\/tass.ru\/mezhdunarodnaya-panorama\/26811309\"><u><span dir=\"auto\">prohl\u00e1sil :<\/span><\/u><\/a><\/p>\n<p><em><span dir=\"auto\">\u201eA\u017e tato v\u00e1lka skon\u010d\u00ed, ur\u010dit\u011b spole\u010dn\u011b s Om\u00e1nem zavedeme pr\u00e1vn\u00ed re\u017eim pro pr\u016fplav Hormuzsk\u00fdm pr\u016flivem. Je faktem, \u017ee Isl\u00e1msk\u00e1 republika zavede v Hormuzsk\u00e9m pr\u016flivu nov\u00fd pr\u00e1vn\u00ed re\u017eim. Tento re\u017eim budeme prosazovat na\u0161imi ozbrojen\u00fdmi silami.\u201c<\/span><\/em><\/p>\n<p><span dir=\"auto\">\u00cdr\u00e1n toho dne po\u017eadoval jako podm\u00ednku ukon\u010den\u00ed v\u00e1lky \u00fapln\u00e9 sta\u017een\u00ed USA z Bl\u00edzk\u00e9ho v\u00fdchodu. Zd\u00e1 se, \u017ee s ka\u017ed\u00fdm dnem v\u00e1lky roste sebev\u011bdom\u00ed \u00cdr\u00e1nu.<\/span><\/p>\n<p><span dir=\"auto\">Zda \u00cdr\u00e1n skute\u010dn\u011b p\u0159estane pou\u0161t\u011bt lod\u011b p\u0159es Hormuzsk\u00fd pr\u016fliv, nebo zda bude i nad\u00e1le d\u011blat v\u00fdjimky pro sp\u0159\u00e1telen\u00e9 zem\u011b, se uk\u00e1\u017ee v p\u0159\u00ed\u0161t\u00edch n\u011bkolika dnech.<\/span><\/p>\n<p><a href=\"https:\/\/anti-spiegel.ru\/2026\/wem-der-iran-die-durchfahrt-durch-die-strasse-von-hormus-erlaubt\/\">Thomas R\u00f6per<\/a><\/p>\n<p><img decoding=\"async\" loading=\"lazy\" class=\"alignnone  wp-image-22016\" src=\"http:\/\/www.infokuryr.cz\/n\/wp-content\/uploads\/2023\/01\/Thomas-Roper-298x300.jpg\" alt=\"\" width=\"166\" height=\"167\" srcset=\"https:\/\/www.infokuryr.cz\/n\/wp-content\/uploads\/2023\/01\/Thomas-Roper-298x300.jpg 298w, https:\/\/www.infokuryr.cz\/n\/wp-content\/uploads\/2023\/01\/Thomas-Roper-150x150.jpg 150w, https:\/\/www.infokuryr.cz\/n\/wp-content\/uploads\/2023\/01\/Thomas-Roper.jpg 596w\" sizes=\"(max-width: 166px) 100vw, 166px\" \/><\/p>\n<p>&nbsp;<\/p>\n","protected":false},"excerpt":{"rendered":"<p>Hormuzsk\u00fd pr\u016fliv nen\u00ed v \u017e\u00e1dn\u00e9m p\u0159\u00edpad\u011b zcela uzav\u0159en. \u00cdr\u00e1n dokonce umo\u017e\u0148uje pr\u016fjezd tanker\u016fm z ur\u010dit\u00fdch&#8230;<\/p>\n","protected":false},"author":2,"featured_media":102360,"comment_status":"closed","ping_status":"closed","sticky":false,"template":"","format":"standard","meta":[],"categories":[7],"tags":[6382,38,1503,627],"_links":{"self":[{"href":"https:\/\/www.infokuryr.cz\/n\/wp-json\/wp\/v2\/posts\/102359"}],"collection":[{"href":"https:\/\/www.infokuryr.cz\/n\/wp-json\/wp\/v2\/posts"}],"about":[{"href":"https:\/\/www.infokuryr.cz\/n\/wp-json\/wp\/v2\/types\/post"}],"author":[{"embeddable":true,"href":"https:\/\/www.infokuryr.cz\/n\/wp-json\/wp\/v2\/users\/2"}],"replies":[{"embeddable":true,"href":"https:\/\/www.infokuryr.cz\/n\/wp-json\/wp\/v2\/comments?post=102359"}],"version-history":[{"count":0,"href":"https:\/\/www.infokuryr.cz\/n\/wp-json\/wp\/v2\/posts\/102359\/revisions"}],"wp:featuredmedia":[{"embeddable":true,"href":"https:\/\/www.infokuryr.cz\/n\/wp-json\/wp\/v2\/media\/102360"}],"wp:attachment":[{"href":"https:\/\/www.infokuryr.cz\/n\/wp-json\/wp\/v2\/media?parent=102359"}],"wp:term":[{"taxonomy":"category","embeddable":true,"href":"https:\/\/www.infokuryr.cz\/n\/wp-json\/wp\/v2\/categories?post=102359"},{"taxonomy":"post_tag","embeddable":true,"href":"https:\/\/www.infokuryr.cz\/n\/wp-json\/wp\/v2\/tags?post=102359"}],"curies":[{"name":"wp","href":"https:\/\/api.w.org\/{rel}","templated":true}]}}