{"id":102340,"date":"2026-03-19T06:38:44","date_gmt":"2026-03-19T05:38:44","guid":{"rendered":"https:\/\/www.infokuryr.cz\/n\/?p=102340"},"modified":"2026-03-19T06:38:44","modified_gmt":"2026-03-19T05:38:44","slug":"staty-perskeho-zalivu-odsuzuji-iranske-utoky-na-plynove-terminaly-francie-vyzyva-k-energetickemu-primeri","status":"publish","type":"post","link":"https:\/\/www.infokuryr.cz\/n\/2026\/03\/19\/staty-perskeho-zalivu-odsuzuji-iranske-utoky-na-plynove-terminaly-francie-vyzyva-k-energetickemu-primeri\/","title":{"rendered":"St\u00e1ty Persk\u00e9ho z\u00e1livu odsuzuj\u00ed \u00edr\u00e1nsk\u00e9 \u00fatoky na plynov\u00e9 termin\u00e1ly, Francie vyz\u00fdv\u00e1 k energetick\u00e9mu p\u0159\u00edm\u011b\u0159\u00ed"},"content":{"rendered":"<div id=\"fb-root\"><\/div>\n<h3>Arabsk\u00e9 zem\u011b, v nich\u017e s\u00eddl\u00ed americk\u00e9 z\u00e1kladny, odsoudily raketov\u00e9 \u00fatoky Teher\u00e1nu na jejich ropn\u00e1 a plyn\u00e1rensk\u00e1 za\u0159\u00edzen\u00ed<\/h3>\n<div class=\"article__text text \">\n<p><span dir=\"auto\">Minist\u0159i zahrani\u010d\u00ed 12 arabsk\u00fdch a muslimsk\u00fdch st\u00e1t\u016f ve \u010dtvrtek vyzvali \u00cdr\u00e1n k zastaven\u00ed \u00fatok\u016f na jejich civiln\u00ed, energetickou a dopravn\u00ed infrastrukturu pot\u00e9, co \u00edr\u00e1nsk\u00e1 raketa zas\u00e1hla nejv\u011bt\u0161\u00ed termin\u00e1l zkapaln\u011bn\u00e9ho zemn\u00edho plynu na sv\u011bt\u011b v Kataru. \u00datok n\u00e1sledoval po izraelsk\u00e9m \u00faderu na \u00edr\u00e1nsk\u00e9 plynov\u00e9 pole Ji\u017en\u00ed Pars.<\/span><\/p>\n<p><span dir=\"auto\">Rostouc\u00ed ceny ropy a plynu p\u0159im\u011bly Francii k moratoriu na \u00fatoky zam\u011b\u0159en\u00e9 na energetick\u00e1 za\u0159\u00edzen\u00ed, zat\u00edmco americk\u00fd prezident Donald Trump prohl\u00e1sil, \u017ee Izrael neza\u00fato\u010d\u00ed na lo\u017eisko South Pars, pokud se \u00cdr\u00e1n\u00a0<\/span><em><span dir=\"auto\">\u201enerozumn\u011b nerozhodne za\u00fato\u010dit\u201c<\/span><\/em><span dir=\"auto\">\u00a0na Katar.<\/span><\/p>\n<p><span dir=\"auto\">\u00cdr\u00e1n zintenzivnil sv\u00e9 \u00fadery proti Izraeli a odp\u00e1lil rakety sm\u011brem k Tel Avivu a leti\u0161ti Ben Guriona. \u00datoky p\u0159i\u0161ly v reakci na zabit\u00ed \u00edr\u00e1nsk\u00e9ho ministra zpravodajsk\u00fdch slu\u017eeb Esmaila Khatiba, vysoce postaven\u00e9ho bezpe\u010dnostn\u00edho \u00fa\u0159edn\u00edka\u00a0<\/span><a href=\"https:\/\/www.rt.com\/news\/635011-iran-us-israel-war-updates\/\" target=\"_blank\" rel=\"noopener noreferrer\"><span dir=\"auto\">Al\u00edho Larid\u017ean\u00edho<\/span><\/a><span dir=\"auto\">\u00a0a brig\u00e1dn\u00edho gener\u00e1la Gholamrezy Soleimaniho, velitele polovojensk\u00fdch sil Bas\u00edd\u017e.<\/span><\/p>\n<p data-start=\"371\" data-end=\"776\"><span dir=\"auto\">Americk\u00fd prezident Donald Trump d\u0159\u00edve kritizoval \u010dleny NATO a partnersk\u00e9 zem\u011b za to, \u017ee se nezapojily do v\u00e1lky proti \u00cdr\u00e1nu pot\u00e9, co \u0159ada spojenc\u016f odm\u00edtla db\u00e1t na jeho v\u00fdzvu k vysl\u00e1n\u00ed v\u00e1le\u010dn\u00fdch lod\u00ed k zaji\u0161t\u011bn\u00ed Hormuzsk\u00e9ho pr\u016flivu. Obvinil je, \u017ee pro USA nic ned\u011blaj\u00ed\u00a0<\/span><em><span dir=\"auto\">\u201ev dob\u011b nouze\u201c,<\/span><\/em><span dir=\"auto\">\u00a0\u00a0p\u0159esto\u017ee se t\u011b\u0161\u00ed americk\u00e9 vojensk\u00e9 pomoci a ochran\u011b.<\/span><\/p>\n<p><span dir=\"auto\">Glob\u00e1ln\u00ed ceny ropy se mezit\u00edm obchoduj\u00ed nad 110 dolary za barel, co\u017e je o v\u00edce ne\u017e 40 % v\u00edce ne\u017e p\u0159ed za\u010d\u00e1tkem v\u00e1lky s \u00cdr\u00e1nem, co\u017e vyvol\u00e1v\u00e1 obavy z hlub\u0161\u00ed energetick\u00e9 krize.<\/span><\/p>\n<p><strong><span dir=\"auto\">Zde je nejnov\u011bj\u0161\u00ed v\u00fdvoj:<\/span><\/strong><\/p>\n<ul>\n<li><span dir=\"auto\">Nov\u00fd \u00edr\u00e1nsk\u00fd nejvy\u0161\u0161\u00ed v\u016fdce Mod\u017et\u00e1ba Chamene\u00ed sl\u00edbil odvetu za zabit\u00ed Larid\u017e\u00e1n\u00edho a dal\u0161\u00edch vysok\u00fdch p\u0159edstavitel\u016f.<\/span><\/li>\n<li><span dir=\"auto\">\u010cty\u0159i lid\u00e9 byli v Sa\u00fadsk\u00e9 Ar\u00e1bii zran\u011bni pot\u00e9, co bylo pobl\u00ed\u017e Rij\u00e1du zachyceno osm \u00edr\u00e1nsk\u00fdch raket, uvedli ve st\u0159edu sa\u00fad\u0161t\u00ed p\u0159edstavitel\u00e9.\u00a0<\/span><\/li>\n<li><span dir=\"auto\">Katar vyhostil \u00edr\u00e1nsk\u00e9 diplomaty pot\u00e9, co odsoudil \u00fatok na nejv\u011bt\u0161\u00ed za\u0159\u00edzen\u00ed na v\u00fdrobu zkapaln\u011bn\u00e9ho zemn\u00edho plynu (LNG) na sv\u011bt\u011b v Ras Laffanu.<\/span><strong class=\"updates-dates__time\"><span dir=\"auto\">05:15 GMT<\/span><\/strong><\/li>\n<\/ul>\n<div class=\"updates-dates__text text\">\n<p data-start=\"0\" data-end=\"387\" data-is-last-node=\"\" data-is-only-node=\"\"><span dir=\"auto\">Izraelsk\u00e1 arm\u00e1da uvedla, \u017ee detekovala rakety odp\u00e1len\u00e9 z \u00cdr\u00e1nu sm\u011brem k izraelsk\u00e9mu \u00fazem\u00ed, a dodala, \u017ee syst\u00e9my protivzdu\u0161n\u00e9 obrany pracuj\u00ed na zachycen\u00ed hrozby a obyvatel\u00e9 byli instruov\u00e1ni, aby se p\u0159esunuli do chr\u00e1n\u011bn\u00fdch prostor.<\/span><\/p>\n<p><span dir=\"auto\">Velitelstv\u00ed dom\u00e1c\u00ed fronty pozd\u011bji uvedlo, \u017ee je povoleno opustit kryty ve v\u0161ech oblastech, a z\u00e1rove\u0148 vyzvalo ve\u0159ejnost, aby i nad\u00e1le dodr\u017eovala ofici\u00e1ln\u00ed bezpe\u010dnostn\u00ed pokyny.<\/span><\/p>\n<\/div>\n<\/div>\n<div class=\"article__updates-dates\">\n<div class=\"updates-dates__des\">\n<div class=\"js-listing\">\n<div class=\"js-listing__content\">\n<ul class=\"card-list\">\n<li class=\"card-list__item\">\n<div class=\"updates-dates\"><strong class=\"updates-dates__time\"><span dir=\"auto\">04:58 GMT<\/span><\/strong><\/p>\n<div class=\"updates-dates__text text\">\n<p data-start=\"0\" data-end=\"439\"><span dir=\"auto\">\u00cdr\u00e1n varoval Radu bezpe\u010dnosti OSN, \u017ee ne\u010dinnost t\u00e9to instituce v souvislosti s atent\u00e1tem na vysok\u00e9 \u00fa\u0159edn\u00edky Al\u00edho Larid\u017e\u00e1n\u00edho a Esm\u00e1\u00edla Chat\u00edba riskuje dal\u0161\u00ed c\u00edlen\u00e9 zab\u00edjen\u00ed vl\u00e1dn\u00edch \u010dinitel\u016f. \u00cdr\u00e1nsk\u00fd velvyslanec p\u0159i OSN Amir Sa\u00edd Iravani ve st\u0159ede\u010dn\u00edm dopise uvedl, \u017ee pokra\u010duj\u00edc\u00ed\u00a0<\/span><em><span dir=\"auto\">\u201eml\u010den\u00ed a ne\u010dinnost\u201c<\/span><\/em><span dir=\"auto\">\u00a0by mohly Izrael povzbudit a normalizovat takov\u00e9 \u00fatoky, co\u017e by mohlo ohrozit \u00fa\u0159edn\u00edky v jin\u00fdch zem\u00edch.<\/span><\/p>\n<p data-start=\"441\" data-end=\"721\" data-is-last-node=\"\" data-is-only-node=\"\"><span dir=\"auto\">Teher\u00e1n obvinil Izrael z proveden\u00ed vra\u017ed v r\u00e1mci \u0161ir\u0161\u00ed vojensk\u00e9 kampan\u011b proti \u00edr\u00e1nsk\u00e9mu veden\u00ed a vyzval Organizaci spojen\u00fdch n\u00e1rod\u016f, aby podnikla kroky k zabr\u00e1n\u011bn\u00ed dal\u0161\u00ed eskalaci a dodr\u017eovala mezin\u00e1rodn\u00ed pr\u00e1vo a z\u00e1rove\u0148 znovu potvrdila pr\u00e1vo \u00cdr\u00e1nu br\u00e1nit svou suverenitu.<\/span><\/p>\n<\/div>\n<\/div>\n<\/li>\n<li class=\"card-list__item\">\n<div class=\"updates-dates\"><strong class=\"updates-dates__time\"><span dir=\"auto\">04:48 GMT<\/span><\/strong><\/p>\n<div class=\"updates-dates__text text\">\n<p><span dir=\"auto\">Glob\u00e1ln\u00ed ceny ropy ve \u010dtvrtek prudce vzrostly, p\u0159i\u010dem\u017e ropa Brent p\u0159ekro\u010dila 112 dolar\u016f za barel a americk\u00e1 ropa West Texas Intermediate (WTI) se bl\u00ed\u017e\u00ed hranici 100 dolar\u016f, jeliko\u017e stup\u0148uj\u00edc\u00ed se \u00fatoky na energetickou infrastrukturu na Bl\u00edzk\u00e9m v\u00fdchod\u011b zes\u00edlily obavy z naru\u0161en\u00ed dod\u00e1vek. Trhy reagovaly pot\u00e9, co \u00cdr\u00e1n potvrdil \u00fatoky na region\u00e1ln\u00ed energetick\u00e1 za\u0159\u00edzen\u00ed jako odvetu za d\u0159\u00edv\u011bj\u0161\u00ed \u00fatoky na vlastn\u00ed plyn\u00e1renskou infrastrukturu.<\/span><\/p>\n<\/div>\n<\/div>\n<\/li>\n<li class=\"card-list__item\">\n<div class=\"updates-dates\"><strong class=\"updates-dates__time\"><span dir=\"auto\">04:39 GMT<\/span><\/strong><\/p>\n<div class=\"updates-dates__text text\">\n<p data-start=\"0\" data-end=\"417\"><span dir=\"auto\">P\u0159edseda americk\u00e9ho Feder\u00e1ln\u00edho rezervn\u00edho syst\u00e9mu Jerome Powell ve st\u0159edu varoval, \u017ee v\u00e1lka s \u00cdr\u00e1nem by mohla zkomplikovat snahy o zvl\u00e1dnut\u00ed inflace. Jako d\u016fvod uvedl r\u016fst cen energi\u00ed vyvolan\u00fd konfliktem spolu s p\u0159etrv\u00e1vaj\u00edc\u00edmi tlaky na n\u00e1klady souvisej\u00edc\u00edmi s cly.<\/span><\/p>\n<p><span dir=\"auto\">Na tiskov\u00e9 konferenci po posledn\u00edm dvoudenn\u00edm zased\u00e1n\u00ed Fedu k m\u011bnov\u00fdm ot\u00e1zk\u00e1m Powell uvedl, \u017ee pro centr\u00e1ln\u00ed banku nemus\u00ed b\u00fdt snadn\u00e9\u00a0<\/span><em><span dir=\"auto\">\u201ep\u0159ehl\u00e9dnout\u201c<\/span><\/em><span dir=\"auto\">\u00a0takov\u00e9 \u0161oky jako do\u010dasn\u00e9.<\/span><\/p>\n<\/div>\n<\/div>\n<\/li>\n<li class=\"card-list__item\">\n<div class=\"updates-dates\"><strong class=\"updates-dates__time\"><span dir=\"auto\">04:30 GMT<\/span><\/strong><\/p>\n<div class=\"updates-dates__text text\">\n<p><span dir=\"auto\">Trump o izraelsk\u00e9m \u00fatoku na \u00edr\u00e1nsk\u00e9 plynov\u00e9 pole South Pars v\u011bd\u011bl p\u0159edem a schv\u00e1lil ho, p\u0159esto\u017ee to pozd\u011bji ve\u0159ejn\u011b pop\u0159el pot\u00e9, co Teher\u00e1n podnikl odvetn\u00e9 kroky proti katarsk\u00e9 plynov\u00e9 infrastruktu\u0159e, uvedl report\u00e9r Axios Barak Ravid s odvol\u00e1n\u00edm na vysok\u00e9 izraelsk\u00e9 a americk\u00e9 \u00fa\u0159edn\u00edky.<\/span><\/p>\n<div class=\"rtcode\">\n<div class=\"twitter-tweet twitter-tweet-rendered\"><iframe id=\"twitter-widget-0\" class=\"\" title=\"X P\u0159\u00edsp\u011bvek\" src=\"https:\/\/platform.twitter.com\/embed\/Tweet.html?creatorScreenName=RT_com&amp;dnt=false&amp;embedId=twitter-widget-0&amp;features=eyJ0ZndfdGltZWxpbmVfbGlzdCI6eyJidWNrZXQiOltdLCJ2ZXJzaW9uIjpudWxsfSwidGZ3X2ZvbGxvd2VyX2NvdW50X3N1bnNldCI6eyJidWNrZXQiOnRydWUsInZlcnNpb24iOm51bGx9LCJ0ZndfdHdlZXRfZWRpdF9iYWNrZW5kIjp7ImJ1Y2tldCI6Im9uIiwidmVyc2lvbiI6bnVsbH0sInRmd19yZWZzcmNfc2Vzc2lvbiI6eyJidWNrZXQiOiJvbiIsInZlcnNpb24iOm51bGx9LCJ0ZndfZm9zbnJfc29mdF9pbnRlcnZlbnRpb25zX2VuYWJsZWQiOnsiYnVja2V0Ijoib24iLCJ2ZXJzaW9uIjpudWxsfSwidGZ3X21peGVkX21lZGlhXzE1ODk3Ijp7ImJ1Y2tldCI6InRyZWF0bWVudCIsInZlcnNpb24iOm51bGx9LCJ0ZndfZXhwZXJpbWVudHNfY29va2llX2V4cGlyYXRpb24iOnsiYnVja2V0IjoxMjA5NjAwLCJ2ZXJzaW9uIjpudWxsfSwidGZ3X3Nob3dfYmlyZHdhdGNoX3Bpdm90c19lbmFibGVkIjp7ImJ1Y2tldCI6Im9uIiwidmVyc2lvbiI6bnVsbH0sInRmd19kdXBsaWNhdGVfc2NyaWJlc190b19zZXR0aW5ncyI6eyJidWNrZXQiOiJvbiIsInZlcnNpb24iOm51bGx9LCJ0ZndfdXNlX3Byb2ZpbGVfaW1hZ2Vfc2hhcGVfZW5hYmxlZCI6eyJidWNrZXQiOiJvbiIsInZlcnNpb24iOm51bGx9LCJ0ZndfdmlkZW9faGxzX2R5bmFtaWNfbWFuaWZlc3RzXzE1MDgyIjp7ImJ1Y2tldCI6InRydWVfYml0cmF0ZSIsInZlcnNpb24iOm51bGx9LCJ0ZndfbGVnYWN5X3RpbWVsaW5lX3N1bnNldCI6eyJidWNrZXQiOnRydWUsInZlcnNpb24iOm51bGx9LCJ0ZndfdHdlZXRfZWRpdF9mcm9udGVuZCI6eyJidWNrZXQiOiJvbiIsInZlcnNpb24iOm51bGx9fQ%3D%3D&amp;frame=false&amp;hideCard=false&amp;hideThread=false&amp;id=2034452773366890614&amp;lang=cs&amp;origin=https%3A%2F%2Fwww.rt.com%2Fnews%2F635011-iran-us-israel-war-updates%2F&amp;sessionId=11a68593f98c2f22c5010cb2c6af7d577bb6b254&amp;siteScreenName=RT_com&amp;theme=light&amp;widgetsVersion=2615f7e52b7e0%3A1702314776716&amp;width=550px\" frameborder=\"0\" scrolling=\"no\" allowfullscreen=\"allowfullscreen\" data-tweet-id=\"2034452773366890614\" data-mce-fragment=\"1\"><\/iframe><\/div>\n<\/div>\n<\/div>\n<\/div>\n<\/li>\n<li class=\"card-list__item\">\n<div class=\"updates-dates\"><strong class=\"updates-dates__time\"><span dir=\"auto\">04:19 GMT<\/span><\/strong><\/p>\n<div class=\"updates-dates__text text\">\n<p data-start=\"0\" data-end=\"372\"><span dir=\"auto\">Britsk\u00e1 n\u00e1mo\u0159n\u00ed obchodn\u00ed operace (UKMTO) ve \u010dtvrtek zas\u00e1hla lo\u010f\u00a0<\/span><em><span dir=\"auto\">\u201enezn\u00e1m\u00fd projektil\u201c<\/span><\/em><span dir=\"auto\">\u00a04 n\u00e1mo\u0159n\u00ed m\u00edle v\u00fdchodn\u011b od Ras Laffan v Kataru. Cel\u00e1 pos\u00e1dka byla po incidentu \u00fadajn\u011b v po\u0159\u00e1dku a zdrav\u00e1, zat\u00edmco plavidla v oblasti byla vyzv\u00e1na, aby se plavila s opatrnost\u00ed a hl\u00e1sila jakoukoli podez\u0159elou aktivitu, zat\u00edmco \u00fa\u0159ady nad\u00e1le vy\u0161et\u0159uj\u00ed p\u0159\u00edpad.<\/span><\/p>\n<p data-start=\"374\" data-end=\"698\" data-is-last-node=\"\" data-is-only-node=\"\"><span dir=\"auto\">V jin\u00e9m incidentu o den d\u0159\u00edve UKMTO uvedla, \u017ee lo\u010f byla zasa\u017eena\u00a0<\/span><em><span dir=\"auto\">\u201enezn\u00e1m\u00fdm projektilem\u201c<\/span><\/em><span dir=\"auto\">\u00a011 n\u00e1mo\u0159n\u00edch mil v\u00fdchodn\u011b od Khawr Fakkan ve Spojen\u00fdch arabsk\u00fdch emir\u00e1tech, co\u017e zp\u016fsobilo po\u017e\u00e1r na palub\u011b. N\u00e1mo\u0159n\u00ed \u00fa\u0159ady rovn\u011b\u017e vyzvaly ke zv\u00fd\u0161en\u00e9 ostra\u017eitosti v ru\u0161n\u00e9m n\u00e1mo\u0159n\u00edm koridoru uprost\u0159ed prob\u00edhaj\u00edc\u00edho region\u00e1ln\u00edho nap\u011bt\u00ed.<\/span><\/p>\n<\/div>\n<\/div>\n<\/li>\n<li class=\"card-list__item\">\n<div class=\"updates-dates\"><strong class=\"updates-dates__time\"><span dir=\"auto\">04:06 GMT<\/span><\/strong><\/p>\n<div class=\"updates-dates__text text\">\n<p data-start=\"0\" data-end=\"594\"><span dir=\"auto\">Minist\u0159i zahrani\u010d\u00ed Sa\u00fadsk\u00e9 Ar\u00e1bie, Kataru, Spojen\u00fdch arabsk\u00fdch emir\u00e1t\u016f, Bahrajnu, Kuvajtu, Egypta, Jord\u00e1nska, Turecka, P\u00e1kist\u00e1nu, \u00c1zerb\u00e1jd\u017e\u00e1nu, Libanonu a S\u00fdrie vyj\u00e1d\u0159ili ve st\u0159edu b\u011bhem konzulta\u010dn\u00ed sch\u016fzky v Rij\u00e1du znepokojen\u00ed nad ned\u00e1vn\u00fdmi \u00edr\u00e1nsk\u00fdmi raketov\u00fdmi a dronov\u00fdmi \u00fatoky na region\u00e1ln\u00ed st\u00e1ty a energetickou infrastrukturu. Ve spole\u010dn\u00e9m prohl\u00e1\u0161en\u00ed kritizovali to, co ozna\u010dili za\u00a0<\/span><em><span dir=\"auto\">\u201e\u00famysln\u00e9 pou\u017eit\u00ed balistick\u00fdch raket a dron\u016f zam\u011b\u0159en\u00fdch na obytn\u00e9 oblasti a civiln\u00ed infrastrukturu\u201c,<\/span><\/em><span dir=\"auto\">\u00a0s t\u00edm, \u017ee takov\u00e9 akce\u00a0<\/span><em><span dir=\"auto\">\u201enelze za \u017e\u00e1dn\u00fdch okolnost\u00ed ospravedlnit\u201c,<\/span><\/em><span dir=\"auto\">\u00a0a vyzvali Teher\u00e1n k zastaven\u00ed \u00fader\u016f.<\/span><\/p>\n<p data-start=\"596\" data-end=\"981\" data-is-last-node=\"\" data-is-only-node=\"\"><span dir=\"auto\">Minist\u0159i zd\u016fraznili, \u017ee budouc\u00ed vztahy budou z\u00e1viset na\u00a0<\/span><em><span dir=\"auto\">\u201erespektov\u00e1n\u00ed st\u00e1tn\u00ed suverenity\u201c<\/span><\/em><span dir=\"auto\">\u00a0a zdr\u017een\u00ed se hrozeb pro n\u00e1mo\u0159n\u00ed bezpe\u010dnost na kl\u00ed\u010dov\u00fdch vodn\u00edch cest\u00e1ch, jako je Hormuzsk\u00fd pr\u016fliv a B\u00e1b al-Mandeb.\u00a0<\/span><\/p>\n<\/div>\n<\/div>\n<\/li>\n<li class=\"card-list__item\">\n<div class=\"updates-dates\"><strong class=\"updates-dates__time\"><span dir=\"auto\">03:25 GMT<\/span><\/strong><\/p>\n<div class=\"updates-dates__text text\">\n<p><span dir=\"auto\">N\u011bkolik za\u0159\u00edzen\u00ed na zkapaln\u011bn\u00fd zemn\u00ed plyn (LNG) provozovan\u00fdch spole\u010dnost\u00ed QatarEnergy bylo v \u010dasn\u00fdch rann\u00edch hodin\u00e1ch \u010dtvrtka zasa\u017eeno raketov\u00fdmi \u00fatoky, kter\u00e9 zp\u016fsobily rozs\u00e1hl\u00e9 po\u017e\u00e1ry a rozs\u00e1hl\u00e9 \u0161kody, uvedla spole\u010dnost ve sv\u00e9m prohl\u00e1\u0161en\u00ed.<\/span><\/p>\n<p><span dir=\"auto\">K \u00fatok\u016fm do\u0161lo den pot\u00e9, co \u00cdr\u00e1n 18. b\u0159ezna zah\u00e1jil odvetn\u00e9 raketov\u00e9 \u00fatoky na pr\u016fmyslov\u00e9 m\u011bsto Ras Laffan pot\u00e9, co izraelsk\u00e9 s\u00edly d\u0159\u00edve t\u00e9ho\u017e dne zam\u011b\u0159ily \u00edr\u00e1nsk\u00e9 plynov\u00e9 pole South Pars.<\/span><\/p>\n<\/div>\n<\/div>\n<\/li>\n<li class=\"card-list__item\">\n<div class=\"updates-dates\"><strong class=\"updates-dates__time\"><span dir=\"auto\">03:13 GMT<\/span><\/strong><\/p>\n<div class=\"updates-dates__text text\">\n<p data-start=\"0\" data-end=\"534\"><span dir=\"auto\">Izrael provedl \u00fatok na \u00edr\u00e1nsk\u00e9 plynov\u00e9 pole South Pars\u00a0<\/span><em><span dir=\"auto\">\u201ez hn\u011bvu kv\u016fli tomu, co se stalo na Bl\u00edzk\u00e9m v\u00fdchod\u011b\u201c,\u00a0<\/span><\/em><span dir=\"auto\">\u00a0prohl\u00e1sil americk\u00fd prezident Donald Trump a\u00a0<\/span><em>\u00a0<\/em><span dir=\"auto\">zd\u016fraznil, \u017ee ani Washington, ani Dauh\u00e1 o operaci p\u0159edem nev\u011bd\u011bly. Ve st\u0159ede\u010dn\u00edm p\u0159\u00edsp\u011bvku na sv\u00e9 platform\u011b Truth Social Trump tvrdil, \u017ee Teher\u00e1n pozd\u011bji za\u00fato\u010dil na \u010d\u00e1st katarsk\u00e9 infrastruktury pro zkapaln\u011bn\u00fd zemn\u00ed plyn (LNG) pot\u00e9, co nepochopil okolnosti \u00fatoku.<\/span><\/p>\n<p data-start=\"536\" data-end=\"1062\"><span dir=\"auto\">Americk\u00fd v\u016fdce varoval, \u017ee a\u010dkoliv prozat\u00edm nebudou provedeny \u017e\u00e1dn\u00e9 dal\u0161\u00ed izraelsk\u00e9 \u00fadery na strategicky d\u016fle\u017eit\u00e9 pole, jak\u00e9koli nov\u00e9 \u00fatoky na katarsk\u00e1 plyn\u00e1rensk\u00e1 za\u0159\u00edzen\u00ed by mohly vyvolat masivn\u00ed americkou odvetu proti cel\u00e9mu komplexu Ji\u017en\u00ed Pars. Trump uvedl, \u017ee nechce takov\u00e9\u00a0<\/span><em><span dir=\"auto\">\u201en\u00e1sil\u00ed a ni\u010den\u00ed\u201c<\/span><\/em><span dir=\"auto\">\u00a0schv\u00e1lit kv\u016fli dlouhodob\u00fdm d\u016fsledk\u016fm pro \u00cdr\u00e1n, ale trval na tom, \u017ee Washington bude jednat\u00a0<\/span><em><span dir=\"auto\">\u201es pomoc\u00ed \u010di souhlasem Izraele, \u010di bez n\u00ed\u201c,<\/span><\/em><span dir=\"auto\">\u00a0pokud bude energetick\u00e1 infrastruktura Dauh\u00e1 znovu zasa\u017eena.<\/span><\/p>\n<\/div>\n<\/div>\n<\/li>\n<li class=\"card-list__item\">\n<div class=\"updates-dates\"><strong class=\"updates-dates__time\"><span dir=\"auto\">01:45 GMT<\/span><\/strong><\/p>\n<div class=\"updates-dates__text text\">\n<p><span dir=\"auto\">Joe Kent, kter\u00fd na protest proti v\u00e1lce s \u00cdr\u00e1nem rezignoval na funkci \u0159editele americk\u00e9ho N\u00e1rodn\u00edho protiteroristick\u00e9ho centra, odm\u00edtl tvrzen\u00ed prezidenta Donalda Trumpa, \u017ee \u00cdr\u00e1n vyv\u00edj\u00ed jadern\u00e9 zbran\u011b.<\/span><\/p>\n<\/div>\n<p><img decoding=\"async\" loading=\"lazy\" class=\"alignnone size-full wp-image-1185\" src=\"http:\/\/www.infokuryr.cz\/n\/wp-content\/uploads\/2021\/04\/kuryr-podpis.png\" alt=\"\" width=\"84\" height=\"24\" \/><\/p>\n<\/div>\n<\/li>\n<\/ul>\n<\/div>\n<\/div>\n<\/div>\n<\/div>\n","protected":false},"excerpt":{"rendered":"<p>Arabsk\u00e9 zem\u011b, v nich\u017e s\u00eddl\u00ed americk\u00e9 z\u00e1kladny, odsoudily raketov\u00e9 \u00fatoky Teher\u00e1nu na jejich ropn\u00e1 a&#8230;<\/p>\n","protected":false},"author":2,"featured_media":102341,"comment_status":"closed","ping_status":"closed","sticky":false,"template":"","format":"standard","meta":[],"categories":[7],"tags":[38,310,1863,40],"_links":{"self":[{"href":"https:\/\/www.infokuryr.cz\/n\/wp-json\/wp\/v2\/posts\/102340"}],"collection":[{"href":"https:\/\/www.infokuryr.cz\/n\/wp-json\/wp\/v2\/posts"}],"about":[{"href":"https:\/\/www.infokuryr.cz\/n\/wp-json\/wp\/v2\/types\/post"}],"author":[{"embeddable":true,"href":"https:\/\/www.infokuryr.cz\/n\/wp-json\/wp\/v2\/users\/2"}],"replies":[{"embeddable":true,"href":"https:\/\/www.infokuryr.cz\/n\/wp-json\/wp\/v2\/comments?post=102340"}],"version-history":[{"count":0,"href":"https:\/\/www.infokuryr.cz\/n\/wp-json\/wp\/v2\/posts\/102340\/revisions"}],"wp:featuredmedia":[{"embeddable":true,"href":"https:\/\/www.infokuryr.cz\/n\/wp-json\/wp\/v2\/media\/102341"}],"wp:attachment":[{"href":"https:\/\/www.infokuryr.cz\/n\/wp-json\/wp\/v2\/media?parent=102340"}],"wp:term":[{"taxonomy":"category","embeddable":true,"href":"https:\/\/www.infokuryr.cz\/n\/wp-json\/wp\/v2\/categories?post=102340"},{"taxonomy":"post_tag","embeddable":true,"href":"https:\/\/www.infokuryr.cz\/n\/wp-json\/wp\/v2\/tags?post=102340"}],"curies":[{"name":"wp","href":"https:\/\/api.w.org\/{rel}","templated":true}]}}