{"id":102338,"date":"2026-03-19T06:35:47","date_gmt":"2026-03-19T05:35:47","guid":{"rendered":"https:\/\/www.infokuryr.cz\/n\/?p=102338"},"modified":"2026-03-19T06:35:47","modified_gmt":"2026-03-19T05:35:47","slug":"izraelske-osady-budou-znamenat-konec-pro-krestany-ve-svate-zemi-rika-sef-nevladni-organizace","status":"publish","type":"post","link":"https:\/\/www.infokuryr.cz\/n\/2026\/03\/19\/izraelske-osady-budou-znamenat-konec-pro-krestany-ve-svate-zemi-rika-sef-nevladni-organizace\/","title":{"rendered":"Izraelsk\u00e9 osady budou znamenat \u201ekonec\u201c pro k\u0159es\u0165any ve Svat\u00e9 zemi, \u0159\u00edk\u00e1 \u0161\u00e9f nevl\u00e1dn\u00ed organizace"},"content":{"rendered":"<div id=\"fb-root\"><\/div>\n<p><strong>Z\u00e1padn\u00ed Jeruzal\u00e9m ned\u011bl\u00e1 nic pro to, aby zabr\u00e1nil n\u00e1sil\u00ed osadn\u00edk\u016f p\u00e1chan\u00e9mu na k\u0159es\u0165ansk\u00fdch komunit\u00e1ch na Z\u00e1padn\u00edm b\u0159ehu Jord\u00e1nu, \u0159ekl Jason Jones po\u0159adu RT America First.<\/strong><\/p>\n<p><span dir=\"auto\">Neutuchaj\u00edc\u00ed n\u00e1sil\u00ed osadn\u00edk\u016f spolu s pokra\u010duj\u00edc\u00ed izraelskou osidlovac\u00ed politikou by mohlo znamenat zk\u00e1zu pro zb\u00fdvaj\u00edc\u00ed k\u0159es\u0165ansk\u00e9 komunity ve Svat\u00e9 zemi, \u0159ekl v po\u0159adu America First na RT Jason Jones, zakladatel projektu Vulnerable People Project.<\/span><\/p>\n<p><span dir=\"auto\">Izrael \u00fadajn\u011b schv\u00e1lil demolici tis\u00edc\u016f dom\u016f na Z\u00e1padn\u00edm b\u0159ehu Jord\u00e1nu pat\u0159\u00edc\u00edch k\u0159es\u0165ansk\u00fdm komunit\u00e1m a zasahuje na \u00fazem\u00ed n\u011bkter\u00fdch z nejstar\u0161\u00edch k\u0159es\u0165ansk\u00fdch populac\u00ed v oblasti, zejm\u00e9na v okol\u00ed Betl\u00e9ma, a tak\u00e9 do vesnic, jako je Tajbeh, tvrdil Jones.<\/span><\/p>\n<p><span dir=\"auto\">Osada \u0160tema, kter\u00e1 se nach\u00e1z\u00ed na m\u00edst\u011b b\u00fdval\u00e9 izraelsk\u00e9 vojensk\u00e9 z\u00e1kladny v\u00fdchodn\u011b od m\u011bsta Betl\u00e9m,\u00a0<\/span><em><span dir=\"auto\">\u201ebude koncem k\u0159es\u0165ansk\u00e9 komunity ve Svat\u00e9 zemi,\u201c<\/span><\/em><span dir=\"auto\">\u00a0\u0159ekl Jones.\u00a0<\/span><em><span dir=\"auto\">\u201eBude to konec nejstar\u0161\u00ed k\u0159es\u0165ansk\u00e9 komunity na sv\u011bt\u011b,\u201c<\/span><\/em><span dir=\"auto\">\u00a0dodal s odkazem na osadu legalizovanou Z\u00e1padn\u00edm Jeruzal\u00e9mem loni.<\/span><\/p>\n<p><span dir=\"auto\">Zakladatel nevl\u00e1dn\u00ed organizace, jej\u00ed\u017e organizace p\u016fsob\u00ed na Z\u00e1padn\u00edm b\u0159ehu Jord\u00e1nu a dal\u0161\u00edch \u00fazem\u00edch, varoval, \u017ee m\u00edstn\u00ed k\u0159es\u0165ansk\u00e9 komunity jsou napad\u00e1ny osadn\u00edky.\u00a0<\/span><em><span dir=\"auto\">\u201eDoch\u00e1z\u00ed k p\u0159\u00edm\u00e9mu fyzick\u00e9mu n\u00e1sil\u00ed. Doch\u00e1z\u00ed k odd\u011blov\u00e1n\u00ed komunit,\u201c<\/span><\/em><span dir=\"auto\">\u00a0dodal Jones.<\/span><\/p>\n<p><span dir=\"auto\">Ani Z\u00e1padn\u00ed Jeruzal\u00e9m, ani Washington nejsou ochotny jednat, proto\u017ee USA se rozhodly b\u00fdt\u00a0<\/span><em><span dir=\"auto\">\u201ena stran\u011b utla\u010dovatele\u201c,<\/span><\/em><span dir=\"auto\">\u00a0domn\u00edv\u00e1 se Jones. Mike Huckabee, americk\u00fd velvyslanec v Izraeli,\u00a0<\/span><em><span dir=\"auto\">to podle Jonese \u201eprost\u011b ignoruje\u201c<\/span><\/em><span dir=\"auto\">\u00a0. Huckabee, b\u00fdval\u00fd baptistick\u00fd pastor,\u00a0<\/span><em><span dir=\"auto\">\u201enebyl dost mu\u017en\u00fd na to, aby se postavil v\u00fdzv\u011b a \u0159ekl pravdu,\u201c<\/span><\/em><span dir=\"auto\">\u00a0\u0159ekl Jones.<\/span><\/p>\n<p><img decoding=\"async\" loading=\"lazy\" class=\"alignnone size-full wp-image-1185\" src=\"http:\/\/www.infokuryr.cz\/n\/wp-content\/uploads\/2021\/04\/kuryr-podpis.png\" alt=\"\" width=\"84\" height=\"24\" \/><\/p>\n<p>&nbsp;<\/p>\n","protected":false},"excerpt":{"rendered":"<p>Z\u00e1padn\u00ed Jeruzal\u00e9m ned\u011bl\u00e1 nic pro to, aby zabr\u00e1nil n\u00e1sil\u00ed osadn\u00edk\u016f p\u00e1chan\u00e9mu na k\u0159es\u0165ansk\u00fdch komunit\u00e1ch na&#8230;<\/p>\n","protected":false},"author":2,"featured_media":102339,"comment_status":"closed","ping_status":"closed","sticky":false,"template":"","format":"standard","meta":[],"categories":[7],"tags":[107,167,4465],"_links":{"self":[{"href":"https:\/\/www.infokuryr.cz\/n\/wp-json\/wp\/v2\/posts\/102338"}],"collection":[{"href":"https:\/\/www.infokuryr.cz\/n\/wp-json\/wp\/v2\/posts"}],"about":[{"href":"https:\/\/www.infokuryr.cz\/n\/wp-json\/wp\/v2\/types\/post"}],"author":[{"embeddable":true,"href":"https:\/\/www.infokuryr.cz\/n\/wp-json\/wp\/v2\/users\/2"}],"replies":[{"embeddable":true,"href":"https:\/\/www.infokuryr.cz\/n\/wp-json\/wp\/v2\/comments?post=102338"}],"version-history":[{"count":0,"href":"https:\/\/www.infokuryr.cz\/n\/wp-json\/wp\/v2\/posts\/102338\/revisions"}],"wp:featuredmedia":[{"embeddable":true,"href":"https:\/\/www.infokuryr.cz\/n\/wp-json\/wp\/v2\/media\/102339"}],"wp:attachment":[{"href":"https:\/\/www.infokuryr.cz\/n\/wp-json\/wp\/v2\/media?parent=102338"}],"wp:term":[{"taxonomy":"category","embeddable":true,"href":"https:\/\/www.infokuryr.cz\/n\/wp-json\/wp\/v2\/categories?post=102338"},{"taxonomy":"post_tag","embeddable":true,"href":"https:\/\/www.infokuryr.cz\/n\/wp-json\/wp\/v2\/tags?post=102338"}],"curies":[{"name":"wp","href":"https:\/\/api.w.org\/{rel}","templated":true}]}}