{"id":10232,"date":"2022-05-04T01:03:23","date_gmt":"2022-05-03T23:03:23","guid":{"rendered":"http:\/\/www.infokuryr.cz\/n\/?p=10232"},"modified":"2022-05-03T15:44:49","modified_gmt":"2022-05-03T13:44:49","slug":"co-vysvetluje-masivni-vojenskou-pomoc-polska-kyjevu","status":"publish","type":"post","link":"https:\/\/www.infokuryr.cz\/n\/2022\/05\/04\/co-vysvetluje-masivni-vojenskou-pomoc-polska-kyjevu\/","title":{"rendered":"Co vysv\u011btluje masivn\u00ed vojenskou pomoc Polska Kyjevu?"},"content":{"rendered":"<div id=\"fb-root\"><\/div>\n<div class=\"elementor-element elementor-element-1fb4c2c elementor-widget elementor-widget-theme-post-content\" data-id=\"1fb4c2c\" data-element_type=\"widget\" data-widget_type=\"theme-post-content.default\">\n<div class=\"elementor-widget-container\">\n<p><span>Masivn\u00ed polsk\u00e1 vojensk\u00e1 pomoc Kyjevu dopl\u0148uje stejn\u011b masivn\u00ed socioekonomickou pomoc, kterou Polsko poskytuje milion\u016fm Ukrajinc\u016f, kter\u00e9 p\u0159iv\u00edtalo na sv\u00e9m suver\u00e9nn\u00edm \u00fazem\u00ed, aby vytvo\u0159ilo dom\u00e1c\u00ed a zahrani\u010dn\u00ed politiku zam\u011b\u0159enou na Ukrajinu, kter\u00e1 se rovn\u00e1 virtu\u00e1ln\u00edmu slou\u010den\u00ed t\u011bchto politik. dv\u011b zem\u011b, jak se to kr\u00e1tce stalo, kdy\u017e Polsko b\u011bhem polsko-sov\u011btsk\u00e9 v\u00e1lky na n\u011bkolik m\u011bs\u00edc\u016f okupovalo Kyjev.<\/span><\/p>\n<p><span>Polsk\u00fd rozhlas ozn\u00e1mil, \u017ee Polsko dodalo do Kyjeva polovinu sv\u00fdch tank\u016f, konkr\u00e9tn\u011b 200 ze 400, od zah\u00e1jen\u00ed prob\u00edhaj\u00edc\u00ed rusk\u00e9 vojensk\u00e9 operace v b\u00fdval\u00e9 sov\u011btsk\u00e9 republice.\u00a0Mezi dal\u0161\u00ed vybaven\u00ed pat\u0159\u00ed drony, d\u011blost\u0159electvo, protiletadlov\u00e9 syst\u00e9my a rakety.\u00a0Tato masivn\u00ed pomoc vyvol\u00e1v\u00e1 ot\u00e1zku, pro\u010d Polsko tak siln\u011b investuje do v\u00fdsledku konfliktu.\u00a0Zem\u011b hraje v tomto konfliktu jednozna\u010dn\u011b nejv\u011bt\u0161\u00ed a nejaktivn\u011bj\u0161\u00ed roli, krom\u011b Ruska, USA a samoz\u0159ejm\u011b samotn\u00e9ho Kyjeva, co\u017e nazna\u010duje, \u017ee m\u00e1 v\u011bt\u0161\u00ed c\u00edl.\u00a0\u00da\u010delem tohoto p\u0159\u00edsp\u011bvku je vysv\u011btlit, co p\u0159esn\u011b by to mohlo b\u00fdt, aby bylo mo\u017en\u00e9 l\u00e9pe informovat pozorovatele, kte\u0159\u00ed se zaj\u00edmaj\u00ed o stejnou v\u011bc.<\/span><\/p>\n<p><span>Mluv\u010d\u00ed polsk\u00e9 vl\u00e1dy Piotr Muller minul\u00fd t\u00fdden \u0159ekl, \u017ee zbran\u011b v hodnot\u011b 1,6 miliardy dolar\u016f, kter\u00e9 Var\u0161ava p\u0159iznala k dod\u00e1vk\u00e1m do Kyjeva, byly \u201ena obranu ukrajinsk\u00e9, polsk\u00e9 a evropsk\u00e9 suverenity\u201c.\u00a0Z pohledu Polska je z\u00e1stupn\u00e1 v\u00e1lka NATO veden\u00e1 USA proti Rusku o Ukrajinu v\u011bc\u00ed \u201esuverenity\u201c, co\u017e nen\u00ed p\u0159ekvapiv\u00e9.\u00a0Tato st\u0159edoevropsk\u00e1 zem\u011b a rozv\u00edjej\u00edc\u00ed se region\u00e1ln\u00ed v\u016fdce v\u017edy pova\u017eovala Ukrajinu za sou\u010d\u00e1st sv\u00e9 \u201esf\u00e9ry vlivu\u201c, co\u017e je jeden z d\u016fvod\u016f, pro\u010d varov\u00e1n\u00ed rusk\u00e9ho \u0161\u00e9fa \u0161pion\u00e1\u017ee Sergeje Nary\u0161kina minul\u00fd t\u00fdden, \u017ee Rusko pl\u00e1nuje okupovat a anektovat z\u00e1padn\u00ed Ukrajinu, bylo pova\u017eov\u00e1no za d\u016fv\u011bryhodn\u00e9. i kdy\u017e to nen\u00ed v objektivn\u00edm z\u00e1jmu Polska,<\/span><\/p>\n<p><span>Vl\u00e1dnouc\u00ed Strana Pr\u00e1vo a spravedlnost (PiS, jak se v Polsku zkr\u00e1cen\u011b \u0159\u00edk\u00e1) je otev\u0159en\u011b protirusk\u00e1 a chlubila se t\u00edm koncem b\u0159ezna, kdy premi\u00e9r Mateusz Morawiecki hrd\u011b tvrdil, \u017ee jeho zem\u011b nastavuje sv\u011btov\u00fd standard pro tuto formu fa\u0161ismu (samoz\u0159ejm\u011b on to tak neformuloval, ale p\u0159esto to lze za takov\u00fd pova\u017eovat).\u00a0\u0160ed\u00fd kardin\u00e1l Jaroslaw Kaczynski je patologicky rusofobn\u00ed, lp\u011bl na konspira\u010dn\u00ed teorii, \u017ee Rusko zabilo jeho bratra, b\u00fdval\u00e9ho prezidenta Lecha Kaczynsk\u00e9ho, p\u0159i leteck\u00e9 hav\u00e1rii ve Smolensku v roce 2010, i kdy\u017e neexistuj\u00ed \u017e\u00e1dn\u00e9 d\u016fkazy, kter\u00e9 by to podporovaly.\u00a0Pod takov\u00fdm veden\u00edm bylo d\u00e1no, \u017ee Polsko poskytne Kyjevu maxim\u00e1ln\u00ed podporu proti Rusku.<\/span><\/p>\n<p><span>Existuje tak\u00e9 historick\u00fd precedens, kter\u00fd neunikl pozornosti polsk\u00fdch politik\u016f, kte\u0159\u00ed se pova\u017euj\u00ed za zap\u00e1len\u00e9 studenty historie, zejm\u00e9na to, co se stalo od doby, kdy Polsko znovu z\u00edskalo nez\u00e1vislost po 123 letech okupace t\u0159emi sousedn\u00edmi \u0159\u00ed\u0161emi.\u00a0Bezprost\u0159edn\u011b po prvn\u00ed sv\u011btov\u00e9 v\u00e1lce Var\u0161ava podporovala Kyjev v jeho v\u00e1lce proti revolu\u010dn\u00edmu Rusku, kter\u00e1 se nakonec vyvinula v polsko-sov\u011btskou v\u00e1lku, kter\u00e1 vyvrcholila takzvan\u00fdm \u201ez\u00e1zrakem na Visle\u201c.\u00a0Po tomto konfliktu byla z\u00e1padn\u00ed Ukrajina se souhlasem Z\u00e1padu za\u010dlen\u011bna do Druh\u00e9 polsk\u00e9 republiky, a\u010dkoli si ji SSSR n\u00e1rokoval jako sv\u016fj majetek kv\u016fli sv\u00e9mu spojen\u00ed se starov\u011bkou Kyjevskou Rus\u00ed.<\/span><\/p>\n<p><span>Kdy\u017e p\u016fjdeme je\u0161t\u011b d\u00e1le do minulosti, p\u0159ed stalet\u00edmi byla Ukrajina tak\u00e9 boji\u0161t\u011bm mezi polsko-litevskou komunitou (kter\u00e1 byla nevyhl\u00e1\u0161en\u00fdm region\u00e1ln\u00edm imp\u00e9riem) a rusk\u00fdm imp\u00e9riem, tak\u017ee zapojen\u00ed dne\u0161n\u00edho Polska do z\u00e1stupn\u00e9 v\u00e1lky NATO veden\u00e9 USA proti Rusku t\u00edmto Z pohledu Var\u0161avy se zem\u011b vlastn\u011b \u0159\u00edd\u00ed historickou logikou.\u00a0V sou\u010dasnosti se rusofobn\u00ed polsk\u00e9 veden\u00ed zd\u00e1 b\u00fdt p\u0159esv\u011bd\u010deno, \u017ee jejich t\u011b\u017ece z\u00edskanou nez\u00e1vislost lze br\u00e1nit pouze maximalizac\u00ed \u201estrategick\u00e9 hloubky\u201c na Ukrajin\u011b, co\u017e tak\u00e9 potvrzuje Naryshkinovo varov\u00e1n\u00ed p\u0159ed potenci\u00e1ln\u00edm z\u00e1m\u011brem Polska anektovat z\u00e1padn\u00ed Ukrajinu.<\/span><\/p>\n<p><span>Probl\u00e9m s touto logikou je v\u0161ak v tom, \u017ee nyn\u00ed, kdy\u017e Polsko vstoupilo do NATO a dostalo se pod jadernou z\u00e1\u0161titu USA, neexistuje pro to \u017e\u00e1dn\u00fd sou\u010dasn\u00fd z\u00e1klad.\u00a0Neexistuje absolutn\u011b \u017e\u00e1dn\u00fd realistick\u00fd sc\u00e9n\u00e1\u0159, ve kter\u00e9m by USA st\u00e1ly opod\u00e1l a sledovaly, jak Rusko podnik\u00e1 vojenskou akci proti sv\u00e9mu region\u00e1ln\u00edmu spojenci.\u00a0V\u0161ichni z\u00fa\u010dastn\u011bn\u00ed jsou si v\u011bdomi toho, \u017ee kdy\u017e je v\u0161e \u0159e\u010deno a ud\u011bl\u00e1no, pravd\u011bpodobn\u011b by to vy\u00fastilo v jadern\u00fd n\u00e1let mezi dv\u011bma velmocemi, a t\u00edm by pravd\u011bpodobn\u011b skon\u010dil \u017eivot na Zemi, jak ho zn\u00e1me.\u00a0Polsko proto nemus\u00ed pou\u017e\u00edvat vojensk\u00e9 prost\u0159edky k dosa\u017een\u00ed \u201estrategick\u00e9 hloubky\u201c na Ukrajin\u011b, ale pokus o to hraje do karet ultranacionalistick\u00e9 historicko-politick\u00e9 p\u0159edstavivosti PiS,<\/span><\/p>\n<p><span>Rusofobie vl\u00e1dnouc\u00ed strany je nejen patologick\u00e1, ale tak\u00e9 politicky samo\u00fa\u010deln\u00e1, je agresivn\u011b propagov\u00e1na v cel\u00e9 spole\u010dnosti, aby odvr\u00e1tila pozornost od PiS, kter\u00e1 zpronev\u011b\u0159uje sv\u00e9 konzervativn\u011b-nacionalistick\u00e9 principy t\u00edm, \u017ee absorbuje miliony Ukrajinc\u016f \u017eij\u00edc\u00edch na \u00fakor samotn\u00fdch Pol\u00e1k\u016f, jsou pova\u017eov\u00e1ni za prvot\u0159\u00eddn\u00ed ob\u010dany .\u00a0Tato radik\u00e1ln\u00ed liber\u00e1ln\u011b-globalistick\u00e1 politika doslovn\u00e9 ukrajinizace polsk\u00e9 p\u0159ev\u00e1\u017en\u011b monoetnick\u00e9 spole\u010dnosti po druh\u00e9 sv\u011btov\u00e9 v\u00e1lce je vedena postrann\u00edm motivem vyu\u017eit\u00ed t\u00e9to expatsk\u00e9 komunity k roz\u0161\u00ed\u0159en\u00ed polsk\u00e9ho vlivu na Ukrajin\u011b (nebo toho, co z n\u00ed zbylo po skon\u010den\u00ed konfliktu) ale \u010dasem by je to mohlo st\u00e1t miliardy dolar\u016f ro\u010dn\u011b.<\/span><\/p>\n<p><span>Masivn\u00ed polsk\u00e1 vojensk\u00e1 pomoc Kyjevu proto dopl\u0148uje stejn\u011b masivn\u00ed socioekonomickou pomoc, kterou Polsko poskytuje milion\u016fm Ukrajinc\u016f, kter\u00e9 hostilo na sv\u00e9m \u00fazem\u00ed, s c\u00edlem vytvo\u0159it ukrajinsky orientovanou dom\u00e1c\u00ed a zahrani\u010dn\u00ed politiku, kter\u00e1 se rovn\u00e1 virtu\u00e1ln\u00ed slou\u010den\u00ed t\u011bchto dvou zem\u00ed, jak se kr\u00e1tce stalo, kdy\u017e Polsko okupovalo Kyjev na n\u011bkolik m\u011bs\u00edc\u016f b\u011bhem polsko-sov\u011btsk\u00e9 v\u00e1lky.\u00a0I kdy\u017e se zd\u00e1, \u017ee polsk\u00e9 veden\u00ed to up\u0159\u00edmn\u011b pova\u017euje za takzvanou \u201eproaktivn\u011b defenzivn\u00ed\u201c politiku, kritici ji mohou tak\u00e9 ozna\u010dit za region\u00e1ln\u00ed hegemonii.\u00a0V ka\u017ed\u00e9m p\u0159\u00edpad\u011b to polsk\u00fd lid stoj\u00ed celou soci\u00e1ln\u00ed strukturu pov\u00e1le\u010dn\u00e9ho obdob\u00ed a st\u00e1le v\u011bt\u0161\u00ed \u010d\u00e1st st\u00e1tn\u00edho rozpo\u010dtu.<\/span><\/p>\n<p><span>Ukrajina se fakticky st\u00e1v\u00e1 polsk\u00fdm klientsk\u00fdm st\u00e1tem, rovn\u011b\u017e podporovan\u00fdm NATO, kter\u00e9 up\u0159ednost\u0148uje tento sc\u00e9n\u00e1\u0159, proto\u017ee jeho americk\u00fd v\u016fdce to pova\u017euje za \u201esou\u010d\u00e1st b\u0159emene region\u00e1ln\u00edho veden\u00ed\u201c v jejich spole\u010dn\u00e9 z\u00e1stupn\u00e9 v\u00e1lce proti Rusku prost\u0159ednictv\u00edm t\u00e9to zem\u011b.\u00a0Kontroverze ohledn\u011b t\u00e9to velk\u00e9 strategie spo\u010d\u00edv\u00e1 v tom, \u017ee tit\u00ed\u017e Pol\u00e1ci, kte\u0159\u00ed budou nejv\u00edce p\u0159\u00edmo ovlivn\u011bni soci\u00e1ln\u011b-ekonomick\u00fdm a mo\u017en\u00e1 brzy i politick\u00fdm zp\u016fsobem, nebyli nikdy po\u017e\u00e1d\u00e1ni, aby \u201esd\u00edleli toto b\u0159emeno\u201c.\u00a0Mnoz\u00ed skute\u010dn\u011b sympatizuj\u00ed s Ukrajinci a vojenskou v\u011bc\u00ed Kyjeva, ale z\u016fst\u00e1v\u00e1 nejasn\u00e9, zda maj\u00ed v \u00famyslu nad\u00e1le pou\u017e\u00edvat sv\u00e9 dan\u011b k dotov\u00e1n\u00ed milion\u016f uprchl\u00edk\u016f ve sv\u00e9 zemi, vyzbrojov\u00e1n\u00ed Kyjeva a pravd\u011bpodobn\u00e9 rekonstrukci Ukrajiny.<\/span><\/p>\n<\/div>\n<\/div>\n<div class=\"elementor-element elementor-element-8c57238 quelle dc-has-condition dc-condition-empty elementor-widget elementor-widget-heading\" data-id=\"8c57238\" data-element_type=\"widget\" data-widget_type=\"heading.default\">\n<div class=\"elementor-widget-container\">\n<h3 class=\"elementor-heading-title elementor-size-default\"><span style=\"font-size: 8pt;\"><a href=\"https:\/\/oneworld.press\/?module=articles&amp;action=view&amp;id=2804\" target=\"_blank\" rel=\"nofollow noopener\">ZDROJ: CO VYSV\u011aTLUJE OBROVSK\u00c9 MNO\u017dSTV\u00cd POLSK\u00c9 VOJENSK\u00c9 POMOCI KYJEVU?<\/a><\/span><\/h3>\n<p>&nbsp;<\/p>\n<\/div>\n<\/div>\n","protected":false},"excerpt":{"rendered":"<p>Masivn\u00ed polsk\u00e1 vojensk\u00e1 pomoc Kyjevu dopl\u0148uje stejn\u011b masivn\u00ed socioekonomickou pomoc, kterou Polsko poskytuje milion\u016fm Ukrajinc\u016f,&#8230;<\/p>\n","protected":false},"author":2,"featured_media":9275,"comment_status":"closed","ping_status":"closed","sticky":false,"template":"","format":"standard","meta":[],"categories":[7],"tags":[39,31,26],"_links":{"self":[{"href":"https:\/\/www.infokuryr.cz\/n\/wp-json\/wp\/v2\/posts\/10232"}],"collection":[{"href":"https:\/\/www.infokuryr.cz\/n\/wp-json\/wp\/v2\/posts"}],"about":[{"href":"https:\/\/www.infokuryr.cz\/n\/wp-json\/wp\/v2\/types\/post"}],"author":[{"embeddable":true,"href":"https:\/\/www.infokuryr.cz\/n\/wp-json\/wp\/v2\/users\/2"}],"replies":[{"embeddable":true,"href":"https:\/\/www.infokuryr.cz\/n\/wp-json\/wp\/v2\/comments?post=10232"}],"version-history":[{"count":0,"href":"https:\/\/www.infokuryr.cz\/n\/wp-json\/wp\/v2\/posts\/10232\/revisions"}],"wp:featuredmedia":[{"embeddable":true,"href":"https:\/\/www.infokuryr.cz\/n\/wp-json\/wp\/v2\/media\/9275"}],"wp:attachment":[{"href":"https:\/\/www.infokuryr.cz\/n\/wp-json\/wp\/v2\/media?parent=10232"}],"wp:term":[{"taxonomy":"category","embeddable":true,"href":"https:\/\/www.infokuryr.cz\/n\/wp-json\/wp\/v2\/categories?post=10232"},{"taxonomy":"post_tag","embeddable":true,"href":"https:\/\/www.infokuryr.cz\/n\/wp-json\/wp\/v2\/tags?post=10232"}],"curies":[{"name":"wp","href":"https:\/\/api.w.org\/{rel}","templated":true}]}}