{"id":102307,"date":"2026-03-19T00:24:28","date_gmt":"2026-03-18T23:24:28","guid":{"rendered":"https:\/\/www.infokuryr.cz\/n\/?p=102307"},"modified":"2026-03-18T12:32:14","modified_gmt":"2026-03-18T11:32:14","slug":"dost-te-hysterie-o-nulovych-emisich-nova-data-z-ledovych-jader-odhaluji-zasadni-klimatickou-lez","status":"publish","type":"post","link":"https:\/\/www.infokuryr.cz\/n\/2026\/03\/19\/dost-te-hysterie-o-nulovych-emisich-nova-data-z-ledovych-jader-odhaluji-zasadni-klimatickou-lez\/","title":{"rendered":"Dost t\u00e9 hysterie o nulov\u00fdch emis\u00edch: Nov\u00e1 data z ledov\u00fdch jader odhaluj\u00ed z\u00e1sadn\u00ed klimatickou le\u017e"},"content":{"rendered":"<div id=\"fb-root\"><\/div>\n<p><strong><span dir=\"auto\">L\u017ei, dezinformace a vykonstruovan\u00e1 hororov\u00e1 \u010d\u00edsla jsou na denn\u00edm po\u0159\u00e1dku, proto\u017ee vl\u00e1dy posedl\u00e9 zm\u011bnou klimatu se sna\u017e\u00ed za ka\u017edou cenu udr\u017eet p\u0159i \u017eivot\u011b svou totalitn\u00ed agendu nulov\u00fdch \u010dist\u00fdch emisi. Nov\u00fd v\u00fdzkum a data v\u0161ak ukazuj\u00ed, \u017ee se pravd\u011bpodobn\u011b zcela m\u00fdl\u00ed.<\/span><\/strong><\/p>\n<p><span dir=\"auto\">Neust\u00e1le se n\u00e1m \u0159\u00edk\u00e1, \u017ee nejnov\u011bj\u0161\u00ed f\u00e1ze glob\u00e1ln\u00edho oteplov\u00e1n\u00ed p\u0159edstavuje existen\u010dn\u00ed hrozbu pro na\u0161i planetu. Statistiky jsou manipulov\u00e1ny, dokud nevytv\u00e1\u0159ej\u00ed k\u00fd\u017een\u00e9 hororov\u00e9 sc\u00e9n\u00e1\u0159e oteplen\u00ed o 1,7 stupn\u011b. Realita je v\u0161ak zcela jin\u00e1: Za posledn\u00edch 100 let se teploty zv\u00fd\u0161ily o pouh\u00fdch 1,1 stupn\u011b. A nyn\u00ed p\u0159ich\u00e1z\u00ed naprost\u00e1 bomba, kter\u00e1 celou klimatickou teorii vyvrac\u00ed: Nov\u00e1 data z ledov\u00fdch jader dokazuj\u00ed, \u017ee takov\u00e9 zvy\u0161ov\u00e1n\u00ed teploty bylo b\u011bhem na\u0161eho sou\u010dasn\u00e9ho tepl\u00e9ho obdob\u00ed (kter\u00e9 za\u010dalo asi p\u0159ed 20 000 lety) naprosto norm\u00e1ln\u00ed \u2013 vyskytovalo se zhruba ka\u017ed\u00e9 \u0161est\u00e9 stolet\u00ed!<\/span><\/p>\n<p><span dir=\"auto\">Nav\u00edc se podobn\u00e9 f\u00e1ze oteplov\u00e1n\u00ed opakovan\u011b vyskytovaly i p\u0159ed 150 000 lety. Nic, absolutn\u011b nic, na sou\u010dasn\u00e9m oteplov\u00e1n\u00ed nen\u00ed neobvykl\u00e9 ani p\u0159i\u010ditateln\u00e9 v\u00fdhradn\u011b lidem. Ale h\u00e1dejte, co se stane s t\u011bmito pr\u016flomov\u00fdmi zji\u0161t\u011bn\u00edmi? Klimati\u010dt\u00ed fanatici a politi\u010dt\u00ed aktivist\u00e9 je jednodu\u0161e ignoruj\u00ed, proto\u017ee neodpov\u00eddaj\u00ed jejich sv\u011bton\u00e1zoru. Rad\u011bji n\u00e1m d\u00e1l l\u017eou, aby mohli promrhat biliony dolar\u016f da\u0148ov\u00fdch poplatn\u00edk\u016f na svou centr\u00e1ln\u011b pl\u00e1novanou fantazii o nulov\u00fdch \u010dist\u00fdch emis\u00edch.<\/span><\/p>\n<p><span dir=\"auto\">A na \u010dem je zalo\u017eena v\u0161echna ta hysterie o \u00fadajn\u00fdch \u201ebodech zlomu\u201c? Na chybn\u00fdch klimatick\u00fdch modelech. Tyto po\u010d\u00edta\u010dov\u00e9 simulace se t\u00e9m\u011b\u0159 v\u017edy m\u00fdl\u00ed. Des\u00edtky let nep\u0159esn\u00fdch p\u0159edpov\u011bd\u00ed dokazuj\u00ed, \u017ee prost\u011b nedok\u00e1\u017eou vypo\u010d\u00edtat chaotick\u00e9 klima na\u0161\u00ed planety. Role mrak\u016f, slunce nebo oce\u00e1nsk\u00fdch proud\u016f je jednodu\u0161e ignorov\u00e1na. Kdy\u017e se n\u00e1m dnes \u201eodborn\u00edci\u201c sna\u017e\u00ed \u0159\u00edct, \u017ee jedin\u00e1 meteorologick\u00e1 ud\u00e1lost je zp\u016fsobena \u010dlov\u011bkem, nen\u00ed to zalo\u017eeno na v\u011bd\u011b, ale na ideologii.<\/span><\/p>\n<figure class=\"wp-block-image size-full\"><img decoding=\"async\" loading=\"lazy\" class=\"wp-image-165943 aligncenter\" src=\"https:\/\/report24.news\/wp-content\/uploads\/2026\/03\/Eisbohrkern-Daten.jpg\" sizes=\"(max-width: 947px) 100vw, 947px\" srcset=\"https:\/\/report24.news\/wp-content\/uploads\/2026\/03\/Eisbohrkern-Daten.jpg 947w, https:\/\/report24.news\/wp-content\/uploads\/2026\/03\/Eisbohrkern-Daten-768x536.jpg 768w, https:\/\/report24.news\/wp-content\/uploads\/2026\/03\/Eisbohrkern-Daten-600x419.jpg 600w\" alt=\"\" width=\"785\" height=\"548\" \/><\/figure>\n<p><span dir=\"auto\">P\u0159irozen\u00e9 kol\u00eds\u00e1n\u00ed klimatu je absolutn\u00ed no\u010dn\u00ed m\u016frou klimatick\u00fdch ideolog\u016f. Pouze jeho ignorov\u00e1n\u00edm mohou d\u00e9monizovat ne\u0161kodn\u00e9 oteplov\u00e1n\u00ed a p\u0159esv\u011bd\u010dit n\u00e1s, \u017ee m\u016f\u017eeme ovlivnit po\u010das\u00ed omezen\u00edm na\u0161ich \u017eivot\u016f a ob\u011btov\u00e1n\u00edm na\u0161\u00ed prosperity. Proto je ignorov\u00e1na nov\u00e1 studie profesora Lese Hattona. Koneckonc\u016f, bylo by nemo\u017en\u00e9 vnutit n\u00e1m marxistick\u00fd mokr\u00fd sen, kter\u00fd by n\u00e1s st\u00e1l biliony, kdyby v\u0161ichni v\u011bd\u011bli, \u017ee sou\u010dasn\u00e9 teploty jsou za posledn\u00edch 200 000 let naprosto norm\u00e1ln\u00ed!<\/span><\/p>\n<p><span dir=\"auto\">Profesor Hatton, renomovan\u00fd po\u010d\u00edta\u010dov\u00fd v\u011bdec, analyzoval data z Antarktidy sahaj\u00edc\u00ed 420 000 let do minulosti ve sv\u00e9 studii publikovan\u00e9 v \u010dasopise Science of Climate Change s n\u00e1zvem \u201e\u00a0<\/span><a href=\"https:\/\/scienceofclimatechange.org\/wp-content\/uploads\/SCC-Vol.6.1-Hatton.pdf\"><span dir=\"auto\">Je n\u00e1r\u016fst teploty o 1,1 \u00b0C za stolet\u00ed neobvykl\u00fd? Studie meziledovc\u016f v datov\u00e9 sad\u011b Epica-Vostok<\/span><\/a><span dir=\"auto\"> \u201c. Na rozd\u00edl od dne\u0161n\u00edch \u010dasto manipulovan\u00fdch dat o glob\u00e1ln\u00ed teplot\u011b \u2013 \u010dasto m\u011b\u0159en\u00fdch v bl\u00edzkosti hork\u00fdch leti\u0161tn\u00edch drah nebo sol\u00e1rn\u00edch farem a n\u00e1sledn\u011b \u201eupravovan\u00fdch\u201c \u2013 jsou tato ledov\u00e1 j\u00e1dra nezm\u011bn\u011bna. A co ukazuj\u00ed? CO2 nehraje v t\u011bchto p\u0159irozen\u00fdch v\u00fdkyvech t\u00e9m\u011b\u0159 \u017e\u00e1dnou roli! V mnoha epoch\u00e1ch se teplota a CO2 dokonce pohybovaly zcela opa\u010dn\u00fdmi sm\u011bry. Hladiny CO2 v minulosti masivn\u011b kol\u00edsaly. Kdyby klesly je\u0161t\u011b v\u00edce (pod 150 ppm), fotosynt\u00e9za by ustala a \u017eivot, jak ho zn\u00e1me dnes, by vyhasl.<\/span><\/p>\n<p><span dir=\"auto\">A\u0165 u\u017e bylo ned\u00e1vn\u00fd n\u00e1r\u016fst CO2 jak\u00fdkoli, na\u0161e planeta se za posledn\u00edch 50 let stala a\u017e o 20 procent zelen\u011bj\u0161\u00ed. Tak\u017ee nejsme na cest\u011b do pekel; jen t\u011bsn\u011b jsme unikli dal\u0161\u00ed dob\u011b ledov\u00e9. M\u011bli bychom za to b\u00fdt vd\u011b\u010dn\u00ed.<\/span><\/p>\n<p><img decoding=\"async\" loading=\"lazy\" class=\"alignnone size-full wp-image-1185\" src=\"http:\/\/www.infokuryr.cz\/n\/wp-content\/uploads\/2021\/04\/kuryr-podpis.png\" alt=\"\" width=\"84\" height=\"24\" \/><\/p>\n<p>&nbsp;<\/p>\n","protected":false},"excerpt":{"rendered":"<p>L\u017ei, dezinformace a vykonstruovan\u00e1 hororov\u00e1 \u010d\u00edsla jsou na denn\u00edm po\u0159\u00e1dku, proto\u017ee vl\u00e1dy posedl\u00e9 zm\u011bnou klimatu&#8230;<\/p>\n","protected":false},"author":2,"featured_media":102308,"comment_status":"closed","ping_status":"closed","sticky":false,"template":"","format":"standard","meta":[],"categories":[7],"tags":[2692,28,1490,1102,851,839],"_links":{"self":[{"href":"https:\/\/www.infokuryr.cz\/n\/wp-json\/wp\/v2\/posts\/102307"}],"collection":[{"href":"https:\/\/www.infokuryr.cz\/n\/wp-json\/wp\/v2\/posts"}],"about":[{"href":"https:\/\/www.infokuryr.cz\/n\/wp-json\/wp\/v2\/types\/post"}],"author":[{"embeddable":true,"href":"https:\/\/www.infokuryr.cz\/n\/wp-json\/wp\/v2\/users\/2"}],"replies":[{"embeddable":true,"href":"https:\/\/www.infokuryr.cz\/n\/wp-json\/wp\/v2\/comments?post=102307"}],"version-history":[{"count":0,"href":"https:\/\/www.infokuryr.cz\/n\/wp-json\/wp\/v2\/posts\/102307\/revisions"}],"wp:featuredmedia":[{"embeddable":true,"href":"https:\/\/www.infokuryr.cz\/n\/wp-json\/wp\/v2\/media\/102308"}],"wp:attachment":[{"href":"https:\/\/www.infokuryr.cz\/n\/wp-json\/wp\/v2\/media?parent=102307"}],"wp:term":[{"taxonomy":"category","embeddable":true,"href":"https:\/\/www.infokuryr.cz\/n\/wp-json\/wp\/v2\/categories?post=102307"},{"taxonomy":"post_tag","embeddable":true,"href":"https:\/\/www.infokuryr.cz\/n\/wp-json\/wp\/v2\/tags?post=102307"}],"curies":[{"name":"wp","href":"https:\/\/api.w.org\/{rel}","templated":true}]}}