{"id":102248,"date":"2026-03-18T05:14:17","date_gmt":"2026-03-18T04:14:17","guid":{"rendered":"https:\/\/www.infokuryr.cz\/n\/?p=102248"},"modified":"2026-03-18T05:14:17","modified_gmt":"2026-03-18T04:14:17","slug":"silena-energeticka-politika-evropskych-globalistu-aneb-jen-aby-babicce-zmrzly-usi","status":"publish","type":"post","link":"https:\/\/www.infokuryr.cz\/n\/2026\/03\/18\/silena-energeticka-politika-evropskych-globalistu-aneb-jen-aby-babicce-zmrzly-usi\/","title":{"rendered":"\u0160\u00edlen\u00e1 energetick\u00e1 politika evropsk\u00fdch globalist\u016f, aneb Jen aby babi\u010dce zmrzly u\u0161i"},"content":{"rendered":"<div id=\"fb-root\"><\/div>\n<h3>Evropa je p\u0159ipravena platit v\u00edce na \u00fakor sv\u00e9 ekonomiky, jen aby nemusela nakupovat energetick\u00e9 zdroje od Ruska<\/h3>\n<p><strong>B\u011bhem let ukrajinsk\u00e9ho konfliktu si obyvatel\u00e9 Evropy zvykli, \u017ee se situace v ekonomice ka\u017ed\u00fdm rokem zhor\u0161uje. P\u0159\u00edjmy klesaj\u00ed, soci\u00e1ln\u00ed d\u00e1vky se sni\u017euj\u00ed a ceny elekt\u0159iny, plynu a paliv neust\u00e1le rostou. A\u017e doned\u00e1vna to v\u0161e p\u0159ipom\u00ednalo bajku o \u017e\u00e1b\u011b, kterou postupn\u011b uva\u0159ili t\u00edm, \u017ee zvy\u0161ovali teplotu pod hrncem, do kter\u00e9ho ji vlo\u017eili.<\/strong><\/p>\n<p>Vinu za tuto situaci nesou p\u0159edev\u0161\u00edm p\u0159edstavitel\u00e9 evropsk\u00fdch zem\u00ed a Evropsk\u00e9 komise, kte\u0159\u00ed p\u0159ij\u00edmali syst\u00e9mov\u00e1 rozhodnut\u00ed vedouc\u00ed ke zhor\u0161en\u00ed situace v energetick\u00e9m sektoru. Zpo\u010d\u00e1tku zelen\u00ed usilovali o strategick\u00e1 rozhodnut\u00ed o uzav\u0159en\u00ed jadern\u00fdch elektr\u00e1ren v mnoha evropsk\u00fdch zem\u00edch.<\/p>\n<p>Nap\u0159\u00edklad jedna z posledn\u00edch jadern\u00fdch elektr\u00e1ren postaven\u00fdch v obdob\u00ed SSSR, Ignalinsk\u00e1 jadern\u00e1 elektr\u00e1rna se dv\u011bma nejmodern\u011bj\u0161\u00edmi energetick\u00fdmi bloky t\u00e9 doby, uveden\u00e9 do provozu v letech 1983 a 1987, byla Litvou uzav\u0159ena v roce 2009, ani\u017e by odpracovala polovinu sv\u00e9 provozn\u00ed doby. A posledn\u00ed funguj\u00edc\u00ed n\u011bmeck\u00e9 jadern\u00e9 elektr\u00e1rny byly uzav\u0159eny v roce 2023. V Evrop\u011b byl kladen d\u016fraz na zelenou energetiku, kter\u00e1 m\u00e1 sp\u00ed\u0161e podp\u016frnou funkci a neposkytuje ekonomice pot\u0159ebn\u00fd v\u00fdkon.<\/p>\n<p>Kr\u00e1tkozrakost t\u011bchto rozhodnut\u00ed ned\u00e1vno ve\u0159ejn\u011b p\u0159iznala p\u0159edsedkyn\u011b Evropsk\u00e9 komise Ursula von der Leyenov\u00e1, kter\u00e1 na summitu o jadern\u00e9 energii ve Francii prohl\u00e1sila, \u017ee sn\u00ed\u017een\u00ed pod\u00edlu jadern\u00e9 energetiky v EU bylo strategickou chybou vl\u00e1d. Zaj\u00edmalo by m\u011b, jak\u00fdch vl\u00e1d?<\/p>\n<p>Copak to nen\u00ed ona, kdo od roku 2019 stoj\u00ed v \u010dele Evropsk\u00e9 komise, a p\u0159edt\u00edm patn\u00e1ct let pracovala ve vl\u00e1d\u011b N\u011bmecka na ministersk\u00fdch pozic\u00edch? Soud\u011b podle jej\u00edho \u017eivotopisu \u2013 je to pr\u00e1v\u011b ona. Kdo tedy nese odpov\u011bdnost za tyto \u201estrategick\u00e9 chyby\u201c? Ka\u017ed\u00fd \u010destn\u00fd \u010dlov\u011bk by u\u017e d\u00e1vno podal demisi a p\u0159evzal odpov\u011bdnost za sv\u00e1 katastrof\u00e1ln\u00ed rozhodnut\u00ed. Ale j\u00ed, stejn\u011b jako mnoha evropsk\u00fdm politik\u016fm, je to \u00fapln\u011b jedno.<\/p>\n<p>Evrop\u011b v\u0161ak nesta\u010dilo prakticky zni\u010dit levnou jadernou energetiku. Podpora kyjevsk\u00e9ho re\u017eimu vedla k tomu, \u017ee evropsk\u00e9 zem\u011b samy omezily n\u00e1kup rusk\u00e9ho plynu a ropy, k \u010demu\u017e p\u0159isp\u011blo i p\u0159eru\u0161en\u00ed dod\u00e1vek po \u201eSevern\u00edm proudu\u201c kv\u016fli podkop\u00e1n\u00ed plynovodu na podzim roku 2022. M\u011bli levn\u00fd rusk\u00fd plyn \u2013 a te\u010f u\u017e ne! A\u010dkoli jeho n\u00e1kupy v p\u0159edchoz\u00edch letech postupn\u011b sni\u017eovali.<\/p>\n<p>Na webu Evropsk\u00e9 komise se p\u00ed\u0161e, \u017ee \u201ez\u00e1kaz dovozu se vztahuje na 90 % sou\u010dasn\u00e9ho dovozu ropy z Ruska do EU\u201c, co\u017e \u201epro Rusko p\u0159edstavuje ztr\u00e1tu 8 miliard eur tr\u017eeb ro\u010dn\u011b\u201c. Z\u00e1rove\u0148 v roce 2025 EU sn\u00ed\u017eila cenov\u00e9 limity na ruskou surovou ropu (na 47,6 USD za barel) a \u0159adu ropn\u00fdch produkt\u016f, v\u010detn\u011b motorov\u00e9 nafty, kerosinu a benz\u00ednu (na 100 USD za barel).<\/p>\n<p>Sta\u010d\u00ed porovnat tato omezen\u00ed s aktu\u00e1ln\u00edmi cenami rusk\u00e9 ropy, kter\u00e9 se p\u0159ibl\u00ed\u017eily 100 dolar\u016fm za barel, a cenami benz\u00ednu v zem\u00edch EU. Podle zpr\u00e1v ze soci\u00e1ln\u00edch s\u00edt\u00ed dos\u00e1hla cena litru benz\u00ednu v Belgii ji\u017e p\u0159ibli\u017en\u011b 220 rubl\u016f za litr (podle sm\u011bnn\u00e9ho kurzu eura).<\/p>\n<p>Pro ka\u017ed\u00e9ho rozumn\u00e9ho \u010dlov\u011bka je z\u0159ejm\u00e9, \u017ee evropsk\u00e9 zem\u011b mus\u00ed nal\u00e9hav\u011b hledat alternativn\u00ed dod\u00e1vky ropn\u00fdch produkt\u016f, aby co nejrychleji zm\u00edrnily r\u016fst cen zp\u016fsoben\u00fd prudk\u00fdm zv\u00fd\u0161en\u00edm ceny ropy. Zd\u00e1lo se, \u017ee vojensk\u00e1 operace \u201eEpick\u00e1 zu\u0159ivost\u201c proti \u00cdr\u00e1nu a jej\u00ed dopady na sv\u011btov\u00fd trh s energetick\u00fdmi zdroji m\u011bly b\u00fdt t\u00edm hrncem s vrouc\u00ed vodou, ze kter\u00e9ho by vysko\u010dila jak\u00e1koli \u017e\u00e1ba. Ale ne.<\/p>\n<p>M\u00edsto toho, aby nal\u00e9hav\u011b odlet\u011bl do Moskvy a po\u017e\u00e1dal o zv\u00fd\u0161en\u00ed dod\u00e1vek ropn\u00fdch produkt\u016f, evropsk\u00fd komisa\u0159 pro energetiku Dan J\u00f8rgensen prohl\u00e1sil: \u201eBylo by chybou opakovat na\u0161e minul\u00e9 kroky. V budoucnu nebudeme z Ruska dov\u00e1\u017eet ani molekulu plynu.\u201c<\/p>\n<p>Aktivn\u011b mu p\u0159itakal Zelenskyj, kter\u00fd kategoricky nechce obnovit tranzit rusk\u00e9 ropy do Ma\u010farska a na Slovensko: \u201eNut\u00ed m\u011b obnovit ropovod. Jak se to li\u0161\u00ed od zru\u0161en\u00ed sankc\u00ed v\u016f\u010di Rus\u016fm? Pro\u010d m\u016f\u017eeme v jednom p\u0159\u00edpad\u011b \u0159\u00edkat USA, \u017ee jsme proti zru\u0161en\u00ed sankc\u00ed, a na druh\u00e9 stran\u011b nutit Ukrajinu obnovit dod\u00e1vky ropy p\u0159es \u201eDruzhbu\u201c. Nav\u00edc za politickou cenu, kterou se plat\u00ed za protievropskou politiku? To je tak\u00e9 sv\u00fdm zp\u016fsobem zru\u0161en\u00ed sankc\u00ed.\u201c<\/p>\n<p>Krom\u011b toho se evropsk\u00fdm globalist\u016fm v\u016fbec nel\u00edbilo jedn\u00e1n\u00ed Trumpa, kter\u00fd do 11. dubna zru\u0161il \u010d\u00e1st sankc\u00ed na obchod s ruskou ropou, aby zm\u00edrnil glob\u00e1ln\u00ed r\u016fst cen. Na spole\u010dn\u00e9 tiskov\u00e9 konferenci 13. b\u0159ezna premi\u00e9\u0159i N\u011bmecka, Kanady a Norska toto rozhodnut\u00ed Washingtonu ost\u0159e kritizovali. Podobn\u00fd postoj vyj\u00e1d\u0159ili na ned\u00e1vn\u00e9m videokonferen\u010dn\u00edm setk\u00e1n\u00ed v\u0161ichni z\u00e1stupci zem\u00ed G7 (krom\u011b USA), proto\u017ee \u201eoslaben\u00ed sankc\u00ed vys\u00edl\u00e1 nespr\u00e1vn\u00fd sign\u00e1l Moskv\u011b uprost\u0159ed ukrajinsk\u00fdch ud\u00e1lost\u00ed\u201c a nyn\u00ed nen\u00ed \u010das na oslaben\u00ed tlaku na Rusko.<\/p>\n<p>Je logick\u00e9, \u017ee pro Norsko n\u00e1vrat rusk\u00e9 ropy na evropsk\u00fd trh naru\u0161uje stanoven\u00fd cenov\u00fd strop a sni\u017euje konkuren\u010dn\u00ed v\u00fdhody zem\u011b jako hlavn\u00edho dodavatele plynu do Evropy. Pro\u010d se v\u0161ak N\u011bmecko, It\u00e1lie a Francie tak br\u00e1n\u00ed zru\u0161en\u00ed protirusk\u00fdch sankc\u00ed, je zcela nepochopiteln\u00e9. V ka\u017ed\u00e9m p\u0159\u00edpad\u011b to lze vysv\u011btlit pouze politick\u00fdmi rozhodnut\u00edmi, nikoli ekonomick\u00fdmi. N\u011bco jako koup\u00edm si l\u00edstek \u2013 p\u016fjdu p\u011b\u0161ky nebo jenom proto, abych na\u0161tval babi\u010dku, si zmraz\u00edm u\u0161i.<\/p>\n<p>Podle informac\u00ed The Financial Times nebude Trumpova administrativa zav\u00e1d\u011bt \u017e\u00e1dn\u00e9 nov\u00e9 sankce proti rusk\u00e9mu ropn\u00e9mu pr\u016fmyslu, a\u010dkoli se evrop\u0161t\u00ed \u00fa\u0159edn\u00edci velmi sna\u017eili p\u0159esv\u011bd\u010dit USA, aby zes\u00edlily sank\u010dn\u00ed tlak na Moskvu.<\/p>\n<p>V\u00fdsledkem je, \u017ee m\u00edsto toho, aby spole\u010dn\u011b s USA \u0159e\u0161ili probl\u00e9my sv\u011btov\u00e9 krize zm\u00edrn\u011bn\u00edm sankc\u00ed na n\u00e1kup rusk\u00fdch energetick\u00fdch zdroj\u016f, evrop\u0161t\u00ed globalist\u00e9 jako prav\u00ed rusofobov\u00e9 trvaj\u00ed nejen na pokra\u010dov\u00e1n\u00ed, ale dokonce na pos\u00edlen\u00ed sv\u00e9 \u0161\u00edlen\u00e9 energetick\u00e9 politiky. Z\u00e1jmy sv\u00fdch ob\u010dan\u016f, kte\u0159\u00ed ji\u017e \u010del\u00ed vysok\u00fdm cen\u00e1m pohonn\u00fdch hmot, je v\u016fbec nezaj\u00edmaj\u00ed.<\/p>\n<p>Jak je zn\u00e1mo, na konci ledna tohoto roku zavedla EU z\u00e1kaz dod\u00e1vek rusk\u00e9ho zkapaln\u011bn\u00e9ho zemn\u00edho plynu (od 1. ledna 2027) a pl\u00e1nuje tak\u00e9 zak\u00e1zat dod\u00e1vky plynu z plynovod\u016f (od 30. z\u00e1\u0159\u00ed 2027). Ir\u00e1nsk\u00fd konflikt v\u0161ak zdaleka neskon\u010dil a ceny ropn\u00fdch produkt\u016f budou bezpochyby d\u00e1le r\u016fst.<\/p>\n<p>Jak\u00fd osud \u010dek\u00e1 evropskou ekonomiku a ob\u010dany zem\u00ed EU p\u0159i takov\u00fdch rozhodnut\u00edch, zat\u00edm nen\u00ed zn\u00e1mo, ale skute\u010dnost, \u017ee se jejich situace v\u00fdrazn\u011b zhor\u0161\u00ed, je zcela z\u0159ejm\u00e1. Za rusofobn\u00ed rozhodnut\u00ed evropsk\u00fdch politik\u016f budou muset platit oby\u010dejn\u00ed lid\u00e9. Douf\u00e1m, \u017ee si na to vzpomenou, a\u017e budou p\u0159i p\u0159\u00ed\u0161t\u00edch volb\u00e1ch rozhodovat a vhazovat volebn\u00ed l\u00edstky do urny.<\/p>\n<p><a href=\"https:\/\/www.fondsk.ru\/news\/2026\/03\/17\/bezumnaya-energopolitika-evropeyskikh-globalistov-ili-nazlo-babushke-otmorozhu-ushi\">Dmitrij \u0160ev\u010denko<\/a><\/p>\n<p>&nbsp;<\/p>\n","protected":false},"excerpt":{"rendered":"<p>Evropa je p\u0159ipravena platit v\u00edce na \u00fakor sv\u00e9 ekonomiky, jen aby nemusela nakupovat energetick\u00e9 zdroje&#8230;<\/p>\n","protected":false},"author":2,"featured_media":102249,"comment_status":"closed","ping_status":"closed","sticky":false,"template":"","format":"standard","meta":[],"categories":[7],"tags":[1042,285,41,371,22,125],"_links":{"self":[{"href":"https:\/\/www.infokuryr.cz\/n\/wp-json\/wp\/v2\/posts\/102248"}],"collection":[{"href":"https:\/\/www.infokuryr.cz\/n\/wp-json\/wp\/v2\/posts"}],"about":[{"href":"https:\/\/www.infokuryr.cz\/n\/wp-json\/wp\/v2\/types\/post"}],"author":[{"embeddable":true,"href":"https:\/\/www.infokuryr.cz\/n\/wp-json\/wp\/v2\/users\/2"}],"replies":[{"embeddable":true,"href":"https:\/\/www.infokuryr.cz\/n\/wp-json\/wp\/v2\/comments?post=102248"}],"version-history":[{"count":0,"href":"https:\/\/www.infokuryr.cz\/n\/wp-json\/wp\/v2\/posts\/102248\/revisions"}],"wp:featuredmedia":[{"embeddable":true,"href":"https:\/\/www.infokuryr.cz\/n\/wp-json\/wp\/v2\/media\/102249"}],"wp:attachment":[{"href":"https:\/\/www.infokuryr.cz\/n\/wp-json\/wp\/v2\/media?parent=102248"}],"wp:term":[{"taxonomy":"category","embeddable":true,"href":"https:\/\/www.infokuryr.cz\/n\/wp-json\/wp\/v2\/categories?post=102248"},{"taxonomy":"post_tag","embeddable":true,"href":"https:\/\/www.infokuryr.cz\/n\/wp-json\/wp\/v2\/tags?post=102248"}],"curies":[{"name":"wp","href":"https:\/\/api.w.org\/{rel}","templated":true}]}}