{"id":102246,"date":"2026-03-18T00:49:38","date_gmt":"2026-03-17T23:49:38","guid":{"rendered":"https:\/\/www.infokuryr.cz\/n\/?p=102246"},"modified":"2026-03-17T19:28:13","modified_gmt":"2026-03-17T18:28:13","slug":"karel-strakos-ego-trump-a-mrtve-deti-ze-shajarah-tayyebeh","status":"publish","type":"post","link":"https:\/\/www.infokuryr.cz\/n\/2026\/03\/18\/karel-strakos-ego-trump-a-mrtve-deti-ze-shajarah-tayyebeh\/","title":{"rendered":"Karel Strako\u0161: Ego, Trump a mrtv\u00e9 d\u011bti ze Shajarah Tayyebeh."},"content":{"rendered":"<div id=\"fb-root\"><\/div>\n<p>Sv\u011bt se zhroutil tak potichu, \u017ee si toho nikdo ani nev\u0161imnul.<\/p>\n<p>Uprost\u0159ed trosek sed\u011bl mu\u017e. Nebyl to kr\u00e1l, ani boh\u00e9m nebo d\u00e9mon.<\/p>\n<p><img decoding=\"async\" loading=\"lazy\" class=\"aligncenter\" src=\"https:\/\/scontent.fprg4-1.fna.fbcdn.net\/v\/t39.30808-6\/650671992_26209745711969539_4015875478377296454_n.jpg?_nc_cat=106&amp;ccb=1-7&amp;_nc_sid=7b2446&amp;_nc_ohc=hU0jR4yKwnUQ7kNvwH6WWos&amp;_nc_oc=AdnY4Ar4yFJf4kq1AwHhtQDVLjSVwm-CYzaciWj5mCRcYF6HQI14cxqqf3jnJzSnmuE&amp;_nc_zt=23&amp;_nc_ht=scontent.fprg4-1.fna&amp;_nc_gid=0hF5Yypr2jOfIfodtSL73A&amp;_nc_ss=8&amp;oh=00_AfxFGnt7GeiyD5zFNZkTpodQP2UxAz7iZBFrDO8EBeBwXg&amp;oe=69BF8987\" alt=\"M\u016f\u017ee j\u00edt o obr\u00e1zek sup\" width=\"613\" height=\"920\" \/><\/p>\n<p>Jen vlastnil ego tak velk\u00e9, \u017ee se do n\u011bj u\u017e neve\u0161la \u017e\u00e1dn\u00e1 realita.<\/p>\n<p>Sed\u011bl na tr\u016fn\u011b, kter\u00fd nebyl z kovu ani ze zlata, ale byl postaven ze samotn\u00e9 pr\u00e1zdnoty, kterou jeho ego vyplnilo svou p\u0159\u00edtomnost\u00ed.<\/p>\n<p>B\u016fh le\u017eel vedle tr\u016fnu mrtv\u00fd v prachu d\u011bjin.<\/p>\n<p>Trump, zt\u011blesn\u011bn\u00ed v\u0161ech p\u00fdch, v\u0161ech pohrd\u00e1n\u00ed, v\u0161ech sv\u011btsk\u00fdch v\u00edt\u011bzstv\u00ed.<\/p>\n<p>Tv\u00e1\u0159 m\u011bl oran\u017eovou jako ne\u00f3nov\u00e9 sv\u011btlo, hlas hromov\u00fd, ale pr\u00e1zdn\u00fd a o\u010di byly jako studna, kde nedohl\u00e9dne\u0161 na dno.<\/p>\n<p>Nad v\u0161\u00edm krou\u017eil havran.<\/p>\n<p>\u201eVid\u00ed\u0161, co se stalo?\u201c zakr\u00e1kal. \u201eTen, kdo m\u011bl b\u00fdt jen \u010dlov\u011bk, stal se samotnou katastrofou. V\u0161e, co zabil, nen\u00ed jen \u010d\u00edslo. Je to St\u00edn, kter\u00fd ho bude pron\u00e1sledovat v\u011b\u010dn\u011b.\u201c<\/p>\n<p>St\u00edn mrtv\u00fdch d\u011bt\u00ed ze Shajarah Tayyebeh.<\/p>\n<p>Mal\u00e9 tv\u00e1\u0159e, mal\u00e9 ruce, o\u010di pln\u00e9 nevinnosti.<\/p>\n<p>Ka\u017ed\u00e1 smrt je nit\u00ed, kter\u00e1 se kolem n\u011bho ovinula.<\/p>\n<p>A on se p\u0159esto sm\u011bje, proto\u017ee si nikdy nep\u0159ipustil tu bolest, kterou zp\u016fsobil.<\/p>\n<p>\u201eTak tohle je konec sv\u011bta?\u201c zeptal se havran.<\/p>\n<p>\u201eNe,\u201c \u0159ekl kolemjdouc\u00ed v rozedran\u00e9m kab\u00e1t\u011b, jeho\u017e o\u010di m\u011bly v sob\u011b v\u0161echna zklam\u00e1n\u00ed lidstva. \u201eTohle je jen maska zla. Nic v\u00edc. A nic m\u00e9n\u011b.\u201c<\/p>\n<p>Ale Trump je nevn\u00edmal.<\/p>\n<p>Vn\u00edmal jen sv\u00e9 my\u0161lenky. Mili\u00f3ny my\u0161lenek, kter\u00e9 p\u0159eskakovaly sem a tam a na\u0161ept\u00e1valy mu: \u201eJsi velik\u00fd. Jsi v\u00edt\u011bz. Ty m\u016f\u017ee\u0161 v\u0161echno.\u201c<\/p>\n<p>On nepot\u0159eboval radost, smutek, ani pochopen\u00ed.<\/p>\n<p>Pot\u0159eboval jen obdiv. A sv\u011bt ho mu\u010dil, proto\u017ee se mu m\u00e1lo klan\u011bl.<\/p>\n<p>Kolemjdouc\u00ed se napil absintu.<\/p>\n<p>\u201ePravda je mrtv\u00e1. Mor\u00e1lka je mrtv\u00e1. A on to pochopil. On se j\u00edm ob\u011bma vysm\u00edv\u00e1. To je jeho triumf. Ten \u010dlov\u011bk dok\u00e1zal p\u0159evr\u00e1tit sv\u011bt v cirkus smrti a lid\u00e9 mu je\u0161t\u011b tleskaj\u00ed. A B\u016fh? Ten u\u017e d\u00e1vno um\u0159el, proto\u017ee kdyby tady je\u0161t\u011b n\u011bkde byl, zabil by ho s\u00e1m.\u201c<\/p>\n<p>A pak p\u0159i\u0161la temnota.<\/p>\n<p>Nebyla to \u017e\u00e1dn\u00e1 n\u00e1hoda.<\/p>\n<p>Byla to temnota mrtv\u00fdch, temnota v\u0161ech, jejich\u017e \u017eivoty byly uml\u010deny jeho rozhodnut\u00edm.<\/p>\n<p>Pomal\u00e1, tich\u00e1, neodvratn\u00e1 a St\u00edn t\u00e9 temnoty ho za\u010dal polykat.<\/p>\n<p>Jeho Ego se sna\u017eilo k\u0159i\u010det, sna\u017eilo se obh\u00e1jit, sna\u017eilo se vytvo\u0159it dal\u0161\u00ed my\u0161lenky, dal\u0161\u00ed tr\u016fny, dal\u0161\u00ed sv\u011bty, kde by mohlo panovat.<\/p>\n<p>Ale St\u00edn byl v\u0161ude. Pod rukama, v o\u010d\u00edch, v ka\u017ed\u00e9 my\u0161lence, kter\u00e1 mu \u0161eptala pravdu, kterou nikdy necht\u011bl sly\u0161et.<\/p>\n<p>\u201eJ\u00e1 jsem v\u00edt\u011bz,\u201c k\u0159i\u010delo Ego.<\/p>\n<p>\u201eJ\u00e1 jsem pravda, a ty jsi v\u0161echno, co je \u0161patn\u011b. Ty jsi vrah. Ty jsi ta pr\u00e1zdnota. A j\u00e1 t\u011b nikdy nenech\u00e1m zapomenout.\u201c \u0161eptal St\u00edn.<\/p>\n<p>Havran p\u0159el\u00e9tl kolem a v\u0161e zalilo ticho.<\/p>\n<p>Ticho d\u011bt\u00ed, kter\u00e9 tam le\u017eely roztrhan\u00e9 mezi sutinami, jejich hra\u010dky zapr\u00e1\u0161en\u00e9, jejich sny p\u0159eru\u0161en\u00e9 tak n\u00e1hle, jako kdy\u017e n\u011bkdo zhasne sv\u011btlo.<\/p>\n<p>Mal\u00e9 st\u00edny se zvedly ze zem\u011b a za\u010daly stoupat k nebi.<\/p>\n<p>Ego se st\u00e1hlo do sebe.<\/p>\n<p>Ale St\u00edn u\u017e nem\u011bl kam zmizet.<\/p>\n<p>Byl v\u011b\u010dn\u00fd.<\/p>\n<p>Byl pam\u011bt\u00ed t\u011bch, kte\u0159\u00ed zem\u0159eli.<\/p>\n<p>A Ego, kter\u00e9 se pova\u017eovalo za boha, bylo nakonec jen pr\u00e1zdnou sko\u0159\u00e1pkou, obkl\u00ed\u010den\u00e9 pravdou, kter\u00e9 nikdy nemohlo uniknout.<\/p>\n<p>A v\u0161ichni d\u00e9moni v pekle za\u010dali tleskat, proto\u017ee pochopili n\u011bco d\u011bsiv\u00e9ho.<\/p>\n<p>\u017de n\u011bkdy nen\u00ed nejv\u011bt\u0161\u00edm zlem nen\u00e1vist, ale pr\u00e1zdnota, kter\u00e1 se prohl\u00e1s\u00ed za velikost.<\/p>\n<p>A lid\u00e9 j\u00ed uv\u011b\u0159\u00ed.<\/p>\n<p>Tu se zpoza ruin objevil velk\u00fd kocour, \u010dern\u00fd jako noc po poprav\u011b, s o\u010dima pln\u00fdmi ironie. Sedl si vedle havrana a zap\u00e1lil si cigaretu.<\/p>\n<p>\u201eTohle je tedy ta slavn\u00e1 lidsk\u00e1 civilizace?\u201c zam\u0148oukal.<\/p>\n<p>Havran pokr\u010dil k\u0159\u00eddly.<\/p>\n<p>\u201eAno. Trag\u00e9die psan\u00e1 klauny.\u201c<\/p>\n<p>Kocour se zad\u00edval na mrtv\u00e9ho Boha.<\/p>\n<p>\u201eMysl\u00ed\u0161, \u017ee je\u0161t\u011b n\u011bkdy vstane?\u201c<\/p>\n<p>\u201eNev\u00edm,\u201c odpov\u011bd\u011bl havran, \u201emo\u017en\u00e1 jednou, a\u017e si uv\u011bdom\u00ed co sp\u00e1chal a dostihne ho sv\u011bdom\u00ed.\u201c<\/p>\n<p>Kocour se rozesm\u00e1l tak hlasit\u011b, a\u017e se trosky sv\u011bta ot\u0159\u00e1saly.<\/p>\n<p>Havran vzl\u00e9tl nad ten lidsk\u00fd bordel a zakr\u00e1kal posledn\u00ed v\u011btu:<\/p>\n<p>\u201eNejv\u011bt\u0161\u00ed trag\u00e9die lidstva nen\u00ed tyran.<\/p>\n<p>Nejv\u011bt\u0161\u00ed trag\u00e9die jsou lid\u00e9, kte\u0159\u00ed mu dovolili hr\u00e1t si na spasitele.\u201c<\/p>\n<p>A n\u011bkde v prachu d\u011bjin se mrtv\u00fd B\u016fh ani nepohnul.<\/p>\n<p><a href=\"https:\/\/www.facebook.com\/karel.strakos.79\">Karel Strako\u0161<\/a><\/p>\n<p>&nbsp;<\/p>\n","protected":false},"excerpt":{"rendered":"<p>Sv\u011bt se zhroutil tak potichu, \u017ee si toho nikdo ani nev\u0161imnul. Uprost\u0159ed trosek sed\u011bl mu\u017e&#8230;.<\/p>\n","protected":false},"author":2,"featured_media":102247,"comment_status":"closed","ping_status":"closed","sticky":false,"template":"","format":"standard","meta":[],"categories":[6],"tags":[245,1352,1503,184],"_links":{"self":[{"href":"https:\/\/www.infokuryr.cz\/n\/wp-json\/wp\/v2\/posts\/102246"}],"collection":[{"href":"https:\/\/www.infokuryr.cz\/n\/wp-json\/wp\/v2\/posts"}],"about":[{"href":"https:\/\/www.infokuryr.cz\/n\/wp-json\/wp\/v2\/types\/post"}],"author":[{"embeddable":true,"href":"https:\/\/www.infokuryr.cz\/n\/wp-json\/wp\/v2\/users\/2"}],"replies":[{"embeddable":true,"href":"https:\/\/www.infokuryr.cz\/n\/wp-json\/wp\/v2\/comments?post=102246"}],"version-history":[{"count":0,"href":"https:\/\/www.infokuryr.cz\/n\/wp-json\/wp\/v2\/posts\/102246\/revisions"}],"wp:featuredmedia":[{"embeddable":true,"href":"https:\/\/www.infokuryr.cz\/n\/wp-json\/wp\/v2\/media\/102247"}],"wp:attachment":[{"href":"https:\/\/www.infokuryr.cz\/n\/wp-json\/wp\/v2\/media?parent=102246"}],"wp:term":[{"taxonomy":"category","embeddable":true,"href":"https:\/\/www.infokuryr.cz\/n\/wp-json\/wp\/v2\/categories?post=102246"},{"taxonomy":"post_tag","embeddable":true,"href":"https:\/\/www.infokuryr.cz\/n\/wp-json\/wp\/v2\/tags?post=102246"}],"curies":[{"name":"wp","href":"https:\/\/api.w.org\/{rel}","templated":true}]}}