{"id":102238,"date":"2026-03-18T00:47:09","date_gmt":"2026-03-17T23:47:09","guid":{"rendered":"https:\/\/www.infokuryr.cz\/n\/?p=102238"},"modified":"2026-03-17T19:21:39","modified_gmt":"2026-03-17T18:21:39","slug":"imperium-ztraci-kontrolu-dusledky","status":"publish","type":"post","link":"https:\/\/www.infokuryr.cz\/n\/2026\/03\/18\/imperium-ztraci-kontrolu-dusledky\/","title":{"rendered":"Imp\u00e9rium ztr\u00e1c\u00ed kontrolu \u2013 D\u016fsledky"},"content":{"rendered":"<div id=\"fb-root\"><\/div>\n<p><strong><span dir=\"auto\">Povede tento v\u00e1\u017en\u00fd chybn\u00fd odhad Spojen\u00fdch st\u00e1t\u016f k p\u00e1du Izraele a ztr\u00e1t\u011b americk\u00e9ho vlivu na Bl\u00edzk\u00e9m v\u00fdchod\u011b?<\/span><\/strong><\/p>\n<h3 class=\"wp-block-heading\"><strong><span dir=\"auto\">Zaveden\u00ed<\/span><\/strong><\/h3>\n<p><span dir=\"auto\">N\u011bkte\u0159\u00ed pova\u017eovali anal\u00fdzu uvedenou v na\u0161em \u010dl\u00e1nku \u201e\u00a0<\/span><em><a title=\"\" href=\"https:\/\/forumgeopolitica.com\/article\/attack-on-iran-the-defining-turning-point-of-21st-century-history\" target=\"_blank\" rel=\"noopener\"><span dir=\"auto\">\u00datok na \u00cdr\u00e1n: Rozhoduj\u00edc\u00ed bod zlomu v d\u011bjin\u00e1ch 21. stolet\u00ed<\/span><\/a><\/em><span dir=\"auto\">\u00a0\u201c za p\u0159ehnanou; zd\u00e1 se v\u0161ak, \u017ee jsme m\u011bli pravdu: nejv\u011bt\u0161\u00ed geopolitick\u00fd omyl 21. stolet\u00ed doposud \u2013 nejnov\u011bj\u0161\u00ed v s\u00e9rii neuv\u00e1\u017een\u00fdch rozhodnut\u00ed \u2013 p\u0159ekresl\u00ed mapu Bl\u00edzk\u00e9ho v\u00fdchodu. Hr\u00e1\u010di, kte\u0159\u00ed budou z\u00edtra dominovat rozhodov\u00e1n\u00ed v jednom z hlavn\u00edch energetick\u00fdch a dopravn\u00edch uzl\u016f sv\u011bta, nebudou ti, kter\u00e9 zn\u00e1me dnes. Zlom ve sv\u011btov\u00fdch d\u011bjin\u00e1ch \u2013 pro Z\u00e1pad nemysliteln\u00fd \u2013 pr\u00e1v\u011b prob\u00edh\u00e1.<\/span><\/p>\n<p><span dir=\"auto\">V tomto \u010dl\u00e1nku se zam\u00fd\u0161l\u00edm nad d\u016fsledky tohoto nesmysln\u00e9ho \u00fatoku. Zd\u00e1 se, \u017ee samotn\u00e1 existence Izraele jako sionistick\u00e9ho projektu \u2013 a tedy i jako st\u00e1tu v jeho sou\u010dasn\u00e9 podob\u011b \u2013 je nyn\u00ed zpochyb\u0148ov\u00e1na. Nav\u00edc v sou\u010dasn\u00e9 dob\u011b nevid\u00edme \u017e\u00e1dn\u00fd zp\u016fsob, jak by si Spojen\u00e9 st\u00e1ty mohly udr\u017eet svou moc na Bl\u00edzk\u00e9m v\u00fdchod\u011b. Jejich vojensk\u00e1 infrastruktura z\u00e1vis\u00ed na st\u00e1tech Persk\u00e9ho z\u00e1livu, jejich\u017e samotn\u00e1 existence je ohro\u017eena jejich bl\u00edzkost\u00ed ke Spojen\u00fdm st\u00e1t\u016fm. Uv\u011bdomily si, \u017ee Spojen\u00e9 st\u00e1ty je nemohou ochr\u00e1nit \u2013 a ani necht\u011bj\u00ed \u2013 zat\u00edmco \u00cdr\u00e1nci jsou schopni je zni\u010dit. Evropa si nyn\u00ed uv\u011bdomuje, \u017ee je v geopolitice pouze pozn\u00e1mkou pod \u010darou a riskuje, \u017ee se stane \u00fato\u010di\u0161t\u011bm pro chud\u00e9 sv\u011bta. Protesty Merze a spol. v tomto \u010dl\u00e1nku m\u016f\u017eeme s klidem ignorovat. Pan\u00ed von der Leyenov\u00e1 se zap\u00ed\u0161e do d\u011bjin jako ni\u010ditelka EU. Jedn\u00edm z c\u00edl\u016f Ameri\u010dan\u016f bylo zni\u010dit \u010d\u00ednsk\u00fd energetick\u00fd sektor, proto\u017ee po Venezuele cht\u011bli dostat pod svou kontrolu druh\u00e9ho v\u00fdznamn\u00e9ho dodavatele energie do \u0158\u00ed\u0161e st\u0159edu. Vypl\u00fdv\u00e1 na povrch dal\u0161\u00ed znepokojiv\u00e1 pravda: Rusko v d\u016fsledku tohoto ne\u00fasp\u011b\u0161n\u00e9ho americk\u00e9ho dobrodru\u017estv\u00ed bohatne a s\u00edl\u00ed. Potk\u00e1 Spojen\u00e9 st\u00e1ty na Bl\u00edzk\u00e9m v\u00fdchod\u011b stejn\u00fd osud jako kdysi Osmansk\u00e9 \u0159\u00ed\u0161e?<\/span><\/p>\n<p><span dir=\"auto\">Zd\u00e1 se v\u0161ak, \u017ee Trumpova administrativa dos\u00e1hla jednoho c\u00edle: nov\u00e1 odhalen\u00ed o Epsteinovi \u2013 kter\u00e1 by mohla Trumpa svrhnout \u2013 jsou p\u0159ehlu\u0161ena hlukem v\u00e1lky \u2013 alespo\u0148 prozat\u00edm.<\/span><\/p>\n<h3 class=\"wp-block-heading\"><strong><span dir=\"auto\">\u00cdr\u00e1nsk\u00fd lid podporuje svou vl\u00e1du<\/span><\/strong><\/h3>\n<p><span dir=\"auto\">Pohled za oponu z\u00e1padn\u00ed propagandy odhaluje realitu, kter\u00e1 by pro Izraelce i Ameri\u010dany nemohla b\u00fdt alarmuj\u00edc\u00ed. Zat\u00edmco \u00fatoky proti \u00cdr\u00e1nu pokra\u010duj\u00ed a vy\u017eaduj\u00ed tis\u00edce civiln\u00edch \u017eivot\u016f, \u00edr\u00e1nsk\u00fd lid dosud neprojevuje \u017e\u00e1dn\u00e9 zn\u00e1mky kapitulace nebo obratu proti vlastn\u00ed vl\u00e1d\u011b.<\/span><\/p>\n<p><span dir=\"auto\">Americk\u00fd ministr v\u00e1lky Pete Hegseth v p\u00e1tek novin\u00e1\u0159\u016fm \u0159ekl, \u017ee \u00edr\u00e1n\u0161t\u00ed v\u016fdci \u201ese ukryli a schovali\u201c, a dodal: \u201e\u00a0<\/span><em><span dir=\"auto\">To je to, co krysy d\u011blaj\u00ed<\/span><\/em><span dir=\"auto\">\u00a0.\u201c Hegseth p\u0159itom pou\u017e\u00edv\u00e1 stejnou slovn\u00ed z\u00e1sobu jako nacist\u00e9, kte\u0159\u00ed \u017didy ozna\u010dovali za krysy \u2013 co\u017e hodn\u011b vypov\u00edd\u00e1 o \u00farovni vzd\u011bl\u00e1n\u00ed dan\u00e9ho mu\u017ee.<\/span><\/p>\n<p><span dir=\"auto\">Ve stejn\u00fd den se vysoc\u00ed \u00edr\u00e1n\u0161t\u00ed p\u0159edstavitel\u00e9, v\u010detn\u011b prezidenta, \u0161\u00e9fa bezpe\u010dnostn\u00ed slu\u017eby a ministra zahrani\u010d\u00ed, z\u00fa\u010dastnili demonstrace ke Dni Al-Kuds v Teher\u00e1nu, jak ukazuj\u00ed videa z demonstrac\u00ed. Tito p\u0159edstavitel\u00e9 pochodovali navzdory riziku izraelsk\u00fdch a americk\u00fdch \u00fatok\u016f, kter\u00e9 od za\u010d\u00e1tku v\u00e1lky proti \u00cdr\u00e1nu 28. \u00fanora zabily des\u00edtky vysoce postaven\u00fdch osobnost\u00ed \u2013 v\u010detn\u011b b\u00fdval\u00e9ho nejvy\u0161\u0161\u00edho v\u016fdce ajatoll\u00e1ha Chamene\u00edho. Mezi demonstranty byli prezident Mas\u00fad Peze\u0161kijan, \u0161\u00e9f bezpe\u010dnostn\u00ed slu\u017eby Al\u00ed Larid\u017e\u00e1n\u00ed a ministr zahrani\u010d\u00ed Abb\u00e1s Arag\u010d\u010d\u00ed. Na obr\u00e1zc\u00edch a videoz\u00e1znamech vys\u00edlan\u00fdch st\u00e1tn\u00ed televiz\u00ed byl tak\u00e9 vid\u011bn \u0161\u00e9f justice Gholam-Hosejn Mohsen\u00ed-Ed\u017e\u00ed. V okam\u017eiku, kdy byly sly\u0161et exploze, byl zrovna dotazov\u00e1n.<\/span><\/p>\n<p><a href=\"https:\/\/x.com\/krystalball\/status\/2032437363238941096?ref_src=twsrc%5Etfw%7Ctwcamp%5Etweetembed%7Ctwterm%5E2032437363238941096%7Ctwgr%5E14706ee2b88ea03c7c4a2f52864e44fa1e46d78c%7Ctwcon%5Es1_&amp;ref_url=https%3A%2F%2Freseauinternational.net%2Flempire-perd-le-controle-consequences%2F\"><img decoding=\"async\" loading=\"lazy\" class=\"wp-image-102240 aligncenter\" src=\"http:\/\/www.infokuryr.cz\/n\/wp-content\/uploads\/2026\/03\/x1-14-185x300.jpg\" alt=\"\" width=\"290\" height=\"470\" srcset=\"https:\/\/www.infokuryr.cz\/n\/wp-content\/uploads\/2026\/03\/x1-14-185x300.jpg 185w, https:\/\/www.infokuryr.cz\/n\/wp-content\/uploads\/2026\/03\/x1-14.jpg 529w\" sizes=\"(max-width: 290px) 100vw, 290px\" \/><\/a><\/p>\n<p><span dir=\"auto\">Tento mand\u00e1t ud\u011blen\u00fd lidem m\u00e1 p\u0159irozen\u011b dopad na \u00edr\u00e1nsk\u00e9 v\u016fdce. \u00cdr\u00e1nsk\u00fd ministr zahrani\u010d\u00ed Abb\u00e1s Arag\u010d\u010d\u00ed hovo\u0159\u00ed s takovou sebed\u016fv\u011brou a klidem, \u017ee nepochybn\u011b zanech\u00e1 trvalou stopu v historii.<\/span><\/p>\n<p><span dir=\"auto\">Araghchi z\u00edskal bakal\u00e1\u0159sk\u00fd titul v oboru mezin\u00e1rodn\u00edch vztah\u016f na Fakult\u011b mezin\u00e1rodn\u00edch vztah\u016f p\u0159i Ministerstvu zahrani\u010dn\u00edch v\u011bc\u00ed. Pot\u00e9 z\u00edskal magistersk\u00fd titul v oboru politologie na Azadsk\u00e9 isl\u00e1msk\u00e9 univerzit\u011b v Teher\u00e1nu. Araghchi tak\u00e9 z\u00edskal doktor\u00e1t z politick\u00e9ho my\u0161len\u00ed na Univerzit\u011b v Kentu s diserta\u010dn\u00ed prac\u00ed s n\u00e1zvem \u201e\u00a0<\/span><em><span dir=\"auto\">V\u00fdvoj konceptu politick\u00e9 participace v isl\u00e1msk\u00e9m politick\u00e9m my\u0161len\u00ed 20. stolet\u00ed<\/span><\/em><span dir=\"auto\">\u00a0\u201c (1996).<\/span><\/p>\n<p><span dir=\"auto\">Se sv\u00fdm mezin\u00e1rodn\u00edm z\u00e1zem\u00edm tento mu\u017e v \u017e\u00e1dn\u00e9m p\u0159\u00edpad\u011b neodpov\u00edd\u00e1 obrazu, kter\u00fd Z\u00e1pad prezentuje o \u00edr\u00e1nsk\u00e9 vl\u00e1d\u011b. Zat\u00edmco americk\u00fdm televizn\u00edm stanic\u00edm poskytuje rozhovory s jistotou a klidem, osobnosti jako Hegseth nebo Rubio \u2013 kter\u00e9 se k moci dostaly bez pot\u0159ebn\u00e9ho v\u00fdcviku \u2013 se ve sv\u00fdch ve\u0159ejn\u00fdch vystoupen\u00edch spol\u00e9haj\u00ed p\u0159edev\u0161\u00edm na nen\u00e1vist a aroganci.<\/span><\/p>\n<p><span dir=\"auto\">Za zm\u00ednku stoj\u00ed, \u017ee Araghchi se sv\u00fdch vlastn\u00edch lid\u00ed neboj\u00ed. Stoj\u00ed uprost\u0159ed ulice a lid\u00e9 ho v\u0159ele v\u00edtaj\u00ed.<\/span><\/p>\n<p><a href=\"https:\/\/x.com\/KMutisi\/status\/2032426918532858241?ref_src=twsrc%5Etfw%7Ctwcamp%5Etweetembed%7Ctwterm%5E2032426918532858241%7Ctwgr%5E14706ee2b88ea03c7c4a2f52864e44fa1e46d78c%7Ctwcon%5Es1_&amp;ref_url=https%3A%2F%2Freseauinternational.net%2Flempire-perd-le-controle-consequences%2F\"><img decoding=\"async\" loading=\"lazy\" class=\"wp-image-102242 aligncenter\" src=\"http:\/\/www.infokuryr.cz\/n\/wp-content\/uploads\/2026\/03\/x2-15-251x300.jpg\" alt=\"\" width=\"446\" height=\"533\" srcset=\"https:\/\/www.infokuryr.cz\/n\/wp-content\/uploads\/2026\/03\/x2-15-251x300.jpg 251w, https:\/\/www.infokuryr.cz\/n\/wp-content\/uploads\/2026\/03\/x2-15.jpg 532w\" sizes=\"(max-width: 446px) 100vw, 446px\" \/><\/a><\/p>\n<h3 class=\"wp-block-heading\"><strong><span dir=\"auto\">Je Netanjahu mrtv\u00fd?<\/span><\/strong><\/h3>\n<p><span dir=\"auto\">Soci\u00e1ln\u00ed m\u00e9dia se hem\u017e\u00ed spekulacemi o Netanjahuov\u011b osudu, kter\u00e9 p\u0159i\u017eivuj\u00ed p\u0159\u00edsp\u011bvky, je\u017e izraelsk\u00e1 vl\u00e1da p\u016fvodn\u011b zve\u0159ejnila, ne\u017e je rychle odstranila. Video, na kter\u00e9m je Netanjahu zobrazen se \u0161esti prsty a dal\u0161\u00ed nesrovnalosti typick\u00e9 pro fale\u0161n\u00e1 videa manipulovan\u00e1 um\u011blou inteligenc\u00ed, jen p\u0159il\u00e9v\u00e1 olej do ohn\u011b.<\/span><\/p>\n<p><span dir=\"auto\">Na zased\u00e1n\u00ed izraelsk\u00e9ho bezpe\u010dnostn\u00edho kabinetu \u2013 z\u00e1le\u017eitosti v kompetenci izraelsk\u00e9ho premi\u00e9ra \u2013 chyb\u011bl bez jak\u00e9hokoli ve\u0159ejn\u00e9ho vysv\u011btlen\u00ed samotn\u00fd premi\u00e9r, velitel izraelsk\u00e9ho letectva Tomer Bar, \u0159editel Mossadu David Barnea a ministr n\u00e1rodn\u00ed bezpe\u010dnosti Ben Gvir. Takov\u00fd nedostatek transparentnosti ve vztaz\u00edch s m\u00e9dii b\u011bhem v\u00e1le\u010dn\u00e9ho obdob\u00ed ponech\u00e1v\u00e1 dostatek prostoru pro nejr\u016fzn\u011bj\u0161\u00ed spekulace.<\/span><\/p>\n<p><a href=\"https:\/\/x.com\/SimonSecours\/status\/2032336531629732328?ref_src=twsrc%5Etfw%7Ctwcamp%5Etweetembed%7Ctwterm%5E2032336531629732328%7Ctwgr%5E14706ee2b88ea03c7c4a2f52864e44fa1e46d78c%7Ctwcon%5Es1_&amp;ref_url=https%3A%2F%2Freseauinternational.net%2Flempire-perd-le-controle-consequences%2F\"><img decoding=\"async\" loading=\"lazy\" class=\"wp-image-102243 aligncenter\" src=\"http:\/\/www.infokuryr.cz\/n\/wp-content\/uploads\/2026\/03\/x3-9-171x300.jpg\" alt=\"\" width=\"431\" height=\"756\" srcset=\"https:\/\/www.infokuryr.cz\/n\/wp-content\/uploads\/2026\/03\/x3-9-171x300.jpg 171w, https:\/\/www.infokuryr.cz\/n\/wp-content\/uploads\/2026\/03\/x3-9.jpg 525w\" sizes=\"(max-width: 431px) 100vw, 431px\" \/><\/a><\/p>\n<p><span dir=\"auto\">Ve Spojen\u00fdch st\u00e1tech byl Scott Bessent ne\u010dekan\u011b \u2013 a na americk\u00e9 pom\u011bry docela neobvykle \u2013 prezidentem p\u0159edvol\u00e1n do situa\u010dn\u00ed m\u00edstnosti, kdy\u017e poskytoval rozhovor pro\u00a0<\/span><em><span dir=\"auto\">Sky News<\/span><\/em><span dir=\"auto\"> . Kdy\u017e se o dv\u011b hodiny pozd\u011bji (!!) vr\u00e1til, byl tak zdrcen\u00fd, \u017ee sotva mohl mluvit.<\/span><\/p>\n<p><a href=\"https:\/\/x.com\/SkyNews\/status\/2032230306707546289?ref_src=twsrc%5Etfw%7Ctwcamp%5Etweetembed%7Ctwterm%5E2032230306707546289%7Ctwgr%5E14706ee2b88ea03c7c4a2f52864e44fa1e46d78c%7Ctwcon%5Es1_&amp;ref_url=https%3A%2F%2Freseauinternational.net%2Flempire-perd-le-controle-consequences%2F\"><img decoding=\"async\" loading=\"lazy\" class=\"wp-image-102244 aligncenter\" src=\"http:\/\/www.infokuryr.cz\/n\/wp-content\/uploads\/2026\/03\/x4-3-205x300.jpg\" alt=\"\" width=\"445\" height=\"651\" srcset=\"https:\/\/www.infokuryr.cz\/n\/wp-content\/uploads\/2026\/03\/x4-3-205x300.jpg 205w, https:\/\/www.infokuryr.cz\/n\/wp-content\/uploads\/2026\/03\/x4-3.jpg 521w\" sizes=\"(max-width: 445px) 100vw, 445px\" \/><\/a><\/p>\n<p><span dir=\"auto\">Nadch\u00e1zej\u00edc\u00ed dny uk\u00e1\u017eou, zda je Netanjahu skute\u010dn\u011b mrtv\u00fd. Bylo by ironi\u00ed historie, kdyby Izraelce, kte\u0159\u00ed zah\u00e1jili \u00fatok atent\u00e1tem na Chamene\u00edho, nyn\u00ed potkal stejn\u00fd osud \u2013 s t\u00edm rozd\u00edlem, \u017ee \u00cdr\u00e1nci t\u011bmito \u010diny nebyli destabilizov\u00e1ni.<\/span><\/p>\n<h3 class=\"wp-block-heading\"><strong><span dir=\"auto\">Vojensk\u00e1 situace<\/span><\/strong><\/h3>\n<p><span dir=\"auto\">Americk\u00e9 ztr\u00e1ty nar\u016fstaj\u00ed. V p\u00e1tek byl nad Ir\u00e1kem sest\u0159elen tanker a od t\u00e9 doby bylo v Sa\u00fadsk\u00e9 Ar\u00e1bii zni\u010deno nebo po\u0161kozeno p\u011bt dal\u0161\u00edch tanker\u016f, uv\u00e1d\u00ed\u00a0<\/span><em><a title=\"\" href=\"https:\/\/www.wsj.com\/livecoverage\/us-israel-iran-war-news-2026\/card\/five-air-force-refueling-planes-hit-in-iranian-strike-on-saudi-arabia-wHYFMW2YG3p0rwH3HaGU\" target=\"_blank\" rel=\"noopener\"><span dir=\"auto\">Wall Street Journal<\/span><\/a><\/em><span dir=\"auto\">\u00a0.<\/span><\/p>\n<p><span dir=\"auto\">Zpr\u00e1vy o tom, \u017ee americk\u00e1 letadlov\u00e1 lo\u010f USS Abraham Lincoln byla p\u0159i \u00fatoku v\u00e1\u017en\u011b po\u0161kozena a musela se vr\u00e1tit do p\u0159\u00edstavu, z\u016fst\u00e1vaj\u00ed nepotvrzen\u00e9. Spojen\u00e9 st\u00e1ty tato tvrzen\u00ed p\u0159irozen\u011b pop\u00edraj\u00ed, proto\u017ee pokud by se \u00cdr\u00e1nu poda\u0159ilo letadlovou lo\u010f potopit \u2013 nebo ji dokonce jen po\u0161kodit \u2013 rozbilo by to auru americk\u00e9 vojensk\u00e9 nad\u0159azenosti s potenci\u00e1ln\u011b nep\u0159edv\u00eddatelnou eskalac\u00ed vzhledem k psychopatick\u00fdm postav\u00e1m, kter\u00e9 ve Washingtonu vl\u00e1dnou.<\/span><\/p>\n<p><span dir=\"auto\">\u00cdr\u00e1nsk\u00e9 \u00fatoky na Tel Aviv pokra\u010duj\u00ed v nezm\u011bn\u011bn\u00e9 d\u00e9lce. Izraelsk\u00e1 obrana se zd\u00e1 b\u00fdt st\u00e1le ne\u00fa\u010dinn\u011bj\u0161\u00ed. Zde jsou sn\u00edmky rakety Khorramshahr dopadaj\u00edc\u00ed na Tel Aviv. Je vybavena hlavic\u00ed o hmotnosti 1800 kg. \u00datoky se zintenziv\u0148uj\u00ed s men\u0161\u00edm po\u010dtem zbran\u00ed, ale modern\u011bj\u0161\u00edmi a \u00fa\u010dinn\u011bj\u0161\u00edmi.<\/span><\/p>\n<p><a href=\"https:\/\/x.com\/Mizgol\/status\/2032603870463992092?ref_src=twsrc%5Etfw%7Ctwcamp%5Etweetembed%7Ctwterm%5E2032603870463992092%7Ctwgr%5E14706ee2b88ea03c7c4a2f52864e44fa1e46d78c%7Ctwcon%5Es1_&amp;ref_url=https%3A%2F%2Freseauinternational.net%2Flempire-perd-le-controle-consequences%2F\"><img decoding=\"async\" loading=\"lazy\" class=\"wp-image-102245 aligncenter\" src=\"http:\/\/www.infokuryr.cz\/n\/wp-content\/uploads\/2026\/03\/x5-274x300.jpg\" alt=\"\" width=\"420\" height=\"460\" srcset=\"https:\/\/www.infokuryr.cz\/n\/wp-content\/uploads\/2026\/03\/x5-274x300.jpg 274w, https:\/\/www.infokuryr.cz\/n\/wp-content\/uploads\/2026\/03\/x5.jpg 521w\" sizes=\"(max-width: 420px) 100vw, 420px\" \/><\/a><\/p>\n<p><span dir=\"auto\">Pouze \u00cdr\u00e1nci rozhoduj\u00ed o tom, kdo sm\u00ed proplout Hormuzsk\u00fdm pr\u016flivem. Rusk\u00e9, \u010d\u00ednsk\u00e9 a p\u00e1kist\u00e1nsk\u00e9 lod\u011b maj\u00ed povolen pr\u016fplav a zd\u00e1 se, \u017ee by Indie mohla s \u00cdr\u00e1nem dos\u00e1hnout dohody. To je p\u0159ekvapiv\u00e9, vzhledem k tomu, \u017ee Indie se postavila na stranu Izraele je\u0161t\u011b p\u0159ed za\u010d\u00e1tkem konfliktu, a postavila se tak proti \u00cdr\u00e1nu \u2013 dal\u0161\u00edmu \u010dlenovi BRICS \u2013 jako\u017eto zakl\u00e1daj\u00edc\u00edmu \u010dlenovi BRICS; viz m\u00e9 koment\u00e1\u0159e z\u00a0<\/span><a title=\"\" href=\"https:\/\/forumgeopolitica.com\/fr\/article\/lattaque-contre-liran-le-tournant-decisif-de-lhistoire-du-xxie-sicle\" target=\"_blank\" rel=\"noopener\"><span dir=\"auto\">8. b\u0159ezna<\/span><\/a><span dir=\"auto\">\u00a0.<\/span><\/p>\n<p><span dir=\"auto\">Tento v\u00fdvoj vyvol\u00e1v\u00e1 ve Washingtonu v\u00e1\u017en\u00e9 obavy: pokud situace p\u0159etrv\u00e1 \u2013 a nic nenasv\u011bd\u010duje tomu, \u017ee by se zm\u011bnila \u2013 cena ropy, kter\u00e1 od za\u010d\u00e1tku ropn\u00e9 v\u00e1lky ji\u017e vzrostla ze 73 na 103 dolar\u016f (40% n\u00e1r\u016fst), by mohla je\u0161t\u011b v\u00edce vyst\u0159elit. Koluj\u00ed \u010d\u00edsla od 150 do 300 dolar\u016f. Podle\u00a0<\/span><a title=\"\" href=\"https:\/\/oilprice.com\/Energy\/Oil-Prices\/300-Oil-What-If-the-Attacks-In-Saudi-Arabia-Had-Destroyed-Production.html#:~:text=Or%20what%20if%20production%20capacity,analysts%20would%20have%20you%20believe.&amp;text=More%20Top%20Reads%20From%20Oilprice,For%20The%20Global%20Gas%20Industry\" target=\"_blank\" rel=\"noopener\"><span dir=\"auto\">Iriny Slavov\u00e9 z Oilprice.com<\/span><\/a><span dir=\"auto\">\u00a0je to realistick\u00e1 mo\u017enost, pokud dojde k naru\u0161en\u00ed produkce ropy ve st\u00e1tech Persk\u00e9ho z\u00e1livu (20 milion\u016f barel\u016f denn\u011b). To by mohlo v\u00e9st ke kolapsu glob\u00e1ln\u00ed ekonomiky, co\u017e je sc\u00e9n\u00e1\u0159, kter\u00fd se st\u00e1v\u00e1 st\u00e1le pravd\u011bpodobn\u011bj\u0161\u00edm.<\/span><\/p>\n<p><span dir=\"auto\">Podle\u00a0<\/span><em><span dir=\"auto\">den\u00edku Wall Street Journal<\/span><\/em><span dir=\"auto\">\u00a0schv\u00e1lil \u0161\u00e9f Pentagonu Pete Hegseth \u017e\u00e1dost americk\u00e9ho \u00fast\u0159edn\u00edho velen\u00ed o nasazen\u00ed jednotek z oboj\u017eiveln\u00e9 \u00fato\u010dn\u00e9 skupiny a s n\u00ed spojen\u00fdch n\u00e1mo\u0159n\u00edch expedi\u010dn\u00edch sil \u2013 obvykle se jedn\u00e1 o n\u011bkolik v\u00e1le\u010dn\u00fdch lod\u00ed p\u0159epravuj\u00edc\u00edch p\u0159ibli\u017en\u011b 5 000 mari\u0148\u00e1k\u016f a n\u00e1mo\u0159n\u00edk\u016f. Kde by tyto lod\u011b mohly p\u0159ist\u00e1t, z\u016fst\u00e1v\u00e1 naprost\u00fdm tajemstv\u00edm. Nem\u016f\u017eu posoudit, zda se jedn\u00e1 \u010dist\u011b o propagandistick\u00e9 \u00fa\u010dely, nebo zda se Ameri\u010dan\u00e9 p\u0159ipravuj\u00ed na dal\u0161\u00ed sebevra\u017eednou misi.<\/span><\/p>\n<p><span dir=\"auto\">Faktem v\u0161ak z\u016fst\u00e1v\u00e1, \u017ee Ameri\u010dan\u00e9 za\u00fato\u010dili na \u00edr\u00e1nsk\u00fd ostrov Charg, kter\u00fd odbavuje p\u0159es 90 % \u00edr\u00e1nsk\u00e9ho exportu ropy. \u00cdr\u00e1nsk\u00e1 reakce byla rychl\u00e1: napadena byla Fud\u017eajra, jeden z nejv\u011bt\u0161\u00edch ropn\u00fdch termin\u00e1l\u016f na sv\u011bt\u011b, kter\u00fd se nach\u00e1z\u00ed ve Spojen\u00fdch arabsk\u00fdch emir\u00e1tech. To je katastrof\u00e1ln\u00ed, proto\u017ee Fud\u017eajra le\u017e\u00ed v Om\u00e1nsk\u00e9m z\u00e1livu, a tedy mimo Persk\u00fd z\u00e1liv. Tankery tam mohou nakl\u00e1dat nebo tankovat, ani\u017e by musely proplout Hormuzsk\u00fdm pr\u016flivem. I tato trasa je nyn\u00ed od\u0159\u00edznuta.<\/span><\/p>\n<p><span dir=\"auto\">Ameri\u010dan\u00e9 se sv\u00fdm \u00fatokem na Charg zd\u00e1li b\u00fdt odhodl\u00e1ni situaci d\u00e1le zhor\u0161it. Zd\u00e1 se, \u017ee v\u011b\u0159\u00ed, \u017ee to \u00cdr\u00e1n sraz\u00ed na kolena. Pot\u00e9, co podcenili Rusy na Ukrajin\u011b, nyn\u00ed d\u011blaj\u00ed tot\u00e9\u017e s \u00cdr\u00e1nci na Bl\u00edzk\u00e9m v\u00fdchod\u011b.<\/span><\/p>\n<h3 class=\"wp-block-heading\"><strong><span dir=\"auto\">Situace ve Spojen\u00fdch arabsk\u00fdch emir\u00e1tech<\/span><\/strong><\/h3>\n<p><span dir=\"auto\">Poda\u0159ilo se mi s rodinou opustit Dubaj. Airbus A380 byl pln\u00fd. V den na\u0161eho odletu byl n\u00e1\u0161 hotel st\u00e1le jen asi z 20 % pln\u00fd. V\u011bt\u0161ina let\u016f do Dubaje je pr\u00e1zdn\u00e1, ale ty odl\u00e9taj\u00edc\u00ed z Dubaje jsou pln\u00e9. Pro tuto malou zemi je to katastrofa. Jen leteck\u00e1 spole\u010dnost Emirates Airlines odhaduje, \u017ee denn\u011b ztr\u00e1c\u00ed kolem 100 milion\u016f dolar\u016f. Trh s nemovitostmi se b\u011bhem n\u011bkolika dn\u00ed zhroutil o v\u00edce ne\u017e 30 % a situace by se mohla zhor\u0161it. Vy\u0161et\u0159ov\u00e1n\u00ed agentury\u00a0<\/span><a title=\"\" href=\"https:\/\/the-darkbox.com\/dubai-tightens-the-exit-door-dark-box-investigation-reveals-uae-preparing-punitive-measures-against-investors-seeking-to-withdraw-capital\/\" target=\"_blank\" rel=\"noopener\"><span dir=\"auto\">Dark Box<\/span><\/a><span dir=\"auto\">\u00a0odhalilo, \u017ee Spojen\u00e9 arabsk\u00e9 emir\u00e1ty p\u0159ipravuj\u00ed \u0159adu mimo\u0159\u00e1dn\u00fdch opat\u0159en\u00ed zam\u011b\u0159en\u00fdch na investory, kte\u0159\u00ed cht\u011bj\u00ed st\u00e1hnout sv\u016fj kapit\u00e1l z Dubaje, a to uprost\u0159ed rostouc\u00edch obav o bezpe\u010dnost a ekonomick\u00e9 d\u016fsledky \u00edr\u00e1nsk\u00fdch \u00fatok\u016f a region\u00e1ln\u00ed nestability. Podle finan\u010dn\u00edch a pr\u00e1vn\u00edch zdroj\u016f citovan\u00fdch agenturou Dark Box by navrhovan\u00e1 opat\u0159en\u00ed mohla zahrnovat zmrazen\u00ed bankovn\u00edch \u00fa\u010dt\u016f p\u0159ed p\u0159evodem finan\u010dn\u00edch prost\u0159edk\u016f, zaveden\u00ed z\u00e1kazu cestov\u00e1n\u00ed pro podnikatele, kte\u0159\u00ed se pokou\u0161ej\u00ed p\u0159esunout sv\u016fj majetek do zahrani\u010d\u00ed, a zaveden\u00ed dal\u0161\u00edch administrativn\u00edch nebo pr\u00e1vn\u00edch sankc\u00ed, kter\u00e9 by zabr\u00e1nily rychl\u00e9mu odlivu kapit\u00e1lu. Zpr\u00e1va uv\u00e1d\u00ed, \u017ee \u00fa\u0159ady v Ab\u00fa Zab\u00ed a Dubaji se ob\u00e1vaj\u00ed potenci\u00e1ln\u00edho exodu investor\u016f, kter\u00fd by mohl podkopat ekonomick\u00e9 modely m\u011bst, kter\u00e9 se siln\u011b spol\u00e9haj\u00ed na mezin\u00e1rodn\u00ed toky kapit\u00e1lu, glob\u00e1ln\u00ed logistiku a vn\u00edmanou stabilitu. Vzhledem k tomu, \u017ee region\u00e1ln\u00ed nap\u011bt\u00ed naru\u0161uje obchodn\u00ed cesty a d\u016fv\u011bru investor\u016f, se zd\u00e1, \u017ee \u00fa\u0159ady jsou odhodl\u00e1ny zpomalit nebo zabr\u00e1nit odlivu kapit\u00e1lu, aby ochr\u00e1nily dom\u00e1c\u00ed finan\u010dn\u00ed syst\u00e9m. Analytici v\u0161ak varuj\u00ed, \u017ee takov\u00e1 opat\u0159en\u00ed by mohla vyvolat v\u00e1\u017en\u00e9 obavy mezin\u00e1rodn\u00edch investor\u016f ohledn\u011b p\u0159edv\u00eddatelnosti a otev\u0159enosti emir\u00e1tsk\u00e9ho podnikatelsk\u00e9ho prost\u0159ed\u00ed. Server Dark Box doch\u00e1z\u00ed k z\u00e1v\u011bru, \u017ee a\u010dkoliv navrhovan\u00e1 opat\u0159en\u00ed maj\u00ed za c\u00edl chr\u00e1nit ekonomiku v obdob\u00ed geopolitick\u00e9ho tlaku, mohla by tak\u00e9 znamenat z\u00e1sadn\u00ed posun v reputaci Dubaje jako otev\u0159en\u00e9ho glob\u00e1ln\u00edho finan\u010dn\u00edho centra.<\/span><\/p>\n<p><span dir=\"auto\">Pokud by tato opat\u0159en\u00ed byla zavedena, pravd\u011bpodobn\u011b by to znamenalo konec Emir\u00e1t\u016f jako finan\u010dn\u00edho centra.<\/span><\/p>\n<h3 class=\"wp-block-heading\"><strong><span dir=\"auto\">Rusko<\/span><\/strong><\/h3>\n<p><span dir=\"auto\">Rusko z t\u00e9to v\u00e1lky ne\u00famysln\u011b profituje; ne\u00famysln\u011b, proto\u017ee \u00cdr\u00e1n je d\u016fle\u017eit\u00fdm strategick\u00fdm partnerem Ruska. Moskva se k rozsahu rusk\u00e9 podpory \u00cdr\u00e1nu nevyj\u00e1d\u0159ila.<\/span><\/p>\n<p><span dir=\"auto\">\u00cdr\u00e1nsk\u00fd ministr zahrani\u010d\u00ed Arag\u010d\u010d\u00ed se k probl\u00e9mu vyj\u00e1d\u0159il n\u00e1sledovn\u011b\u00a0v rozhovoru pro\u00a0<\/span><em><a title=\"\" href=\"https:\/\/www.youtube.com\/shorts\/rpad-oO6340\" target=\"_blank\" rel=\"noopener\"><span dir=\"auto\">NBC :<\/span><\/a><\/em><\/p>\n<div class=\"video-wrap thumb-wrap\"><iframe loading=\"lazy\" title=\"\u00cdr\u00e1nsk\u00fd ministr zahrani\u010d\u00ed: Rusko pom\u00e1h\u00e1 \u00cdr\u00e1nu \u201ev mnoha r\u016fzn\u00fdch sm\u011brech\u201c\" src=\"https:\/\/www.youtube.com\/embed\/rpad-oO6340\" width=\"640\" height=\"360\" frameborder=\"0\" allowfullscreen=\"allowfullscreen\" data-mce-fragment=\"1\"><\/iframe><\/div>\n<p><strong><span dir=\"auto\">\u201e\u00a0<\/span><\/strong><strong><em><span dir=\"auto\">Dost\u00e1v\u00e1te pomoc z Ruska?<\/span><\/em><\/strong><strong><span dir=\"auto\">\u00a0\u201c<\/span><\/strong><\/p>\n<p><span dir=\"auto\">\u201e\u00a0<\/span><em><span dir=\"auto\">No, m\u00e1me strategii partnerstv\u00ed s Ruskem. (\u2026) Vojensk\u00e1 spolupr\u00e1ce mezi \u00cdr\u00e1nem a Ruskem nen\u00ed nov\u00e1. Nen\u00ed to \u017e\u00e1dn\u00e9 tajemstv\u00ed. Existovala v minulosti, existuje dodnes a bude pokra\u010dovat i v budoucnu<\/span><\/em><span dir=\"auto\">\u00a0.\u201c<\/span><\/p>\n<p><span dir=\"auto\">\u201e\u00a0<\/span><em><span dir=\"auto\">Pom\u00e1h\u00e1 v\u00e1m Rusko lokalizovat americk\u00e9 s\u00edly?<\/span><\/em><span dir=\"auto\">\u00a0\u201c<\/span><\/p>\n<p><span dir=\"auto\">\u201e\u00a0<\/span><em><span dir=\"auto\">No, nem\u00e1m p\u0159esn\u00e9 vojensk\u00e9 informace. Pokud v\u00edm, m\u00e1me s Ruskem velmi dobr\u00e9 partnerstv\u00ed<\/span><\/em><span dir=\"auto\">\u00a0.\u201c<\/span><\/p>\n<p><span dir=\"auto\">&#8220;\u00a0<\/span><em><span dir=\"auto\">Tak\u017ee ti pom\u00e1haj\u00ed<\/span><\/em><span dir=\"auto\">\u00a0.&#8220;<\/span><\/p>\n<p><span dir=\"auto\">\u201e\u00a0<\/span><em><span dir=\"auto\">Poskytuj\u00ed n\u00e1m informace. No, pom\u00e1haj\u00ed n\u00e1m v mnoha oblastech. Nem\u00e1m podrobn\u00e9 informace<\/span><\/em><span dir=\"auto\">\u00a0.\u201c<\/span><\/p>\n<p><span dir=\"auto\">Toto je asi nejjasn\u011bj\u0161\u00ed prohl\u00e1\u0161en\u00ed, jak\u00e9 by profesion\u00e1ln\u00ed diplomat mohl k t\u011bmto z\u00e1le\u017eitostem u\u010dinit. Jasn\u00e1 odpov\u011b\u010f zn\u00ed \u201eano\u201c, proto\u017ee p\u0159esnost \u00edr\u00e1nsk\u00fdch raket nenech\u00e1v\u00e1 prostor pro \u017e\u00e1dn\u00fd jin\u00fd z\u00e1v\u011br. V kombinaci s faktem, \u017ee americk\u00e9 z\u00e1kladny nemaj\u00ed kv\u016fli nedostatku munice prakticky \u017e\u00e1dnou protivzdu\u0161nou obranu a \u017ee se Izrael ji\u017e tak\u00e9 nen\u00ed schopen br\u00e1nit, by tato pomoc mohla b\u00fdt rozhoduj\u00edc\u00ed pro ur\u010den\u00ed v\u00fdsledku v\u00e1lky.<\/span><\/p>\n<p><span dir=\"auto\">Podle\u00a0<\/span><a title=\"\" href=\"https:\/\/energyandcleanair.org\/february-2026-monthly-analysis-of-russian-fossil-fuel-exports-and-sanctions\/\" target=\"_blank\" rel=\"noopener\"><span dir=\"auto\">studie finsk\u00e9ho institutu CREA (Centrum pro v\u00fdzkum a \u010dist\u00e9 ovzdu\u0161\u00ed)<\/span><\/a><span dir=\"auto\">\u00a0\u010dinily rusk\u00e9 p\u0159\u00edjmy z v\u00fdvozu fosiln\u00edch paliv (uhl\u00ed, ropa, zkapaln\u011bn\u00fd zemn\u00ed plyn, ropn\u00e9 produkty a plyn z plynovod\u016f) 492 milion\u016f eur denn\u011b. To jsou kolos\u00e1ln\u00ed \u010d\u00e1stky. Za p\u0159edpokladu, \u017ee by se ceny energi\u00ed v d\u016fsledku konfliktu mohly alespo\u0148 zdvojn\u00e1sobit, Rusko by si vyd\u011blalo p\u0159ibli\u017en\u011b o 15 miliard eur v\u00edce \u2013 m\u011bs\u00ed\u010dn\u011b.<\/span><\/p>\n<p><span dir=\"auto\">Krom\u011b ekonomick\u00fdch v\u00fdhod, kter\u00e9 Rusko z tohoto konfliktu z\u00edsk\u00e1, se zv\u00fd\u0161\u00ed i jeho geopolitick\u00e1 s\u00edla. Rusko je jedinou v\u00fdznamnou mocnost\u00ed schopnou d\u016fv\u011bryhodn\u011b p\u016fsobit jako prost\u0159edn\u00edk mezi v\u00e1l\u010d\u00edc\u00edmi stranami, proto\u017ee na rozd\u00edl od Spojen\u00fdch st\u00e1t\u016f, evropsk\u00fdch zem\u00ed, Indie a Izraele je Rusko spolehliv\u00e9 a t\u011b\u0161\u00ed se vysok\u00e9 m\u00ed\u0159e d\u016fv\u011bry.<\/span><\/p>\n<h3 class=\"wp-block-heading\"><strong><span dir=\"auto\">T\u0159i prohl\u00e1\u0161en\u00ed z Teher\u00e1nu<\/span><\/strong><\/h3>\n<p><span dir=\"auto\">T\u0159i prohl\u00e1\u0161en\u00ed by m\u011bla Z\u00e1padu p\u0159im\u011bt k zamy\u0161len\u00ed:\u00a0<\/span><em><span dir=\"auto\">\u017e\u00e1dn\u00e9 p\u0159\u00edm\u011b\u0159\u00ed<\/span><\/em><span dir=\"auto\">\u00a0,\u00a0<\/span><em><span dir=\"auto\">\u017e\u00e1dn\u00fd strach z pozemn\u00ed invaze<\/span><\/em><span dir=\"auto\">\u00a0a\u00a0<\/span><em><span dir=\"auto\">Hormuzsk\u00fd pr\u016fliv<\/span><\/em><span dir=\"auto\">\u00a0z\u016fst\u00e1v\u00e1 uzav\u0159en\u00fd pro nep\u0159\u00e1tele \u00cdr\u00e1nu i jejich spojence a podporovatele. Dal\u0161\u00ed hrozbou pro Z\u00e1pad je potenci\u00e1ln\u00ed uzav\u0159en\u00ed Rud\u00e9ho mo\u0159e H\u00fat\u00edyi. Sa\u00fadsk\u00e1 Ar\u00e1bie zv\u00fd\u0161ila sv\u016fj v\u00fdvoz ze sv\u00e9ho rudomo\u0159sk\u00e9ho p\u0159\u00edstavu Yanbu na 2,3 milionu barel\u016f denn\u011b \u2013 o 50 % v\u00edce ne\u017e je pr\u016fm\u011br \u2013 aby se vyhnula zablokovan\u00e9mu Hormuzsk\u00e9mu pr\u016flivu.<\/span><\/p>\n<p><span dir=\"auto\">V\u00fdk\u0159iky radosti Ameri\u010dan\u016f a Izraelc\u016f, kter\u00e9 z\u00e1padn\u00ed m\u00e9dia interpretuj\u00ed jako v\u00edt\u011bzstv\u00ed, jsou ve sv\u011btle fakt\u016f zcela irelevantn\u00ed. Spojen\u00e9 st\u00e1ty a Izrael tuto v\u00e1lku zah\u00e1jily; \u00cdr\u00e1n ji ukon\u010d\u00ed \u2013 podle m\u00e9ho n\u00e1zoru je to matematick\u00e1 jistota. \u00cdr\u00e1n se na tento konflikt p\u0159ipravuje ji\u017e v\u00edce ne\u017e 40 let a disponuje zbran\u00ed, kter\u00e1 vydr\u017e\u00ed dlouho, rozhodn\u011b d\u00e9le ne\u017e arzen\u00e1ly Spojen\u00fdch st\u00e1t\u016f a Izraele \u2013 a to je v\u0161e, na \u010dem z\u00e1le\u017e\u00ed. 92 milion\u016f \u00cdr\u00e1nc\u016f je p\u0159ipraveno trp\u011bt a neboj\u00ed se. Ani dlouhodob\u00e9 bombardov\u00e1n\u00ed nep\u0159\u00e1telsk\u00fdmi silami nedok\u00e1\u017ee tuto obrovskou zemi \u2013 kter\u00e1 je 67kr\u00e1t v\u011bt\u0161\u00ed ne\u017e Izrael \u2013 srazit na kolena. Izraelci a Ameri\u010dan\u00e9 jsou zvykl\u00ed v\u00e9st kr\u00e1tk\u00e9 v\u00e1lky, \u201ebojovat\u201c s civilisty a zas\u00e9vat teror. Nemohou se rovnat s tak siln\u00fdm protivn\u00edkem, jako je \u00cdr\u00e1n.<\/span><\/p>\n<h3 class=\"wp-block-heading\"><strong><span dir=\"auto\">Z\u00e1v\u011br a d\u016fsledky<\/span><\/strong><\/h3>\n<h4 class=\"wp-block-heading\"><strong><span dir=\"auto\">Finan\u010dn\u00ed trhy<\/span><\/strong><\/h4>\n<p><span dir=\"auto\">Dokud tato v\u00e1lka bude pokra\u010dovat, je docela mo\u017en\u00e9, \u017ee ceny energi\u00ed po cel\u00e9m sv\u011bt\u011b prudce porostou. Nad\u011bje, \u017ee tato v\u00e1lka potrv\u00e1 jen n\u011bkolik dn\u00ed nebo t\u00fddn\u016f, byla od za\u010d\u00e1tku naivn\u00ed. A\u010dkoli finan\u010dn\u00ed trhy byly od za\u010d\u00e1tku v\u00e1lky nerv\u00f3zn\u00ed, lid\u00e9 jednodu\u0161e doufali, \u017ee v\u00e1lka skon\u010d\u00ed \u2013 nebo \u017ee k n\u00ed v\u016fbec nedojde \u2013 do pond\u011bln\u00edho otev\u0159en\u00ed akciov\u00e9ho trhu. \u00cdr\u00e1nsk\u00e9 odhodl\u00e1n\u00ed v\u0161ak zanech\u00e1 na energetick\u00fdch trz\u00edch v\u00fdznamnou stopu. U\u017e v\u00edce ne\u017e rok varuji, \u017ee nejv\u011bt\u0161\u00edm geopolitick\u00fdm rizikem je kolaps finan\u010dn\u00edch trh\u016f. Toto riziko tento konflikt je\u0161t\u011b zhor\u0161il a paniku na trhu\u00a0<\/span><em><span dir=\"auto\">soukrom\u00fdch \u00fav\u011br\u016f<\/span><\/em><span dir=\"auto\">\u00a0ji\u017e nelze skr\u00fdt.\u00a0<\/span><em><a title=\"\" href=\"https:\/\/www.wsj.com\/finance\/investing\/an-exodus-of-money-endangers-wall-streets-private-credit-craze-d0fbb8af\" target=\"_blank\" rel=\"noopener\"><span dir=\"auto\">Wall Street Journal<\/span><\/a><\/em><span dir=\"auto\">\u00a0uv\u00e1d\u00ed, \u017ee investo\u0159i jsou st\u00e1le nerv\u00f3zn\u011bj\u0161\u00ed z\u00a0<\/span><em><span dir=\"auto\">eskalace probl\u00e9m\u016f na trhu soukrom\u00fdch \u00fav\u011br\u016f v hodnot\u011b 3 bilion\u016f dolar\u016f<\/span><\/em><span dir=\"auto\">\u00a0; tato bublina dosahuje 3 bilion\u016f dolar\u016f a giganti jako BlackRock a Blackstone ji\u017e br\u00e1n\u00ed investor\u016fm v prodeji sv\u00fdch akci\u00ed prost\u0159ednictv\u00edm tzv. \u201e\u00a0<\/span><em><span dir=\"auto\">br\u00e1n<\/span><\/em><span dir=\"auto\">\u00a0\u201c. Jen\u00a0<\/span><a title=\"\" href=\"https:\/\/www.bloomberg.com\/news\/articles\/2026-03-12\/deutsche-bank-flags-a-30-billion-exposure-to-private-credit?embedded-checkout=true\" target=\"_blank\" rel=\"noopener\"><span dir=\"auto\">Deutsche Bank<\/span><\/a><span dir=\"auto\">\u00a0investovala na t\u011bchto trz\u00edch p\u0159es 30 miliard dolar\u016f. Brzy se dozv\u00edme, zda prudk\u00fd n\u00e1r\u016fst cen ropy bude \u010dernou labut\u00ed.<\/span><\/p>\n<h4 class=\"wp-block-heading\"><strong><span dir=\"auto\">C\u00edle \u00cdr\u00e1nu<\/span><\/strong><\/h4>\n<p><span dir=\"auto\">C\u00edlem \u00cdr\u00e1nu je eliminovat hrozby pro jeho existenci. Aby toho dos\u00e1hl, mus\u00ed neutralizovat Izrael a Spojen\u00e9 st\u00e1ty, kter\u00e9 terorizuj\u00ed cel\u00fd Bl\u00edzk\u00fd v\u00fdchod t\u00e9m\u011b\u0159 80 let. Co to znamen\u00e1? Sionistick\u00fd Izrael, kter\u00fd otev\u0159en\u011b prosazuje anexi t\u00e9m\u011b\u0159 cel\u00e9ho Bl\u00edzk\u00e9ho v\u00fdchodu pod heslem \u201eVelk\u00fd Izrael\u201c, je neslu\u010diteln\u00fd s m\u00edrov\u00fdm Bl\u00edzk\u00fdm v\u00fdchodem. Izrael se sice m\u016f\u017ee pokusit podn\u00edtit st\u00e1ty Persk\u00e9ho z\u00e1livu k opozici proti \u00cdr\u00e1nu \u00fatoky pod fale\u0161nou vlajkou, ale tyto st\u00e1ty se na stranu Izraele nepostav\u00ed. Mnoh\u00e9 z nich maj\u00ed b\u00fdt sou\u010d\u00e1st\u00ed Velk\u00e9ho Izraele, a proto vylu\u010duji, \u017ee by Sa\u00fadsk\u00e1 Ar\u00e1bie, Jord\u00e1nsko, Ir\u00e1k, S\u00fdrie a Turecko \u0161ly do v\u00e1lky po boku Izraele \u2013 zejm\u00e9na proto, \u017ee jsou ji\u017e oslabeny v\u00e1lkou, c\u00edt\u00ed s\u00edlu \u00cdr\u00e1nu a jsou oportunisticky nalad\u011bn\u00e9.<\/span><\/p>\n<h4 class=\"wp-block-heading\"><strong><span dir=\"auto\">Bl\u00edzk\u00fd v\u00fdchod bez Izraele a Spojen\u00fdch st\u00e1t\u016f<\/span><\/strong><\/h4>\n<p><span dir=\"auto\">Z\u00e1pad mus\u00ed akceptovat my\u0161lenku, \u017ee Izrael ve sv\u00e9 sou\u010dasn\u00e9 podob\u011b sionistick\u00e9ho projektu nem\u00e1 budoucnost. M\u00e9 sympatie k Izraeli jsou pon\u011bkud omezen\u00e9: v\u011bt\u0161ina\u00a0<\/span><a title=\"\" href=\"https:\/\/www.aa.com.tr\/en\/middle-east\/64-of-israelis-believe-there-are-no-innocents-in-gaza-poll\/3594355\" target=\"_blank\" rel=\"noopener\"><span dir=\"auto\">\u017eidovsk\u00e9ho<\/span><\/a><span dir=\"auto\">\u00a0obyvatelstva podporovala genocidu v Gaze a tak\u00e9 podporuje nesmyslnou v\u00e1lku proti \u00cdr\u00e1nu, kterou siln\u011b podporuj\u00ed t\u00e9m\u011b\u0159 v\u0161echna z\u00e1padn\u00ed m\u00e9dia; viz m\u016fj \u010dl\u00e1nek z lo\u0148sk\u00e9ho \u010dervence \u201e\u00a0<\/span><em><span dir=\"auto\">Genocida jako \u201a\u00a0<\/span><a title=\"\" href=\"https:\/\/forumgeopolitica.com\/fr\/article\/genocide-comme-legitime-defense-les-medias-occidentaux-complices-du-genocide-gaza\" target=\"_blank\" rel=\"noopener\"><span dir=\"auto\">sebeobrana\u2018 \u2013 z\u00e1padn\u00ed m\u00e9dia spolupachatelka genocidy v Gaze<\/span><\/a><\/em><span dir=\"auto\">\u00a0\u201c.<\/span><\/p>\n<p><span dir=\"auto\">U\u017e te\u010f je jasn\u00e9, \u017ee Ameri\u010dan\u00e9 nebudou schopni udr\u017eet sv\u00e9 z\u00e1kladny na Bl\u00edzk\u00e9m v\u00fdchod\u011b. \u00cdr\u00e1n na n\u011b \u00fato\u010d\u00ed prakticky bez odporu. O\u010dek\u00e1v\u00e1m, \u017ee Spojen\u00e9 st\u00e1ty budou muset evakuovat v\u0161echny sv\u00e9 z\u00e1kladny na Bl\u00edzk\u00e9m v\u00fdchod\u011b. D\u0159\u00edve \u010di pozd\u011bji to hostitelsk\u00e9 zem\u011b od Spojen\u00fdch st\u00e1t\u016f budou po\u017eadovat, proto\u017ee tyto z\u00e1kladny se pro st\u00e1ty Persk\u00e9ho z\u00e1livu staly p\u0159\u00edt\u011b\u017e\u00ed a nenab\u00edzej\u00ed jim \u017e\u00e1dnou bezpe\u010dnost.<\/span><\/p>\n<p><span dir=\"auto\">Ti, kdo pouze konzumuj\u00ed z\u00e1padn\u00ed m\u00e9dia \u2013 respektive propagandu \u2013 budou t\u011bmito z\u00e1v\u011bry p\u0159ekvapeni a nebudou jim v\u011b\u0159it. Ob\u010dan\u00e9 z\u00e1padn\u00edho sv\u011bta nebyli nikdy tak \u0161patn\u011b informov\u00e1ni jako v posledn\u00edch letech a zaplat\u00ed za to vysokou cenu. D\u0159\u00edve \u010di pozd\u011bji si uv\u011bdom\u00ed, \u017ee jejich politici jsou zr\u00e1dci, kte\u0159\u00ed v \u017e\u00e1dn\u00e9m p\u0159\u00edpad\u011b nereprezentuj\u00ed z\u00e1jmy vlastn\u00edho lidu, ale sp\u00ed\u0161e z\u00e1jmy zlo\u010dinc\u016f, za kter\u00e9 prod\u00e1vaj\u00ed sv\u00e9 du\u0161e. M\u00e9 opovr\u017een\u00ed prakticky v\u0161emi z\u00e1padn\u00edmi m\u00e9dii je t\u00e9m\u011b\u0159 bezmezn\u00e9. M\u00edsto aby prost\u0159ednictv\u00edm kritick\u00e9 \u017eurnalistiky volali v\u016fdce sv\u00fdch zem\u00ed k odpov\u011bdnosti, jednaj\u00ed jako jejich komplici.<\/span><\/p>\n<p><em><span dir=\"auto\">od\u00a0<\/span><strong><span dir=\"auto\">Petera H\u00e4nselera<\/span><\/strong><\/em><\/p>\n<p><span dir=\"auto\">Zdroj:\u00a0<\/span><a title=\"\" href=\"https:\/\/forumgeopolitica.com\/fr\/article\/lempire-perd-le-contrle-consquences\" target=\"_blank\" rel=\"noopener\"><span dir=\"auto\">Geopolitick\u00e9 f\u00f3rum<\/span><\/a><\/p>\n<p>&nbsp;<\/p>\n","protected":false},"excerpt":{"rendered":"<p>Povede tento v\u00e1\u017en\u00fd chybn\u00fd odhad Spojen\u00fdch st\u00e1t\u016f k p\u00e1du Izraele a ztr\u00e1t\u011b americk\u00e9ho vlivu na&#8230;<\/p>\n","protected":false},"author":2,"featured_media":102239,"comment_status":"closed","ping_status":"closed","sticky":false,"template":"","format":"standard","meta":[],"categories":[7],"tags":[1042,38,107,37,40],"_links":{"self":[{"href":"https:\/\/www.infokuryr.cz\/n\/wp-json\/wp\/v2\/posts\/102238"}],"collection":[{"href":"https:\/\/www.infokuryr.cz\/n\/wp-json\/wp\/v2\/posts"}],"about":[{"href":"https:\/\/www.infokuryr.cz\/n\/wp-json\/wp\/v2\/types\/post"}],"author":[{"embeddable":true,"href":"https:\/\/www.infokuryr.cz\/n\/wp-json\/wp\/v2\/users\/2"}],"replies":[{"embeddable":true,"href":"https:\/\/www.infokuryr.cz\/n\/wp-json\/wp\/v2\/comments?post=102238"}],"version-history":[{"count":1,"href":"https:\/\/www.infokuryr.cz\/n\/wp-json\/wp\/v2\/posts\/102238\/revisions"}],"predecessor-version":[{"id":102241,"href":"https:\/\/www.infokuryr.cz\/n\/wp-json\/wp\/v2\/posts\/102238\/revisions\/102241"}],"wp:featuredmedia":[{"embeddable":true,"href":"https:\/\/www.infokuryr.cz\/n\/wp-json\/wp\/v2\/media\/102239"}],"wp:attachment":[{"href":"https:\/\/www.infokuryr.cz\/n\/wp-json\/wp\/v2\/media?parent=102238"}],"wp:term":[{"taxonomy":"category","embeddable":true,"href":"https:\/\/www.infokuryr.cz\/n\/wp-json\/wp\/v2\/categories?post=102238"},{"taxonomy":"post_tag","embeddable":true,"href":"https:\/\/www.infokuryr.cz\/n\/wp-json\/wp\/v2\/tags?post=102238"}],"curies":[{"name":"wp","href":"https:\/\/api.w.org\/{rel}","templated":true}]}}