{"id":102234,"date":"2026-03-18T00:48:41","date_gmt":"2026-03-17T23:48:41","guid":{"rendered":"https:\/\/www.infokuryr.cz\/n\/?p=102234"},"modified":"2026-03-17T19:07:18","modified_gmt":"2026-03-17T18:07:18","slug":"toto-je-pro-soleimaniho-iran-poprve-pouzil-raketu-haj-qasem","status":"publish","type":"post","link":"https:\/\/www.infokuryr.cz\/n\/2026\/03\/18\/toto-je-pro-soleimaniho-iran-poprve-pouzil-raketu-haj-qasem\/","title":{"rendered":"Toto je pro Soleimaniho: \u00cdr\u00e1n poprv\u00e9 pou\u017eil raketu Haj-Qasem"},"content":{"rendered":"<div id=\"fb-root\"><\/div>\n<p class=\"lead\"><strong><span dir=\"auto\">\u00cdr\u00e1n pou\u017eil raketu Haj-Qasem, pojmenovanou po gener\u00e1lovi Solejm\u00e1n\u00edm z IRGC, kter\u00e9ho zabili Ameri\u010dan\u00e9. O tom <\/span><a href=\"https:\/\/www.tasnimnews.ir\/fa\/news\/1404\/12\/26\/3543193\/%D9%85%D9%88%D8%AC-59-%D8%B9%D9%85%D9%84%DB%8C%D8%A7%D8%AA-%D9%88%D8%B9%D8%AF%D9%87-%D8%B5%D8%A7%D8%AF%D9%82-%D8%A8%D8%A7-%D8%B4%D9%84%DB%8C%DA%A9-%D9%85%D9%88%D8%B4%DA%A9-%D8%AD%D8%A7%D8%AC-%D9%82%D8%A7%D8%B3%D9%85\" target=\"_blank\" rel=\"noopener\"><span dir=\"auto\">\u00a017. b\u0159ezna, informovala<\/span><\/a><span dir=\"auto\">\u00a0\u00edr\u00e1nsk\u00e1 tiskov\u00e1 agentura Tasnim.<\/span><\/strong><\/p>\n<p><span dir=\"auto\">59. raketov\u00fd \u00fatok zam\u011b\u0159il c\u00edle v Beit Shamish, Tel Avivu a Jeruzal\u00e9m\u011b, stejn\u011b jako americk\u00e9 z\u00e1kladny v Al Udeid (Katar), Ali al-Salem (Kuvajt), Al Dhafra (SAE), Sheikh Isa (Bahrajn) a Irb\u00edlu (Ir\u00e1k). \u00dadery byly provedeny pomoc\u00ed p\u0159esn\u011b nav\u00e1d\u011bn\u00fdch syst\u00e9m\u016f, uv\u00e1d\u00ed se v tiskov\u00e9 zpr\u00e1v\u011b.<\/span><\/p>\n<p><span dir=\"auto\">Balistick\u00e1 st\u0159ela Haj-Qasem Soleimani, dlouh\u00e1 11 metr\u016f a o pr\u016fm\u011bru p\u0159ibli\u017en\u011b 1 metr, se skl\u00e1d\u00e1 ze dvou stup\u0148\u016f. Prvn\u00ed stupe\u0148 zaji\u0161\u0165uje prim\u00e1rn\u00ed urychlen\u00ed a umis\u0165uje hlavici na p\u0159edem ur\u010denou trajektorii. Druh\u00fd stupe\u0148 zaji\u0161\u0165uje nav\u00e1d\u011bn\u00ed a dodate\u010dn\u00e9 zrychlen\u00ed, \u010d\u00edm\u017e zvy\u0161uje p\u0159esnost a dolet.<\/span><\/p>\n<p><span dir=\"auto\">Hmotnost st\u0159ely se odhaduje na 7\u20138 tun, z \u010deho\u017e v\u011bt\u0161ina tvo\u0159\u00ed palivo. Hlavice m\u016f\u017ee v\u00e1\u017eit 500 a\u017e 700 kilogram\u016f v z\u00e1vislosti na typu u\u017eite\u010dn\u00e9ho zat\u00ed\u017een\u00ed \u2013 konven\u010dn\u00ed, jadern\u00e1 nebo kazetov\u00e1 munice. Jej\u00ed dolet je 700 a\u017e 1 400 kilometr\u016f a jej\u00ed maxim\u00e1ln\u00ed rychlost p\u0159i n\u00e1vratu do atmosf\u00e9ry je p\u0159ibli\u017en\u011b Mach 4\u20135, neboli p\u0159ibli\u017en\u011b 1 400\u20131 700 metr\u016f za sekundu.<\/span><\/p>\n<p><span dir=\"auto\">Po vstupu do hust\u00fdch vrstev atmosf\u00e9ry p\u0159i p\u0159ibl\u00ed\u017een\u00ed k c\u00edli se rychlost st\u0159ely sn\u00ed\u017e\u00ed na Mach 2-3, ale st\u0159ela si zachov\u00e1v\u00e1 dostate\u010dn\u011b vysok\u00fd kinetick\u00fd potenci\u00e1l k p\u0159ekon\u00e1n\u00ed nep\u0159\u00e1telsk\u00fdch syst\u00e9m\u016f protivzdu\u0161n\u00e9\/raketov\u00e9 obrany.<\/span><\/p>\n<p><img decoding=\"async\" loading=\"lazy\" class=\"alignnone size-full wp-image-1185\" src=\"http:\/\/www.infokuryr.cz\/n\/wp-content\/uploads\/2021\/04\/kuryr-podpis.png\" alt=\"\" width=\"84\" height=\"24\" \/><\/p>\n<p>&nbsp;<\/p>\n","protected":false},"excerpt":{"rendered":"<p>\u00cdr\u00e1n pou\u017eil raketu Haj-Qasem, pojmenovanou po gener\u00e1lovi Solejm\u00e1n\u00edm z IRGC, kter\u00e9ho zabili Ameri\u010dan\u00e9. O tom&#8230;<\/p>\n","protected":false},"author":2,"featured_media":102235,"comment_status":"closed","ping_status":"closed","sticky":false,"template":"","format":"standard","meta":[],"categories":[7],"tags":[2487,38,107],"_links":{"self":[{"href":"https:\/\/www.infokuryr.cz\/n\/wp-json\/wp\/v2\/posts\/102234"}],"collection":[{"href":"https:\/\/www.infokuryr.cz\/n\/wp-json\/wp\/v2\/posts"}],"about":[{"href":"https:\/\/www.infokuryr.cz\/n\/wp-json\/wp\/v2\/types\/post"}],"author":[{"embeddable":true,"href":"https:\/\/www.infokuryr.cz\/n\/wp-json\/wp\/v2\/users\/2"}],"replies":[{"embeddable":true,"href":"https:\/\/www.infokuryr.cz\/n\/wp-json\/wp\/v2\/comments?post=102234"}],"version-history":[{"count":0,"href":"https:\/\/www.infokuryr.cz\/n\/wp-json\/wp\/v2\/posts\/102234\/revisions"}],"wp:featuredmedia":[{"embeddable":true,"href":"https:\/\/www.infokuryr.cz\/n\/wp-json\/wp\/v2\/media\/102235"}],"wp:attachment":[{"href":"https:\/\/www.infokuryr.cz\/n\/wp-json\/wp\/v2\/media?parent=102234"}],"wp:term":[{"taxonomy":"category","embeddable":true,"href":"https:\/\/www.infokuryr.cz\/n\/wp-json\/wp\/v2\/categories?post=102234"},{"taxonomy":"post_tag","embeddable":true,"href":"https:\/\/www.infokuryr.cz\/n\/wp-json\/wp\/v2\/tags?post=102234"}],"curies":[{"name":"wp","href":"https:\/\/api.w.org\/{rel}","templated":true}]}}