{"id":102213,"date":"2026-03-18T00:33:57","date_gmt":"2026-03-17T23:33:57","guid":{"rendered":"https:\/\/www.infokuryr.cz\/n\/?p=102213"},"modified":"2026-03-17T16:45:11","modified_gmt":"2026-03-17T15:45:11","slug":"karin-szczyrbova-nekdo-tady-lze-nebo-prokazuje-svou-absolutni-narodohospodarskou-neznalost","status":"publish","type":"post","link":"https:\/\/www.infokuryr.cz\/n\/2026\/03\/18\/karin-szczyrbova-nekdo-tady-lze-nebo-prokazuje-svou-absolutni-narodohospodarskou-neznalost\/","title":{"rendered":"Karin Szczyrbov\u00e1: N\u011bkdo tady l\u017ee nebo prokazuje svou absolutn\u00ed n\u00e1rodohospod\u00e1\u0159skou neznalost"},"content":{"rendered":"<div id=\"fb-root\"><\/div>\n<p><span class=\"x193iq5w xeuugli x13faqbe x1vvkbs x1xmvt09 x1lliihq x1s928wv xhkezso x1gmr53x x1cpjm7i x1fgarty x1943h6x xudqn12 x3x7a5m x6prxxf xvq8zen xo1l8bm xzsf02u x1yc453h\" dir=\"auto\">Neust\u00e1le jsme p\u0159esv\u011bd\u010dov\u00e1ni o tom, jak mus\u00edme p\u0159ij\u00edmat migranty z r\u016fzn\u00fdch kout\u016f sv\u011bta, a to z r\u016fzn\u00fdch d\u016fvod\u016f \u2013 nap\u0159. kv\u016fli tomu, \u017ee m\u00e9n\u011b kvalifikovan\u00e9, nebo fyzicky n\u00e1ro\u010dn\u00e9 pr\u00e1ce ji\u017e \u010ce\u0161i vykon\u00e1vat necht\u011bj\u00ed.<\/span><\/p>\n<p>Druh\u00fd hlavn\u00ed d\u016fvod p\u0159ij\u00edm\u00e1n\u00ed migrant\u016f je zv\u00fd\u0161en\u00ed po\u010dtu zam\u011bstnanc\u016f, kte\u0159\u00ed by m\u011bli \u201evyd\u011bl\u00e1vat\u201c na budouc\u00ed d\u016fchodce.<\/p>\n<p>Dob\u0159e, skv\u011ble, jen\u017ee pro\u010d se sou\u010dasn\u011b s t\u00edm \u0159\u00edk\u00e1, \u017ee v roce 2050 budou na jednoho d\u016fchodce p\u0159ipadat pouze 2 zam\u011bstnanci, kde\u017eto nyn\u00ed jsou \u010dty\u0159i? Kam se tedy pod\u011bli ti migranti, kte\u0159\u00ed maj\u00ed pracovat na ty d\u016fchodce?<\/p>\n<p>Nev\u00edm, ale p\u0159edpokl\u00e1d\u00e1m, \u017ee ti dva \u010ce\u0161i budou \u017eivit jak d\u016fchodce, tak i ty migranty.<\/p>\n<p><em><a href=\"https:\/\/narodnidemokracie.cz\/ing-karin-szczyrbova-nekdo-tady-lze-nebo-prokazuje-svou-absolutni-narodohospodarskou-neznalost\/\">Ing. Karin Szczyrbov\u00e1<\/a>, n\u00e1rodohospod\u00e1\u0159ka a \u010dlenka ND Karvin\u00e1<\/em><\/p>\n<p><img decoding=\"async\" loading=\"lazy\" class=\"alignnone  wp-image-26852\" src=\"http:\/\/www.infokuryr.cz\/n\/wp-content\/uploads\/2023\/04\/Karin-300x300.jpg\" alt=\"\" width=\"163\" height=\"163\" srcset=\"https:\/\/www.infokuryr.cz\/n\/wp-content\/uploads\/2023\/04\/Karin-300x300.jpg 300w, https:\/\/www.infokuryr.cz\/n\/wp-content\/uploads\/2023\/04\/Karin-150x150.jpg 150w, https:\/\/www.infokuryr.cz\/n\/wp-content\/uploads\/2023\/04\/Karin.jpg 400w\" sizes=\"(max-width: 163px) 100vw, 163px\" \/><\/p>\n<p>&nbsp;<\/p>\n","protected":false},"excerpt":{"rendered":"<p>Neust\u00e1le jsme p\u0159esv\u011bd\u010dov\u00e1ni o tom, jak mus\u00edme p\u0159ij\u00edmat migranty z r\u016fzn\u00fdch kout\u016f sv\u011bta, a to&#8230;<\/p>\n","protected":false},"author":2,"featured_media":65479,"comment_status":"closed","ping_status":"closed","sticky":false,"template":"","format":"standard","meta":[],"categories":[6],"tags":[59,119,1503],"_links":{"self":[{"href":"https:\/\/www.infokuryr.cz\/n\/wp-json\/wp\/v2\/posts\/102213"}],"collection":[{"href":"https:\/\/www.infokuryr.cz\/n\/wp-json\/wp\/v2\/posts"}],"about":[{"href":"https:\/\/www.infokuryr.cz\/n\/wp-json\/wp\/v2\/types\/post"}],"author":[{"embeddable":true,"href":"https:\/\/www.infokuryr.cz\/n\/wp-json\/wp\/v2\/users\/2"}],"replies":[{"embeddable":true,"href":"https:\/\/www.infokuryr.cz\/n\/wp-json\/wp\/v2\/comments?post=102213"}],"version-history":[{"count":0,"href":"https:\/\/www.infokuryr.cz\/n\/wp-json\/wp\/v2\/posts\/102213\/revisions"}],"wp:featuredmedia":[{"embeddable":true,"href":"https:\/\/www.infokuryr.cz\/n\/wp-json\/wp\/v2\/media\/65479"}],"wp:attachment":[{"href":"https:\/\/www.infokuryr.cz\/n\/wp-json\/wp\/v2\/media?parent=102213"}],"wp:term":[{"taxonomy":"category","embeddable":true,"href":"https:\/\/www.infokuryr.cz\/n\/wp-json\/wp\/v2\/categories?post=102213"},{"taxonomy":"post_tag","embeddable":true,"href":"https:\/\/www.infokuryr.cz\/n\/wp-json\/wp\/v2\/tags?post=102213"}],"curies":[{"name":"wp","href":"https:\/\/api.w.org\/{rel}","templated":true}]}}