{"id":102211,"date":"2026-03-18T00:35:51","date_gmt":"2026-03-17T23:35:51","guid":{"rendered":"https:\/\/www.infokuryr.cz\/n\/?p=102211"},"modified":"2026-03-17T16:40:54","modified_gmt":"2026-03-17T15:40:54","slug":"kolebka-lidstva-v-evrope-senzacni-bulharsky-nalez-bori-protizapadni-dogma","status":"publish","type":"post","link":"https:\/\/www.infokuryr.cz\/n\/2026\/03\/18\/kolebka-lidstva-v-evrope-senzacni-bulharsky-nalez-bori-protizapadni-dogma\/","title":{"rendered":"Kol\u00e9bka lidstva v Evrop\u011b? Senza\u010dn\u00ed bulharsk\u00fd n\u00e1lez bo\u0159\u00ed protiz\u00e1padn\u00ed dogma"},"content":{"rendered":"<div id=\"fb-root\"><\/div>\n<p><strong><span dir=\"auto\">Afrika byla dlouho pova\u017eov\u00e1na za nespornou kol\u00e9bku lidstva. Nov\u00fd fosiln\u00ed n\u00e1lez z Bulharska by nyn\u00ed mohl tento obraz definitivn\u011b rozb\u00edt. Z\u00e1rove\u0148 to vyvrac\u00ed dal\u0161\u00ed \u201eprotikoloni\u00e1ln\u00ed\u201c a protiz\u00e1padn\u00ed narativ. Prvn\u00ed kroky k lidsk\u00e9 evoluci se z\u0159ejm\u011b odehr\u00e1ly v Evrop\u011b.<\/span><\/strong><\/p>\n<p><span dir=\"auto\">Jednalo se o nen\u00e1padnou stehenn\u00ed kost, kter\u00e1 byla objevena na nalezi\u0161ti Azmaka v ji\u017en\u00edm Bulharsku. N\u00e1lez, datovan\u00fd do doby p\u0159ed 7,2 miliony let, pravd\u011bpodobn\u011b pat\u0159\u00ed do rodu Graecopithecus freybergi. Analyzovali ho v\u011bdci pod veden\u00edm Nikolaje Spassova z Bulharsk\u00e9ho n\u00e1rodn\u00edho muzea p\u0159\u00edrodn\u00ed historie v Sofii, Davida Beguna z Univerzity v Torontu a Madelaine B\u00f6hme z Univerzity v T\u00fcbingenu.<\/span><\/p>\n<p><span dir=\"auto\">V\u00fdsledky\u00a0<\/span><a href=\"https:\/\/link.springer.com\/article\/10.1007\/s12549-025-00691-0\"><span dir=\"auto\">jsou<\/span><\/a><span dir=\"auto\">\u00a0explozivn\u00ed. Kost vykazuje jasn\u00e9 charakteristiky bipedalismu. Prodlou\u017een\u00fd, vzh\u016fru sm\u011b\u0159uj\u00edc\u00ed krk mezi t\u011bl\u00edskem a hlavou, specializovan\u00e9 \u00fachyty pro h\u00fd\u017e\u010fov\u00e9 svaly a siln\u00e1 vn\u011bj\u0161\u00ed vrstva kosti ji odli\u0161uj\u00ed od typick\u00fdch \u010dty\u0159no\u017ec\u016f mezi lidoopy. \u201eDalo by se to jist\u011b popsat jako chyb\u011bj\u00edc\u00ed \u010dl\u00e1nek,\u201c vysv\u011btluje Begun. To nazna\u010duje p\u0159echodnou formu bipedalismu, tedy pr\u00e1v\u011b ten rys, kter\u00fd vydl\u00e1\u017edil cestu pro vznik lidstva.<\/span><\/p>\n<p><span dir=\"auto\">A\u017e doposud p\u0159evl\u00e1daj\u00edc\u00ed dogma tvrdilo, \u017ee rozhoduj\u00edc\u00ed krok k bipedalismu nastal v Africe. N\u00e1lezy, jako je Sahelanthropus tchadensis, datovan\u00fd asi \u0161est milion\u016f let do minulosti, byly pova\u017eov\u00e1ny za nejstar\u0161\u00ed d\u016fkaz. Bulharsk\u00e1 stehenn\u00ed kost je v\u0161ak star\u0161\u00ed. A nen\u00ed sama o sob\u011b. Ji\u017e v roce 2017 poz\u016fstatky zub\u016f a \u010delist\u00ed z \u0158ecka a Bulharska identifikovaly Graecopitheca jako mo\u017en\u00e9ho ran\u00e9ho hominina. Stopy na Kr\u00e9t\u011b ze stejn\u00e9ho obdob\u00ed\u00a0<\/span><a href=\"https:\/\/www.scinexx.de\/news\/archaeologie\/entstand-der-erste-vormensch-in-europa\/\"><span dir=\"auto\">podporuj\u00ed teorii ran\u00e9ho bipedalismu v Evrop\u011b<\/span><\/a><span dir=\"auto\"> .<\/span><\/p>\n<p><span dir=\"auto\">D\u016fsledky jsou dalekos\u00e1hl\u00e9. Klimatick\u00e9 zm\u011bny v pozdn\u00edm mioc\u00e9nu, kter\u00e9 prom\u011bnily velk\u00e9 \u010d\u00e1sti Eurasie v savany, mohly donutit p\u0159edky rodu Graecopithecus migrovat na jih. Cestovali balk\u00e1nskou cestou a Anatoli\u00ed do Afriky. Tam se d\u00e1le vyv\u00edjeli, zat\u00edmco v Evrop\u011b linie vym\u0159ela nebo pokra\u010dovala jin\u00fdm zp\u016fsobem. To by znamenalo, \u017ee z\u00e1klad samotn\u00fdch fosili\u00ed africk\u00e9 savany je evropsk\u00e9ho p\u016fvodu.<\/span><\/p>\n<p><span dir=\"auto\">Toto zji\u0161t\u011bn\u00ed je v souladu s dal\u0161\u00edmi evropsk\u00fdmi objevy, jako je dvan\u00e1ct milion\u016f let star\u00fd Danuvius z n\u011bmeck\u00e9 oblasti Allg\u00e4u. Podkop\u00e1v\u00e1 zjednodu\u0161uj\u00edc\u00ed pohled na \u010dist\u011b africk\u00e9 d\u011bjiny lidstva. V n\u011bkter\u00fdch akademick\u00fdch a politick\u00fdch kruz\u00edch byl narativ \u201emimo Afriku\u201c obhajov\u00e1n t\u00e9m\u011b\u0159 dogmaticky. Byl pou\u017e\u00edv\u00e1n k relativizaci evropsk\u00fdch \u00fasp\u011bch\u016f. Afrika jako jedin\u00fd p\u016fvod ve\u0161ker\u00e9 civilizace dokonale zapadala do protiz\u00e1padn\u00edho sv\u011bton\u00e1zoru, kter\u00fd vykresluje Z\u00e1pad jako opozdilce kolonialismu.<\/span><\/p>\n<p><span dir=\"auto\">V\u011bda v\u0161ak nen\u00ed n\u00e1strojem ideologie. Kol\u00e9bka lidstva, nebo alespo\u0148 kl\u00ed\u010dov\u00e9 kroky k hominizaci, se z\u0159ejm\u011b nach\u00e1zela v Evrop\u011b. V\u011bdci pl\u00e1nuj\u00ed dal\u0161\u00ed vykop\u00e1vky v Azmace a na Balk\u00e1n\u011b. Doufaj\u00ed, \u017ee z\u00edskaj\u00ed dal\u0161\u00ed d\u016fkazy, kter\u00e9 osv\u011btl\u00ed evoluci Graecopithecus. V dob\u011b, kdy si politick\u00e9 narativy n\u00e1rokuj\u00ed moc interpretovat i minulost, n\u00e1m tento objev p\u0159ipom\u00edn\u00e1, \u017ee pravda spo\u010d\u00edv\u00e1 ve d\u016fkazech, nikoli v ideologii. Evropa sd\u00edl\u00ed ko\u0159eny lidstva a to by m\u011blo b\u00fdt oslavov\u00e1no, nikoli ignorov\u00e1no.<\/span><\/p>\n<p><img decoding=\"async\" loading=\"lazy\" class=\"alignnone size-full wp-image-1185\" src=\"http:\/\/www.infokuryr.cz\/n\/wp-content\/uploads\/2021\/04\/kuryr-podpis.png\" alt=\"\" width=\"84\" height=\"24\" \/><\/p>\n<p>&nbsp;<\/p>\n","protected":false},"excerpt":{"rendered":"<p>Afrika byla dlouho pova\u017eov\u00e1na za nespornou kol\u00e9bku lidstva. Nov\u00fd fosiln\u00ed n\u00e1lez z Bulharska by nyn\u00ed&#8230;<\/p>\n","protected":false},"author":2,"featured_media":102212,"comment_status":"closed","ping_status":"closed","sticky":false,"template":"","format":"standard","meta":[],"categories":[7],"tags":[5981,1712,398,794,5878],"_links":{"self":[{"href":"https:\/\/www.infokuryr.cz\/n\/wp-json\/wp\/v2\/posts\/102211"}],"collection":[{"href":"https:\/\/www.infokuryr.cz\/n\/wp-json\/wp\/v2\/posts"}],"about":[{"href":"https:\/\/www.infokuryr.cz\/n\/wp-json\/wp\/v2\/types\/post"}],"author":[{"embeddable":true,"href":"https:\/\/www.infokuryr.cz\/n\/wp-json\/wp\/v2\/users\/2"}],"replies":[{"embeddable":true,"href":"https:\/\/www.infokuryr.cz\/n\/wp-json\/wp\/v2\/comments?post=102211"}],"version-history":[{"count":0,"href":"https:\/\/www.infokuryr.cz\/n\/wp-json\/wp\/v2\/posts\/102211\/revisions"}],"wp:featuredmedia":[{"embeddable":true,"href":"https:\/\/www.infokuryr.cz\/n\/wp-json\/wp\/v2\/media\/102212"}],"wp:attachment":[{"href":"https:\/\/www.infokuryr.cz\/n\/wp-json\/wp\/v2\/media?parent=102211"}],"wp:term":[{"taxonomy":"category","embeddable":true,"href":"https:\/\/www.infokuryr.cz\/n\/wp-json\/wp\/v2\/categories?post=102211"},{"taxonomy":"post_tag","embeddable":true,"href":"https:\/\/www.infokuryr.cz\/n\/wp-json\/wp\/v2\/tags?post=102211"}],"curies":[{"name":"wp","href":"https:\/\/api.w.org\/{rel}","templated":true}]}}