{"id":102209,"date":"2026-03-18T00:34:27","date_gmt":"2026-03-17T23:34:27","guid":{"rendered":"https:\/\/www.infokuryr.cz\/n\/?p=102209"},"modified":"2026-03-17T16:37:27","modified_gmt":"2026-03-17T15:37:27","slug":"nemecko-asociace-pro-skladovani-plynu-varuje-pred-totalnim-kolapsem-pristi-zimu","status":"publish","type":"post","link":"https:\/\/www.infokuryr.cz\/n\/2026\/03\/18\/nemecko-asociace-pro-skladovani-plynu-varuje-pred-totalnim-kolapsem-pristi-zimu\/","title":{"rendered":"N\u011bmecko: Asociace pro skladov\u00e1n\u00ed plynu varuje p\u0159ed tot\u00e1ln\u00edm kolapsem p\u0159\u00ed\u0161t\u00ed zimu!"},"content":{"rendered":"<div id=\"fb-root\"><\/div>\n<p><strong><span dir=\"auto\">P\u0159esto\u017ee jsou dod\u00e1vky plynu do N\u011bmecka pro tuto zimn\u00ed sez\u00f3nu sotva zaji\u0161t\u011bny, vyhl\u00eddky na nadch\u00e1zej\u00edc\u00ed zimu jsou pochmurn\u00e9. Vysok\u00e9 ceny plynu v d\u016fsledku v\u00e1lky v \u00cdr\u00e1nu nut\u00ed energetick\u00e9 spole\u010dnosti zdr\u017eovat se n\u00e1kup\u016f.<\/span><\/strong><\/p>\n<p><span dir=\"auto\">Habeckova \u00e9ra je sice d\u00e1vno pry\u010d, ale jeho toxick\u00fd odkaz st\u00e1le \u017eene N\u011bmecko do z\u00e1huby. Zat\u00edmco politici st\u00e1le oslavuj\u00ed, \u017ee tuto zimu nebudeme sed\u011bt ve tm\u011b a chladu, dal\u0161\u00ed historick\u00e1 energetick\u00e1 krize se ji\u017e schyluje k nadch\u00e1zej\u00edc\u00edmu roku.\u00a0<\/span><a href=\"https:\/\/www.n-tv.de\/wirtschaft\/der_boersen_tag\/Der-Boersen-Tag-Dienstag-17-Maerz-2026-id30478178.html\"><span dir=\"auto\">Asociace pro skladov\u00e1n\u00ed plynu INES<\/span><\/a><span dir=\"auto\"> nyn\u00ed s neb\u00fdvalou jasnost\u00ed bije na poplach.<\/span><\/p>\n<p><span dir=\"auto\">Zat\u00edmco z\u00e1soby pro sou\u010dasnou zimu mohou b\u00fdt zaji\u0161t\u011bny, pro nadch\u00e1zej\u00edc\u00ed zimu se r\u00fdsuje bezprecedentn\u00ed fiasko. Podle Iniciativy pro skladov\u00e1n\u00ed energie (INES) trh v sou\u010dasn\u00e9 dob\u011b postr\u00e1d\u00e1 jak\u00e9koli ekonomick\u00e9 pob\u00eddky k ukl\u00e1d\u00e1n\u00ed plynu pro chladn\u00e9 obdob\u00ed. \u201eZ\u00e1soby pro zbytek zimy jsou zaji\u0161t\u011bny,\u201c vysv\u011btluje v\u00fdkonn\u00fd \u0159editel INES Sebastian Heinermann. Pak ale p\u0159ich\u00e1z\u00ed v\u011bta, kter\u00e1 vis\u00ed jako Damokl\u016fv me\u010d nad n\u011bmeckou ekonomikou a miliony dom\u00e1cnost\u00ed: \u201eSkute\u010dn\u00e1 v\u00fdzva je teprve p\u0159ed n\u00e1mi \u2013 dopln\u011bn\u00ed z\u00e1sobn\u00edk\u016f na nadch\u00e1zej\u00edc\u00ed zimu.\u201c<\/span><\/p>\n<p><span dir=\"auto\">D\u016fvod tohoto dramatick\u00e9ho v\u00fdhledu je pro n\u00e1\u0161 ji\u017e tak pot\u00fdkaj\u00edc\u00ed se region absolutn\u00edm varovn\u00fdm sign\u00e1lem: Paradoxn\u011b je plyn pro nadch\u00e1zej\u00edc\u00ed zimu v sou\u010dasn\u00e9 dob\u011b levn\u011bj\u0161\u00ed ne\u017e pro l\u00e9to! Tento takzvan\u00fd \u201enegativn\u00ed letn\u00ed a zimn\u00ed rozd\u00edl\u201c zcela neguje pob\u00eddky ke skladov\u00e1n\u00ed. Jednodu\u0161e \u0159e\u010deno: Pro spole\u010dnosti se prost\u011b u\u017e nevyplat\u00ed p\u0159ij\u00edmat preventivn\u00ed opat\u0159en\u00ed a plnit sv\u00e1 skladovac\u00ed za\u0159\u00edzen\u00ed. Syst\u00e9m je na pokraji kolapsu.<\/span><\/p>\n<p><span dir=\"auto\">D\u016fvodem je po\u0161etilost n\u011bmeck\u00e9 energetick\u00e9 politiky v posledn\u00edch letech. Pot\u00e9, co se politici \u2013 \u010d\u00e1ste\u010dn\u011b z geopolitick\u00e9 nutnosti, \u010d\u00e1ste\u010dn\u011b ze slep\u00e9 ideologie \u2013 vzdali rusk\u00e9ho plynovodu, se dr\u017eeli \u00fadajn\u00e9ho z\u00e1zraku zkapaln\u011bn\u00e9ho zemn\u00edho plynu (LNG). Oslavovali drah\u00e9 termin\u00e1ly LNG a gratulovali si k nez\u00e1vislosti. V d\u016fsledku faktick\u00e9ho uzav\u0159en\u00ed Hormuzsk\u00e9ho pr\u016flivu se v\u0161ak glob\u00e1ln\u00ed trhy s LNG zbl\u00e1znily a ceny prudce rostou.<\/span><\/p>\n<p><span dir=\"auto\">Pl\u00e1n na zaji\u0161t\u011bn\u00ed bezpe\u010dn\u00fdch dod\u00e1vek plynu plynovodem se nyn\u00ed ukazuje jako fat\u00e1ln\u00ed chyba. Pokud se z\u00e1sobn\u00edky plynu letos v l\u00e9t\u011b nenapln\u00ed, N\u011bmecko bude v p\u0159\u00ed\u0161t\u00ed zim\u011b \u010delit masivn\u00edmu cenov\u00e9mu \u0161oku \u2013 nebo je\u0161t\u011b h\u016f\u0159: fyzick\u00e9mu nedostatku plynu. Je to proto, \u017ee sou\u010dasnou spot\u0159ebu nelze pokr\u00fdt pouze dod\u00e1vkami LNG.<\/span><\/p>\n<p><img decoding=\"async\" loading=\"lazy\" class=\"alignnone size-full wp-image-1185\" src=\"http:\/\/www.infokuryr.cz\/n\/wp-content\/uploads\/2021\/04\/kuryr-podpis.png\" alt=\"\" width=\"84\" height=\"24\" \/><\/p>\n<p>&nbsp;<\/p>\n","protected":false},"excerpt":{"rendered":"<p>P\u0159esto\u017ee jsou dod\u00e1vky plynu do N\u011bmecka pro tuto zimn\u00ed sez\u00f3nu sotva zaji\u0161t\u011bny, vyhl\u00eddky na nadch\u00e1zej\u00edc\u00ed&#8230;<\/p>\n","protected":false},"author":2,"featured_media":102210,"comment_status":"closed","ping_status":"closed","sticky":false,"template":"","format":"standard","meta":[],"categories":[7],"tags":[371,84,1008,4123],"_links":{"self":[{"href":"https:\/\/www.infokuryr.cz\/n\/wp-json\/wp\/v2\/posts\/102209"}],"collection":[{"href":"https:\/\/www.infokuryr.cz\/n\/wp-json\/wp\/v2\/posts"}],"about":[{"href":"https:\/\/www.infokuryr.cz\/n\/wp-json\/wp\/v2\/types\/post"}],"author":[{"embeddable":true,"href":"https:\/\/www.infokuryr.cz\/n\/wp-json\/wp\/v2\/users\/2"}],"replies":[{"embeddable":true,"href":"https:\/\/www.infokuryr.cz\/n\/wp-json\/wp\/v2\/comments?post=102209"}],"version-history":[{"count":0,"href":"https:\/\/www.infokuryr.cz\/n\/wp-json\/wp\/v2\/posts\/102209\/revisions"}],"wp:featuredmedia":[{"embeddable":true,"href":"https:\/\/www.infokuryr.cz\/n\/wp-json\/wp\/v2\/media\/102210"}],"wp:attachment":[{"href":"https:\/\/www.infokuryr.cz\/n\/wp-json\/wp\/v2\/media?parent=102209"}],"wp:term":[{"taxonomy":"category","embeddable":true,"href":"https:\/\/www.infokuryr.cz\/n\/wp-json\/wp\/v2\/categories?post=102209"},{"taxonomy":"post_tag","embeddable":true,"href":"https:\/\/www.infokuryr.cz\/n\/wp-json\/wp\/v2\/tags?post=102209"}],"curies":[{"name":"wp","href":"https:\/\/api.w.org\/{rel}","templated":true}]}}