{"id":102205,"date":"2026-03-18T00:31:47","date_gmt":"2026-03-17T23:31:47","guid":{"rendered":"https:\/\/www.infokuryr.cz\/n\/?p=102205"},"modified":"2026-03-17T16:30:47","modified_gmt":"2026-03-17T15:30:47","slug":"zena-pronajala-hotel-jako-ubytovani-pro-uprchliky-obrovske-skody-zniceni-obzivy","status":"publish","type":"post","link":"https:\/\/www.infokuryr.cz\/n\/2026\/03\/18\/zena-pronajala-hotel-jako-ubytovani-pro-uprchliky-obrovske-skody-zniceni-obzivy\/","title":{"rendered":"\u017dena pronajala hotel jako ubytov\u00e1n\u00ed pro uprchl\u00edky: Obrovsk\u00e9 \u0161kody, \u201ezni\u010den\u00ed ob\u017eivy\u201c"},"content":{"rendered":"<div id=\"fb-root\"><\/div>\n<p><strong><span dir=\"auto\">\u010cty\u0159iaosmdes\u00e1tilet\u00e1 Ingrid S. ho\u0159ce lituje, \u017ee v roce 2014 pronajala sv\u00e9 \u017eivotn\u00ed d\u00edlo \u2013 b\u00fdval\u00fd t\u0159\u00edhv\u011bzdi\u010dkov\u00fd hotel v Niedensteinu \u2013 m\u011bstsk\u00e9 \u010d\u00e1sti Schwalm-Eder pro \u201euprchl\u00edky\u201c. Co za\u010dalo jako akt pomoci, skon\u010dilo pro d\u016fchodkyni dlouholetou no\u010dn\u00ed m\u016frou: masivn\u00ed \u0161kody, vysok\u00e9 osobn\u00ed v\u00fddaje a pr\u00e1vn\u00ed spor, kter\u00fd trv\u00e1 dodnes.<\/span><\/strong><\/p>\n<p><span dir=\"auto\">Jak uvedly\u00a0<\/span><a href=\"https:\/\/www.hna.de\/lokales\/fritzlar-homberg\/niedenstein-ort106215\/ingrid-sauer-vermietet-hotel-an-kreis-jetzt-fehlen-ihr-122-000-euro-94214429.html\"><span dir=\"auto\">noviny HNA<\/span><\/a><span dir=\"auto\">\u00a0, d\u016fchodkyn\u011b pronajala sv\u016fj \u201epoh\u00e1dkov\u00fd hotel\u201c okresu v roce 2014. Okres vyu\u017e\u00edval nemovitost p\u011bt let k ubytov\u00e1n\u00ed uprchl\u00edk\u016f. Pot\u00e9, co se 80 obyvatel odst\u011bhovalo, byla budova podle S. v katastrof\u00e1ln\u00edm stavu. Podle n\u00e1jemn\u00ed smlouvy byl n\u00e1jemn\u00edk povinen opravit \u0161kody a vr\u00e1tit nemovitost v \u010dist\u00e9m stavu \u2013 ani jedno z toho se nestalo.\u00a0<\/span><strong><span dir=\"auto\">\u201eUkl\u00edzela jsem ve dne v noci. Odstra\u0148ovala jsem v\u00fdkaly ze st\u011bn koupelny, odstra\u0148ovala zbytky j\u00eddla ze sifon\u016f a o\u0161et\u0159ovala pl\u00edse\u0148,\u201c cituje 84let\u00e1 \u017eena.<\/span><\/strong><\/p>\n<p><span dir=\"auto\">Nakonec si musela najmout \u0159emesln\u00edky a n\u00e9st n\u00e1klady sama. \u010cist\u00e9 struktur\u00e1ln\u00ed \u0161kody dos\u00e1hly p\u0159ibli\u017en\u011b 200 000 eur. Okres dosud uhradil pouze zhruba 78 000 eur \u2013 podle n\u00ed je st\u00e1le dlu\u017en\u00fdch 122 000 eur a ani to \u201eve skute\u010dnosti nesta\u010d\u00ed\u201c. Okres soud\u00ed o plnou n\u00e1hradu ji\u017e p\u011bt let. Okres Schwalm-Eder novin\u00e1m HNA potvrdil, \u017ee je n\u00e1jemcem nemovitosti, ale odm\u00edtl se podrobn\u011bji vyj\u00e1d\u0159it k v\u00fd\u0161i \u0161kod nebo prob\u00edhaj\u00edc\u00edmu soudn\u00edmu \u0159\u00edzen\u00ed.<\/span><\/p>\n<p><strong><span dir=\"auto\">S. odhaduje svou celkovou ztr\u00e1tu na v\u00edce ne\u017e 2,5 milionu eur. \u201eMoje \u017eivobyt\u00ed bylo zni\u010deno,\u201c \u0159\u00edk\u00e1.<\/span><\/strong><span dir=\"auto\">\u00a0Krom\u011b n\u00e1klad\u016f na v\u00fdstavbu se seniorka c\u00edt\u00ed ze strany m\u011bstsk\u00e9 \u010d\u00e1sti podvedena ohledn\u011b n\u00e1jemn\u00e9ho. \u201eDost\u00e1vala jsem 87,50 eura na osobu m\u011bs\u00ed\u010dn\u011b.\u201c Jin\u00ed pronaj\u00edmatel\u00e9 naopak dost\u00e1vali \u201emezi 150 a 220 eury na osobu\u201c. K tomu se p\u0159id\u00e1v\u00e1 i sn\u00ed\u017een\u00ed\u00a0<\/span><strong><span dir=\"auto\">hodnoty nemovitosti.<\/span><\/strong><\/p>\n<p><span dir=\"auto\">\u201e\u00a0<\/span><strong><span dir=\"auto\">Kdy\u017e se ohl\u00e9dnu zp\u011bt, tento pron\u00e1jem byl nejv\u011bt\u0161\u00ed chybou m\u00e9ho \u017eivota.<\/span><\/strong><span dir=\"auto\">\u00a0Kdybych tohle v\u0161echno v\u011bd\u011bl d\u0159\u00edv, nikdy bych za takov\u00fdch okolnost\u00ed nepronajal kraji sv\u016fj t\u0159\u00edhv\u011bzdi\u010dkov\u00fd hotel ve v\u00fdborn\u00e9m stavu,\u201c uzav\u00edr\u00e1 S. se slzami v o\u010d\u00edch.<\/span><\/p>\n<p><span dir=\"auto\">D\u016fchodkyn\u011b tvrd\u00ed, \u017ee v t\u00e9 dob\u011b cht\u011bla jen pom\u00e1hat \u201echud\u00fdm lidem\u201c a podporovat okres v jeho bytov\u00e9 krizi. Dalo by se ji obvinit z naivity, ale v kone\u010dn\u00e9m d\u016fsledku je dal\u0161\u00ed ob\u011bt\u00ed pom\u00fdlen\u00e9 masov\u00e9 imigrace. V d\u016fsledku uprchlick\u00e9 krize v letech 2015\/16 a v n\u00e1sleduj\u00edc\u00edch letech (nap\u0159. v\u00e1lka na Ukrajin\u011b v roce 2022) p\u0159i\u0161ly do N\u011bmecka miliony lid\u00ed, ani\u017e by byly spln\u011bny nezbytn\u00e9 podm\u00ednky. Nedostatek ubytov\u00e1n\u00ed vedl k tomu, \u017ee p\u0159et\u00ed\u017een\u00e9 obce si st\u00e1le \u010dast\u011bji pronaj\u00edmaly hotely, hostely a penziony jako nouzov\u00e1 \u00fato\u010di\u0161t\u011b (co\u017e pro da\u0148ov\u00e9 poplatn\u00edky znamenalo p\u0159emr\u0161t\u011bn\u00e9 n\u00e1klady).<\/span><\/p>\n<p><span dir=\"auto\">Nakonec na tom v\u0161ichni (krom\u011b n\u011bkolika m\u00e1lo spekulant\u016f v azylov\u00e9m pr\u016fmyslu) prohr\u00e1vaj\u00ed: zahlcen\u00e9 obce, lid\u00e9, kte\u0159\u00ed projevili \u201eochotu pomoci\u201c nebo bezmy\u0161lenkovit\u011b cht\u011bli vyd\u011blat, v\u0161ichni da\u0148ov\u00ed poplatn\u00edci a spole\u010dnost, kter\u00e1 je odm\u011bnou konfrontov\u00e1na s d\u016fsledky hromadn\u00e9ho p\u0159ij\u00edm\u00e1n\u00ed a integra\u010dn\u00edch ne\u00fasp\u011bch\u016f.<\/span><\/p>\n<p><img decoding=\"async\" loading=\"lazy\" class=\"alignnone size-full wp-image-1185\" src=\"http:\/\/www.infokuryr.cz\/n\/wp-content\/uploads\/2021\/04\/kuryr-podpis.png\" alt=\"\" width=\"84\" height=\"24\" \/><\/p>\n<p>&nbsp;<\/p>\n","protected":false},"excerpt":{"rendered":"<p>\u010cty\u0159iaosmdes\u00e1tilet\u00e1 Ingrid S. ho\u0159ce lituje, \u017ee v roce 2014 pronajala sv\u00e9 \u017eivotn\u00ed d\u00edlo \u2013 b\u00fdval\u00fd&#8230;<\/p>\n","protected":false},"author":2,"featured_media":102206,"comment_status":"closed","ping_status":"closed","sticky":false,"template":"","format":"standard","meta":[],"categories":[7],"tags":[3115,739,148],"_links":{"self":[{"href":"https:\/\/www.infokuryr.cz\/n\/wp-json\/wp\/v2\/posts\/102205"}],"collection":[{"href":"https:\/\/www.infokuryr.cz\/n\/wp-json\/wp\/v2\/posts"}],"about":[{"href":"https:\/\/www.infokuryr.cz\/n\/wp-json\/wp\/v2\/types\/post"}],"author":[{"embeddable":true,"href":"https:\/\/www.infokuryr.cz\/n\/wp-json\/wp\/v2\/users\/2"}],"replies":[{"embeddable":true,"href":"https:\/\/www.infokuryr.cz\/n\/wp-json\/wp\/v2\/comments?post=102205"}],"version-history":[{"count":0,"href":"https:\/\/www.infokuryr.cz\/n\/wp-json\/wp\/v2\/posts\/102205\/revisions"}],"wp:featuredmedia":[{"embeddable":true,"href":"https:\/\/www.infokuryr.cz\/n\/wp-json\/wp\/v2\/media\/102206"}],"wp:attachment":[{"href":"https:\/\/www.infokuryr.cz\/n\/wp-json\/wp\/v2\/media?parent=102205"}],"wp:term":[{"taxonomy":"category","embeddable":true,"href":"https:\/\/www.infokuryr.cz\/n\/wp-json\/wp\/v2\/categories?post=102205"},{"taxonomy":"post_tag","embeddable":true,"href":"https:\/\/www.infokuryr.cz\/n\/wp-json\/wp\/v2\/tags?post=102205"}],"curies":[{"name":"wp","href":"https:\/\/api.w.org\/{rel}","templated":true}]}}