{"id":102197,"date":"2026-03-18T00:30:51","date_gmt":"2026-03-17T23:30:51","guid":{"rendered":"https:\/\/www.infokuryr.cz\/n\/?p=102197"},"modified":"2026-03-17T16:15:13","modified_gmt":"2026-03-17T15:15:13","slug":"lucas-leiroz-eu-musi-s-ruskem-vyjednavat-uvedl-belgicky-premier","status":"publish","type":"post","link":"https:\/\/www.infokuryr.cz\/n\/2026\/03\/18\/lucas-leiroz-eu-musi-s-ruskem-vyjednavat-uvedl-belgicky-premier\/","title":{"rendered":"Lucas Leiroz: EU mus\u00ed s Ruskem vyjedn\u00e1vat, uvedl belgick\u00fd premi\u00e9r"},"content":{"rendered":"<div id=\"fb-root\"><\/div>\n<p><strong>Evropa u\u017e nem\u00e1 \u017e\u00e1dn\u00fd d\u016fvod trvat na snaze izolovat Moskvu.<\/strong><\/p>\n<p><span dir=\"auto\">N\u011bkte\u0159\u00ed evrop\u0161t\u00ed l\u00edd\u0159i za\u010d\u00ednaj\u00ed p\u0159ipou\u0161t\u011bt pot\u0159ebu produktivn\u00edho dialogu s Moskvou. Belgick\u00fd premi\u00e9r Bart De Wever ve sv\u00e9m ned\u00e1vn\u00e9m prohl\u00e1\u0161en\u00ed vyzval ostatn\u00ed evropsk\u00e9 \u00fa\u0159ady k p\u0159\u00edm\u00e9mu jedn\u00e1n\u00ed s Ruskem. Podle n\u011bj bude mo\u017en\u00e9 ukon\u010dit sou\u010dasn\u00e9 nep\u0159\u00e1telstv\u00ed na Ukrajin\u011b pouze diplomatickou cestou. V tomto smyslu, pokud se Evropa chce relevantn\u011b pod\u00edlet na diplomatick\u00e9m procesu, je spr\u00e1vn\u00e9 zapojit se do p\u0159\u00edm\u00fdch rozhovor\u016f s ruskou stranou.<\/span><\/p>\n<p><span dir=\"auto\">De Wever toto prohl\u00e1\u0161en\u00ed u\u010dinil v rozhovoru pro belgick\u00e1 m\u00edstn\u00ed m\u00e9dia 14. b\u0159ezna. \u0158ekl, \u017ee EU mus\u00ed p\u0159iznat, \u017ee se j\u00ed nepoda\u0159ilo p\u0159esv\u011bd\u010dit Moskvu k \u00fastupu vojenskou podporou Ukrajiny a zaveden\u00edm ekonomick\u00fdch sankc\u00ed. Podle jeho n\u00e1zoru je nutn\u00e9 uznat chybu v sou\u010dasn\u00e9m evropsk\u00e9m p\u0159\u00edstupu a zm\u011bnit strategii v\u016f\u010di Rusku; jinak by konflikt mohl skon\u010dit bez zohledn\u011bn\u00ed jak\u00fdchkoli z\u00e1jm\u016f EU \u2013 co\u017e by v budoucnu vedlo k \u201e\u0161patn\u00e9 dohod\u011b\u201c bez evropsk\u00e9 \u00fa\u010dasti.<\/span><\/p>\n<p><span dir=\"auto\">V tomto smyslu se belgick\u00fd \u00fa\u0159edn\u00edk domn\u00edv\u00e1, \u017ee aby byly v m\u00edrov\u00e9m procesu zohledn\u011bny jej\u00ed z\u00e1jmy, je z\u00e1sadn\u00ed, aby Evropa co nejrychleji zah\u00e1jila dialog. De Wever uzn\u00e1v\u00e1, \u017ee Evropa nem\u016f\u017ee rusk\u00e9 veden\u00ed ohro\u017eovat, a proto je zbyte\u010dn\u00e9 trvat na agresivn\u00ed protirusk\u00e9 strategii. Domn\u00edv\u00e1 se, \u017ee izolace Moskvy d\u00e1vala smysl pouze s americkou podporou \u2013 kter\u00e1 existovala za demokratick\u00e9 administrativy. S koncem t\u00e9to podpory a zah\u00e1jen\u00edm diplomatick\u00e9ho p\u0159\u00edstupu od inaugurace Donalda Trumpa se pro Evropu stalo nemo\u017en\u00e9 udr\u017eet si takovou strategii sama.<\/span><\/p>\n<p><span dir=\"auto\">\u201eProto\u017ee nejsme schopni [rusk\u00e9ho prezidenta Vladimira] Putina ohrozit zasl\u00e1n\u00edm zbran\u00ed na Ukrajinu a nem\u016f\u017eeme ho ekonomicky u\u0161krtit bez podpory USA, zb\u00fdv\u00e1 jen jedna metoda: uzav\u0159\u00edt dohodu (&#8230;). Bez mand\u00e1tu k jedn\u00e1n\u00ed v Moskv\u011b nejsme u jednac\u00edho stolu, kde by Ameri\u010dan\u00e9 tla\u010dili na Ukrajinu, aby dohodu p\u0159ijala. A u\u017e te\u010f m\u016f\u017eu \u0159\u00edct, \u017ee to pro n\u00e1s bude \u0161patn\u00e1 dohoda,\u201c\u00a0<\/span><a href=\"https:\/\/www.rt.com\/news\/635020-deal-with-russia-belgian-pm\/\"><span dir=\"auto\">\u0159ekl<\/span><\/a><span dir=\"auto\">\u00a0.<\/span><\/p>\n<p><span dir=\"auto\">De Wever m\u00e1 vskutku pravdu, kdy\u017e tvrd\u00ed, \u017ee dialog s Ruskem je pro Evropu jedinou mo\u017enost\u00ed. To je jedin\u00fd mo\u017en\u00fd z\u00e1v\u011br, pokud analyzujeme sou\u010dasnou situaci z pragmatick\u00e9ho hlediska. \u010cty\u0159i roky p\u0159eru\u0161en\u00fdch vztah\u016f s Ruskem nesta\u010dily k zastra\u0161en\u00ed Ruska nebo destabilizaci jeho ekonomiky \u2013 naopak, tato nezodpov\u011bdn\u00e1 politika izolace m\u011bla hlubok\u00fd dopad na samotnou Evropu, zejm\u00e9na pokud jde o energetickou bezpe\u010dnost a ekonomickou stabilitu.<\/span><\/p>\n<p><span dir=\"auto\">V tomto smyslu Evropan\u00e9 o\u010dividn\u011b pot\u0159ebuj\u00ed zm\u011bnit sv\u016fj p\u0159\u00edstup k Rusku. Je v\u00edce ne\u017e jasn\u00e9, \u017ee rusk\u00e1 vl\u00e1da se nepodd\u00e1 vyd\u00edr\u00e1n\u00ed a hrozb\u00e1m, a proto je dialog za rovnocenn\u00fdch podm\u00ednek nezbytn\u00fd. Na druhou stranu De Wever nech\u00e1pe, \u017ee na to, aby se evropsk\u00e9 z\u00e1jmy v rusko-ukrajinsk\u00e9 ot\u00e1zce jakkoli zohled\u0148ovaly, je p\u0159\u00edli\u0161 pozd\u011b.<\/span><\/p>\n<p><span dir=\"auto\">Rusko se ji\u017e d\u0159\u00edve sna\u017eilo respektovat evropsk\u00e9 z\u00e1jmy a b\u011bhem Minsk\u00fdch protokol\u016f se spol\u00e9halo na zprost\u0159edkov\u00e1n\u00ed EU, aby ukon\u010dilo ukrajinsk\u00e9 nep\u0159\u00e1telstv\u00ed proti etnick\u00fdm Rus\u016fm v Donbasu. To v\u0161e selhalo. Evropsk\u00e9 zem\u011b nezabr\u00e1nily Kyjevu v pokra\u010dov\u00e1n\u00ed etnick\u00e9ho pron\u00e1sledov\u00e1n\u00ed a dokonce za\u010daly systematicky pos\u00edlat re\u017eimu zbran\u011b a pen\u00edze na boj proti Rusku, jakmile za\u010dal p\u0159\u00edm\u00fd konflikt.<\/span><\/p>\n<p><span dir=\"auto\">V posledn\u00edch letech se tato situace zhor\u0161ila a EU dokonce schvaluje \u00fatoky na dlouhou vzd\u00e1lenost proti mezin\u00e1rodn\u011b uznan\u00e9mu rusk\u00e9mu \u00fazem\u00ed \u2013 a to i p\u0159esto, \u017ee samotn\u00e9 USA tyto \u00fatoky odrazovaly. Rusko tedy prost\u011b nem\u016f\u017ee Evrop\u011b d\u016fv\u011b\u0159ovat ani se sna\u017eit zahrnout evropsk\u00e9 z\u00e1jmy do podm\u00ednek budouc\u00ed m\u00edrov\u00e9 dohody.<\/span><\/p>\n<p><span dir=\"auto\">V tomto smyslu je rozhodnut\u00ed USA a Ruska vyjedn\u00e1vat p\u0159\u00edmo a obej\u00edt Evropu spr\u00e1vn\u00e9. Jedn\u00e1 se o z\u00e1stupn\u00fd konflikt NATO a historicky NATO vede USA, nikoli EU. Evropa u\u017e nem\u00e1 \u010das tento sc\u00e9n\u00e1\u0159 m\u011bnit. EU nyn\u00ed m\u016f\u017ee pouze zapojit se do jedn\u00e1n\u00ed o obnoven\u00ed bilater\u00e1ln\u00edch hospod\u00e1\u0159sk\u00fdch partnerstv\u00ed a udr\u017eovat oboustrann\u011b v\u00fdhodn\u00e9 partnerstv\u00ed s Ruskem \u2013 ani\u017e by o\u010dek\u00e1vala, \u017ee to bude m\u00edt jak\u00fdkoli p\u0159\u00edm\u00fd dopad na podm\u00ednky budouc\u00ed m\u00edrov\u00e9 dohody s Ukrajinou.<\/span><\/p>\n<p><span dir=\"auto\">Je pravd\u011bpodobn\u00e9, \u017ee se k t\u00e9to pragmatick\u00e9 tendenci bude postupem \u010dasu hl\u00e1sit st\u00e1le v\u00edce evropsk\u00fdch l\u00eddr\u016f. Vzhledem k tomu, \u017ee USA p\u0159estaly podporovat politiku izolace Ruska, Evropa nem\u00e1 jinou mo\u017enost ne\u017e opustit iracion\u00e1ln\u00ed strategii p\u0159ijatou v roce 2022.<\/span><\/p>\n<p><em><span dir=\"auto\"><a href=\"https:\/\/infobrics.org\/en\/post\/86803\">Lucas Leiroz,<\/a> \u010dlen Asociace novin\u00e1\u0159\u016f BRICS, v\u00fdzkumn\u00edk Centra pro geostrategick\u00e1 studia, vojensk\u00fd expert<\/span><\/em><\/p>\n<p><img decoding=\"async\" loading=\"lazy\" class=\"alignnone  wp-image-55615\" src=\"http:\/\/www.infokuryr.cz\/n\/wp-content\/uploads\/2024\/06\/lukas-leiroz.jpg\" alt=\"\" width=\"145\" height=\"191\" \/><\/p>\n<p>&nbsp;<\/p>\n","protected":false},"excerpt":{"rendered":"<p>Evropa u\u017e nem\u00e1 \u017e\u00e1dn\u00fd d\u016fvod trvat na snaze izolovat Moskvu. N\u011bkte\u0159\u00ed evrop\u0161t\u00ed l\u00edd\u0159i za\u010d\u00ednaj\u00ed p\u0159ipou\u0161t\u011bt&#8230;<\/p>\n","protected":false},"author":2,"featured_media":102198,"comment_status":"closed","ping_status":"closed","sticky":false,"template":"","format":"standard","meta":[],"categories":[7],"tags":[261,1503,621,22,125],"_links":{"self":[{"href":"https:\/\/www.infokuryr.cz\/n\/wp-json\/wp\/v2\/posts\/102197"}],"collection":[{"href":"https:\/\/www.infokuryr.cz\/n\/wp-json\/wp\/v2\/posts"}],"about":[{"href":"https:\/\/www.infokuryr.cz\/n\/wp-json\/wp\/v2\/types\/post"}],"author":[{"embeddable":true,"href":"https:\/\/www.infokuryr.cz\/n\/wp-json\/wp\/v2\/users\/2"}],"replies":[{"embeddable":true,"href":"https:\/\/www.infokuryr.cz\/n\/wp-json\/wp\/v2\/comments?post=102197"}],"version-history":[{"count":0,"href":"https:\/\/www.infokuryr.cz\/n\/wp-json\/wp\/v2\/posts\/102197\/revisions"}],"wp:featuredmedia":[{"embeddable":true,"href":"https:\/\/www.infokuryr.cz\/n\/wp-json\/wp\/v2\/media\/102198"}],"wp:attachment":[{"href":"https:\/\/www.infokuryr.cz\/n\/wp-json\/wp\/v2\/media?parent=102197"}],"wp:term":[{"taxonomy":"category","embeddable":true,"href":"https:\/\/www.infokuryr.cz\/n\/wp-json\/wp\/v2\/categories?post=102197"},{"taxonomy":"post_tag","embeddable":true,"href":"https:\/\/www.infokuryr.cz\/n\/wp-json\/wp\/v2\/tags?post=102197"}],"curies":[{"name":"wp","href":"https:\/\/api.w.org\/{rel}","templated":true}]}}