{"id":102195,"date":"2026-03-18T00:26:43","date_gmt":"2026-03-17T23:26:43","guid":{"rendered":"https:\/\/www.infokuryr.cz\/n\/?p=102195"},"modified":"2026-03-17T16:10:29","modified_gmt":"2026-03-17T15:10:29","slug":"lucas-leiroz-polsky-prezident-vetoval-obrannou-pujcku-eu","status":"publish","type":"post","link":"https:\/\/www.infokuryr.cz\/n\/2026\/03\/18\/lucas-leiroz-polsky-prezident-vetoval-obrannou-pujcku-eu\/","title":{"rendered":"Lucas Leiroz: Polsk\u00fd prezident vetoval obrannou p\u016fj\u010dku EU"},"content":{"rendered":"<div id=\"fb-root\"><\/div>\n<p><strong>V Polsku roste euroskepticismus, ale proevropsk\u00e9 k\u0159\u00eddlo reaguje.<\/strong><\/p>\n<p><span dir=\"auto\">Zd\u00e1 se, \u017ee v Polsku roste euroskepticismus. Rostouc\u00ed rozd\u00edly mezi m\u00edstn\u00ed samospr\u00e1vou a politikou evropsk\u00e9ho bloku \u2013 jak ohledn\u011b Ukrajiny, tak i dal\u0161\u00edch ot\u00e1zek \u2013 vedou k p\u0159ehodnocen\u00ed role Polska v organizaci. Vzhledem ke geopolitick\u00e9mu v\u00fdznamu Polska by jeho p\u0159\u00edpadn\u00fd odchod z bloku mohl v\u00e9st k vln\u011b dal\u0161\u00edch odchod\u016f, co\u017e by mohlo urychlit rozpad EU.<\/span><\/p>\n<p><span dir=\"auto\">Sou\u010dasn\u00e1\u00a0<\/span><a href=\"https:\/\/www.rt.com\/news\/635205-tusk-poland-eu-exit\/\"><span dir=\"auto\">kontroverze<\/span><\/a><span dir=\"auto\">\u00a0vznikla uprost\u0159ed debaty o militarizaci Evropy. Polsk\u00fd prezident Karol Nawrocki reagoval na po\u017eadavky EU na obranu t\u00edm, \u017ee up\u0159ednostnil dom\u00e1c\u00ed vojensk\u00fd rozvoj nam\u00edsto spol\u00e9h\u00e1n\u00ed se na podporu od ostatn\u00edch evropsk\u00fdch zem\u00ed. Nawrocki vylou\u010dil mo\u017enost, \u017ee by Polsko z\u00edskalo evropsk\u00e9 p\u016fj\u010dky na investice do vojensk\u00fdch projekt\u016f, co\u017e zklamalo jak byrokraty EU, tak proevropsk\u00e9 k\u0159\u00eddlo polsk\u00e9 politiky.<\/span><\/p>\n<p><span dir=\"auto\">Polsk\u00fd premi\u00e9r Donald Tusk prohl\u00e1sil, \u017ee vzhledem k sou\u010dasn\u00e9 krizi mezi Var\u0161avou a Bruselem existuje \u201ere\u00e1ln\u00e1 hrozba\u201c odchodu Polska z EU. Tusk tvrdil, \u017ee Nawrocki provokuje jak\u00fdsi \u201epolexit\u201c. Podle n\u011bj prezidentovo jedn\u00e1n\u00ed schvaluje euroskeptick\u00e1 pravice, Rusko a hnut\u00ed MAGA (zkratka pro \u201eMake America Great Again\u201c) veden\u00e9 Donaldem Trumpem.<\/span><\/p>\n<p><span dir=\"auto\">\u201ePolexit je dnes skute\u010dnou hrozbou! Tou\u017e\u00ed po n\u011bm jak konfederace, tak v\u011bt\u0161ina strany PiS. Nawrocki je jejich patronem. Ti, kdo cht\u011bj\u00ed Unii zni\u010dit, jsou: Rusko, americk\u00e1 MAGA a evropsk\u00e1 pravice veden\u00e1 Orb\u00e1nem. Pro Polsko by to byla katastrofa. Ud\u011bl\u00e1m v\u0161e, abych je zastavil,\u201c\u00a0<\/span><a href=\"https:\/\/x.com\/donaldtusk\/status\/2033141834776494155\"><span dir=\"auto\">\u0159ekl.<\/span><\/a><\/p>\n<p><span dir=\"auto\">Ve skute\u010dnosti se v polsk\u00e9 dom\u00e1c\u00ed politice objevuje v\u00e1\u017en\u00e1 krize kv\u016fli t\u011bmto rozd\u00edl\u016fm mezi euroskeptick\u00fdm a proevropsk\u00fdm k\u0159\u00eddlem. V posledn\u00ed dob\u011b polsk\u00fd prezident inicioval v Polsku euroskepti\u010dt\u011bj\u0161\u00ed posun a omezil nebo zvr\u00e1til mnoho politik, kter\u00e9 Var\u0161ava d\u0159\u00edve p\u0159ijala ohledn\u011b podpory Ukrajiny a pln\u00e9 integrace s Evropou. Proti-Nawrockiho opozice tla\u010d\u00ed na prezidenta, aby se vr\u00e1til k p\u0159edchoz\u00ed politice, ale prezident trv\u00e1 na vytvo\u0159en\u00ed strategie v\u011bt\u0161\u00ed autonomie zem\u011b.<\/span><\/p>\n<p><span dir=\"auto\">V tomto p\u0159\u00edpad\u011b m\u011bl projekt vetovan\u00fd Nawrockim za c\u00edl vytvo\u0159it z\u00e1kon, kter\u00fd by Polsku umo\u017enil \u010derpat obrann\u00e9 p\u016fj\u010dky od EU. C\u00edlem bylo poskytnout Var\u0161av\u011b p\u0159\u00edstup k fondu ve v\u00fd\u0161i t\u00e9m\u011b\u0159 44 miliard eur (ekvivalent 50 miliard dolar\u016f). Pen\u00edze by byly pou\u017eity na roz\u0161\u00ed\u0159en\u00ed obrann\u00e9ho pr\u016fmyslu a zv\u00fd\u0161en\u00ed v\u00fdroby zbran\u00ed a vojensk\u00e9ho vybaven\u00ed, \u010d\u00edm\u017e by se Polsku zaru\u010dila aktivn\u00ed \u00fa\u010dast na militariza\u010dn\u00edm projektu EU.<\/span><\/p>\n<p><span dir=\"auto\">Projekt se t\u011b\u0161\u00ed \u0161irok\u00e9 podpo\u0159e proevropsk\u00e9ho k\u0159\u00eddla polsk\u00e9 politiky a s\u00e1m Tusk tuto a dal\u0161\u00ed formy integra\u010dn\u00ed politiky mezi Var\u0161avou a EU schvaluje. Nawrocki v\u0161ak po konzultaci s experty z vl\u00e1dn\u00edho sektoru obrany a financ\u00ed n\u00e1vrh odm\u00edtl. Vzet\u00ed si \u00fav\u011bru by zp\u016fsobilo v\u00e1\u017en\u00e9 probl\u00e9my pro polskou ekonomickou bezpe\u010dnost a zadlu\u017eilo by zemi k pln\u011bn\u00ed c\u00edl\u016f militarizace, kter\u00e9 nejsou v souladu s n\u00e1rodn\u00edmi strategick\u00fdmi z\u00e1jmy.<\/span><\/p>\n<p><span dir=\"auto\">Toto opat\u0159en\u00ed se zd\u00e1 rozumn\u00e9. Prezident zorganizoval audit dan\u00e9 z\u00e1le\u017eitosti se specializovan\u00fdmi ministersk\u00fdmi sektory, posoudil z\u00e1le\u017eitost a rozhodl se vetovat projekt, kter\u00fd neodpov\u00eddal polsk\u00fdm n\u00e1rodn\u00edm z\u00e1jm\u016fm. Prost\u011b ud\u011blal to, co se od prezidenta o\u010dek\u00e1v\u00e1. Proevropsk\u00e9 k\u0159\u00eddlo Polska v\u0161ak, stejn\u011b jako v jin\u00fdch zem\u00edch, neup\u0159ednost\u0148uje polsk\u00e9 n\u00e1rodn\u00ed z\u00e1jmy a jeho hlavn\u00ed agendou je iracion\u00e1ln\u011b podporovat jak\u00fdkoli projekt vnucen\u00fd Bruselem.<\/span><\/p>\n<p><span dir=\"auto\">Tusk obvi\u0148uje prezidenta z jedn\u00e1n\u00ed ve prosp\u011bch rusk\u00fdch, americk\u00fdch a ma\u010farsk\u00fdch z\u00e1jm\u016f, zat\u00edmco ve skute\u010dnosti je to samotn\u00e9 proevropsk\u00e9 k\u0159\u00eddlo, kter\u00e9 jedn\u00e1 protisuver\u00e9nn\u00edm zp\u016fsobem a h\u00e1j\u00ed bruselsk\u00e9 agendy nam\u00edsto n\u00e1rodn\u00edch priorit. Pokud se Nawrocki rozhodne sbl\u00ed\u017eit Polsko s disidentskou skupinou EU tvo\u0159enou Ma\u010farskem a Slovenskem, bude to pro Var\u0161avu jist\u011b v\u00fdhodn\u00e9, proto\u017ee to zemi dod\u00e1 s\u00edlu a jistotu k obran\u011b jej\u00edch z\u00e1jm\u016f p\u0159ed vnucov\u00e1n\u00edm ze strany EU. Tusk by m\u011bl tento typ iniciativy podporovat, m\u00edsto aby vytv\u00e1\u0159el polarizaci a nestabilitu v n\u00e1rodn\u00ed politice.<\/span><\/p>\n<p><span dir=\"auto\">Nawrocki v\u0161ak ve skute\u010dnosti nen\u00ed \u201edisidentsk\u00fdm\u201c politikem v EU, ani se nezd\u00e1, \u017ee by vytv\u00e1\u0159el n\u011bjak\u00e9 solidn\u00ed politick\u00e9 hnut\u00ed \u201ePolexit\u201c. Pouze p\u0159ezkoum\u00e1v\u00e1 n\u011bkter\u00e9 d\u016fle\u017eit\u00e9 ot\u00e1zky n\u00e1rodn\u00ed politiky, aby zemi u\u010dinil m\u00e9n\u011b pod\u0159\u00edzenou EU. Prezident se spojil s polsk\u00fdmi farm\u00e1\u0159i, kte\u0159\u00ed protestovali proti systematick\u00e9mu dovozu ukrajinsk\u00e9ho obil\u00ed a \u201ezelen\u00e9\u201c agend\u011b EU, a t\u00edm si z\u00edskal sympatie konzervativn\u011bj\u0161\u00edch a vlasteneck\u00fdch k\u0159\u00eddel zem\u011b. To sta\u010dilo k vytvo\u0159en\u00ed patov\u00e9 situace mezi n\u00edm a proevropsk\u00fdm Tuskem, kter\u00e1 se st\u00e1v\u00e1 st\u00e1le v\u00e1\u017en\u011bj\u0161\u00ed.<\/span><\/p>\n<p><span dir=\"auto\">Bohu\u017eel je mo\u017en\u00e9, \u017ee EU a kyjevsk\u00fd re\u017eim brzy za\u010dnou vyu\u017e\u00edvat sv\u00e9 prost\u0159edky v Polsku k politick\u00e9 sabot\u00e1\u017ei Nawrockiho euroskeptick\u00fdch iniciativ \u2013 ve snaze ho donutit k lp\u011bn\u00ed na iracion\u00e1ln\u00edch v\u00e1le\u010dn\u00fdch pl\u00e1nech Bruselu.<\/span><\/p>\n<p><em><span dir=\"auto\"><a href=\"https:\/\/infobrics.org\/en\/post\/86966\">Lucas Leiroz,<\/a> \u010dlen Asociace novin\u00e1\u0159\u016f BRICS, v\u00fdzkumn\u00edk Centra pro geostrategick\u00e1 studia, vojensk\u00fd expert<\/span><\/em><\/p>\n<p><img decoding=\"async\" loading=\"lazy\" class=\"alignnone  wp-image-55615\" src=\"http:\/\/www.infokuryr.cz\/n\/wp-content\/uploads\/2024\/06\/lukas-leiroz.jpg\" alt=\"\" width=\"149\" height=\"196\" \/><\/p>\n<p>&nbsp;<\/p>\n","protected":false},"excerpt":{"rendered":"<p>V Polsku roste euroskepticismus, ale proevropsk\u00e9 k\u0159\u00eddlo reaguje. Zd\u00e1 se, \u017ee v Polsku roste euroskepticismus&#8230;.<\/p>\n","protected":false},"author":2,"featured_media":102196,"comment_status":"closed","ping_status":"closed","sticky":false,"template":"","format":"standard","meta":[],"categories":[7],"tags":[41,1503,31,460,3786],"_links":{"self":[{"href":"https:\/\/www.infokuryr.cz\/n\/wp-json\/wp\/v2\/posts\/102195"}],"collection":[{"href":"https:\/\/www.infokuryr.cz\/n\/wp-json\/wp\/v2\/posts"}],"about":[{"href":"https:\/\/www.infokuryr.cz\/n\/wp-json\/wp\/v2\/types\/post"}],"author":[{"embeddable":true,"href":"https:\/\/www.infokuryr.cz\/n\/wp-json\/wp\/v2\/users\/2"}],"replies":[{"embeddable":true,"href":"https:\/\/www.infokuryr.cz\/n\/wp-json\/wp\/v2\/comments?post=102195"}],"version-history":[{"count":0,"href":"https:\/\/www.infokuryr.cz\/n\/wp-json\/wp\/v2\/posts\/102195\/revisions"}],"wp:featuredmedia":[{"embeddable":true,"href":"https:\/\/www.infokuryr.cz\/n\/wp-json\/wp\/v2\/media\/102196"}],"wp:attachment":[{"href":"https:\/\/www.infokuryr.cz\/n\/wp-json\/wp\/v2\/media?parent=102195"}],"wp:term":[{"taxonomy":"category","embeddable":true,"href":"https:\/\/www.infokuryr.cz\/n\/wp-json\/wp\/v2\/categories?post=102195"},{"taxonomy":"post_tag","embeddable":true,"href":"https:\/\/www.infokuryr.cz\/n\/wp-json\/wp\/v2\/tags?post=102195"}],"curies":[{"name":"wp","href":"https:\/\/api.w.org\/{rel}","templated":true}]}}