{"id":102193,"date":"2026-03-18T00:25:17","date_gmt":"2026-03-17T23:25:17","guid":{"rendered":"https:\/\/www.infokuryr.cz\/n\/?p=102193"},"modified":"2026-03-17T13:09:19","modified_gmt":"2026-03-17T12:09:19","slug":"izrael-vojensky-napadl-sousedni-libanon-kdy-ceska-vlada-vyhlasi-sankce-a-zacne-nadavat-izraelcum-do-zidaku","status":"publish","type":"post","link":"https:\/\/www.infokuryr.cz\/n\/2026\/03\/18\/izrael-vojensky-napadl-sousedni-libanon-kdy-ceska-vlada-vyhlasi-sankce-a-zacne-nadavat-izraelcum-do-zidaku\/","title":{"rendered":"Izrael vojensky napadl sousedn\u00ed Libanon, kdy \u201e\u010desk\u00e1\u201c vl\u00e1da vyhl\u00e1s\u00ed sankce a za\u010dne nad\u00e1vat Izraelc\u016fm do \u201e\u017eid\u00e1k\u016f\u201c?!"},"content":{"rendered":"<div id=\"fb-root\"><\/div>\n<p>Izrael 16.b\u0159ezna r\u00e1no vojensky napadl sousedn\u00ed Libanon, p\u0159edch\u00e1zela tomu n\u011bkolika denn\u00ed leteck\u00e1 agrese izraelsk\u00e9ho letectva, kter\u00e1 u\u017e m\u00e1 na sv\u011bdom\u00ed asi 1000 civilist\u016f. Za posledn\u00ed m\u011bs\u00edc u\u017e je to druh\u00e1 zem\u011b, kterou Izrael sv\u00e9voln\u011b napadl.<\/p>\n<p>Kdy\u017e p\u0159ed 4 roky za\u00fato\u010dilo Rusko na sousedn\u00ed Ukrajinu, tak b\u011bhem n\u011bkolika m\u00e1lo dn\u016f \u201e\u010desk\u00e1\u201c vl\u00e1da vyhl\u00e1sila proti agresorovi sankce and z Rus\u016f se stali \u201erus\u00e1ci\u201c.<\/p>\n<p>Podle stejn\u00e9 logiky,\u00a0<strong>by nyn\u00ed m\u011blo doj\u00edt k vyhl\u00e1\u0161en\u00ed sankc\u00ed proti Izraeli a z Izraelc\u016f by se m\u011bli st\u00e1t \u201e\u017eid\u00e1ci\u201c.<\/strong><\/p>\n<p>Jen\u017ee v\u0161ichni v\u00edme, \u017ee se to nestane\u2026 to jen ukazuje, jak omezenou suverenitu kolonie zvan\u00e1 \u010cesko dnes m\u00e1. Za\u010dn\u011bme pracovat na zm\u011bn\u011b!<\/p>\n<p><a href=\"https:\/\/ceskavec.com\/2026\/03\/izrael-dnes-vojensky-napadl-sousedni-libanon-kdy-ceska-vlada-vyhlasi-sankce-a-zacne-nadavat-izraelcum-do-zidaku\"><em>Aron G.<\/em><\/a><\/p>\n<h3><strong>Pro\u010d na Ukrajin\u011b zat\u00fdkaj\u00ed pouze ukrajinsk\u00e9 korup\u010dn\u00edky a ty nejv\u011bt\u0161\u00ed nechaj\u00ed odjet do jejich domoviny<\/strong><\/h3>\n<p>Nen\u00ed pomalu den, aby i \u201e\u010desk\u00e1\u201c ofici\u00e1ln\u00ed m\u00e9dia nep\u0159inesla zpr\u00e1vy o odhalen\u00ed dal\u0161\u00edho korup\u010dn\u00edho skand\u00e1lu.\u00a0<strong>N\u011bkdy dokonce dojde i k zat\u010den\u00ed obvin\u011bn\u00fdch, ale jenom n\u011bkdy. Podle jak\u00e9ho krit\u00e9ria vy\u0161et\u0159ovatel\u00e9 zat\u00fdkaj\u00ed korup\u010dn\u00edky?<\/strong><\/p>\n<p><strong>Zjevn\u011b podle etnick\u00e9ho kl\u00ed\u010de. Je-li ukrajinsk\u00e9ho p\u016fvodu, pak\u00a0<a href=\"https:\/\/www.novinky.cz\/clanek\/zahranicni-ukrajinci-zatkli-exministra-energetiky-snazil-se-opustit-zemi-40562668\">zat\u010den b\u00fdt m\u016f\u017ee<\/a>. Je-li ale z vl\u00e1dnouc\u00ed etnick\u00e9 vrstvy, pak m\u016f\u017ee v klidu odcestovat do sv\u00e9 domoviny u Mrtv\u00e9ho mo\u0159e\u2026. Jako t\u0159eba nejbli\u017e\u0161\u00ed spolupracovn\u00edci \u201eukrajinsk\u00e9ho\u201c prezidenta Myndy\u010d, Jermak, Meyer atd. atd\u2026\u00a0 N\u011bkter\u00fdm bylo dokonce k \u00fat\u011bku ze zem\u011b poskytnuto vl\u00e1dn\u00ed letadlo<\/strong>. Te\u010f v klidu sed\u00ed n\u011bkde v resortu v Eilatu a pop\u00edjej\u00ed nejlep\u0161\u00ed kosher v\u00edna a sm\u011bj\u00ed se ukrajinsk\u00fdm g\u00f3j\u016fm, kte\u0159\u00ed mus\u00ed bojovat, um\u00edrat a trp\u011bt v ciz\u00ed v\u00e1lce. Vinu \u017e\u00e1dnou nec\u00edt\u00ed, podle \u017eidovsk\u00e9 v\u00edry okr\u00e1dat g\u00f3je nen\u00ed nic \u0161patn\u00e9ho.<\/p>\n<p>Kdyby \u010ce\u0161i cht\u011bli v\u011bd\u011bt, kde v\u011bd\u011bt, kde skon\u010dila \u010d\u00e1st pen\u011bz, kter\u00e9 na Ukrajinu poslali, tak a\u0165 se p\u0159ijedou zeptat sem do Izraele t\u0159eba v\u00e1\u017een\u00e9ho reba Myndy\u010de\u2026..<\/p>\n<p><em><a href=\"http:\/\/Nen\u00ed pomalu den, aby i \u201e\u010desk\u00e1\u201c ofici\u00e1ln\u00ed m\u00e9dia nep\u0159inesla zpr\u00e1vy o odhalen\u00ed dal\u0161\u00edho korup\u010dn\u00edho skand\u00e1lu. N\u011bkdy dokonce dojde i k zat\u010den\u00ed obvin\u011bn\u00fdch, ale jenom n\u011bkdy. Podle jak\u00e9ho krit\u00e9ria vy\u0161et\u0159ovatel\u00e9 zat\u00fdkaj\u00ed korup\u010dn\u00edky? Zjevn\u011b podle etnick\u00e9ho kl\u00ed\u010de. Je-li ukrajinsk\u00e9ho p\u016fvodu, pak zat\u010den b\u00fdt m\u016f\u017ee. Je-li ale z vl\u00e1dnouc\u00ed etnick\u00e9 vrstvy, pak m\u016f\u017ee v klidu odcestovat do sv\u00e9 domoviny u Mrtv\u00e9ho mo\u0159e\u2026. Jako t\u0159eba nejbli\u017e\u0161\u00ed spolupracovn\u00edci \u201eukrajinsk\u00e9ho\u201c prezidenta Myndy\u010d, Jermak, Meyer atd atd\u2026. N\u011bkter\u00fdm bylo dokonce k \u00fat\u011bku ze zem\u011b poskytnuto vl\u00e1dn\u00ed letadlo. Te\u010f v klidu sed\u00ed n\u011bkde v resortu v Eilatu a pop\u00edjej\u00ed nejlep\u0161\u00ed kosher v\u00edna a sm\u011bj\u00ed se ukrajinsk\u00fdm goj\u016fm, kte\u0159\u00ed mus\u00ed bojovat, um\u00edrat a trp\u011bt v ciz\u00ed v\u00e1lce. Vinu \u017e\u00e1dnou nec\u00edt\u00ed, podle \u017eidovsk\u00e9 v\u00edry okr\u00e1dat goje nen\u00ed nic \u0161patn\u00e9ho. Kdyby \u010ce\u0161i cht\u011bli v\u011bd\u011bt, kde v\u011bd\u011bt, kde skon\u010dila \u010d\u00e1st pen\u011bz, kter\u00e9 na Ukrajinu poslali, tak a\u0165 se p\u0159ijedou zeptat sem do Izraele t\u0159eba v\u00e1\u017een\u00e9ho reba Myndy\u010de\u2026.. Itzak Stern, erez Israel\">Itzak Stern<\/a>, erez Israel<\/em><\/p>\n<p>&nbsp;<\/p>\n<p>&nbsp;<\/p>\n","protected":false},"excerpt":{"rendered":"<p>Izrael 16.b\u0159ezna r\u00e1no vojensky napadl sousedn\u00ed Libanon, p\u0159edch\u00e1zela tomu n\u011bkolika denn\u00ed leteck\u00e1 agrese izraelsk\u00e9ho letectva,&#8230;<\/p>\n","protected":false},"author":2,"featured_media":71326,"comment_status":"closed","ping_status":"closed","sticky":false,"template":"","format":"standard","meta":[],"categories":[6],"tags":[738,107,4815,99],"_links":{"self":[{"href":"https:\/\/www.infokuryr.cz\/n\/wp-json\/wp\/v2\/posts\/102193"}],"collection":[{"href":"https:\/\/www.infokuryr.cz\/n\/wp-json\/wp\/v2\/posts"}],"about":[{"href":"https:\/\/www.infokuryr.cz\/n\/wp-json\/wp\/v2\/types\/post"}],"author":[{"embeddable":true,"href":"https:\/\/www.infokuryr.cz\/n\/wp-json\/wp\/v2\/users\/2"}],"replies":[{"embeddable":true,"href":"https:\/\/www.infokuryr.cz\/n\/wp-json\/wp\/v2\/comments?post=102193"}],"version-history":[{"count":1,"href":"https:\/\/www.infokuryr.cz\/n\/wp-json\/wp\/v2\/posts\/102193\/revisions"}],"predecessor-version":[{"id":102194,"href":"https:\/\/www.infokuryr.cz\/n\/wp-json\/wp\/v2\/posts\/102193\/revisions\/102194"}],"wp:featuredmedia":[{"embeddable":true,"href":"https:\/\/www.infokuryr.cz\/n\/wp-json\/wp\/v2\/media\/71326"}],"wp:attachment":[{"href":"https:\/\/www.infokuryr.cz\/n\/wp-json\/wp\/v2\/media?parent=102193"}],"wp:term":[{"taxonomy":"category","embeddable":true,"href":"https:\/\/www.infokuryr.cz\/n\/wp-json\/wp\/v2\/categories?post=102193"},{"taxonomy":"post_tag","embeddable":true,"href":"https:\/\/www.infokuryr.cz\/n\/wp-json\/wp\/v2\/tags?post=102193"}],"curies":[{"name":"wp","href":"https:\/\/api.w.org\/{rel}","templated":true}]}}