{"id":102188,"date":"2026-03-18T00:19:09","date_gmt":"2026-03-17T23:19:09","guid":{"rendered":"https:\/\/www.infokuryr.cz\/n\/?p=102188"},"modified":"2026-03-17T12:50:24","modified_gmt":"2026-03-17T11:50:24","slug":"neni-lync-natalky-vachatove-jen-zoufala-zasterka-ze-sponzorem-politickych-neziskovek-je-hlavne-rusko-a-ukrajina","status":"publish","type":"post","link":"https:\/\/www.infokuryr.cz\/n\/2026\/03\/18\/neni-lync-natalky-vachatove-jen-zoufala-zasterka-ze-sponzorem-politickych-neziskovek-je-hlavne-rusko-a-ukrajina\/","title":{"rendered":"Nen\u00ed lyn\u010d Nat\u00e1lky Vachatov\u00e9 jen zoufal\u00e1 z\u00e1st\u011brka, \u017ee sponzorem politick\u00fdch neziskovek je hlavn\u011b Rusko a Ukrajina?"},"content":{"rendered":"<div id=\"fb-root\"><\/div>\n<div class=\"introtext\">\n<h4>Pokud si v\u0161ak mysl\u00edte, \u017ee podez\u0159en\u00ed spo\u010d\u00edv\u00e1 v tom, \u017ee by je m\u011bla dost\u00e1vat Nat\u00e1lie Vachatov\u00e1, jste na omylu. Za\u010d\u00edn\u00e1 toti\u017e prosakovat nejv\u011bt\u0161\u00ed podez\u0159en\u00ed, \u017ee sponzo\u0159i POLITICK\u00ddCH NEZISKOVEK\u00a0 poch\u00e1z\u00ed z Ruska a Ukrajiny a Vachatov\u00e1 je jen symbol nen\u00e1visti.<\/h4>\n<\/div>\n<div class=\"fulltext\">\n<p>Je to v \u010cesk\u00e9 republice norm\u00e1ln\u00ed? A co d\u011bl\u00e1 policie?<\/p>\n<p>____________________<\/p>\n<div class=\"info_box cela_sirka jpalert\">\n<div class=\"explanationContent\"><strong><span style=\"color: #993366;\">Jsme sv\u011bdky vzestupu modern\u00edho \u201eve\u0159ejn\u00e9ho pran\u00fd\u0159ov\u00e1n\u00ed\u201c, v n\u011bm\u017e vybran\u00e1 m\u00e9dia a politick\u00e9 neziskov\u00e9 organizace nev\u00e1haj\u00ed s\u00e1hnout k praktik\u00e1m, kter\u00e9 by v pr\u00e1vn\u00edm st\u00e1t\u011b m\u011bly b\u00fdt nep\u0159\u00edpustn\u00e9. Cel\u00fd incident, p\u0159i n\u011bm\u017e byla c\u00edlen\u011b zve\u0159ejn\u011bna dom\u00e1c\u00ed adresa matky t\u0159\u00ed d\u011bt\u00ed, odhaluje anatomii lyn\u010de v jeho nej\u010dist\u0161\u00ed podob\u011b.<\/span><\/strong><\/div>\n<\/div>\n<p>____________________<\/p>\n<h2>Odkud maj\u00ed proudit pen\u00edze pro politick\u00e9 neziskovky a zat\u00edm nebyla kontrola?<\/h2>\n<p>Jasn\u011b, \u017ee od Putina ne. To by nikoho ani ve snu nenapadlo. Ty pen\u00edze, co se vzn\u00e1\u0161ej\u00ed mezi nebem a zem\u00ed, se to\u010d\u00ed od odp\u016frc\u016f Putina jako byl Navalnyj, \u010di Zelenskyj. A pokud si n\u011bkdo klepe na \u010delo, \u017ee takovou hovadinu by nevymyslel ani plukovn\u00edk Folt\u00fdn, tak se rad\u011bji uklidn\u011bte. H\u00e1dejte, kdo byle nejv\u011bt\u0161\u00ed don\u00e1tor madam Clintonov\u00e9 a Demokrat\u016f v USA?<\/p>\n<h4><strong>Aha, a jsme doma: parta kolem Navaln\u00e9ho a p\u0159edev\u0161\u00edm Ukrajina!<\/strong><\/h4>\n<p>Tak\u017ee v\u016fdc\u016fm Demokratick\u00e9 strany Clintonov\u00e9\u00a0hradila kampa\u0148 Ukrajina, proto\u017ee \u010dekala adekv\u00e1tn\u00ed slu\u017eby. A ty p\u0159i\u0161ly: zbran\u011b proti Rusku. Zde m\u00e1te jeden z d\u016fkaz\u016f, kter\u00fd nelze zpochybnit. Ten paradox je v tom, \u017ee &#8222;Ukrajina&#8220; nebyla ofici\u00e1ln\u00ed d\u00e1rce, ale bylo to zprost\u0159edkov\u00e1no p\u0159es soukrom\u00e9 nadace a &#8222;filantropy&#8220;.\u00a0<span class=\"T286Pc\" data-sfc-cp=\"\" data-sfc-cb=\"\" data-processed=\"true\"><strong class=\"Yjhzub\" data-sfc-cb=\"\" data-processed=\"true\">Dary nadaci:<\/strong>\u00a0Nejv\u00fdznamn\u011bj\u0161\u00edm ukrajinsk\u00fdm d\u00e1rcem Clintonovy nadace byl\u00a0<strong class=\"Yjhzub\" data-sfc-cb=\"\" data-processed=\"true\">Viktor Pin\u010duk<\/strong>, ukrajinsk\u00fd miliard\u00e1\u0159 a filantrop. Pin\u010duk nadaci daroval miliony dolar\u016f!<\/span><\/p>\n<p><img decoding=\"async\" loading=\"lazy\" class=\"aligncenter\" src=\"https:\/\/www.skrytapravda.cz\/images\/blogy\/805\/2026\/zrada_a_dokumenty\/Donate_clinton_a78fc.webp\" alt=\"Donate clinton a78fc\" width=\"580\" height=\"547\" \/><\/p>\n<h4><strong>A najednou je M\u00e1ca vyd\u011b\u0161en\u00fd: bude muset p\u0159iznat barvu a u\u017e strachy kv\u00edl\u00ed! A hled\u00e1 obezli\u010dky!<\/strong><\/h4>\n<p><img decoding=\"async\" loading=\"lazy\" class=\"aligncenter\" src=\"https:\/\/www.skrytapravda.cz\/images\/blogy\/805\/2026\/3b%C5%99ezen\/M%C3%A1ca_pl%C3%A1%C4%8De_6e37c.webp\" alt=\"M\u00e1ca pl\u00e1\u010de 6e37c\" width=\"363\" height=\"437\" \/><\/p>\n<h4><strong>A hned se p\u0159idaj\u00ed \u010dlenov\u00e9 ODS &#8211; v\u00fdrobci kampeli\u010dek, Dozimetr\u016f a Bitcoin\u016f! A policie? Ml\u010d\u00ed&#8230;<\/strong><\/h4>\n<p><img decoding=\"async\" loading=\"lazy\" class=\"aligncenter\" src=\"https:\/\/www.skrytapravda.cz\/images\/blogy\/805\/2026\/3b%C5%99ezen\/Sn%C3%ADmek_obrazovky_7101_fd5c1.webp\" alt=\"Sn\u00edmek obrazovky 7101 fd5c1\" width=\"446\" height=\"382\" \/><\/p>\n<p>&nbsp;<\/p>\n<p>Ned\u00e1vno se odhalil revers financ\u00ed z Ukrajiny do kampeli\u010dky kolem b\u00fdval\u00e9ho premi\u00e9ra Fialy.\u00a0V\u0161imli jste si z\u00e1hadn\u00e9ho policejn\u00edho ticha, kdy se snad i st\u00e1tn\u00ed z\u00e1stupci zhroutili a emigrovali?\u00a0Ticho po p\u011b\u0161in\u011b. A jsme st\u00e1le u stejn\u00e9ho. Dareb\u00e1k Fiala a BIS Koudelka obvinili weby, \u017ee jsou sponzorov\u00e1ni z Ruska. A trest za toto na\u0159\u010den\u00ed? BIS Koudelka se st\u00e1le vysm\u00edv\u00e1 a Fiala je bez trestu. Nikdo za l\u017ei a dezinformace Koudelku z bisky nevyrazil, a zat\u00edm ani Babi\u0161. P\u0159itom hned druh\u00fd den Seznam obvol\u00e1val majitele zablokovan\u00fdch web\u016f, kolik pen\u011bz Putin poslal!<\/p>\n<p><img decoding=\"async\" loading=\"lazy\" class=\"aligncenter\" src=\"https:\/\/www.skrytapravda.cz\/images\/blogy\/805\/2026\/3b%C5%99ezen\/cenzo%C5%99i_600fe.webp\" alt=\"cenzo\u0159i 600fe\" width=\"661\" height=\"272\" \/><\/p>\n<p>A p\u0159esn\u011b toto je d\u016fvod, pro\u010d z\u00e1kon FARA tvrd\u011b odm\u00edtal Fiala a BIS Koudelka. Kdyby toti\u017e byl u\u017e d\u00e1vno zaveden, za sprost\u00e1 na\u0159\u010den\u00ed by byl u\u017e Fiala na lavici ob\u017ealovan\u00fdch a BIS Koudelka vyhozen na hodinu! Hlavn\u011b Koudelka a \u017d\u00e1\u010dek h\u00e1zeli obvin\u011bn\u00edmi, tajn\u00fdm\u00a0nazna\u010dov\u00e1n\u00edm, \u017ee weby a zn\u00e1m\u00e9 osobnosti jsou napojeny na Putina a rusk\u00e9 rubl\u00edky, ale kdy\u017e m\u011bl dodat se \u017d\u00e1\u010dkem data, pod\u011blal se a zalezl pod st\u016fl.\u00a0<span class=\"c_f4\">K\u00a0\u0161\u00ed\u0159en\u00ed t\u011bchto rusk\u00fdch informac\u00ed byly vyu\u017eity dokonce i\u00a0ve\u0159ejn\u011b zn\u00e1m\u00e9 osobnosti,\u201c uvedl tehdy Koudelka ve Sn\u011bmovn\u011b, kde se konala konference o\u00a0dezinformac\u00edch. Osobnosti nezm\u00ednil.\u00a0 Samoz\u0159ejm\u011b hlavn\u011b Seznam \u0159\u00e1dil jak \u010dern\u00e1 ruka a\u00a0<strong>dezinformace jako bubliny vypou\u0161t\u011bl ka\u017edou hodinou. A d\u016fkazy? Nula! Oni toti\u017e mohou!<\/strong><\/span><\/p>\n<p><span class=\"c_f4\">\u00a0Zde d\u016fkaz:\u00a0<a title=\"BIS zachytila placenou propagandu z Ruska, zapojily se i zn\u00e1m\u00e9 osobnosti\" href=\"https:\/\/www.novinky.cz\/clanek\/domaci-placena-propaganda-z-ruska-40444743\" target=\"_blank\" rel=\"noopener\">BIS zachytila placenou propagandu z Ruska, zapojily se i zn\u00e1m\u00e9 osobnosti<\/a><\/span><\/p>\n<p>A nyn\u00ed si sedn\u011bte &#8220; na zadek&#8220;: Pan prezident, b\u00fdval\u00fd komunista, \u017eije v jin\u00e9 zemi. H\u00e1dejte, kdo to \u0159ekl?<strong>\u00a0A co na ty dezinformace \u0159\u00edk\u00e1 BIS Koudelka a cenzor \u017d\u00e1\u010dek?\u00a0<\/strong><\/p>\n<p>Zde d\u016fkaz:\u00a0<a title=\"Pan prezident \u017eije v jin\u00e9 zemi!\" href=\"https:\/\/www.facebook.com\/reel\/2127560544709420\" target=\"_blank\" rel=\"noopener\">Pan prezident \u017eije v jin\u00e9 zemi!<\/a><\/p>\n<p>Jeden d\u016fkaz za druh\u00fdm, \u017ee nejvy\u0161\u0161\u00ed funkce obsadili prolhan\u00ed dareb\u00e1ci, kte\u0159\u00ed o druh\u00fdch ve\u0159ejn\u011b \u0159\u00edkali, \u017ee jsou prolhan\u00ed dareb\u00e1ci:<strong>\u00a0zlod\u011bj k\u0159i\u010d\u00ed chy\u0165te zlod\u011bje!\u00a0<\/strong>A kdyby jen to: zde policie nekon\u00e1. Pod\u0159ezat a vykrvit prezidenta Zemana jako svini? To je norm\u00e1ln\u00ed, ale b\u011bda, kdy\u017e tot\u00e9\u017e n\u011bkdo \u0159ekne Raku\u0161anovi a Fialovi.<\/p>\n<p>Kdyby u\u017e tenkr\u00e1t fungoval z\u00e1kon FARA v \u010desk\u00e9m pod\u00e1n\u00ed, Fiala s Koudelkou a M\u00e1cou by si ta zv\u011brstva nedovolili. Nato\u017e d\u011blat dnes lyn\u010d na Nat\u00e1lii Vachatovou. V \u010dele s \u010clov\u011bkem v t\u00edsni!<\/p>\n<h4><strong>I kdy\u017e: je zaj\u00edmav\u00e9, \u017ee my, ob\u010dan\u00e9, mus\u00edme definovat ka\u017edou korunu na \u00fa\u010dtu dle z\u00e1kona p\u0159ich\u00e1zej\u00edc\u00ed z ciziny, ale M\u00e1ca p\u0159izn\u00e1v\u00e1, \u017ee politick\u00e9 neziskovky mohou \u010dachrovat s pen\u011bzi dle libosti a sponzory tajit?<\/strong><\/h4>\n<p><a href=\"https:\/\/www.skrytapravda.cz\/z-domova\/3053-tusime-duvod-silene-nenavisti-proti-natalce-vachatove-sponzor-putin-a-rusko-v-rublech\">Petr Pokorn\u00fd<\/a><\/p>\n<p>&nbsp;<\/p>\n<\/div>\n","protected":false},"excerpt":{"rendered":"<p>Pokud si v\u0161ak mysl\u00edte, \u017ee podez\u0159en\u00ed spo\u010d\u00edv\u00e1 v tom, \u017ee by je m\u011bla dost\u00e1vat Nat\u00e1lie&#8230;<\/p>\n","protected":false},"author":2,"featured_media":102189,"comment_status":"closed","ping_status":"closed","sticky":false,"template":"","format":"standard","meta":[],"categories":[6],"tags":[146,45,1503,10717,22,26],"_links":{"self":[{"href":"https:\/\/www.infokuryr.cz\/n\/wp-json\/wp\/v2\/posts\/102188"}],"collection":[{"href":"https:\/\/www.infokuryr.cz\/n\/wp-json\/wp\/v2\/posts"}],"about":[{"href":"https:\/\/www.infokuryr.cz\/n\/wp-json\/wp\/v2\/types\/post"}],"author":[{"embeddable":true,"href":"https:\/\/www.infokuryr.cz\/n\/wp-json\/wp\/v2\/users\/2"}],"replies":[{"embeddable":true,"href":"https:\/\/www.infokuryr.cz\/n\/wp-json\/wp\/v2\/comments?post=102188"}],"version-history":[{"count":1,"href":"https:\/\/www.infokuryr.cz\/n\/wp-json\/wp\/v2\/posts\/102188\/revisions"}],"predecessor-version":[{"id":102190,"href":"https:\/\/www.infokuryr.cz\/n\/wp-json\/wp\/v2\/posts\/102188\/revisions\/102190"}],"wp:featuredmedia":[{"embeddable":true,"href":"https:\/\/www.infokuryr.cz\/n\/wp-json\/wp\/v2\/media\/102189"}],"wp:attachment":[{"href":"https:\/\/www.infokuryr.cz\/n\/wp-json\/wp\/v2\/media?parent=102188"}],"wp:term":[{"taxonomy":"category","embeddable":true,"href":"https:\/\/www.infokuryr.cz\/n\/wp-json\/wp\/v2\/categories?post=102188"},{"taxonomy":"post_tag","embeddable":true,"href":"https:\/\/www.infokuryr.cz\/n\/wp-json\/wp\/v2\/tags?post=102188"}],"curies":[{"name":"wp","href":"https:\/\/api.w.org\/{rel}","templated":true}]}}