{"id":102186,"date":"2026-03-18T00:16:13","date_gmt":"2026-03-17T23:16:13","guid":{"rendered":"https:\/\/www.infokuryr.cz\/n\/?p=102186"},"modified":"2026-03-17T12:35:44","modified_gmt":"2026-03-17T11:35:44","slug":"navrh-trestniho-oznameni-na-prof-mons-tomase-halika","status":"publish","type":"post","link":"https:\/\/www.infokuryr.cz\/n\/2026\/03\/18\/navrh-trestniho-oznameni-na-prof-mons-tomase-halika\/","title":{"rendered":"N\u00e1vrh trestn\u00edho ozn\u00e1men\u00ed na prof. Mons. Tom\u00e1\u0161e Hal\u00edka"},"content":{"rendered":"<div id=\"fb-root\"><\/div>\n<h4>\u0158\u00edk\u00e1 se, \u017ee nov\u00e9 ko\u0161t\u011b dob\u0159e mete. Proto zde p\u0159edkl\u00e1d\u00e1me k posouzen\u00ed n\u00e1vrh trestn\u00edho ozn\u00e1men\u00ed na prof. Mons. T. Hal\u00edka<\/h4>\n<p style=\"text-align: left;\">Policie \u010cR , Praha<br \/>\nkrpa.podatelna@policie.gov.cz<br \/>\nVrchn\u00ed st\u00e1tn\u00ed zastupitelstv\u00ed v Praze<\/p>\n<p style=\"text-align: left;\"><a href=\"mailto:podatelna@vsz.pha.justice.cz\">podatelna@vsz.pha.justice.cz<\/a><\/p>\n<p>Navrhovatel\u00e9: \u2026\u2026<\/p>\n<h4>V\u011bc: Trestn\u00ed ozn\u00e1men\u00ed<\/h4>\n<p>T\u00edmto\u00a0 pod\u00e1v\u00e1me trestn\u00ed ozn\u00e1men\u00ed na p<em>rof., Monsignore, PhDr. Tom\u00e1\u0161e Hal\u00edka, Th.D., dr.h.c., laure\u00e1ta ceny kardin\u00e1la K\u00f6niga,\u00a0 ceny Romana Guardiniho, Templetonovy ceny, \u0158\u00e1du T. G. Masaryka,\u00a0 ceny Karla \u010capka, viceprezidenta mezin\u00e1rodn\u00ed v\u011bdeck\u00e9 rady pro v\u00fdzkum hodnot a filozofie \u2013\u00a0Council for Research in Values and Philosophy, dr\u017eitele Z\u00e1slu\u017en\u00e9ho \u0159\u00e1du Spolkov\u00e9 republiky N\u011bmecko, \u00a0\u00a0prezidenta \u010cesk\u00e9 K\u0159es\u0165ansk\u00e9 akademie, p\u0159edsedu rady Centrum pro studium politick\u00e9 filozofie, etiky a n\u00e1bo\u017eenstv\u00ed\u00a0 \u00daFAR FF UK, \u010dlena spr\u00e1vn\u00ed rady nadace THE SEKYRA\u00a0 FOUNDATION, \u00a0\u00a0<\/em>\u010dlena poradn\u00edho v\u00fdboru Evropsk\u00e9 hodnoty, atd.,<\/p>\n<p>z d\u016fvodu podez\u0159en\u00ed, \u017ee sp\u00e1chal trestn\u00fd \u010din dle \u00a7 355, odst. 1b, 2b*,\u00a0 Hanoben\u00ed n\u00e1roda, rasy, etnick\u00e9 nebo jin\u00e9 skupiny osob \/pro jejich politick\u00e9 p\u0159esv\u011bd\u010den\u00ed\/, n\u00e1sleduj\u00edc\u00edmi v\u00fdroky o vlasteneck\u00fdch a demokraticky zvolen\u00fdch politic\u00edch a jejich voli\u010d\u00edch:<\/p>\n<ol>\n<li>Jeden rok po atent\u00e1tu na slovensk\u00e9ho premi\u00e9ra Roberta Fica pronesl 29.6.2025 ve\u0159ejn\u011b p\u0159i m\u0161i svat\u00e9 p\u0159ed TV kamerou:<br \/>\n\u201e V mal\u00e9m vid\u00edme selh\u00e1n\u00ed demokratick\u00fdch mechanism\u016f v sousedn\u00edm Slovensku, kde se patologick\u00e9 populistick\u00e9 klice poda\u0159ilo ve volb\u00e1ch z\u00edskat v\u011bt\u0161inovou podporu a nyn\u00ed rozkl\u00e1d\u00e1 demokracii a \u017eene Slovensko do ch\u0159t\u00e1nu rusk\u00e9ho imperi\u00e1ln\u00edho barbarstv\u00ed.\u201c viz<a href=\"https:\/\/www.youtube.com\/watch?v=1K1hGTLEY1c\"> video, \u010das 17:20<\/a><\/li>\n<li>Dne 19.9.2025 m\u011bl prof. T. Hal\u00edk dlouh\u00fd rozhovor v po\u0159adu <a href=\"https:\/\/www.tvnoe.cz\/porad\/43866-k-jadru-veci-s-tomasem-halikem\">K j\u00e1dru v\u011bci<\/a> na TV Noe, kde prohl\u00e1sil v \u010dase16:20:<\/li>\n<\/ol>\n<p>\u201e Babi\u0161 otv\u00edr\u00e1 vr\u00e1tka t\u011bm skute\u010dn\u011b jedovat\u00fdm sil\u00e1m, jako jsou komunist\u00e9 a Sta\u010dilo! A je\u0161t\u011b hor\u0161\u00ed a je\u0161t\u011b nebezpe\u010dn\u011bj\u0161\u00ed je SPD.\u201c<\/p>\n<ol start=\"3\">\n<li>Dne 2.1.2026 v promluv\u011b p\u0159i m\u0161i svat\u00e9 prohl\u00e1sil:<\/li>\n<\/ol>\n<p>\u201e Zem\u011b \u2026. otev\u0159ela cestou svobodn\u00fdch voleb silnici k moci lidem, kte\u0159\u00ed se vyno\u0159ili z temn\u00fdch kout\u016f, kter\u00e9 Masaryk naz\u00fdval <a href=\"https:\/\/www.facebook.com\/reel\/1949037312310378\">patologickou sedlinou spole\u010dnosti<\/a>\u2026<br \/>\nPolitiky sou\u010dasn\u00e9 vl\u00e1dn\u00ed koalice pak naz\u00fdv\u00e1 \u201e oblud\u00e1riem sou\u010dasn\u00e9 politick\u00e9 sc\u00e9ny na\u0161\u00ed zem\u011b\u201c.<br \/>\nPrezident Masaryk v\u0161ak t\u00edm v\u00fdrazem myslel p\u0159\u00edznivce nacismu, kter\u00fdch<\/p>\n<p>zde tehdy \u017eilo n\u011bkolik mili\u00f3n\u016f. Konrad Henlein,\u00a0 p\u0159edseda Sudeton\u011bmeck\u00e9 strany, dokonce v roce 1935 vyhr\u00e1l volby do doln\u00ed i horn\u00ed komory parlamentu se ziskem 15,2 % hlas\u016f. Masaryk ho v\u0161ak nepov\u011b\u0159il sestaven\u00edm vl\u00e1dy, proto\u017ee ostatn\u00ed strany se rychle spojily a vytvo\u0159ily v\u011bt\u0161inovou a demokratickou vl\u00e1du Jana Malypetra.<\/p>\n<p>Na z\u00e1klad\u011b v\u00fd\u0161e uveden\u00fdch skute\u010dnost\u00ed jsme p\u0159esv\u011bd\u010deni, \u017ee zde\u00a0 jsou d\u016fvody k zah\u00e1jen\u00ed \u00fakon\u016f trestn\u00edho \u0159\u00edzen\u00ed a \u017e\u00e1d\u00e1me, abychom byli do jednoho m\u011bs\u00edce od pod\u00e1n\u00ed tohoto ozn\u00e1men\u00ed vyrozum\u011bni o v\u00fdsledc\u00edch vy\u0161et\u0159ov\u00e1n\u00ed.<\/p>\n<p><em>Toto trestn\u00ed ozn\u00e1men\u00ed tak\u00e9 po\u0161leme Etick\u00e9 komisi Karlovy univerzity s t\u00edm, \u017ee pokud z toho nevyvod\u00ed pat\u0159i\u010dn\u00e9 z\u00e1v\u011bry, budeme prosazovat a vynalo\u017e\u00edme ve\u0161ker\u00e9 \u00fasil\u00ed k tomu,\u00a0 aby takov\u00ed arogantn\u00ed multifunk\u010dn\u00ed nadlid\u00e9 nebyli financov\u00e1ni z na\u0161ich dan\u00ed, tedy ze st\u00e1tn\u00edho rozpo\u010dtu.<\/em><\/p>\n<p>* \u00a7 355 (1) Kdo ve\u0159ejn\u011b hanob\u00ed<\/p>\n<ol>\n<li>a) n\u011bkter\u00fd n\u00e1rod, jeho jazyk, n\u011bkterou rasu nebo etnickou skupinu, nebo<\/li>\n<li><strong>b) skupinu osob pro jejich<\/strong> skute\u010dnou nebo domn\u011blou rasu, p\u0159\u00edslu\u0161nost k etnick\u00e9 skupin\u011b, n\u00e1rodnost, <strong>politick\u00e9 p\u0159esv\u011bd\u010den\u00ed,<\/strong> vyzn\u00e1n\u00ed nebo proto, \u017ee jsou skute\u010dn\u011b nebo domn\u011ble bez vyzn\u00e1n\u00ed,<\/li>\n<\/ol>\n<p>bude potrest\u00e1n odn\u011bt\u00edm svobody a\u017e na dv\u011b l\u00e9ta.<\/p>\n<p>(2) Odn\u011bt\u00edm svobody a\u017e na t\u0159i l\u00e9ta bude pachatel potrest\u00e1n, sp\u00e1ch\u00e1-li \u010din uveden\u00fd v\u00a0<a href=\"https:\/\/www.kurzy.cz\/zakony\/40-2009-trestni-zakonik\/paragraf-355\/#paragraf-355H1\">odstavci 1<\/a><\/p>\n<ol>\n<li>a) nejm\u00e9n\u011b se dv\u011bma osobami, nebo<\/li>\n<li>b) tiskem, filmem, rozhlasem,<strong> televiz\u00ed, ve\u0159ejn\u011b p\u0159\u00edstupnou po\u010d\u00edta\u010dovou s\u00edt\u00ed nebo jin\u00fdm obdobn\u011b \u00fa\u010dinn\u00fdm zp\u016fsobem.<\/strong><\/li>\n<\/ol>\n<p>Ve\u00a0 Zl\u00edn\u011b&#8230;<\/p>\n<p>Pavel Dudr<\/p>\n","protected":false},"excerpt":{"rendered":"<p>\u0158\u00edk\u00e1 se, \u017ee nov\u00e9 ko\u0161t\u011b dob\u0159e mete. Proto zde p\u0159edkl\u00e1d\u00e1me k posouzen\u00ed n\u00e1vrh trestn\u00edho ozn\u00e1men\u00ed&#8230;<\/p>\n","protected":false},"author":2,"featured_media":3669,"comment_status":"closed","ping_status":"closed","sticky":false,"template":"","format":"standard","meta":[],"categories":[6],"tags":[86,5640,923],"_links":{"self":[{"href":"https:\/\/www.infokuryr.cz\/n\/wp-json\/wp\/v2\/posts\/102186"}],"collection":[{"href":"https:\/\/www.infokuryr.cz\/n\/wp-json\/wp\/v2\/posts"}],"about":[{"href":"https:\/\/www.infokuryr.cz\/n\/wp-json\/wp\/v2\/types\/post"}],"author":[{"embeddable":true,"href":"https:\/\/www.infokuryr.cz\/n\/wp-json\/wp\/v2\/users\/2"}],"replies":[{"embeddable":true,"href":"https:\/\/www.infokuryr.cz\/n\/wp-json\/wp\/v2\/comments?post=102186"}],"version-history":[{"count":1,"href":"https:\/\/www.infokuryr.cz\/n\/wp-json\/wp\/v2\/posts\/102186\/revisions"}],"predecessor-version":[{"id":102187,"href":"https:\/\/www.infokuryr.cz\/n\/wp-json\/wp\/v2\/posts\/102186\/revisions\/102187"}],"wp:featuredmedia":[{"embeddable":true,"href":"https:\/\/www.infokuryr.cz\/n\/wp-json\/wp\/v2\/media\/3669"}],"wp:attachment":[{"href":"https:\/\/www.infokuryr.cz\/n\/wp-json\/wp\/v2\/media?parent=102186"}],"wp:term":[{"taxonomy":"category","embeddable":true,"href":"https:\/\/www.infokuryr.cz\/n\/wp-json\/wp\/v2\/categories?post=102186"},{"taxonomy":"post_tag","embeddable":true,"href":"https:\/\/www.infokuryr.cz\/n\/wp-json\/wp\/v2\/tags?post=102186"}],"curies":[{"name":"wp","href":"https:\/\/api.w.org\/{rel}","templated":true}]}}