{"id":102174,"date":"2026-03-18T00:21:56","date_gmt":"2026-03-17T23:21:56","guid":{"rendered":"https:\/\/www.infokuryr.cz\/n\/?p=102174"},"modified":"2026-03-17T12:58:45","modified_gmt":"2026-03-17T11:58:45","slug":"pruzkum-odhaluje-zasadni-zmenu-v-oblasti-ockovani-nesmime-dovolit-farmaceutickemu-prumyslu-aby-to-zatajil","status":"publish","type":"post","link":"https:\/\/www.infokuryr.cz\/n\/2026\/03\/18\/pruzkum-odhaluje-zasadni-zmenu-v-oblasti-ockovani-nesmime-dovolit-farmaceutickemu-prumyslu-aby-to-zatajil\/","title":{"rendered":"Pr\u016fzkum odhaluje z\u00e1sadn\u00ed zm\u011bnu v oblasti o\u010dkov\u00e1n\u00ed: Nesm\u00edme dovolit farmaceutick\u00e9mu pr\u016fmyslu, aby to zatajil"},"content":{"rendered":"<div id=\"fb-root\"><\/div>\n<div class=\"elementor-element elementor-element-1fb4c2c elementor-widget elementor-widget-theme-post-content\" data-id=\"1fb4c2c\" data-element_type=\"widget\" data-e-type=\"widget\" data-widget_type=\"theme-post-content.default\">\n<div class=\"elementor-widget-container\">\n<h3 class=\"has-medium-font-size\"><strong><span dir=\"auto\">P\u0159\u00edb\u011bh v kostce<\/span><\/strong><\/h3>\n<ul>\n<li><span dir=\"auto\">Vzhledem k rozs\u00e1hl\u00e9 cenzu\u0159e ze strany m\u00e9di\u00ed a akademick\u00e9 obce je obt\u00ed\u017en\u00e9 z\u00edskat p\u0159esn\u00e9 informace, kter\u00e9 jsou v rozporu se z\u00e1jmy farmaceutick\u00e9ho pr\u016fmyslu. Pr\u016fzkumy nab\u00edzej\u00ed jedine\u010dnou p\u0159\u00edle\u017eitost, jak tuto blok\u00e1du obej\u00edt.<\/span><\/li>\n<li><span dir=\"auto\">Rozs\u00e1hl\u00e9 pr\u016fzkumy ukazuj\u00ed, \u017ee u 9 % a\u017e 34 % o\u010dkovan\u00fdch osob proti COVID-19 se vyvinuly ne\u017e\u00e1douc\u00ed \u00fa\u010dinky, u 7 % a\u017e 13 % z\u00e1va\u017en\u00e9 ne\u017e\u00e1douc\u00ed \u00fa\u010dinky, 7,5 % a\u017e 22 % zn\u00e1 n\u011bkoho s v\u00e1\u017en\u00fdm zran\u011bn\u00edm zp\u016fsoben\u00fdm o\u010dkov\u00e1n\u00edm, 24 % a\u017e 28 % zn\u00e1 n\u011bkoho, o kom se domn\u00edvaj\u00ed, \u017ee v d\u016fsledku o\u010dkov\u00e1n\u00ed zem\u0159el, a 46 % a\u017e 55 % se domn\u00edv\u00e1, \u017ee o\u010dkov\u00e1n\u00ed proti COVID-19 zabilo zna\u010dn\u00fd po\u010det lid\u00ed.<\/span><\/li>\n<li><span dir=\"auto\">Tato zji\u0161t\u011bn\u00ed pravd\u011bpodobn\u011b vysv\u011btluj\u00ed bezprecedentn\u00ed ztr\u00e1tu d\u016fv\u011bry v l\u00e9ka\u0159e a nemocnice od pandemie COVID-19 (ze 71,5 % na 40,1 %), kter\u00e1 se odr\u00e1\u017e\u00ed ve v\u00fdznamn\u00e9 ztr\u00e1t\u011b d\u016fv\u011bry ve farmaceutick\u00fd pr\u016fmysl, vl\u00e1dn\u00ed zdravotnick\u00e9 agentury a o\u010dkov\u00e1n\u00ed d\u011bt\u00ed \u2013 kter\u00fdm ji\u017e t\u00e9m\u011b\u0159 polovina populace pln\u011b ned\u016fv\u011b\u0159uje.<\/span><\/li>\n<li><span dir=\"auto\">Politika MAHA se stala jedn\u00edm z nejobl\u00edben\u011bj\u0161\u00edch t\u00e9mat mezi voli\u010di, ale kv\u016fli medi\u00e1ln\u00ed cenzu\u0159e nen\u00ed efektivn\u011b propagov\u00e1na.<\/span><\/li>\n<li><span dir=\"auto\">Trumpova administrativa se od o\u010dkov\u00e1n\u00ed odvr\u00e1tila, pravd\u011bpodobn\u011b kv\u016fli zkreslen\u00fdm pr\u016fzkum\u016fm. Domn\u00edv\u00e1m se, \u017ee to byla chyba \u2013 data ukazuj\u00ed obrovskou podporu o\u010dkovac\u00ed politiky RFK a to odr\u00e1\u017e\u00ed strategick\u00e9 chyby, kter\u00e9 Trumpa st\u00e1ly v\u00edt\u011bzstv\u00ed v volb\u00e1ch v roce 2020.<\/span><\/li>\n<\/ul>\n<p><span dir=\"auto\">Joe Rogan ned\u00e1vno vystoupil s RFK Jr. ve sv\u00e9m po\u0159adu, kde RFK shrnul, \u010deho on a jeho t\u00fdm s podporou prezidenta dos\u00e1hli t\u00edm, \u017ee pracovali proti z\u00e1jm\u016fm t\u011bch, kte\u0159\u00ed profituj\u00ed z toho, \u017ee jsme st\u00e1le nemocn\u00ed. Tak\u017ee pokud chcete v\u011bd\u011bt, co MAHA vlastn\u011b d\u011bl\u00e1, v\u0159ele doporu\u010duji se na po\u0159ad pod\u00edvat.<\/span><\/p>\n<figure class=\"wp-block-embed aligncenter is-type-video is-provider-youtube wp-block-embed-youtube wp-embed-aspect-16-9 wp-has-aspect-ratio\">\n<div class=\"wp-block-embed__wrapper\"><iframe loading=\"lazy\" title=\"Z\u00e1\u017eitek Joea Rogana \u010d. 2461 - Robert F. Kennedy ml.\" src=\"https:\/\/www.youtube.com\/embed\/wk7DQom821s?feature=oembed\" width=\"800\" height=\"450\" frameborder=\"0\" allowfullscreen=\"allowfullscreen\" data-mce-fragment=\"1\"><\/iframe><\/div>\n<\/figure>\n<p><span dir=\"auto\">P\u0159\u00edsp\u011bvek bohu\u017eel potvrdil n\u011bco, \u010deho jsem se velmi ob\u00e1val: RFK se o vakc\u00edn\u00e1ch nezm\u00ednil ani jednou, a to navzdory \u010detn\u00fdm p\u0159\u00edpad\u016fm, kdy by to bylo nejz\u0159ejm\u011bj\u0161\u00ed t\u00e9ma. Na z\u00e1klad\u011b t\u00e9to a mnoha dal\u0161\u00edch zm\u011bn, kter\u00fdch jsem si v\u0161iml, jsem si celkem jist\u00fd, \u017ee Trumpova administrativa obdr\u017eela data z pr\u016fzkum\u016f, kter\u00e1 nazna\u010dovala, \u017ee t\u00e9matu o\u010dkov\u00e1n\u00ed by se m\u011blo vyhnout a\u017e do voleb v polovin\u011b volebn\u00edho obdob\u00ed. V tomto \u010dl\u00e1nku p\u0159edstav\u00edm data, kter\u00e1 prok\u00e1\u017e\u00ed, pro\u010d se jedn\u00e1 o chybu, a nast\u00edn\u00edm kl\u00ed\u010dov\u00e9 kroky, kter\u00e9 m\u016f\u017eeme podniknout k jej\u00ed n\u00e1prav\u011b.<\/span><\/p>\n<p><strong><em><span dir=\"auto\">Pozn\u00e1mka:<\/span><\/em><\/strong><em><span dir=\"auto\">\u00a0Stejn\u011b jako jejich zam\u011b\u0159en\u00ed na \u201ebezpe\u010dn\u00e9\u201c politick\u00e9 zdravotn\u00ed ot\u00e1zky mi dlouhodob\u011b vad\u00ed, \u017ee v\u011bt\u0161ina l\u00e9ka\u0159\u016f v oblasti integrativn\u00ed medic\u00edny up\u0159ednost\u0148uje \u201ebezpe\u010dn\u00e9\u201c l\u00e9ky (nap\u0159. dopl\u0148ky stravy a bylinky), ale vyh\u00fdb\u00e1 se \u00fa\u010dinn\u00fdm \u201ekontroverzn\u00edm\u201c terapi\u00edm (nap\u0159.\u00a0<\/span><\/em><a href=\"https:\/\/www.midwesterndoctor.com\/p\/what-are-umbrella-therapies-and-why\" target=\"_blank\" rel=\"noreferrer noopener\"><em><span dir=\"auto\">zast\u0159e\u0161uj\u00edc\u00edm l\u00e9k\u016fm, jako je DMSO<\/span><\/em><\/a><em><span dir=\"auto\">\u00a0, kter\u00e9 maj\u00ed za n\u00e1sledek \u0159adu nevyl\u00e9\u010diteln\u00fdch nemoc\u00ed).<\/span><\/em><\/p>\n<p><iframe id=\"odysee-iframe\" src=\"https:\/\/odysee.com\/%24\/embed\/%40DoctorMercola%3A2%2FThe_Vaccine_Poll_Numbers_That_Have_Politicians_Running_Scared%3Ae?r=DxbKeMrwVEudoqxQPo4s25HGwFwXT6UZ\" allowfullscreen=\"allowfullscreen\" data-mce-fragment=\"1\"><\/iframe><\/p>\n<h3 class=\"wp-block-heading has-medium-font-size\"><strong><span dir=\"auto\">Manipulovan\u00e1 data<\/span><\/strong><\/h3>\n<p><span dir=\"auto\">Po cel\u00e1 desetilet\u00ed se k regulaci populace pou\u017e\u00edval relativn\u011b jednoduch\u00fd vzorec:<\/span><\/p>\n<p><span dir=\"auto\">\u2022 Stanovit vybran\u00e9 strany jako d\u016fv\u011bryhodn\u00e9 zdroje.<\/span><\/p>\n<p><span dir=\"auto\">\u2022 Vykupte si v\u0161echny d\u016fv\u011bryhodn\u00e9 zdroje.<\/span><\/p>\n<p><span dir=\"auto\">\u2022 Z\u00edskejte ka\u017ed\u00fd z\u00edskan\u00fd d\u016fv\u011bryhodn\u00fd zdroj, abyste zv\u00fd\u0161ili d\u016fv\u011bryhodnost ostatn\u00edch kooptovan\u00fdch zdroj\u016f, dokud nevznik\u00e1 monopol.<\/span><\/p>\n<p><span dir=\"auto\">\u2022 Z\u00edskejte d\u016fv\u011bryhodn\u00e9 zdroje pro \u0161\u00ed\u0159en\u00ed spole\u010dn\u011b vybran\u00fdch sd\u011blen\u00ed nebo psychologick\u00fdch kampan\u00ed, kter\u00e9 podporuj\u00ed konkr\u00e9tn\u00ed z\u00e1jmy.<\/span><\/p>\n<p><span dir=\"auto\">\u2022 Zak\u00e1zat d\u016fv\u011bryhodn\u00fdm zdroj\u016fm publikovat cokoli, co ohro\u017euje z\u00e1jmy mocn\u00fdch.<\/span><\/p>\n<p><span dir=\"auto\">\u2022 Vyvinout tlak na v\u0161echna men\u0161\u00ed kole\u010dka v syst\u00e9mu, aby se p\u0159izp\u016fsobila vybran\u00fdm narativ\u016fm a ide\u00e1ln\u011b se s nimi ztoto\u017enila, a za\u00fato\u010dit na ka\u017ed\u00e9ho, kdo je zpochyb\u0148uje, aby v\u0161ichni z\u016fstali v souladu.<\/span><\/p>\n<p><span dir=\"auto\">Vzhledem k jeho velikosti a propojenosti jsem si dlouho myslel, \u017ee tento syst\u00e9m nelze nikdy zlomit, a \u017ee ho proto prohl\u00e9dne jen mal\u00e1 \u010d\u00e1st populace.<\/span><\/p>\n<p><span dir=\"auto\">Internet v\u0161ak tento monopol na pravdu prolomil \u2013 zejm\u00e9na od doby, kdy Elon Musk koupil Twitter \u2013 a vytvo\u0159il tak zp\u016fsob, jak zabr\u00e1nit establishmentu v tom, aby z internetu ud\u011blal krajinu str\u00e1\u017ec\u016f br\u00e1ny (nap\u0159. Google, Facebook a Wikipedie), kte\u0159\u00ed kontroluj\u00ed p\u0159\u00edstup v\u011bt\u0161iny lid\u00ed k online informac\u00edm a \u201espravuj\u00ed\u201c v\u0161echny informace tak, aby se zobrazovaly pouze schv\u00e1len\u00e9 zpr\u00e1vy.<\/span><\/p>\n<p><span dir=\"auto\">Velk\u00e1 \u010d\u00e1st m\u00e9ho \u017eivota se proto to\u010d\u00ed kolem pozorov\u00e1n\u00ed, jak je tento krut\u00fd vzorec implementov\u00e1n v mainstreamov\u00fdch m\u00e9di\u00edch a v\u011bdeck\u00e9m tisku, tak\u017ee j\u00e1:<\/span><\/p>\n<p><span dir=\"auto\">\u2022 Dok\u00e1\u017eu l\u00e9pe rozpoznat, co je pravda a co je nepravda.<\/span><\/p>\n<p><span dir=\"auto\">\u2022 P\u0159edpov\u00edd\u00e1n\u00ed budoucnosti, proto\u017ee postupn\u00e9 a schv\u00e1ln\u011b uplat\u0148ovan\u00e9 uplat\u0148ov\u00e1n\u00ed t\u00e9to propagandy je \u010dasto \u201en\u00e1pov\u011bdou\u201c na to, co se v budoucnu stane (nap\u0159\u00edklad jsem na konci roku 2019 spr\u00e1vn\u011b p\u0159edpov\u011bd\u011bl v\u011bt\u0161inu v\u00fdvoje souvisej\u00edc\u00edho s COVID-19).<\/span><\/p>\n<p><span dir=\"auto\">\u2022 hledat mezery v matrici, kter\u00fdmi m\u016f\u017ee pravda prosakovat, a zneu\u017e\u00edvat je (nap\u0159. cenzura v mainstreamov\u00e9 v\u011bdeck\u00e9 literatu\u0159e byla postupn\u011b zavedena p\u0159ed n\u011bkolika desetilet\u00edmi a z velk\u00e9 \u010d\u00e1sti se omezovala na z\u00e1padn\u00ed zem\u011b, tak\u017ee velk\u00e1 \u010d\u00e1st knihy \u201eZapomenut\u00e1 str\u00e1nka medic\u00edny\u201c se t\u00fdk\u00e1 odhalov\u00e1n\u00ed v\u00fdzkumu mimo tyto bubliny).<\/span><\/p>\n<h3 class=\"wp-block-heading has-medium-font-size\"><strong><span dir=\"auto\">Pr\u016fzkum o vakc\u00edn\u00e1ch proti COVID-19<\/span><\/strong><\/h3>\n<p><span dir=\"auto\">Proto\u017ee v\u011bdeck\u00e1 literatura odm\u00edt\u00e1 publikovat ov\u011b\u0159en\u00e1 data, kter\u00e1 jsou v rozporu se z\u00e1jmy farmaceutick\u00e9ho pr\u016fmyslu, kritick\u00e1 data o zran\u011bn\u00edch zp\u016fsoben\u00fdch o\u010dkov\u00e1n\u00edm proti COVID-19 v d\u016fv\u011bryhodn\u00fdch akademick\u00fdch zdroj\u00edch z velk\u00e9 \u010d\u00e1sti chyb\u011bla. T\u00edmto zp\u016fsobem p\u0159esv\u011bd\u010dili lidi, \u017ee zran\u011bn\u00ed zp\u016fsoben\u00e1 o\u010dkov\u00e1n\u00edm jsou \u201evz\u00e1cn\u00e1\u201c \u2013 i kdy\u017e jsou b\u011b\u017en\u00e1 a n\u011bkdy z\u00e1va\u017en\u00e1. Charlie Kirk nakonec na\u0161el zp\u016fsob, jak tuto blok\u00e1du obej\u00edt, a to p\u0159\u00edm\u00fdm pr\u016fzkumem mezi sv\u00fdmi sleduj\u00edc\u00edmi.<\/span><\/p>\n<div class=\"twitter-tweet twitter-tweet-rendered\"><iframe id=\"twitter-widget-0\" class=\"\" title=\"X Post\" src=\"https:\/\/platform.twitter.com\/embed\/Tweet.html?dnt=false&amp;embedId=twitter-widget-0&amp;features=eyJ0ZndfdGltZWxpbmVfbGlzdCI6eyJidWNrZXQiOltdLCJ2ZXJzaW9uIjpudWxsfSwidGZ3X2ZvbGxvd2VyX2NvdW50X3N1bnNldCI6eyJidWNrZXQiOnRydWUsInZlcnNpb24iOm51bGx9LCJ0ZndfdHdlZXRfZWRpdF9iYWNrZW5kIjp7ImJ1Y2tldCI6Im9uIiwidmVyc2lvbiI6bnVsbH0sInRmd19yZWZzcmNfc2Vzc2lvbiI6eyJidWNrZXQiOiJvbiIsInZlcnNpb24iOm51bGx9LCJ0ZndfZm9zbnJfc29mdF9pbnRlcnZlbnRpb25zX2VuYWJsZWQiOnsiYnVja2V0Ijoib24iLCJ2ZXJzaW9uIjpudWxsfSwidGZ3X21peGVkX21lZGlhXzE1ODk3Ijp7ImJ1Y2tldCI6InRyZWF0bWVudCIsInZlcnNpb24iOm51bGx9LCJ0ZndfZXhwZXJpbWVudHNfY29va2llX2V4cGlyYXRpb24iOnsiYnVja2V0IjoxMjA5NjAwLCJ2ZXJzaW9uIjpudWxsfSwidGZ3X3Nob3dfYmlyZHdhdGNoX3Bpdm90c19lbmFibGVkIjp7ImJ1Y2tldCI6Im9uIiwidmVyc2lvbiI6bnVsbH0sInRmd19kdXBsaWNhdGVfc2NyaWJlc190b19zZXR0aW5ncyI6eyJidWNrZXQiOiJvbiIsInZlcnNpb24iOm51bGx9LCJ0ZndfdXNlX3Byb2ZpbGVfaW1hZ2Vfc2hhcGVfZW5hYmxlZCI6eyJidWNrZXQiOiJvbiIsInZlcnNpb24iOm51bGx9LCJ0ZndfdmlkZW9faGxzX2R5bmFtaWNfbWFuaWZlc3RzXzE1MDgyIjp7ImJ1Y2tldCI6InRydWVfYml0cmF0ZSIsInZlcnNpb24iOm51bGx9LCJ0ZndfbGVnYWN5X3RpbWVsaW5lX3N1bnNldCI6eyJidWNrZXQiOnRydWUsInZlcnNpb24iOm51bGx9LCJ0ZndfdHdlZXRfZWRpdF9mcm9udGVuZCI6eyJidWNrZXQiOiJvbiIsInZlcnNpb24iOm51bGx9fQ%3D%3D&amp;frame=false&amp;hideCard=false&amp;hideThread=false&amp;id=2030835778087956941&amp;lang=cs&amp;maxWidth=560px&amp;origin=https%3A%2F%2Funcutnews.ch%2Fumfrage-zeigt-tiefgreifenden-wandel-in-bezug-auf-impfstoffe-wir-duerfen-nicht-zulassen-dass-die-pharmaindustrie-dies-verschleiert%2F&amp;sessionId=3032c31fa526fd5c82009c6074e33e5232215267&amp;theme=light&amp;widgetsVersion=2615f7e52b7e0%3A1702314776716&amp;width=550px\" frameborder=\"0\" scrolling=\"no\" allowfullscreen=\"allowfullscreen\" data-tweet-id=\"2030835778087956941\" data-mce-fragment=\"1\"><\/iframe><\/div>\n<p><span dir=\"auto\">N\u00e1sledn\u011b Steve Kirsch a jeho Nadace pro bezpe\u010dnost vakc\u00edn pov\u011b\u0159ili instituty pro pr\u016fzkum ve\u0159ejn\u00e9ho m\u00edn\u011bn\u00ed, aby provedly p\u0159\u00edm\u00fd pr\u016fzkum mezi populac\u00ed. V roce 2022 n\u00e1sleduj\u00edc\u00ed o\u010dkovan\u00e9 osoby uvedly n\u00e1sleduj\u00edc\u00ed:<\/span><\/p>\n<figure class=\"wp-block-image aligncenter size-large is-resized\"><img decoding=\"async\" loading=\"lazy\" class=\"aligncenter\" src=\"https:\/\/media.mercola.com\/ImageServer\/public\/2026\/March\/vaccine-survey.jpg\" alt=\"\" width=\"690\" height=\"104\" \/><\/figure>\n<p><span dir=\"auto\">V roce 2023 profesor Mark Skidmore pov\u011b\u0159il spole\u010dnost Dynata proveden\u00edm pr\u016fzkumu mezi 2 840 respondenty a zjistil, \u017ee 15 % o\u010dkovan\u00fdch osob za\u017eilo zran\u011bn\u00ed zp\u016fsoben\u00e9 o\u010dkov\u00e1n\u00edm (z toho 13 % z\u00e1va\u017en\u00e9) a 22 % zn\u00e1 n\u011bkoho s v\u00e1\u017en\u00fdm zran\u011bn\u00edm zp\u016fsoben\u00fdm o\u010dkov\u00e1n\u00edm. Jeho tabuizovan\u00e1 studie byla sta\u017eena a on s\u00e1m podstoupil etick\u00e9 vy\u0161et\u0159ov\u00e1n\u00ed, kter\u00e9 ho nakonec o\u010distilo.<\/span><\/p>\n<p><span dir=\"auto\">V roce 2024 pr\u016fzkum zadan\u00fd Kirschem zjistil, \u017ee 12,5 % a\u017e 20,3 % o\u010dkovan\u00fdch respondent\u016f utrp\u011blo ne\u017e\u00e1douc\u00ed \u00fa\u010dinky, p\u0159i\u010dem\u017e dv\u011b t\u0159etiny hodnotily sv\u00e9 ne\u017e\u00e1douc\u00ed \u00fa\u010dinky jako \u201ez\u00e1va\u017en\u00e9\u201c nebo \u201evelmi z\u00e1va\u017en\u00e9\u201c. Navzdory vy\u0161\u0161\u00ed m\u00ed\u0159e ne\u017e\u00e1douc\u00edch \u00fa\u010dink\u016f byli respondenti z \u0159ad demokrat\u016f mnohem \u010dast\u011bji p\u0159esv\u011bd\u010deni o bezpe\u010dnosti a \u00fa\u010dinnosti vakc\u00edny (83,62 %) ne\u017e republik\u00e1ni (44,49 %) nebo nez\u00e1visl\u00ed (51,81 %).<\/span><\/p>\n<p><span dir=\"auto\">Proto\u017ee se t\u00edmto t\u00e9matem nikdo necht\u011bl zab\u00fdvat, nez\u00e1visle jej zkoumala pouze jedna pr\u016fzkumn\u00e1 organizace: Rasmussen Reports. U dosp\u011bl\u00fdch Ameri\u010dan\u016f zjistili n\u00e1sleduj\u00edc\u00ed:<\/span><\/p>\n<p><strong><span dir=\"auto\">\u2022 \u010cervenec 2021 \u2013<\/span><\/strong><span dir=\"auto\">\u00a032 % se domn\u00edvalo, \u017ee zdravotnick\u00e9 org\u00e1ny l\u017eou o bezpe\u010dnosti vakc\u00edny.<\/span><\/p>\n<p><strong><span dir=\"auto\">\u2022 Prosinec 2022 \u2013<\/span><\/strong><span dir=\"auto\">\u00a034 % o\u010dkovan\u00fdch osob hl\u00e1silo m\u00edrn\u00e9 ne\u017e\u00e1douc\u00ed \u00fa\u010dinky, 7 % z\u00e1va\u017en\u00e9 ne\u017e\u00e1douc\u00ed \u00fa\u010dinky.<\/span><\/p>\n<p><strong><span dir=\"auto\">\u2022 Leden 2023 \u2013<\/span><\/strong><span dir=\"auto\">\u00a049 % se domn\u00edvalo, \u017ee vedlej\u0161\u00ed \u00fa\u010dinky vakc\u00edny pravd\u011bpodobn\u011b zp\u016fsobily zna\u010dn\u00fd po\u010det nevysv\u011btliteln\u00fdch \u00famrt\u00ed; 28 % osobn\u011b znalo n\u011bkoho, jeho\u017e smrt mohla b\u00fdt zp\u016fsobena vakc\u00ednou.<\/span><\/p>\n<p><strong><span dir=\"auto\">\u2022 Leden 2023 \u2013<\/span><\/strong><span dir=\"auto\">\u00a057 % cht\u011blo, aby Kongres pro\u0161et\u0159il, jak CDC nalo\u017eilo s hodnocen\u00edm bezpe\u010dnosti vakc\u00edn.<\/span><\/p>\n<p><strong><span dir=\"auto\">\u2022 B\u0159ezen 2023 \u2013<\/span><\/strong><span dir=\"auto\">\u00a011 % se domn\u00edvalo, \u017ee \u010dlen jejich dom\u00e1cnosti zem\u0159el na COVID-19, zat\u00edmco 10 % se domn\u00edvalo, \u017ee \u010dlen jejich dom\u00e1cnosti zem\u0159el na vedlej\u0161\u00ed \u00fa\u010dinek vakc\u00edny.<\/span><\/p>\n<p><span dir=\"auto\">\u2022 Z\u00e1\u0159\u00ed 2023 \u2013 47 % respondent\u016f se domn\u00edvalo, \u017ee vakc\u00edny nejsou bezpe\u010dn\u00e9, a 34 % se domn\u00edvalo, \u017ee nejsou \u00fa\u010dinn\u00e9. Demokrat\u00e9 m\u00e9n\u011b \u010dasto pova\u017eovali vakc\u00edny za nebezpe\u010dn\u00e9 (14 % D vs. 51 % R) nebo ne\u00fa\u010dinn\u00e9 (17 % D vs. 57 % R).<\/span><\/p>\n<p><span dir=\"auto\">\u2022 Listopad 2023 \u2013 24 % osobn\u011b znalo n\u011bkoho, o kom se domn\u00edvali, \u017ee zem\u0159el v d\u016fsledku o\u010dkov\u00e1n\u00ed proti COVID-19; 69 % z nich by se pravd\u011bpodobn\u011b p\u0159ipojilo ke hromadn\u00e9 \u017ealob\u011b proti farmaceutick\u00fdm spole\u010dnostem.<\/span><\/p>\n<p><span dir=\"auto\">\u2022 Leden 2024 \u2013 53 % se domn\u00edv\u00e1, \u017ee vedlej\u0161\u00ed \u00fa\u010dinky vakc\u00edn pravd\u011bpodobn\u011b zp\u016fsobily zna\u010dn\u00fd po\u010det nevysv\u011btliteln\u00fdch \u00famrt\u00ed, a 24 % osobn\u011b znalo n\u011bkoho, jeho\u017e smrt mohla b\u00fdt zp\u016fsobena vakc\u00ednami proti COVID-19.<\/span><\/p>\n<p><span dir=\"auto\">\u2022 Z\u00e1\u0159\u00ed 2024 \u2013 55 % se domn\u00edv\u00e1, \u017ee vedlej\u0161\u00ed \u00fa\u010dinky vakc\u00edny pravd\u011bpodobn\u011b zp\u016fsobily zna\u010dn\u00fd po\u010det nevysv\u011btliteln\u00fdch \u00famrt\u00ed \u2013 v\u010detn\u011b 30 %, kte\u0159\u00ed si to mysl\u00ed jako velmi pravd\u011bpodobn\u00e9.<\/span><\/p>\n<p><span dir=\"auto\">\u2022 Listopad 2025 \u2013 26 % hl\u00e1silo drobn\u00e9 ne\u017e\u00e1douc\u00ed \u00fa\u010dinky; 10 % hl\u00e1silo z\u00e1va\u017en\u00e9 ne\u017e\u00e1douc\u00ed \u00fa\u010dinky; 46 % se domn\u00edv\u00e1, \u017ee vakc\u00edny zp\u016fsobily zna\u010dn\u00fd po\u010det nevysv\u011btliteln\u00fdch \u00famrt\u00ed.<\/span><\/p>\n<p><span dir=\"auto\">Stru\u010dn\u011b \u0159e\u010deno, data ukazuj\u00ed, \u017ee nejste bl\u00e1zen \u2013 v\u011bt\u0161ina lid\u00ed vid\u00ed p\u0159esn\u011b tot\u00e9\u017e co vy. Jedn\u00edm z nejlep\u0161\u00edch datov\u00fdch soubor\u016f, kter\u00e9 jsem vid\u011bl a kter\u00e9 to ilustruj\u00ed, byl odhad Eda Dowda z b\u0159ezna 2023, kter\u00fd sestavil z dostupn\u00fdch zdroj\u016f dat. Tento z\u00e1m\u011brn\u011b konzervativn\u00ed odhad odhalil:<\/span><\/p>\n<figure class=\"wp-block-image aligncenter size-large is-resized\"><img decoding=\"async\" class=\"aligncenter\" src=\"https:\/\/media.mercola.com\/ImageServer\/public\/2026\/March\/covid-vaccine-damage-project.jpg\" alt=\"\" \/><\/figure>\n<h3 class=\"wp-block-heading\"><span dir=\"auto\">Pr\u016fzkum na t\u00e9ma vakc\u00edn<\/span><\/h3>\n<p><span dir=\"auto\">Propaganda m\u00e1 sv\u00e9 meze. Jakmile je po\u0161kozeno dostate\u010dn\u00e9 mno\u017estv\u00ed lid\u00ed, nen\u00ed s nimi ji\u017e mo\u017en\u00e9 manipulovat. Rozsah t\u00e9to \u0161kody se odrazil v bezprecedentn\u00ed ztr\u00e1t\u011b d\u016fv\u011bry v l\u00e9ka\u0159sk\u00fd pr\u016fmysl.<\/span><\/p>\n<p><span dir=\"auto\">\u2022 Pr\u016fzkum organizace JAMA mezi 443 455 dosp\u011bl\u00fdmi Ameri\u010dany zjistil, \u017ee d\u016fv\u011bra v l\u00e9ka\u0159e a nemocnice v\u00fdrazn\u011b poklesla nap\u0159\u00ed\u010d v\u0161emi sociodemografick\u00fdmi skupinami, ze 71,5 % v dubnu 2020 na 40,1 % v lednu 2024.<\/span><\/p>\n<p><span dir=\"auto\">\u2022 Opakovan\u00fd pr\u016fzkum Gallupova institutu uk\u00e1zal, \u017ee d\u016fv\u011bra ve farmaceutick\u00fd pr\u016fmysl prudce poklesla:<\/span><\/p>\n<figure class=\"wp-block-image aligncenter size-large is-resized\"><img decoding=\"async\" class=\"aligncenter\" src=\"https:\/\/media.mercola.com\/ImageServer\/public\/2026\/March\/confidence-in-institutions.jpg\" alt=\"\" \/><\/figure>\n<p><span dir=\"auto\">Z\u00e1rove\u0148 se kv\u016fli opat\u0159en\u00edm proti COVIDu v\u00fdrazn\u011b sn\u00ed\u017eila podpora povinn\u00e9ho o\u010dkov\u00e1n\u00ed:<\/span><\/p>\n<figure class=\"wp-block-image aligncenter size-large is-resized\"><img decoding=\"async\" class=\"aligncenter\" src=\"https:\/\/media.mercola.com\/ImageServer\/public\/2026\/March\/favor-government-requirements-vaccination-against-contagious-diseases.jpg\" alt=\"\" \/><\/figure>\n<figure class=\"wp-block-image aligncenter size-large is-resized\"><img decoding=\"async\" class=\"aligncenter\" src=\"https:\/\/media.mercola.com\/ImageServer\/public\/2026\/March\/children-vaccinated.jpg\" alt=\"\" \/><\/figure>\n<p><span dir=\"auto\">V listopadu 2025 Pew zjistil, \u017ee k t\u00e9to ztr\u00e1t\u011b d\u016fv\u011bry doch\u00e1zelo mnohem \u010dast\u011bji mezi republik\u00e1nsk\u00fdmi voli\u010di:<\/span><\/p>\n<figure class=\"wp-block-image aligncenter size-large is-resized\"><img decoding=\"async\" loading=\"lazy\" class=\"aligncenter\" src=\"https:\/\/media.mercola.com\/ImageServer\/public\/2026\/March\/with-the-mmr-vaccine-do-you-believe.jpg\" alt=\"\" width=\"619\" height=\"497\" \/><\/figure>\n<p><span dir=\"auto\">Paraleln\u00ed pr\u016fzkum Pewova institutu zjistil, \u017ee pouze 57 % respondent\u016f m\u011blo vysokou d\u016fv\u011bru v \u00fa\u010dinnost d\u011btsk\u00fdch vakc\u00edn (45 % respondent\u016f vs. 71 % d\u016fv\u011bryhodn\u00fdch), 44 % bylo p\u0159esv\u011bd\u010deno o jejich bezpe\u010dnosti (29 % respondent\u016f vs. 63 % d\u016fv\u011bryhodn\u00fdch) a pouze 41 % pln\u011b d\u016fv\u011b\u0159ovalo o\u010dkovac\u00edmu kalend\u00e1\u0159i CDC (27 % respondent\u016f vs. 58 % d\u016fv\u011bryhodn\u00fdch). Pr\u016fzkum KFF p\u0159inesl podobn\u00e9 v\u00fdsledky.<\/span><\/p>\n<figure class=\"wp-block-image aligncenter size-large\"><img decoding=\"async\" class=\"aligncenter\" src=\"https:\/\/media.mercola.com\/ImageServer\/public\/2026\/March\/up-to-date-children-recommended-vaccines.jpg\" alt=\"\" \/><\/figure>\n<p><span dir=\"auto\">Spolu s jedn\u00edm z leto\u0161n\u00edch:<\/span><\/p>\n<figure class=\"wp-block-image aligncenter size-large\"><img decoding=\"async\" class=\"aligncenter\" src=\"https:\/\/media.mercola.com\/ImageServer\/public\/2026\/March\/democrats-who-trust-the-cdc-vaccine-information.jpg\" alt=\"\" \/><\/figure>\n<p><strong><em><span dir=\"auto\">Pozn\u00e1mka:<\/span><\/em><\/strong><em><span dir=\"auto\">\u00a0Tento pr\u016fzkum z roku 2026 tak\u00e9 odhalil ztr\u00e1tu d\u016fv\u011bry ve vakc\u00edny proti MMR, COVID-19 a ch\u0159ipce.<\/span><\/em><\/p>\n<h3 class=\"wp-block-heading\"><span dir=\"auto\">Skute\u010dn\u00e9 priority voli\u010d\u016f<\/span><\/h3>\n<p><span dir=\"auto\">V r\u00e1mci p\u0159\u00edprav na volby do poloviny volebn\u00edho obdob\u00ed si spojenci MAHA nechali prov\u00e9st t\u0159i pr\u016fzkumy, z nich\u017e v\u0161echny zjistily, \u017ee drtiv\u00e1 v\u011bt\u0161ina voli\u010d\u016f podporuje svobodu ve zdravotnictv\u00ed a l\u00e9ka\u0159sk\u00fdch z\u00e1le\u017eitostech. Zde jsou v\u00fdsledky prvn\u00edho pr\u016fzkumu na t\u00e9ma o\u010dkov\u00e1n\u00ed, kter\u00fd provedla spole\u010dnost John Zogby Strategies:<\/span><\/p>\n<figure class=\"wp-block-image aligncenter size-large\"><img decoding=\"async\" loading=\"lazy\" class=\"aligncenter\" src=\"https:\/\/media.mercola.com\/ImageServer\/public\/2026\/March\/real-voter-priorities-survey.jpg\" alt=\"\" width=\"880\" height=\"762\" \/><\/figure>\n<figure class=\"wp-block-image aligncenter size-large\"><img decoding=\"async\" loading=\"lazy\" class=\"aligncenter\" src=\"https:\/\/media.mercola.com\/ImageServer\/public\/2026\/March\/agree-neither-disagrees-with-each-statement-survey.jpg\" alt=\"\" width=\"905\" height=\"494\" \/><\/figure>\n<p><span dir=\"auto\">Druh\u00fd pr\u016fzkum Rosetty Stoneov\u00e9 mezi 1 000 pravd\u011bpodobn\u00fdmi voli\u010di p\u0159inesl podobn\u00e9 v\u00fdsledky:<\/span><\/p>\n<figure class=\"wp-block-image aligncenter size-large\"><img decoding=\"async\" class=\"aligncenter\" src=\"https:\/\/media.mercola.com\/ImageServer\/public\/2026\/March\/rosetta-stone-survey.jpg\" alt=\"\" \/><\/figure>\n<p><span dir=\"auto\">Tento pr\u016fzkum zjistil, \u017ee podpora agendy MAHA (59,1 %) byla vy\u0161\u0161\u00ed ne\u017e podpora agendy MAGA (45,8 %) nebo America First (54,4 %), ale souhlas s t\u00edm, co Trump a Kennedy skute\u010dn\u011b d\u011blaj\u00ed pro zdrav\u00ed d\u011bt\u00ed, je mnohem ni\u017e\u0161\u00ed (44,1 %).<\/span><\/p>\n<p><span dir=\"auto\">To nazna\u010duje, \u017ee MAHA je nejsiln\u011bj\u0161\u00edm t\u00e9matem strany pro volby v polovin\u011b volebn\u00edho obdob\u00ed, ale \u017ee opat\u0159en\u00ed nejsou efektivn\u011b komunikov\u00e1na, nebo \u017ee z\u00e1kladna RFK je zklam\u00e1na, \u017ee v oblasti o\u010dkov\u00e1n\u00ed nedos\u00e1hl v\u00edce.<\/span><\/p>\n<p><span dir=\"auto\">Pr\u016fzkum FLA z \u00fanora 2026 zjistil, \u017ee MAHA byla nej\u00fa\u010dinn\u011bj\u0161\u00edm t\u00e9matem ovliv\u0148uj\u00edc\u00edm volebn\u00ed rozhodnut\u00ed \u2013 kl\u00ed\u010dov\u00e1 demografick\u00e1 skupina zpo\u010d\u00e1tku up\u0159ednost\u0148ovala generick\u00e9 demokraty v pom\u011bru 5:1, ale jakmile jim byla p\u0159edlo\u017eena republik\u00e1nsk\u00e1 strana zam\u011b\u0159en\u00e1 na odstra\u0148ov\u00e1n\u00ed toxin\u016f z potravin a omezen\u00ed nadm\u011brn\u00e9ho u\u017e\u00edv\u00e1n\u00ed l\u00e9k\u016f v d\u011btstv\u00ed, t\u00e9m\u011b\u0159 p\u0159esv\u011bd\u010dila sv\u016fj hlas ve prosp\u011bch republik\u00e1n\u016f v pom\u011bru 2:1. Kandid\u00e1ti prosazuj\u00edc\u00ed omezen\u00ed o\u010dkovac\u00edho kalend\u00e1\u0159e si tak\u00e9 z\u00edskali mezi voli\u010di zna\u010dnou popularitu.<\/span><\/p>\n<figure class=\"wp-block-image aligncenter size-large\"><img decoding=\"async\" class=\"aligncenter\" src=\"https:\/\/media.mercola.com\/ImageServer\/public\/2026\/March\/reducing-the-vaccine-schedule-survey.jpg\" alt=\"\" \/><\/figure>\n<p><span dir=\"auto\">Tento pr\u016fzkum d\u00e1le uk\u00e1zal, \u017ee v\u011bt\u0161ina voli\u010d\u016f m\u00e1 zna\u010dn\u00e9 obavy ohledn\u011b sou\u010dasn\u00e9ho o\u010dkovac\u00edho programu.<\/span><\/p>\n<figure class=\"wp-block-image aligncenter size-large is-resized\"><img decoding=\"async\" class=\"aligncenter\" src=\"https:\/\/media.mercola.com\/ImageServer\/public\/2026\/March\/current-vaccine-program.jpg\" alt=\"\" \/><\/figure>\n<p><span dir=\"auto\">V\u0161echny tyto pr\u016fzkumy (spolu s mnohem rozs\u00e1hlej\u0161\u00edmi daty MAHA o neo\u010dkovan\u00fdch l\u00e1tk\u00e1ch, kter\u00e9 jsem zde neuvedl) poukazuj\u00ed na jednoduch\u00fd fakt: lid\u00e9 si uv\u011bdomuj\u00ed, \u017ee jsou nezdrav\u00ed, a syst\u00e9m z jejich nemoci profituje. Proto tolik lid\u00ed tou\u017e\u00ed po zm\u011bn\u011b, a p\u0159esto prakticky \u017e\u00e1dn\u00fd politik nebyl ochoten riskovat z\u00e1jmy establishmentu zastaven\u00edm masov\u00e9 otravy spole\u010dnosti.<\/span><\/p>\n<p><span dir=\"auto\">Je absurdn\u00ed, \u017ee tohle byl n\u00e1\u0161 status quo, ale jsem tak\u00e9 vd\u011b\u010dn\u00fd, \u017ee jsme d\u00edky nepravd\u011bpodobn\u00e9mu zvratu osudu kone\u010dn\u011b za\u017eili politickou revoluci, kter\u00e1 p\u0159im\u011bla politiky zaj\u00edmat se o ot\u00e1zky, na kter\u00fdch n\u00e1m z\u00e1le\u017e\u00ed.<\/span><\/p>\n<p><span dir=\"auto\">A kone\u010dn\u011b, mnoho pr\u016fzkum\u016f je nep\u0159esn\u00fdch kv\u016fli \u0161patn\u00e9 metodologii nebo skryt\u00fdm agend\u00e1m. Vezm\u011bte si nap\u0159\u00edklad tento pr\u016fzkum proveden\u00fd FLA v prosinci, kter\u00fd zjistil, \u017ee MAHA je popul\u00e1rn\u00ed s v\u00fdjimkou vakc\u00edn a \u017ee pokra\u010dov\u00e1n\u00ed v t\u00e9to ot\u00e1zce pravd\u011bpodobn\u011b bude st\u00e1t k\u0159esla v Kongresu:<\/span><\/p>\n<figure class=\"wp-block-image aligncenter size-large\"><img decoding=\"async\" class=\"aligncenter\" src=\"https:\/\/media.mercola.com\/ImageServer\/public\/2026\/March\/fla-vaccine-survey.jpg\" alt=\"\" \/><\/figure>\n<figure class=\"wp-block-image aligncenter size-large\"><img decoding=\"async\" class=\"aligncenter\" src=\"https:\/\/media.mercola.com\/ImageServer\/public\/2026\/March\/fla-vaccine-survey-health-related-actions.jpg\" alt=\"\" \/><\/figure>\n<figure class=\"wp-block-image aligncenter size-large\"><img decoding=\"async\" class=\"aligncenter\" src=\"https:\/\/media.mercola.com\/ImageServer\/public\/2026\/March\/ask-to-parents.jpg\" alt=\"\" \/><\/figure>\n<p><span dir=\"auto\">Na rozd\u00edl od v\u0161ech ostatn\u00edch pr\u016fzkum\u016f, kter\u00e9 prokazovaly silnou podporu bezpe\u010dnosti o\u010dkov\u00e1n\u00ed, byla tato anom\u00e1lie propagov\u00e1na mainstreamov\u00fdmi m\u00e9dii \u2013 New York Times publikovaly \u010dl\u00e1nek, kter\u00fd ji vykresloval tak, \u017ee pouze jeden z p\u011bti Ameri\u010dan\u016f podporoval zru\u0161en\u00ed o\u010dkovac\u00edho pl\u00e1nu CDC. Jeffrey Tucker analyzoval pr\u016fzkum a zjistil, \u017ee sponzor nebyl nikdy identifikov\u00e1n, formulace byla navr\u017eena tak, aby vyvolala proo\u010dkovac\u00ed reakce, a v\u00fdsledky byly v p\u0159\u00edkr\u00e9m kontrastu se v\u0161emi ostatn\u00edmi pr\u016fzkumy.<\/span><\/p>\n<p><span dir=\"auto\">Tucker dosp\u011bl k z\u00e1v\u011bru, \u017ee tento pr\u016fzkum byl t\u00e9m\u011b\u0159 jist\u011b sponzorov\u00e1n farmaceutick\u00fdm pr\u016fmyslem, aby odvedl pozornost republik\u00e1nsk\u00e9ho veden\u00ed od ot\u00e1zky o\u010dkov\u00e1n\u00ed.<\/span><\/p>\n<h3 class=\"wp-block-heading has-medium-font-size\"><strong><span dir=\"auto\">Debakl s COVID-19<\/span><\/strong><\/h3>\n<p><span dir=\"auto\">V pr\u016fb\u011bhu lidsk\u00fdch d\u011bjin bylo b\u011b\u017enou taktikou ve vojensk\u00fdch ta\u017een\u00edch (channeling) napadnout nep\u0159\u00edtele z jedn\u00e9 nebo v\u00edce stran tak, aby se st\u00e1hl na nenapadenou stranu a ocitl se ve strategicky nev\u00fdhodn\u00e9 pozici (nap\u0159. byl zahn\u00e1n do oblasti, kde je bezbrann\u00fd v\u016f\u010di p\u0159epaden\u00ed).<\/span><\/p>\n<figure class=\"wp-block-image aligncenter size-large\"><img decoding=\"async\" class=\"aligncenter\" src=\"https:\/\/media.mercola.com\/ImageServer\/public\/2026\/March\/covid-19-debacle.jpg\" alt=\"\" \/><\/figure>\n<p><span dir=\"auto\">Dlouho jsem se domn\u00edval, \u017ee Trumpovo zvl\u00e1d\u00e1n\u00ed COVID-19 ho st\u00e1lo volby v roce 2020 \u2013 co\u017e vysv\u011btluje jeho mnohem tvrd\u0161\u00ed postoj v\u016f\u010di farmaceutick\u00e9mu pr\u016fmyslu ve druh\u00e9m funk\u010dn\u00edm obdob\u00ed. St\u00e1lo ho to volby, proto\u017ee:<\/span><\/p>\n<p><span dir=\"auto\">Ekonomika byla siln\u00e1 a Trump vedl v pr\u016fzkumech u\u017e p\u0159ed pandemi\u00ed COVID-19. Kdy\u017e COVID-19 vypukl, zni\u010dil jeho rozhoduj\u00edc\u00ed n\u00e1skok, jeho prezidentstv\u00ed se dostalo do centra pozornosti kv\u016fli selh\u00e1n\u00edm pandemie, o kter\u00fdch denn\u011b informovala m\u00e9dia, a vydl\u00e1\u017edilo cestu pro hlasov\u00e1n\u00ed po\u0161tou.<\/span><\/p>\n<p><span dir=\"auto\">\u2022 Zaveden\u00e1 opat\u0159en\u00ed \u2013 povinn\u00e9 rou\u0161ky, soci\u00e1ln\u00ed distancov\u00e1n\u00ed, hromadn\u00e9 testov\u00e1n\u00ed, lockdowny a \u017e\u00e1dn\u00e1 jin\u00e1 l\u00e9\u010dba ne\u017e Remdesivir \u2013 nebyla prok\u00e1z\u00e1na a pravd\u011bpodobn\u011b situaci zhor\u0161ila. Rozumn\u00fd p\u0159\u00edstup by up\u0159ednostnil v\u010dasnou l\u00e9\u010dbu a cenov\u011b dostupn\u00e9 UV lampy v budov\u00e1ch a omezil extr\u00e9mn\u00ed opat\u0159en\u00ed na vysoce rizikov\u00e9 skupiny, jako jsou obyvatel\u00e9 domov\u016f d\u016fchodc\u016f.<\/span><\/p>\n<p><span dir=\"auto\">Na z\u00e1klad\u011b pam\u011bt\u00ed Petera Navarra a Dr. Scotta Atlasa se domn\u00edv\u00e1m, \u017ee tato selh\u00e1n\u00ed byla v kone\u010dn\u00e9m d\u016fsledku chybou Trumpa:<\/span><\/p>\n<p><span dir=\"auto\">\u2022 Navarro ji\u017e d\u0159\u00edve varoval, \u017ee COVID se bez proaktivn\u00edch opat\u0159en\u00ed stane katastrofou; jeho obavy v\u0161ak byly odm\u00edtnuty.<\/span><\/p>\n<p><span dir=\"auto\">\u2022 Trump a Navarro prosazovali hydroxychlorochin pro v\u010dasnou l\u00e9\u010dbu, ale feder\u00e1ln\u00ed zdravotnick\u00e1 byrokracie \u2013 zejm\u00e9na \u0161\u00e9f FDA Stephen Hahn, kter\u00fd byl po odchodu odm\u011bn\u011bn lukrativn\u00ed pozic\u00ed v Modern\u011b \u2013 jejich \u00fasil\u00ed neust\u00e1le sabotovala.<\/span><\/p>\n<p><span dir=\"auto\">\u2022 Poka\u017ed\u00e9, kdy\u017e Trump prosazoval jinou l\u00e9\u010dbu ne\u017e Remdesivir, m\u00e9dia reagovala hystericky, co\u017e vedlo k tomu, \u017ee se B\u00edl\u00fd d\u016fm od dal\u0161\u00edch slibn\u00fdch terapi\u00ed distancoval.<\/span><\/p>\n<p><span dir=\"auto\">\u2022 Vl\u00e1da byla pod tlakem, aby se naplno pustila do v\u00fdvoje vakc\u00edny s \u201erychlost\u00ed warp\u201c. Na posledn\u00ed chv\u00edli v\u0161ak spole\u010dnost Pfizer odlo\u017eila uveden\u00ed sv\u00e9 vakc\u00edny na trh a\u017e po volb\u00e1ch, aby Bidenovi pomohla.<\/span><\/p>\n<p><span dir=\"auto\">Atlas zd\u016fraznil zejm\u00e9na n\u00e1sleduj\u00edc\u00ed:<\/span><\/p>\n<p><span dir=\"auto\">Fauci a Birx byli tv\u016frci absurdn\u00edch opat\u0159en\u00ed proti COVIDu. Chr\u00e1n\u011bni presti\u017e\u00ed m\u00e9di\u00ed a nedostatkem l\u00e9ka\u0159sk\u00fdch znalost\u00ed B\u00edl\u00e9ho domu z\u016fstali nezpochybniteln\u00ed \u2013 dokud nebyl jako protiv\u00e1ha p\u0159iveden Atlas.<\/span><\/p>\n<p><span dir=\"auto\">\u2022 Atlas byl na sch\u016fzk\u00e1ch zd\u011b\u0161en t\u00edm, \u017ee Fauci a Birx nech\u00e1pou z\u00e1kladn\u00ed l\u00e9ka\u0159skou logiku. Kdykoli dos\u00e1hl pokroku se zm\u011bnou politiky, domn\u00edval se, \u017ee Fauci ji prozradil tisku, co\u017e vyvolalo medi\u00e1ln\u00ed hysterii, kter\u00e1 donutila B\u00edl\u00fd d\u016fm zm\u011bnit sv\u016fj kurz.<\/span><\/p>\n<p><span dir=\"auto\">\u2022 Trump v soukrom\u00ed prohl\u00e1sil, \u017ee mu jeho vnit\u0159n\u00ed pocit napov\u00eddal, \u017ee lockdowny Americe ubl\u00ed\u017e\u00ed, ale jeho poradci necht\u011bli p\u0159ed volbami \u201ed\u011blat vlny\u201c \u2013 a proto Birxovou neodvolal ani nezm\u011bnil kurz, co\u017e pozd\u011bji p\u0159iznal serveru Atlas jako kolos\u00e1ln\u00ed chybu.<\/span><\/p>\n<p><strong><em><span dir=\"auto\">Pozn\u00e1mka:<\/span><\/em><\/strong><em><span dir=\"auto\">\u00a0Kr\u00e1tce pot\u00e9, co Birx opustil pracovn\u00ed skupinu, se stal hlavn\u00edm l\u00e9ka\u0159sk\u00fdm poradcem spole\u010dnosti, kter\u00e1 prod\u00e1v\u00e1 UV \u010disti\u010dky vzduchu \u2013 p\u0159esn\u011b tu technologii, kter\u00e1 by u\u010dinila lockdowny zbyte\u010dn\u00fdmi.<\/span><\/em><\/p>\n<p><span dir=\"auto\">Kone\u010dn\u011b, bezprost\u0159edn\u011b po sv\u00e9m v\u00edt\u011bzstv\u00ed ve volb\u00e1ch v roce 2016, Trump, dlouholet\u00fd skeptik ohledn\u011b o\u010dkov\u00e1n\u00ed, po\u017e\u00e1dal RFK Jr., aby p\u0159edsedal prezidentsk\u00e9 komisi pro bezpe\u010dnost o\u010dkov\u00e1n\u00ed. K tomu nikdy nedo\u0161lo \u2013 z\u00e1sluhy za zablokov\u00e1n\u00ed projektu si p\u0159ipsal Bill Gates. Domn\u00edv\u00e1m se, \u017ee toto rozhodnut\u00ed bylo sp\u00ed\u0161e d\u016fsledkem lobbingov\u00e9 kampan\u011b vl\u00e1dy ne\u017e samotn\u00e9ho Trumpa. Pokud by tato komise byla z\u0159\u00edzena, Trump by pravd\u011bpodobn\u011b tak siln\u011b neprosazoval o\u010dkov\u00e1n\u00ed proti COVID-19 \u2013 co\u017e ho st\u00e1lo v\u00edt\u011bzstv\u00ed v volb\u00e1ch v roce 2020.<\/span><\/p>\n<h3 class=\"wp-block-heading\"><span dir=\"auto\">Intern\u00ed pr\u016fzkumy<\/span><\/h3>\n<p><span dir=\"auto\">Sou\u010dasn\u00e1 v\u00e1lka v \u00cdr\u00e1nu m\u00e1 potenci\u00e1l st\u00e1t se jednou z nejv\u00fdrazn\u011bj\u0161\u00edch ud\u00e1lost\u00ed na\u0161eho \u017eivota. B\u011bhem minul\u00e9ho t\u00fddne jsem hovo\u0159il s lidmi z mnoha r\u016fzn\u00fdch prost\u0159ed\u00ed a zjistil jsem, \u017ee n\u00e1zory se zna\u010dn\u011b li\u0161\u00ed \u2013 co\u017e nazna\u010duje, \u017ee se nejedn\u00e1 o jednoduchou ot\u00e1zku 90\/10. Ned\u00e1vn\u00e9 pr\u016fzkumy to potvrzuj\u00ed:<\/span><\/p>\n<p><strong><span dir=\"auto\">\u2022 CNN\/SSRS (28. \u00fanora a\u017e 1. b\u0159ezna) \u2013<\/span><\/strong><span dir=\"auto\">\u00a041% souhlas, 59% nesouhlas.<\/span><\/p>\n<p><strong><span dir=\"auto\">\u2022 Reuters\/Ipsos (28. \u00fanora a\u017e 1. b\u0159ezna) \u2013<\/span><\/strong><span dir=\"auto\">\u00a027 % souhlas, 43 % nesouhlas, 29 % nerozhodnuto.<\/span><\/p>\n<p><strong><span dir=\"auto\">\u2022 NPR\/PBS\/Marist (2.\u20134. b\u0159ezna) \u2013<\/span><\/strong><span dir=\"auto\">\u00a044% souhlas, 56% nesouhlas.<\/span><\/p>\n<p><strong><span dir=\"auto\">\u2022 YouGov (3. b\u0159ezna) \u2013<\/span><\/strong><span dir=\"auto\">\u00a036 % souhlas, 49 % nesouhlas, 15 % nerozhodnuto.<\/span><\/p>\n<div class=\"twitter-tweet twitter-tweet-rendered\"><iframe id=\"twitter-widget-1\" class=\"\" title=\"X Post\" src=\"https:\/\/platform.twitter.com\/embed\/Tweet.html?dnt=false&amp;embedId=twitter-widget-1&amp;features=eyJ0ZndfdGltZWxpbmVfbGlzdCI6eyJidWNrZXQiOltdLCJ2ZXJzaW9uIjpudWxsfSwidGZ3X2ZvbGxvd2VyX2NvdW50X3N1bnNldCI6eyJidWNrZXQiOnRydWUsInZlcnNpb24iOm51bGx9LCJ0ZndfdHdlZXRfZWRpdF9iYWNrZW5kIjp7ImJ1Y2tldCI6Im9uIiwidmVyc2lvbiI6bnVsbH0sInRmd19yZWZzcmNfc2Vzc2lvbiI6eyJidWNrZXQiOiJvbiIsInZlcnNpb24iOm51bGx9LCJ0ZndfZm9zbnJfc29mdF9pbnRlcnZlbnRpb25zX2VuYWJsZWQiOnsiYnVja2V0Ijoib24iLCJ2ZXJzaW9uIjpudWxsfSwidGZ3X21peGVkX21lZGlhXzE1ODk3Ijp7ImJ1Y2tldCI6InRyZWF0bWVudCIsInZlcnNpb24iOm51bGx9LCJ0ZndfZXhwZXJpbWVudHNfY29va2llX2V4cGlyYXRpb24iOnsiYnVja2V0IjoxMjA5NjAwLCJ2ZXJzaW9uIjpudWxsfSwidGZ3X3Nob3dfYmlyZHdhdGNoX3Bpdm90c19lbmFibGVkIjp7ImJ1Y2tldCI6Im9uIiwidmVyc2lvbiI6bnVsbH0sInRmd19kdXBsaWNhdGVfc2NyaWJlc190b19zZXR0aW5ncyI6eyJidWNrZXQiOiJvbiIsInZlcnNpb24iOm51bGx9LCJ0ZndfdXNlX3Byb2ZpbGVfaW1hZ2Vfc2hhcGVfZW5hYmxlZCI6eyJidWNrZXQiOiJvbiIsInZlcnNpb24iOm51bGx9LCJ0ZndfdmlkZW9faGxzX2R5bmFtaWNfbWFuaWZlc3RzXzE1MDgyIjp7ImJ1Y2tldCI6InRydWVfYml0cmF0ZSIsInZlcnNpb24iOm51bGx9LCJ0ZndfbGVnYWN5X3RpbWVsaW5lX3N1bnNldCI6eyJidWNrZXQiOnRydWUsInZlcnNpb24iOm51bGx9LCJ0ZndfdHdlZXRfZWRpdF9mcm9udGVuZCI6eyJidWNrZXQiOiJvbiIsInZlcnNpb24iOm51bGx9fQ%3D%3D&amp;frame=false&amp;hideCard=false&amp;hideThread=false&amp;id=2030066441756758058&amp;lang=cs&amp;maxWidth=560px&amp;origin=https%3A%2F%2Funcutnews.ch%2Fumfrage-zeigt-tiefgreifenden-wandel-in-bezug-auf-impfstoffe-wir-duerfen-nicht-zulassen-dass-die-pharmaindustrie-dies-verschleiert%2F&amp;sessionId=3032c31fa526fd5c82009c6074e33e5232215267&amp;theme=light&amp;widgetsVersion=2615f7e52b7e0%3A1702314776716&amp;width=550px\" frameborder=\"0\" scrolling=\"no\" allowfullscreen=\"allowfullscreen\" data-tweet-id=\"2030066441756758058\" data-mce-fragment=\"1\"><\/iframe><\/div>\n<p><span dir=\"auto\">Tucker Carlson, kter\u00fd Trumpa opakovan\u011b \u017e\u00e1dal, aby neinvazoval do \u00cdr\u00e1nu, ned\u00e1vno uvedl, \u017ee se ho sna\u017eil p\u0159esv\u011bd\u010dit, aby pova\u017eoval sv\u00e9 po\u010d\u00e1te\u010dn\u00ed v\u00fdsledky za v\u00edt\u011bzstv\u00ed a st\u00e1hl se, ale jeho kontakt mu \u0159ekl, a\u0165 se s t\u00edm neobt\u011b\u017euje: Trumpovi jsou p\u0159edkl\u00e1d\u00e1ny intern\u00ed pr\u016fzkumy, kter\u00e9 tvrd\u00ed, \u017ee se jedn\u00e1 o \u201eot\u00e1zku 90-10\u201c, co\u017e je tvrzen\u00ed podpo\u0159en\u00e9 mainstreamov\u00fdmi m\u00e9dii, kter\u00e9 nazna\u010duje drtivou podporu ve\u0159ejnosti. Carlson zase zpochybnil p\u0159esnost t\u011bchto pr\u016fzkum\u016f.<\/span><\/p>\n<p><span dir=\"auto\">Jsem si t\u00e9m\u011b\u0159 jist\u00fd, \u017ee se stane n\u011bco velmi podobn\u00e9ho a Trumpovi (nebo jeho t\u00fdmu) budou p\u0159edlo\u017eeny intern\u00ed pr\u016fzkumy, kter\u00e9 ukazuj\u00ed, \u017ee podpora o\u010dkov\u00e1n\u00ed je t\u00e9m\u011b\u0159 90 ku 10, co\u017e povede k z\u00e1v\u011bru, \u017ee tato ot\u00e1zka mus\u00ed b\u00fdt odlo\u017eena a\u017e do doby po volb\u00e1ch v polovin\u011b volebn\u00edho obdob\u00ed. To je chyba z n\u011bkolika d\u016fvod\u016f:<\/span><\/p>\n<p><span dir=\"auto\">\u2022 Stejn\u011b jako byl Trump tla\u010den m\u00e9dii k zaveden\u00ed kontraproduktivn\u00edch opat\u0159en\u00ed proti COVIDu, je nyn\u00ed znovu tla\u010den hysterick\u00fdmi m\u00e9dii a l\u00e9ka\u0159skou komunitou, aby se ot\u00e1zky o\u010dkov\u00e1n\u00ed \u00fapln\u011b vzdal \u2013 a z\u00e1rove\u0148 je veden k \u201ebezpe\u010dn\u00fdm\u201c zdravotn\u00edm t\u00e9mat\u016fm, kter\u00e1 nevyvol\u00e1vaj\u00ed siln\u00e9 reakce.<\/span><\/p>\n<p><span dir=\"auto\">\u2022 V\u0161echna dostupn\u00e1 data ukazuj\u00ed \u0161irokou ve\u0159ejnou podporu pro zkr\u00e1cen\u00ed o\u010dkovac\u00edho kalend\u00e1\u0159e CDC, pro\u0161et\u0159en\u00ed bezpe\u010dnosti vakc\u00edn a zru\u0161en\u00ed povinn\u00e9ho o\u010dkov\u00e1n\u00ed. Pr\u016fzkumy ve\u0159ejn\u00e9ho m\u00edn\u011bn\u00ed, kter\u00e9 Trump obdr\u017eel, se zdaj\u00ed b\u00fdt navr\u017eeny tak, aby ho od t\u00e9to z\u00e1le\u017eitosti odradily \u2013 zejm\u00e9na pot\u00e9, co \u0161okoval l\u00e9ka\u0159skou komunitu t\u00edm, \u017ee se postavil proti o\u010dkov\u00e1n\u00ed d\u011bt\u00ed proti hepatitid\u011b B a zkr\u00e1til povinn\u00e9 o\u010dkovac\u00ed kalend\u00e1\u0159 d\u011bt\u00ed na polovinu.<\/span><\/p>\n<p><span dir=\"auto\">Ti, kdo siln\u011b podporuj\u00ed o\u010dkov\u00e1n\u00ed, obecn\u011b siln\u011b odm\u00edtaj\u00ed Trumpovo prezidentstv\u00ed. Prosazov\u00e1n\u00ed politik, kter\u00e9 tuto demografickou skupinu zv\u00fdhod\u0148uj\u00ed, nep\u0159in\u00e1\u0161\u00ed \u017e\u00e1dn\u00e9 v\u00fdznamn\u00e9 volebn\u00ed v\u00fdhody.<\/span><\/p>\n<p><span dir=\"auto\">\u2022 Pr\u016fzkumy ukazuj\u00ed, \u017ee Trump ztr\u00e1c\u00ed obrovskou podporu t\u00edm, \u017ee ustupuje od kl\u00ed\u010dov\u00fdch ot\u00e1zek. Jeho v\u00edt\u011bzstv\u00ed v roce 2024 bylo\u00a0<\/span><sup><span dir=\"auto\">z velk\u00e9 \u010d\u00e1sti<\/span><\/sup><span dir=\"auto\">\u00a0z\u00e1sluhou voli\u010d\u016f MAHA, kte\u0159\u00ed rozhodli o volb\u00e1ch. Demoralizace t\u011bchto voli\u010d\u016f \u2013 pro mnoh\u00e9 z nich je o\u010dkov\u00e1n\u00ed probl\u00e9mem \u010d\u00edslo jedna \u2013 se pravd\u011bpodobn\u011b obr\u00e1t\u00ed proti nim.<\/span><\/p>\n<p><span dir=\"auto\">\u2022 Osmm\u011bs\u00ed\u010dn\u00ed zpo\u017ed\u011bn\u00ed br\u00e1n\u00ed tomu, \u010deho lze nakonec dos\u00e1hnout. Strategi\u00ed farmaceutick\u00e9ho pr\u016fmyslu je v\u017edy z\u00edskat \u010das, aby se nic v\u00fdznamn\u00e9ho nezm\u011bnilo p\u0159ed rokem 2028, kdy se v\u0161e m\u016f\u017ee obr\u00e1tit.<\/span><\/p>\n<p><span dir=\"auto\">Stru\u010dn\u011b \u0159e\u010deno: Zm\u011bna o\u010dkovac\u00ed politiky na feder\u00e1ln\u00ed \u00farovni je v podstat\u011b nemo\u017en\u00e1 bez p\u0159\u00edm\u00e9ho na\u0159\u00edzen\u00ed prezidenta a vzdoru jak\u00e9mukoli vn\u011bj\u0161\u00edmu tlaku. Na z\u00e1klad\u011b vlastn\u00edch negativn\u00edch zku\u0161enost\u00ed s o\u010dkov\u00e1n\u00edm a sv\u00e9 tvrdohlav\u00e9 povahy Trump p\u0159esn\u011b to ud\u011blal \u2013 a pravd\u011bpodobn\u011b je jedin\u00fdm prezidentem, kter\u00e9ho v na\u0161em \u017eivot\u011b uvid\u00edme s touto jedine\u010dnou kombinac\u00ed vlastnost\u00ed. Vzhledem k siln\u00e9mu institucion\u00e1ln\u00edmu odporu v\u016f\u010di zpochyb\u0148ov\u00e1n\u00ed\u00a0<\/span><a href=\"https:\/\/www.midwesterndoctor.com\/p\/dissecting-the-religion-of-vaccines\" target=\"_blank\" rel=\"noreferrer noopener\"><span dir=\"auto\">\u201en\u00e1bo\u017eenstv\u00ed\u201c vakc\u00edn<\/span><\/a><span dir=\"auto\">\u00a0nesm\u00edme tuto p\u0159\u00edle\u017eitost prome\u0161kat.<\/span><\/p>\n<h3 class=\"wp-block-heading has-medium-font-size\"><strong><span dir=\"auto\">Co m\u016f\u017eeme d\u011blat?<\/span><\/strong><\/h3>\n<p><span dir=\"auto\">Lid\u00e9 poprv\u00e9 otev\u0159en\u011b diskutuj\u00ed o nebezpe\u010d\u00edch o\u010dkov\u00e1n\u00ed \u2013 a m\u00edsto aby byli vn\u00edm\u00e1ni jako vyvrhelov\u00e9, \u010dasto se setk\u00e1vaj\u00ed s dal\u0161\u00edmi, kte\u0159\u00ed jejich postoj podporuj\u00ed. To je z\u00e1sadn\u00ed posun. Nejd\u016fle\u017eit\u011bj\u0161\u00ed v\u011bc, kterou m\u016f\u017eeme ud\u011blat, je nad\u00e1le zvy\u0161ovat pov\u011bdom\u00ed o nebezpe\u010d\u00edch o\u010dkov\u00e1n\u00ed, proto\u017ee pokud v\u011bt\u0161ina voli\u010d\u016f odm\u00edtne o\u010dkov\u00e1n\u00ed, politici budou nakonec muset n\u00e1sledovat. V kr\u00e1tkodob\u00e9m horizontu je zapot\u0159eb\u00ed konkr\u00e9tn\u00edch opat\u0159en\u00ed, aby se t\u00e9to p\u0159\u00edle\u017eitosti chopili.<\/span><\/p>\n<p><span dir=\"auto\">\u2022 Trumpova administrativa reaguje na dostate\u010dn\u00fd tlak ve\u0159ejnosti. Jakmile dokon\u010d\u00edm sv\u016fj sou\u010dasn\u00fd projekt (u\u017e jsem t\u00e9m\u011b\u0159 hotov s ru\u010dn\u00edm p\u0159ezkoum\u00e1n\u00edm v\u0161ech milion\u016f publikovan\u00fdch studi\u00ed DMSO), pl\u00e1nuji na \ud835\udd4f upozornit na po\u0161kozen\u00ed zdrav\u00ed zp\u016fsoben\u00e9 o\u010dkov\u00e1n\u00edm \u2013 s\u00e1m to nedok\u00e1\u017eu, tak\u017ee pros\u00edm ud\u011blejte tot\u00e9\u017e. Ostatn\u00ed ji\u017e jednaj\u00ed: Pot\u00e9, co se RFK Jr. objevil v po\u0159adu Joea Rogana, Aaron Siri n\u00e1sledoval ostrou diskusi o tom, pro\u010d je sou\u010dasn\u00e9 paradigma o\u010dkov\u00e1n\u00ed tak dysfunk\u010dn\u00ed\u00a0<\/span><a href=\"https:\/\/www.youtube.com\/watch?v=vNkXIKijzcg\"><span dir=\"auto\">.<\/span><\/a><\/p>\n<figure class=\"wp-block-embed aligncenter is-type-video is-provider-youtube wp-block-embed-youtube wp-embed-aspect-16-9 wp-has-aspect-ratio\">\n<div class=\"wp-block-embed__wrapper\"><iframe loading=\"lazy\" title=\"Z\u00e1\u017eitek Joea Rogana \u010d. 2462 - Aaron Siri\" src=\"https:\/\/www.youtube.com\/embed\/vNkXIKijzcg?feature=oembed\" width=\"800\" height=\"450\" frameborder=\"0\" allowfullscreen=\"allowfullscreen\" data-mce-fragment=\"1\"><\/iframe><\/div>\n<\/figure>\n<p><a href=\"https:\/\/covidjustice.org\/\" target=\"_blank\" rel=\"noreferrer noopener\"><span dir=\"auto\">Petice<\/span><\/a><span dir=\"auto\">\u00a0po\u017eaduj\u00edc\u00ed \u201espravedlnost v souvislosti s COVIDem\u201c ji\u017e z\u00edskala 26 000 podpis\u016f a jejich po\u010det st\u00e1le roste. Velk\u00e1 \u010d\u00e1st politick\u00e9ho veden\u00ed douf\u00e1, \u017ee debakl kolem zran\u011bn\u00ed zp\u016fsoben\u00fdch o\u010dkov\u00e1n\u00edm proti COVIDu bude jednodu\u0161e zapomenut. Nem\u016f\u017eeme dovolit, aby se to stalo. Zva\u017ete\u00a0pros\u00edm\u00a0<\/span><a href=\"https:\/\/covidjustice.org\/\" target=\"_blank\" rel=\"noreferrer noopener\"><span dir=\"auto\">podeps\u00e1n\u00ed petice<\/span><\/a><span dir=\"auto\">\u00a0.<\/span><\/p>\n<p><span dir=\"auto\">\u2022 ACIP se bude sch\u00e1zet od 18. do 19. b\u0159ezna, aby se konkr\u00e9tn\u011b zab\u00fdval zran\u011bn\u00edmi zp\u016fsoben\u00fdmi o\u010dkov\u00e1n\u00edm proti COVID-19. Ve\u0159ejn\u00e9 p\u0159ipom\u00ednky lze zas\u00edlat do 12. b\u0159ezna (\u00a0<\/span><a href=\"https:\/\/www.federalregister.gov\/documents\/2026\/02\/26\/2026-03877\/meeting-of-the-advisory-committee-on-immunization-practices\" target=\"_blank\" rel=\"noreferrer noopener\"><span dir=\"auto\">zde<\/span><\/a><span dir=\"auto\">\u00a0). Pros\u00edme, ud\u011blejte tak, zejm\u00e9na pokud jste vy nebo n\u011bkdo, koho zn\u00e1te, utrp\u011bl vakc\u00edny proti COVID-19 \u00fajmu \u2013 ACIP se postav\u00ed mocn\u00fdm sil\u00e1m a pot\u0159ebuje podporu ve\u0159ejnosti.<\/span><\/p>\n<p><span dir=\"auto\">Vzhledem k tomu, \u017ee ve\u0161ker\u00e1 pozornost m\u00e9di\u00ed se soust\u0159ed\u00ed na \u00cdr\u00e1n, nast\u00e1v\u00e1 jedine\u010dn\u00e1 p\u0159\u00edle\u017eitost upozornit na tento probl\u00e9m bez obvykl\u00e9 koordinovan\u00e9 negativn\u00ed reakce.<\/span><\/p>\n<h3 class=\"wp-block-heading has-medium-font-size\"><strong><span dir=\"auto\">Z\u00e1v\u011br<\/span><\/strong><\/h3>\n<p><span dir=\"auto\">Jedna v\u011bc, kter\u00e1 m\u011b v\u017edycky udivuje, je to, jak vehementn\u011b l\u00e9ka\u0159sk\u00e1 komunita, m\u00e9dia a politici obhajuj\u00ed o\u010dkov\u00e1n\u00ed \u2013 a\u0165 u\u017e kv\u016fli iracion\u00e1ln\u00edm n\u00e1bo\u017eensk\u00fdm p\u0159esv\u011bd\u010den\u00edm, skute\u010dnosti, \u017ee toto p\u0159esv\u011bd\u010den\u00ed spojuje tolik dal\u0161\u00edch syst\u00e9m\u016f p\u0159esv\u011bd\u010den\u00ed, kolem kter\u00fdch se na\u0161e spole\u010dnost to\u010d\u00ed, nebo skute\u010dnosti, \u017ee o\u010dkov\u00e1n\u00ed (kv\u016fli\u00a0<\/span><a href=\"https:\/\/www.midwesterndoctor.com\/p\/how-much-damage-have-vaccines-done\" target=\"_blank\" rel=\"noreferrer noopener\"><span dir=\"auto\">vysok\u00e9 m\u00ed\u0159e chronick\u00e9ho po\u0161kozen\u00ed<\/span><\/a><span dir=\"auto\">\u00a0) m\u011bn\u00ed lidi v celo\u017eivotn\u00ed z\u00e1kazn\u00edky l\u00e9ka\u0159sk\u00e9ho pr\u016fmyslu.<\/span><\/p>\n<p><span dir=\"auto\">M\u011bjte na pam\u011bti, \u017ee prakticky ka\u017ed\u00e9 potvrzovac\u00ed zased\u00e1n\u00ed MAHA se to\u010dilo kolem tlaku na kandid\u00e1ty, aby znovu potvrdili sv\u016fj z\u00e1vazek k o\u010dkov\u00e1n\u00ed, sp\u00ed\u0161e ne\u017e k \u0159e\u0161en\u00ed nal\u00e9hav\u00fdch zdravotn\u00edch probl\u00e9m\u016f \u2013 naposledy s Casey Means.<\/span><\/p>\n<p><span dir=\"auto\">V\u0161ichni sen\u00e1to\u0159i otev\u0159en\u011b p\u0159ipou\u0161t\u011bj\u00ed, \u017ee ztr\u00e1ta d\u016fv\u011bry v medic\u00ednu a vakc\u00edny je velk\u00fdm probl\u00e9mem, ale domn\u00edvaj\u00ed se, \u017ee \u0159e\u0161en\u00edm je donutit n\u011bkoho, komu d\u016fv\u011b\u0159ujeme, aby o\u010dkov\u00e1n\u00ed podpo\u0159il \u2013 co\u017e ukazuje, \u017ee nech\u00e1pou, \u017ee na\u0161e p\u0159esv\u011bd\u010den\u00ed je zalo\u017eeno na kritick\u00e9m my\u0161len\u00ed, a nikoli na n\u00e1sledov\u00e1n\u00ed autority.<\/span><\/p>\n<p><span dir=\"auto\">V kone\u010dn\u00e9m d\u016fsledku se domn\u00edv\u00e1m, \u017ee mnoho probl\u00e9m\u016f s vakc\u00ednami pramen\u00ed z\u00a0<\/span><a href=\"https:\/\/www.midwesterndoctor.com\/p\/why-have-vaccines-become-a-religion\" target=\"_blank\" rel=\"noreferrer noopener\"><span dir=\"auto\">v\u0161eobecn\u00e9 d\u016fv\u011bry v n\u011b<\/span><\/a><span dir=\"auto\">\u00a0, povinn\u00e9ho o\u010dkov\u00e1n\u00ed a absence pr\u00e1vn\u00ed odpov\u011bdnosti v\u00fdrobc\u016f. Skute\u010dnost, \u017ee n\u011bkdo m\u016f\u017ee b\u00fdt nucen n\u011bco podstoupit a pot\u00e9 nem\u00e1 \u017e\u00e1dnou mo\u017enost od\u0161kodn\u011bn\u00ed za v\u00fdslednou \u00fajmu, je hrub\u011b nespravedliv\u00e1. Kone\u010dn\u00fdm \u0159e\u0161en\u00edm je zru\u0161it ochranu odpov\u011bdnosti za vakc\u00edny, kter\u00e9 pacienti necht\u011bli podstoupit, ale podstoupili je kv\u016fli povinn\u00e9mu o\u010dkov\u00e1n\u00ed.<\/span><\/p>\n<p><span dir=\"auto\">Pokud je n\u011bkdo nucen nechat se o\u010dkovat a v d\u016fsledku toho utrp\u00ed \u00fajmu, mus\u00ed n\u00e9st odpov\u011bdnost strana, kter\u00e1 ho k tomu donutila. V\u011b\u0159\u00edm, \u017ee si to uv\u011bdomuj\u00ed i \u200b\u200b\u010dlenov\u00e9 ACIP \u2013 a proto se jejich nadch\u00e1zej\u00edc\u00ed setk\u00e1n\u00ed bude konkr\u00e9tn\u011b zab\u00fdvat \u0161kodami zp\u016fsoben\u00fdmi o\u010dkov\u00e1n\u00edm proti COVID-19, na kter\u00e9 se v\u0161ichni politi\u010dt\u00ed \u010dinitel\u00e9 sna\u017e\u00ed zapomenout.<\/span><\/p>\n<p><span dir=\"auto\">M\u00e1me zde skv\u011blou p\u0159\u00edle\u017eitost, pokud se j\u00ed chop\u00edme, a d\u011bkuji ka\u017ed\u00e9mu z v\u00e1s za podporu t\u00e9to zm\u011bny paradigmatu ohledn\u011b o\u010dkov\u00e1n\u00ed.<\/span><\/p>\n<p><strong><em><span dir=\"auto\">Pozn\u00e1mka autora:<\/span><\/em><\/strong><em><span dir=\"auto\">\u00a0Toto je zkr\u00e1cen\u00e1 verze del\u0161\u00edho\u00a0<\/span><\/em><a href=\"https:\/\/www.midwesterndoctor.com\/p\/polling-reveals-a-profound-shift\" target=\"_blank\" rel=\"noreferrer noopener\"><em><span dir=\"auto\">\u010dl\u00e1nku<\/span><\/em><\/a><em><span dir=\"auto\">\u00a0, kter\u00fd podrobn\u011bji rozeb\u00edr\u00e1 v\u00fd\u0161e uveden\u00e9 body a nehody, k nim\u017e do\u0161lo v B\u00edl\u00e9m dom\u011b b\u011bhem pandemie COVID-19. Tento \u010dl\u00e1nek a jeho dal\u0161\u00ed odkazy\u00a0<\/span><\/em><span dir=\"auto\"><em>si m\u016f\u017eete p\u0159e\u010d\u00edst\u00a0<\/em><\/span><a href=\"https:\/\/www.midwesterndoctor.com\/p\/polling-reveals-a-profound-shift\" target=\"_blank\" rel=\"noreferrer noopener\"><em><span dir=\"auto\">zde .\u00a0<\/span><\/em><\/a><span dir=\"auto\"><a href=\"https:\/\/www.midwesterndoctor.com\/p\/how-much-damage-have-vaccines-done\" target=\"_blank\" rel=\"noreferrer noopener\"><em>Doprovodn\u00fd \u010dl\u00e1nek<\/em><\/a><em>\u00a0s \u00fadaji, kter\u00e9 nazna\u010duj\u00ed, \u017ee o\u010dkov\u00e1n\u00ed d\u011bt\u00ed zvy\u0161uje v\u00fdskyt r\u016fzn\u00fdch chronick\u00fdch d\u011btsk\u00fdch onemocn\u011bn\u00ed 3 a\u017e 10kr\u00e1t, a se zp\u016fsoby, jak identifikovat zran\u011bn\u00ed zp\u016fsoben\u00e1 o\u010dkov\u00e1n\u00edm, si m\u016f\u017eete\u00a0<\/em><em>p\u0159e\u010d\u00edst\u00a0<\/em><a href=\"https:\/\/www.midwesterndoctor.com\/p\/how-much-damage-have-vaccines-done\" target=\"_blank\" rel=\"noreferrer noopener\"><em>zde .<\/em><\/a><\/span><\/p>\n<h3 class=\"wp-block-heading has-medium-font-size\"><strong><span dir=\"auto\">Pozn\u00e1mka Dr. Mercoly O autorovi<\/span><\/strong><\/h3>\n<p><span dir=\"auto\">A Midwestern Doctor (AMD) je atestovan\u00fd l\u00e9ka\u0159 ze St\u0159edoz\u00e1padu a dlouholet\u00fd \u010dten\u00e1\u0159 Mercola.com. V\u00e1\u017e\u00edm si jeho v\u00fdjime\u010dn\u00fdch poznatk\u016f o \u0161irok\u00e9 \u0161k\u00e1le t\u00e9mat a jsem vd\u011b\u010dn\u00fd, \u017ee se o n\u011b mohu pod\u011blit. Respektuji tak\u00e9 p\u0159\u00e1n\u00ed spole\u010dnosti AMD z\u016fstat v anonymit\u011b, proto\u017ee AMD i nad\u00e1le l\u00e9\u010d\u00ed pacienty v prvn\u00ed linii. Dal\u0161\u00ed pr\u00e1ci spole\u010dnosti AMD naleznete na webu\u00a0<\/span><a href=\"https:\/\/www.midwesterndoctor.com\/\" target=\"_blank\" rel=\"noreferrer noopener\"><span dir=\"auto\">The Forgotten Side of Medicine<\/span><\/a><span dir=\"auto\"> na Substacku.<\/span><\/p>\n<p><strong><span dir=\"auto\">Zdroje:<\/span><\/strong><\/p>\n<ul class=\"wp-block-list\">\n<li><sup><span dir=\"auto\">1\u00a0<\/span><\/sup><a href=\"https:\/\/kirschsubstack.com\/\" target=\"_blank\" rel=\"noreferrer noopener\"><span dir=\"auto\">Zpravodaj Steva Kirsche, p\u0159\u00edstup v b\u0159eznu 2026\u00a0<\/span><\/a><sup><span dir=\"auto\">2\u00a0<\/span><\/sup><a href=\"https:\/\/www.vacsafety.org\/\" target=\"_blank\" rel=\"noreferrer noopener\"><span dir=\"auto\">Nadace pro v\u00fdzkum bezpe\u010dnosti vakc\u00edn, p\u0159\u00edstup v b\u0159eznu 2026\u00a0<\/span><\/a><sup><span dir=\"auto\">3\u00a0<\/span><\/sup><a href=\"https:\/\/kirschsubstack.com\/p\/our-latest-polls-show-twice-as-many\" target=\"_blank\" rel=\"noreferrer noopener\"><span dir=\"auto\">Zpravodaj Steva Kirsche, \u010dervenec 2022\u00a0<\/span><\/a><sup><span dir=\"auto\">4\u00a0<\/span><\/sup><a href=\"https:\/\/pmc.ncbi.nlm.nih.gov\/articles\/PMC9872073\/\" target=\"_blank\" rel=\"noreferrer noopener\"><span dir=\"auto\">MC Infect Dis. 24. ledna 2023;23:51\u00a0<\/span><\/a><sup><span dir=\"auto\">5\u00a0<\/span><\/sup><a href=\"https:\/\/kirschsubstack.com\/p\/survey-nearly-half-the-deaths-observed\" target=\"_blank\" rel=\"noreferrer noopener\"><span dir=\"auto\">Zpravodaj Steva Kirsche, leden 2024\u00a0<\/span><\/a><sup><span dir=\"auto\">6\u00a0<\/span><\/sup><a href=\"https:\/\/www.rasmussenreports.com\/public_content\/lifestyle\/covid_19\/nearly_a_third_of_americans_think_public_health_officials_are_lying_about_vaccine_safety\" target=\"_blank\" rel=\"noreferrer noopener\"><span dir=\"auto\">Zpr\u00e1vy Rasmusenna, 2. \u010dervence 2021\u00a0<\/span><\/a><sup><span dir=\"auto\">7\u00a0<\/span><\/sup><a href=\"https:\/\/www.rasmussenreports.com\/public_content\/lifestyle\/covid_19\/concerns_about_covid_19_vaccines_remain_high\" target=\"_blank\" rel=\"noreferrer noopener\"><span dir=\"auto\">Zpr\u00e1vy Rasmusenna, 7. prosince 2022\u00a0<\/span><\/a><sup><span dir=\"auto\">8\u00a0<\/span><\/sup><a href=\"https:\/\/www.rasmussenreports.com\/public_content\/politics\/public_surveys\/died_suddenly_more_than_1_in_4_think_someone_they_know_died_from_covid_19_vaccines\" target=\"_blank\" rel=\"noreferrer noopener\"><span dir=\"auto\">Zpr\u00e1vy Rasmusenna, 2. ledna 2023\u00a0<\/span><\/a><sup><span dir=\"auto\">9\u00a0<\/span><\/sup><a href=\"https:\/\/www.rasmussenreports.com\/public_content\/politics\/biden_administration\/vaccine_safety_57_want_congress_to_investigate_cdc\" target=\"_blank\" rel=\"noreferrer noopener\"><span dir=\"auto\">Zpr\u00e1vy Rasmusenna, 20. ledna 2023\u00a0<\/span><\/a><sup><span dir=\"auto\">10\u00a0<\/span><\/sup><a href=\"https:\/\/www.rasmussenreports.com\/public_content\/politics\/public_surveys\/covid_19_virus_deaths_vs_vaccine_deaths\" target=\"_blank\" rel=\"noreferrer noopener\"><span dir=\"auto\">Zpr\u00e1vy Rasmusenna, 31. b\u0159ezna 2023\u00a0<\/span><\/a><sup><span dir=\"auto\">11\u00a0<\/span><\/sup><a href=\"https:\/\/www.rasmussenreports.com\/public_content\/politics\/public_surveys\/covid_19_vaccine_republicans_are_most_skeptical\" target=\"_blank\" rel=\"noreferrer noopener\"><span dir=\"auto\">Zpr\u00e1vy Rasmusenna, 7. z\u00e1\u0159\u00ed 2023\u00a0<\/span><\/a><sup><span dir=\"auto\">12\u00a0<\/span><\/sup><a href=\"https:\/\/www.rasmussenreports.com\/public_content\/politics\/public_surveys\/killer_jab_24_say_someone_they_know_died_from_covid_19_vaccine\" target=\"_blank\" rel=\"noreferrer noopener\"><span dir=\"auto\">Zpr\u00e1vy Rasmusenna, 2. listopadu 2023\u00a0<\/span><\/a><sup><span dir=\"auto\">13\u00a0<\/span><\/sup><a href=\"https:\/\/www.rasmussenreports.com\/public_content\/politics\/public_surveys\/more_than_half_suspect_covid_19_vaccines_have_caused_deaths\" target=\"_blank\" rel=\"noreferrer noopener\"><span dir=\"auto\">Zpr\u00e1vy Rasmusenna, 12. ledna 2024\u00a0<\/span><\/a><sup><span dir=\"auto\">14\u00a0<\/span><\/sup><a href=\"https:\/\/www.rasmussenreports.com\/public_content\/lifestyle\/covid_19\/killer_shot_most_still_suspect_covid_19_vaccine_risk\" target=\"_blank\" rel=\"noreferrer noopener\"><span dir=\"auto\">Zpr\u00e1vy Rasmusenna, 17. z\u00e1\u0159\u00ed 2024\u00a0<\/span><\/a><sup><span dir=\"auto\">15\u00a0<\/span><\/sup><a href=\"https:\/\/www.rasmussenreports.com\/public_content\/lifestyle\/covid_19\/millions_experienced_covid_19_vaccine_side_effects\" target=\"_blank\" rel=\"noreferrer noopener\"><span dir=\"auto\">Zpr\u00e1vy Rasmusenna, 21. listopadu 2025\u00a0<\/span><\/a><sup><span dir=\"auto\">16\u00a0<\/span><\/sup><a href=\"https:\/\/phinancetechnologies.com\/HumanityProjects\/The%20VDamage%20Project%20-%20Human%20%20Cost.htm\" target=\"_blank\" rel=\"noreferrer noopener\"><span dir=\"auto\">Phinance Technologies \u2013 Humanity Projects, b\u0159ezen 2023\u00a0<\/span><\/a><sup><span dir=\"auto\">17\u00a0<\/span><\/sup><a href=\"https:\/\/jamanetwork.com\/journals\/jamanetworkopen\/fullarticle\/2821693\" target=\"_blank\" rel=\"noreferrer noopener\"><span dir=\"auto\">JAMA Netw Open. 2024;7(7):e2424984\u00a0<\/span><\/a><sup><span dir=\"auto\">18\u00a0<\/span><\/sup><a href=\"https:\/\/news.gallup.com\/poll\/12748\/business-industry-sector-ratings.aspx\" target=\"_blank\" rel=\"noreferrer noopener\"><span dir=\"auto\">Gallup, p\u0159\u00edstup b\u0159ezen 2026\u00a0<\/span><\/a><sup><span dir=\"auto\">19\u00a0<\/span><\/sup><a href=\"https:\/\/news.gallup.com\/poll\/648308\/far-fewer-regard-childhood-vaccinations-important.aspx\" target=\"_blank\" rel=\"noreferrer noopener\"><span dir=\"auto\">Gallup, 7. srpna 2024\u00a0<\/span><\/a><sup><span dir=\"auto\">20\u00a0<\/span><\/sup><a href=\"https:\/\/www.pewresearch.org\/science\/2025\/11\/18\/how-do-americans-view-childhood-vaccines-vaccine-research-and-policy\/ps_2025-11-18_childhood-vaccines_0-05\/\" target=\"_blank\" rel=\"noreferrer noopener\"><span dir=\"auto\">Pew Research Center, 14. listopadu 2025\u00a0<\/span><\/a><sup><span dir=\"auto\">21\u00a0<\/span><\/sup><a href=\"https:\/\/www.pewresearch.org\/science\/2025\/11\/18\/parents-confidence-in-childhood-vaccine-effectiveness-safety-testing-and-schedule\/\" target=\"_blank\" rel=\"noreferrer noopener\"><span dir=\"auto\">Pew Research Center, 18. listopadu 2025\u00a0<\/span><\/a><sup><span dir=\"auto\">22\u00a0<\/span><\/sup><a href=\"https:\/\/www.kff.org\/health-information-trust\/poll-trust-in-public-health-agencies-and-vaccines-falls-amid-republican-skepticism\/\" target=\"_blank\" rel=\"noreferrer noopener\"><span dir=\"auto\">KFF, 28. ledna 2025\u00a0<\/span><\/a><sup><span dir=\"auto\">23\u00a0<\/span><\/sup><a href=\"https:\/\/www.kff.org\/health-information-trust\/trust-in-cdc-and-views-of-federal-childhood-vaccine-schedule-changes\/\" target=\"_blank\" rel=\"noreferrer noopener\"><span dir=\"auto\">KFF, 6. \u00fanora 2026\u00a0<\/span><\/a><sup><span dir=\"auto\">24\u00a0<\/span><\/sup><a href=\"https:\/\/www.annenbergpublicpolicycenter.org\/study-finds-declining-perception-of-safety-of-covid-19-flu-and-mmr-vaccines\/\" target=\"_blank\" rel=\"noreferrer noopener\"><span dir=\"auto\">Annenberg Public Policy Center, 10. \u00fanora 2026\u00a0<\/span><\/a><sup><span dir=\"auto\">25\u00a0<\/span><\/sup><a href=\"https:\/\/brownstone.org\/articles\/supermajority-of-voters-support-health-and-medical-freedom-poll-shows\/\" target=\"_blank\" rel=\"noreferrer noopener\"><span dir=\"auto\">Brownstone Institute, 4. b\u0159ezna 2026\u00a0<\/span><\/a><sup><span dir=\"auto\">26\u00a0<\/span><\/sup><a href=\"https:\/\/www.malone.news\/p\/breaking-new-maha-national-health\" target=\"_blank\" rel=\"noreferrer noopener\"><span dir=\"auto\">Malone News, 25. \u00fanora 2026\u00a0<\/span><\/a><sup><span dir=\"auto\">27\u00a0<\/span><\/sup><a href=\"https:\/\/www.politico.com\/f\/?id=0000019c-4f0d-d0f8-adde-ff5f2e9d0003\" target=\"_blank\" rel=\"noreferrer noopener\"><span dir=\"auto\">Politico, 11. \u00fanora 2026\u00a0<\/span><\/a><sup><span dir=\"auto\">28\u00a0<\/span><\/sup><a href=\"https:\/\/fabrizioward.com\/wp-content\/uploads\/2025\/12\/vaccine-attitudes-tcd-survey-memo-12-03-25.pdf\" target=\"_blank\" rel=\"noreferrer noopener\"><span dir=\"auto\">Tony Fabrizio a Bob Ward, 3. prosince 2025\u00a0<\/span><\/a><sup><span dir=\"auto\">29\u00a0<\/span><\/sup><a href=\"https:\/\/www.nytimes.com\/2026\/02\/11\/us\/politics\/rfk-pivot-food-vaccines.html\" target=\"_blank\" rel=\"noreferrer noopener\"><span dir=\"auto\">The New York Times, 11. \u00fanora 2026\u00a0<\/span><\/a><sup><span dir=\"auto\">30\u00a0<\/span><\/sup><a href=\"https:\/\/brownstone.org\/articles\/what-the-polls-say-about-the-pharmaceutical-industry-and-vaccines\/\" target=\"_blank\" rel=\"noreferrer noopener\"><span dir=\"auto\">Brownstone Institute, 21. \u00fanora 2026\u00a0<\/span><\/a><sup><span dir=\"auto\">31\u00a0<\/span><\/sup><a href=\"https:\/\/articles.mercola.com\/sites\/redirect-unaffiliated-website.aspx?u=https:\/\/www.amazon.com\/Trump-Time-Journal-Americas-Plague\/dp\/1737478501\" target=\"_blank\" rel=\"noreferrer noopener\"><span dir=\"auto\">Amazon, In Trump Time: Den\u00edk americk\u00e9ho morov\u00e9ho roku\u00a0<\/span><\/a><sup><span dir=\"auto\">32\u00a0<\/span><\/sup><a href=\"https:\/\/articles.mercola.com\/sites\/redirect-unaffiliated-website.aspx?u=https:\/\/www.amazon.com\/Plague-Upon-Our-House-Destroying\/dp\/163758220X\" target=\"_blank\" rel=\"noreferrer noopener\"><span dir=\"auto\">Amazon, mor na na\u0161em dom\u011b: M\u016fj boj v Trumpov\u011b B\u00edl\u00e9m dom\u011b za zastaven\u00ed COVIDu v ni\u010den\u00ed Ameriky\u00a0<\/span><\/a><sup><span dir=\"auto\">33\u00a0<\/span><\/sup><a href=\"https:\/\/en.wikipedia.org\/wiki\/Commissioner_of_Food_and_Drugs\" target=\"_blank\" rel=\"noreferrer noopener\"><span dir=\"auto\">Wikipedie, komisa\u0159 pro potraviny a drogy\u00a0<\/span><\/a><sup><span dir=\"auto\">34\u00a0<\/span><\/sup><a href=\"https:\/\/judiciary.house.gov\/media\/in-the-news\/house-committee-subpoenas-pfizer-executive-probe-alleged-covid-vaccine-delay\" target=\"_blank\" rel=\"noreferrer noopener\"><span dir=\"auto\">The Committee, 30. \u010dervna 2025\u00a0<\/span><\/a><sup><span dir=\"auto\">35\u00a0<\/span><\/sup><a href=\"https:\/\/www.reuters.com\/business\/healthcare-pharmaceuticals\/former-trump-coronavirus-coordinator-birx-takes-job-texas-air-purifier-maker-2021-03-12\/\" target=\"_blank\" rel=\"noreferrer noopener\"><span dir=\"auto\">Reuters, 31. b\u0159ezna 2021\u00a0<\/span><\/a><sup><span dir=\"auto\">36\u00a0<\/span><\/sup><a href=\"https:\/\/www.politico.com\/blogs\/donald-trump-administration\/2017\/01\/trump-meets-robert-f-kennedy-jr-233417\" target=\"_blank\" rel=\"noreferrer noopener\"><span dir=\"auto\">Politico, 10. ledna 2017\u00a0<\/span><\/a><sup><span dir=\"auto\">37, 38\u00a0<\/span><\/sup><a href=\"https:\/\/www.theguardian.com\/us-news\/2018\/feb\/21\/trump-vaccination-safety-commission-robert-kennedy-autism\" target=\"_blank\" rel=\"noreferrer noopener\"><span dir=\"auto\">The Guardian, 21. \u00fanora 2018\u00a0<\/span><\/a><sup><span dir=\"auto\">39\u00a0<\/span><\/sup><a href=\"https:\/\/www.cnn.com\/2026\/03\/02\/politics\/cnn-poll-59-of-americans-disapprove-of-iran-strikes-and-most-think-a-long-term-conflict-is-likely\" target=\"_blank\" rel=\"noreferrer noopener\"><span dir=\"auto\">CNN, 3. b\u0159ezna 2026\u00a0<\/span><\/a><sup><span dir=\"auto\">40\u00a0<\/span><\/sup><a href=\"https:\/\/www.reuters.com\/world\/us\/just-one-four-americans-support-us-strikes-iran-reutersipsos-poll-finds-2026-03-01\/\" target=\"_blank\" rel=\"noreferrer noopener\"><span dir=\"auto\">Reuters, 3. b\u0159ezna 2026\u00a0<\/span><\/a><sup><span dir=\"auto\">41\u00a0<\/span><\/sup><a href=\"https:\/\/maristpoll.marist.edu\/polls\/war-with-iran-march-2026\/\" target=\"_blank\" rel=\"noreferrer noopener\"><span dir=\"auto\">Marist Poll, 6. b\u0159ezna 2026\u00a0<\/span><\/a><sup><span dir=\"auto\">42\u00a0<\/span><\/sup><a href=\"https:\/\/yougov.com\/en-us\/daily-results\/20260304-2cfe3-3\" target=\"_blank\" rel=\"noreferrer noopener\"><span dir=\"auto\">YouGov, 3. b\u0159ezna 2026\u00a0<\/span><\/a><sup><span dir=\"auto\">43\u00a0<\/span><\/sup><a href=\"https:\/\/www.realclearpolitics.com\/articles\/2026\/02\/04\/is_trump_losing_plot_theres_still_time_to_fix_it_153796.html\" target=\"_blank\" rel=\"noreferrer noopener\"><span dir=\"auto\">RealClearPolitics, 4. \u00fanora 2026\u00a0<\/span><\/a><sup><span dir=\"auto\">44\u00a0<\/span><\/sup><a href=\"https:\/\/www.cidrap.umn.edu\/covid-19\/cidrap-op-ed-covid-vaccine-myocarditis-signal-was-real-now-resolved-acips-march-agenda\" target=\"_blank\" rel=\"noreferrer noopener\"><span dir=\"auto\">CIDRAP, 3. b\u0159ezna 2026\u00a0<\/span><\/a><sup><span dir=\"auto\">45\u00a0<\/span><\/sup><a href=\"https:\/\/www.federalregister.gov\/documents\/2026\/02\/26\/2026-03877\/meeting-of-the-advisory-committee-on-immunization-practices\" target=\"_blank\" rel=\"noreferrer noopener\"><span dir=\"auto\">Federal Register, 26. \u00fanora 2026\u00a0<\/span><\/a><sup><span dir=\"auto\">46\u00a0<\/span><\/sup><a href=\"https:\/\/www.youtube.com\/watch?v=2-3ytt1YhbU\" target=\"_blank\" rel=\"noreferrer noopener\"><span dir=\"auto\">YouTube, ABC News, 25. \u00fanora 2026<\/span><\/a><\/li>\n<\/ul>\n<\/div>\n<\/div>\n<div class=\"elementor-element elementor-element-8c57238 quelle dc-has-condition dc-condition-empty elementor-widget elementor-widget-heading\" data-id=\"8c57238\" data-element_type=\"widget\" data-e-type=\"widget\" data-widget_type=\"heading.default\">\n<div class=\"elementor-widget-container\">\n<h3 class=\"elementor-heading-title elementor-size-default\"><span style=\"font-size: 10pt;\"><a href=\"https:\/\/articles.mercola.com\/sites\/articles\/archive\/2026\/03\/12\/polling-reveals-profound-shift-on-vaccines.aspx?ui=9c61c0428e2c408fdaa52e1f8a2e29b3c347424cdbd5be591509cf14340e9789&amp;sd=20210104&amp;cid_source=dnl&amp;cid_medium=email&amp;cid_content=art1HL&amp;cid=20260312&amp;foDate=false&amp;mid=DM1892402&amp;rid=522199118\" target=\"_blank\" rel=\"nofollow noopener\"><span dir=\"auto\">Zdroj<\/span><\/a><\/span><\/h3>\n<p>&nbsp;<\/p>\n<\/div>\n<\/div>\n","protected":false},"excerpt":{"rendered":"<p>P\u0159\u00edb\u011bh v kostce Vzhledem k rozs\u00e1hl\u00e9 cenzu\u0159e ze strany m\u00e9di\u00ed a akademick\u00e9 obce je obt\u00ed\u017en\u00e9&#8230;<\/p>\n","protected":false},"author":2,"featured_media":74731,"comment_status":"closed","ping_status":"closed","sticky":false,"template":"","format":"standard","meta":[],"categories":[7],"tags":[1042,213,651,1402,21],"_links":{"self":[{"href":"https:\/\/www.infokuryr.cz\/n\/wp-json\/wp\/v2\/posts\/102174"}],"collection":[{"href":"https:\/\/www.infokuryr.cz\/n\/wp-json\/wp\/v2\/posts"}],"about":[{"href":"https:\/\/www.infokuryr.cz\/n\/wp-json\/wp\/v2\/types\/post"}],"author":[{"embeddable":true,"href":"https:\/\/www.infokuryr.cz\/n\/wp-json\/wp\/v2\/users\/2"}],"replies":[{"embeddable":true,"href":"https:\/\/www.infokuryr.cz\/n\/wp-json\/wp\/v2\/comments?post=102174"}],"version-history":[{"count":0,"href":"https:\/\/www.infokuryr.cz\/n\/wp-json\/wp\/v2\/posts\/102174\/revisions"}],"wp:featuredmedia":[{"embeddable":true,"href":"https:\/\/www.infokuryr.cz\/n\/wp-json\/wp\/v2\/media\/74731"}],"wp:attachment":[{"href":"https:\/\/www.infokuryr.cz\/n\/wp-json\/wp\/v2\/media?parent=102174"}],"wp:term":[{"taxonomy":"category","embeddable":true,"href":"https:\/\/www.infokuryr.cz\/n\/wp-json\/wp\/v2\/categories?post=102174"},{"taxonomy":"post_tag","embeddable":true,"href":"https:\/\/www.infokuryr.cz\/n\/wp-json\/wp\/v2\/tags?post=102174"}],"curies":[{"name":"wp","href":"https:\/\/api.w.org\/{rel}","templated":true}]}}