{"id":102169,"date":"2026-03-18T00:20:24","date_gmt":"2026-03-17T23:20:24","guid":{"rendered":"https:\/\/www.infokuryr.cz\/n\/?p=102169"},"modified":"2026-03-17T11:38:48","modified_gmt":"2026-03-17T10:38:48","slug":"caitlin-johnstone-izrael-a-jeho-podporovatele-jsou-zodpovedni-za-utoky-na-zidovske-instituce","status":"publish","type":"post","link":"https:\/\/www.infokuryr.cz\/n\/2026\/03\/18\/caitlin-johnstone-izrael-a-jeho-podporovatele-jsou-zodpovedni-za-utoky-na-zidovske-instituce\/","title":{"rendered":"Caitlin Johnstone: Izrael a jeho podporovatel\u00e9 jsou zodpov\u011bdn\u00ed za \u00fatoky na \u017eidovsk\u00e9 instituce"},"content":{"rendered":"<div id=\"fb-root\"><\/div>\n<div class=\"elementor-element elementor-element-1fb4c2c elementor-widget elementor-widget-theme-post-content\" data-id=\"1fb4c2c\" data-element_type=\"widget\" data-e-type=\"widget\" data-widget_type=\"theme-post-content.default\">\n<div class=\"elementor-widget-container\">\n<p><strong><span dir=\"auto\">Je odporn\u00e9, jak se obr\u00e1nci genocidy, jako je Greenblatt, \u017eiv\u00ed aktivn\u00edm p\u0159esv\u011bd\u010dov\u00e1n\u00edm v\u0161ech, \u017ee \u017did\u00e9 a judaismus jsou neodd\u011bliteln\u011b spjati s jedn\u00e1n\u00edm izraelsk\u00e9 vl\u00e1dy, ale jakmile dojde k extremistick\u00e9mu \u00fatoku n\u011bkoho, kdo nerozli\u0161uje mezi z\u00e1padn\u00edmi \u017didy a St\u00e1tem Izrael, vina se p\u0159esouv\u00e1 na propalestinskou levici.<\/span><\/strong><\/p>\n<p><span dir=\"auto\">Jonathan Greenblatt, v\u00fdkonn\u00fd \u0159editel Anti-Defamation League, se bizarn\u011b objevil\u00a0<\/span><a href=\"https:\/\/x.com\/JGreenblattADL\/status\/2032509667897708655\" target=\"_blank\" rel=\"noreferrer noopener\"><span dir=\"auto\">v televizi CNN<\/span><\/a><span dir=\"auto\">\u00a0v reakci na pokus o bombov\u00fd \u00fatok na synagogu v Michiganu mu\u017eem, jeho\u017e libanon\u0161t\u00ed rodinn\u00ed p\u0159\u00edslu\u0161n\u00edci\u00a0<\/span><a href=\"https:\/\/x.com\/ryangrim\/status\/2032477357580104176\" target=\"_blank\" rel=\"noreferrer noopener\"><span dir=\"auto\">byli zabiti izraelsk\u00fdmi silami<\/span><\/a><span dir=\"auto\">\u00a0.<\/span><\/p>\n<p><span dir=\"auto\">\u201eVid\u00edme, jak jsou \u017eidovsk\u00fd lid a \u017eidovsk\u00fd st\u00e1t obvi\u0148ov\u00e1ni z v\u00e1lky na Bl\u00edzk\u00e9m v\u00fdchod\u011b,\u201c \u0159ekl Greenblatt. \u201eTo je \u0161patn\u011b. Je \u0161patn\u00e9 hledat ob\u011btn\u00ed ber\u00e1nky a je \u0161patn\u00e9 \u010dinit \u017eidovsk\u00fd lid zodpov\u011bdn\u00fdm za n\u011bco, co se v\u00e1m na druh\u00e9 stran\u011b planety nel\u00edb\u00ed. A opravdu pot\u0159ebujeme v\u016fdce na v\u0161ech stran\u00e1ch \u2013 v politice, ve volb\u00e1ch, mezi podcastery \u2013 kte\u0159\u00ed p\u0159estanou s konspira\u010dn\u00edmi teoriemi, kte\u0159\u00ed p\u0159estanou s obvi\u0148ov\u00e1n\u00edm a pak n\u00e1m \u0159eknou: \u201aAle my jsme proti antisemitismu.\u2018 Nem\u016f\u017eete \u0159\u00edkat, \u017ee jste proti nen\u00e1visti, kdy\u017e sami obchodujete s nen\u00e1vistn\u00fdmi konspira\u010dn\u00edmi teoriemi.\u201c<\/span><\/p>\n<p><span dir=\"auto\">Na prvn\u00ed pohled by se mohlo zd\u00e1t, \u017ee Greenblatt zast\u00e1v\u00e1 celkem rozumn\u00fd n\u00e1zor, \u017ee je \u0161patn\u00e9 vinit americk\u00e9 \u017eidy z \u010din\u016f izraelsk\u00e9 vl\u00e1dy.\u00a0<\/span><\/p>\n<p><span dir=\"auto\">Ale pod\u00edvejme se bl\u00ed\u017ee na jeho pou\u017eit\u00ed term\u00ednu \u201e\u017eidovsk\u00fd st\u00e1t\u201c.\u00a0<\/span><\/p>\n<p><span dir=\"auto\">Greenblatt zde ve skute\u010dnosti tvrd\u00ed, \u017ee obvi\u0148ov\u00e1n\u00ed St\u00e1tu Izrael z jeho v\u00e1le\u010dn\u00fdch zlo\u010din\u016f je antisemitsk\u00e1 konspira\u010dn\u00ed teorie, a z\u00e1rove\u0148 h\u00e1z\u00ed cel\u00fd \u017eidovsk\u00fd lid do jednoho pytle s \u010diny tohoto st\u00e1tu. P\u0159esn\u011b to d\u011bl\u00e1, kdy\u017e mluv\u00ed o \u201e\u017eidovsk\u00e9m lidu, \u017eidovsk\u00e9m st\u00e1t\u011b\u201c jedn\u00edm dechem a z\u00e1rove\u0148 informuje o izraelsk\u00fdch aktech masivn\u00edho vojensk\u00e9ho n\u00e1sil\u00ed.<\/span><\/p>\n<p><em><span dir=\"auto\">Greenblatt: \u201eJsme sv\u011bdky toho, jak jsou \u017did\u00e9 a \u017eidovsk\u00fd st\u00e1t obvi\u0148ov\u00e1ni z v\u00e1lky na Bl\u00edzk\u00e9m v\u00fdchod\u011b. To je \u0161patn\u011b. Je \u0161patn\u00e9 hledat ob\u011btn\u00edho ber\u00e1nka; je \u0161patn\u00e9 vinit \u017didy z n\u011b\u010deho, co se v\u00e1m na druh\u00e9 stran\u011b sv\u011bta nehod\u00ed. Nal\u00e9hav\u011b pot\u0159ebujeme, aby v\u016fdci ze v\u0161ech politick\u00fdch t\u00e1bor\u016f \u2013 kandid\u00e1ti na \u00fa\u0159ady, podcaste\u0159i \u2013 p\u0159estali \u0161\u00ed\u0159it konspira\u010dn\u00ed teorie. Nem\u016f\u017eete tvrdit, \u017ee jste proti nen\u00e1visti, pokud sami \u0161\u00ed\u0159\u00edte nen\u00e1vistn\u00e9 konspira\u010dn\u00ed teorie.\u201c<\/span><\/em><\/p>\n<div class=\"twitter-tweet twitter-tweet-rendered\"><iframe id=\"twitter-widget-0\" class=\"\" title=\"X Post\" src=\"https:\/\/platform.twitter.com\/embed\/Tweet.html?dnt=false&amp;embedId=twitter-widget-0&amp;features=eyJ0ZndfdGltZWxpbmVfbGlzdCI6eyJidWNrZXQiOltdLCJ2ZXJzaW9uIjpudWxsfSwidGZ3X2ZvbGxvd2VyX2NvdW50X3N1bnNldCI6eyJidWNrZXQiOnRydWUsInZlcnNpb24iOm51bGx9LCJ0ZndfdHdlZXRfZWRpdF9iYWNrZW5kIjp7ImJ1Y2tldCI6Im9uIiwidmVyc2lvbiI6bnVsbH0sInRmd19yZWZzcmNfc2Vzc2lvbiI6eyJidWNrZXQiOiJvbiIsInZlcnNpb24iOm51bGx9LCJ0ZndfZm9zbnJfc29mdF9pbnRlcnZlbnRpb25zX2VuYWJsZWQiOnsiYnVja2V0Ijoib24iLCJ2ZXJzaW9uIjpudWxsfSwidGZ3X21peGVkX21lZGlhXzE1ODk3Ijp7ImJ1Y2tldCI6InRyZWF0bWVudCIsInZlcnNpb24iOm51bGx9LCJ0ZndfZXhwZXJpbWVudHNfY29va2llX2V4cGlyYXRpb24iOnsiYnVja2V0IjoxMjA5NjAwLCJ2ZXJzaW9uIjpudWxsfSwidGZ3X3Nob3dfYmlyZHdhdGNoX3Bpdm90c19lbmFibGVkIjp7ImJ1Y2tldCI6Im9uIiwidmVyc2lvbiI6bnVsbH0sInRmd19kdXBsaWNhdGVfc2NyaWJlc190b19zZXR0aW5ncyI6eyJidWNrZXQiOiJvbiIsInZlcnNpb24iOm51bGx9LCJ0ZndfdXNlX3Byb2ZpbGVfaW1hZ2Vfc2hhcGVfZW5hYmxlZCI6eyJidWNrZXQiOiJvbiIsInZlcnNpb24iOm51bGx9LCJ0ZndfdmlkZW9faGxzX2R5bmFtaWNfbWFuaWZlc3RzXzE1MDgyIjp7ImJ1Y2tldCI6InRydWVfYml0cmF0ZSIsInZlcnNpb24iOm51bGx9LCJ0ZndfbGVnYWN5X3RpbWVsaW5lX3N1bnNldCI6eyJidWNrZXQiOnRydWUsInZlcnNpb24iOm51bGx9LCJ0ZndfdHdlZXRfZWRpdF9mcm9udGVuZCI6eyJidWNrZXQiOiJvbiIsInZlcnNpb24iOm51bGx9fQ%3D%3D&amp;frame=false&amp;hideCard=false&amp;hideThread=false&amp;id=2032462022827221368&amp;lang=cs&amp;origin=https%3A%2F%2Funcutnews.ch%2Fisrael-und-seine-unterstuetzer-sind-fuer-angriffe-auf-juedische-einrichtungen-verantwortlich%2F&amp;sessionId=396681a91dafa0f8dd1eef2a73d0e7f1c81e24ae&amp;theme=light&amp;widgetsVersion=2615f7e52b7e0%3A1702314776716&amp;width=550px\" frameborder=\"0\" scrolling=\"no\" allowfullscreen=\"allowfullscreen\" data-tweet-id=\"2032462022827221368\" data-mce-fragment=\"1\"><\/iframe><\/div>\n<p><span dir=\"auto\">Je odporn\u00e9, jak se obr\u00e1nci genocidy, jako je Greenblatt, \u017eiv\u00ed aktivn\u00edm p\u0159esv\u011bd\u010dov\u00e1n\u00edm v\u0161ech, \u017ee \u017did\u00e9 a judaismus jsou neodd\u011bliteln\u011b spjati s jedn\u00e1n\u00edm izraelsk\u00e9 vl\u00e1dy, ale jakmile dojde k extremistick\u00e9mu \u00fatoku n\u011bkoho, kdo nerozli\u0161uje mezi z\u00e1padn\u00edmi \u017didy a St\u00e1tem Izrael, vina se p\u0159esouv\u00e1 na propalestinskou levici.<\/span><\/p>\n<p><span dir=\"auto\">Propalestin\u0161t\u00ed levi\u010d\u00e1ci p\u0159edv\u00e1d\u011bj\u00ed nekone\u010dn\u00e9 slovn\u00ed akrobacie, aby se vyhnuli ztoto\u017e\u0148ov\u00e1n\u00ed \u017eidovsk\u00e9ho lidu se St\u00e1tem Izrael, zat\u00edmco Izrael a jeho podporovatel\u00e9 to neust\u00e1le d\u011blaj\u00ed. P\u0159esto jsme v\u017edy my ti, kdo jsou obvi\u0148ov\u00e1ni, kdy\u017e je na \u017eidovskou instituci proveden teroristick\u00fd \u00fatok n\u011bk\u00fdm, kdo je pobou\u0159en jedn\u00e1n\u00edm Izraele.<\/span><\/p>\n<p><span dir=\"auto\">Jsou to sionist\u00e9, kdo d\u011bl\u00e1 v\u0161e, co je v jejich sil\u00e1ch, aby lid\u00e9 vn\u00edmali St\u00e1t Izrael jako synonymum \u017did\u016f a judaismu. D\u011blaj\u00ed to p\u0159esn\u011b poka\u017ed\u00e9, kdy\u017e tvrd\u00ed, \u017ee kritika izraelsk\u00fdch \u010din\u016f je nen\u00e1vistn\u00fdm projevem v\u016f\u010di \u017did\u016fm. Tvrd\u00ed, \u017ee n\u00e1rod a jeho vl\u00e1da jsou jedno a tot\u00e9\u017e jako cel\u00e1 \u017eidovsk\u00e1 v\u00edra a jej\u00ed n\u00e1sledovn\u00edci.<\/span><\/p>\n<p><span dir=\"auto\">Propalestin\u0161t\u00ed levi\u010d\u00e1ci se chovaj\u00ed p\u0159esn\u011b opa\u010dn\u011b. Db\u00e1me na to, abychom v\u0161echny na\u0161e argumenty formulovali p\u0159esn\u011b, abychom nebyli \u0161patn\u011b pochopeni jako \u00fatok na \u017eidovskou v\u00edru, a jasn\u011b d\u00e1v\u00e1me najevo, \u017ee na\u0161e kritika je nam\u00ed\u0159ena proti St\u00e1tu Izrael a politick\u00e9 ideologii sionismu, kter\u00e1 je z\u00e1kladem represivn\u00ed povahy tohoto st\u00e1tu. A pak se do toho zapojuj\u00ed apologetov\u00e9 Izraele a hanob\u00ed tyto pe\u010dliv\u011b vytvo\u0159en\u00e9 argumenty jako nen\u00e1vistn\u00fd \u00fatok na v\u0161echny \u017didy na cel\u00e9m sv\u011bt\u011b.<\/span><\/p>\n<p><span dir=\"auto\">Sionist\u00e9 jsou proto zodpov\u011bdn\u00ed za rostouc\u00ed vn\u00edm\u00e1n\u00ed, \u017ee na\u0161i \u017eidov\u0161t\u00ed soused\u00e9 a krajan\u00e9 jsou spoluvin\u00edky \u00fatok\u016f izraelsk\u00e9 vl\u00e1dy. Pokud dojde k dal\u0161\u00edm \u00fatok\u016fm na \u017eidovsk\u00e9 instituce (a k nim dojde), bude za n\u011b obvi\u0148ov\u00e1n Izrael a jeho podporovatel\u00e9, nikoli propalestinsk\u00e1 levice.<\/span><\/p>\n<p><span dir=\"auto\">Ne\u0159\u00edk\u00e1m, \u017ee by m\u011blo doch\u00e1zet k \u00fatok\u016fm na \u017eidovsk\u00e9 instituce. Ne\u0159\u00edk\u00e1m, \u017ee by bylo dobr\u00e9, kdyby k nim do\u0161lo. \u0158\u00edk\u00e1m, \u017ee k nim dojde, a a\u017e k nim dojde, bude to hrozn\u00e1 v\u011bc. A na vin\u011b bude Izrael a jeho podporovatel\u00e9.<\/span><\/p>\n<p><span dir=\"auto\">B\u011bh\u00e1me kolem jako \u0161\u00edlen\u00ed a sna\u017e\u00edme se to zastavit; d\u011bl\u00e1me v\u0161e, co je v na\u0161ich sil\u00e1ch, abychom zma\u0159ili sionistick\u00e9 snahy ztoto\u017enit \u017didy s Izraelem, ale na\u0161e hlasy nejsou dostate\u010dn\u011b hlasit\u00e9. Nejsme to my, koho zesiluj\u00ed v\u0161echna masm\u00e9dia, jsou to ona. Nejsou to lid\u00e9 jako j\u00e1, kte\u0159\u00ed jsou zv\u00e1ni do CNN, aby si promluvili s Wolfem Blitzerem, jsou to lid\u00e9 jako Jonathan Greenblatt.<\/span><\/p>\n<p><span dir=\"auto\">Tak\u017ee pokud prohrajeme bitvu o narativovou kontrolu na t\u00e9to front\u011b a bude proveden dal\u0161\u00ed extremistick\u00fd \u00fatok, nebude to na\u0161e chyba. Bude to jejich chyba. Bude to chyba Izraele a jeho apologet\u016f. Bojovali jsme s nimi ze v\u0161ech sil, abychom tomu zabr\u00e1nili, ale oni vyhr\u00e1li. A d\u016fsledky proto ponesou v\u00fdhradn\u011b jejich bedra.<\/span><\/p>\n<\/div>\n<\/div>\n<div class=\"elementor-element elementor-element-8c57238 quelle dc-has-condition dc-condition-empty elementor-widget elementor-widget-heading\" data-id=\"8c57238\" data-element_type=\"widget\" data-e-type=\"widget\" data-widget_type=\"heading.default\">\n<div class=\"elementor-widget-container\">\n<h3 class=\"elementor-heading-title elementor-size-default\"><span style=\"font-size: 10pt;\"><a href=\"https:\/\/caitlinjohnstone.com.au\/2026\/03\/14\/israel-and-its-supporters-are-causing-attacks-on-jewish-institutions\/\" target=\"_blank\" rel=\"nofollow noopener\"><span dir=\"auto\">Zdroj<\/span><\/a><\/span><\/h3>\n<p>&nbsp;<\/p>\n<\/div>\n<\/div>\n","protected":false},"excerpt":{"rendered":"<p>Je odporn\u00e9, jak se obr\u00e1nci genocidy, jako je Greenblatt, \u017eiv\u00ed aktivn\u00edm p\u0159esv\u011bd\u010dov\u00e1n\u00edm v\u0161ech, \u017ee \u017did\u00e9&#8230;<\/p>\n","protected":false},"author":2,"featured_media":53395,"comment_status":"closed","ping_status":"closed","sticky":false,"template":"","format":"standard","meta":[],"categories":[7],"tags":[107,1863,92,2475],"_links":{"self":[{"href":"https:\/\/www.infokuryr.cz\/n\/wp-json\/wp\/v2\/posts\/102169"}],"collection":[{"href":"https:\/\/www.infokuryr.cz\/n\/wp-json\/wp\/v2\/posts"}],"about":[{"href":"https:\/\/www.infokuryr.cz\/n\/wp-json\/wp\/v2\/types\/post"}],"author":[{"embeddable":true,"href":"https:\/\/www.infokuryr.cz\/n\/wp-json\/wp\/v2\/users\/2"}],"replies":[{"embeddable":true,"href":"https:\/\/www.infokuryr.cz\/n\/wp-json\/wp\/v2\/comments?post=102169"}],"version-history":[{"count":0,"href":"https:\/\/www.infokuryr.cz\/n\/wp-json\/wp\/v2\/posts\/102169\/revisions"}],"wp:featuredmedia":[{"embeddable":true,"href":"https:\/\/www.infokuryr.cz\/n\/wp-json\/wp\/v2\/media\/53395"}],"wp:attachment":[{"href":"https:\/\/www.infokuryr.cz\/n\/wp-json\/wp\/v2\/media?parent=102169"}],"wp:term":[{"taxonomy":"category","embeddable":true,"href":"https:\/\/www.infokuryr.cz\/n\/wp-json\/wp\/v2\/categories?post=102169"},{"taxonomy":"post_tag","embeddable":true,"href":"https:\/\/www.infokuryr.cz\/n\/wp-json\/wp\/v2\/tags?post=102169"}],"curies":[{"name":"wp","href":"https:\/\/api.w.org\/{rel}","templated":true}]}}