{"id":102164,"date":"2026-03-18T00:16:09","date_gmt":"2026-03-17T23:16:09","guid":{"rendered":"https:\/\/www.infokuryr.cz\/n\/?p=102164"},"modified":"2026-03-17T11:30:46","modified_gmt":"2026-03-17T10:30:46","slug":"thomas-roper-maji-usa-stale-zdroje-na-operaci-proti-kube","status":"publish","type":"post","link":"https:\/\/www.infokuryr.cz\/n\/2026\/03\/18\/thomas-roper-maji-usa-stale-zdroje-na-operaci-proti-kube\/","title":{"rendered":"Thomas R\u00f6per: Maj\u00ed USA st\u00e1le zdroje na operaci proti Kub\u011b?"},"content":{"rendered":"<div id=\"fb-root\"><\/div>\n<p><strong><span dir=\"auto\">Trump prohl\u00e1sil, \u017ee si zaslou\u017e\u00ed \u010dest \u201edob\u00fdt Kubu\u201c. Ale po chybn\u00e9m odhadu v \u00cdr\u00e1nu, maj\u00ed USA na to je\u0161t\u011b s\u00edlu?<\/span><\/strong><\/p>\n<p><span dir=\"auto\">Americk\u00fd prezident Trump prohl\u00e1sil, \u017ee bude m\u00edt tu \u010dest \u201edob\u00fdt Kubu\u201c.\u00a0<\/span><a href=\"https:\/\/tass.ru\/mezhdunarodnaya-panorama\/26783033\"><u><span dir=\"auto\">\u0158ekl<\/span><\/u><\/a><span dir=\"auto\">\u00a0to v\u010dera v Ov\u00e1ln\u00e9 pracovn\u011b pot\u00e9, co podepsal v\u00fdkonn\u00fd p\u0159\u00edkaz k zintenzivn\u011bn\u00ed boje proti podvod\u016fm v r\u016fzn\u00fdch vl\u00e1dn\u00edch programech pomoci pot\u0159ebn\u00fdm. \u0158ekl:<\/span><\/p>\n<p><em><span dir=\"auto\">\u201eOpravdu v\u011b\u0159\u00edm, \u017ee budu m\u00edt tu \u010dest dob\u00fdt Kubu. To by byla dobr\u00e1 v\u011bc. Velk\u00e1 \u010dest.\u201c<\/span><\/em><\/p>\n<p><span dir=\"auto\">Na ot\u00e1zku, zda t\u00edm skute\u010dn\u011b mysl\u00ed \u201ep\u0159evzet\u00ed Kuby\u201c, odpov\u011bd\u011bl:<\/span><\/p>\n<p><em><span dir=\"auto\">\u201eAno, v n\u011bjak\u00e9 form\u011b. Mysl\u00edm t\u00edm, \u017ee nen\u00ed d\u016fle\u017eit\u00e9, jestli to vypust\u00edm, nebo po\u017eiju, m\u016f\u017eu si s t\u00edm d\u011blat, co chci, pokud chcete zn\u00e1t pravdu.\u201c<\/span><\/em><\/p>\n<p><span dir=\"auto\">Odm\u00edtl uv\u00e9st, zda USA usiluj\u00ed o sc\u00e9n\u00e1\u0159 pro Kubu, kter\u00fd by se v\u00edce podobal situaci ve Venezuele, nebo sp\u00ed\u0161e situaci v \u00cdr\u00e1nu. Odpov\u011bd\u011bl, \u017ee to nedok\u00e1\u017ee \u0159\u00edct, ale uvedl, \u017ee kub\u00e1nsk\u00e1 vl\u00e1da s USA jedn\u00e1.<\/span><\/p>\n<p><span dir=\"auto\">Kub\u00e1nsk\u00fd prezident Miguel D\u00edaz-Canel 13. b\u0159ezna skute\u010dn\u011b ozn\u00e1mil, \u017ee Havana a Washington vedly rozhovory \u201es c\u00edlem naj\u00edt \u0159e\u0161en\u00ed bilater\u00e1ln\u00edch rozd\u00edl\u016f prost\u0159ednictv\u00edm dialogu\u201c. C\u00edlem dialogu je podle n\u011bj identifikovat probl\u00e9my a naj\u00edt \u0159e\u0161en\u00ed, \u201eprok\u00e1zat ochotu obou stran p\u0159ijmout konkr\u00e9tn\u00ed opat\u0159en\u00ed ve prosp\u011bch lidu obou zem\u00ed\u201c a \u201eidentifikovat oblasti spolupr\u00e1ce v boji proti hrozb\u00e1m a zaji\u0161t\u011bn\u00ed bezpe\u010dnosti a m\u00edru\u201c. Kuba vyj\u00e1d\u0159ila svou p\u0159ipravenost v\u00e9st tento proces na z\u00e1klad\u011b rovnosti a respektu k politick\u00fdm syst\u00e9m\u016fm obou zem\u00ed, jako\u017e i k suverenit\u011b a sebeur\u010den\u00ed vl\u00e1dy v Havan\u011b, dodal D\u00edaz-Canel.<\/span><\/p>\n<p><span dir=\"auto\">Je v\u0161ak dob\u0159e zn\u00e1mo, \u017ee USA nepova\u017euj\u00ed ostatn\u00ed zem\u011b za rovnocenn\u00e9 a nemaj\u00ed \u017e\u00e1dn\u00fd respekt k jin\u00fdm politick\u00fdm syst\u00e9m\u016fm, ale sp\u00ed\u0161e se sna\u017e\u00ed vnutit sv\u016fj syst\u00e9m cel\u00e9mu sv\u011btu. Jak ukazuj\u00ed ud\u00e1losti ve Venezuele a \u00cdr\u00e1nu, Trump se \u2013 na rozd\u00edl od sv\u00fdch volebn\u00edch slib\u016f \u2013 v tomto ohledu nijak neli\u0161\u00ed od p\u0159edchoz\u00edch americk\u00fdch administrativ.<\/span><\/p>\n<p><span dir=\"auto\">To vyvol\u00e1v\u00e1 ot\u00e1zku, zda se na jedn\u00e1n\u00ed USA s Kubou vztahuje stejn\u00fd princip jako na jedn\u00e1n\u00ed s \u00cdr\u00e1nem. Trumpova administrativa jak loni v l\u00e9t\u011b, tak i nyn\u00ed vyu\u017eila jedn\u00e1n\u00ed s \u00cdr\u00e1nem k tomu, aby \u00cdr\u00e1n ukol\u00e9bala fale\u0161n\u00fdm pocitem bezpe\u010d\u00ed, ne\u017e zah\u00e1jila p\u0159ekvapiv\u00e9 \u00fatoky. Pl\u00e1nuje Trump n\u011bco podobn\u00e9ho s Kubou?<\/span><\/p>\n<p><span dir=\"auto\">Jeliko\u017e je tato ot\u00e1zka legitimn\u00ed a v\u0161echny americk\u00e9 administrativy od prezidenta Eisenhowera bojovaly s kub\u00e1nskou vl\u00e1dou, vyhovovalo by Trumpovu egu chlubit se, \u017ee je to mu\u017e, kter\u00fd kone\u010dn\u011b po t\u00e9m\u011b\u0159 70 letech vy\u0159e\u0161il \u201ekub\u00e1nskou ot\u00e1zku\u201c v z\u00e1jmu USA.<\/span><\/p>\n<p><span dir=\"auto\">Ot\u00e1zkou v\u0161ak z\u016fst\u00e1v\u00e1, zda k tomu USA st\u00e1le maj\u00ed s\u00edlu. Kub\u00e1nsk\u00e1 vl\u00e1da je pevn\u011b u moci, i kdy\u017e chudoba je jist\u011b hlavn\u00edm zdrojem nespokojenosti. Je pochybn\u00e9, zda Trump, stejn\u011b jako ve Venezuele, najde v kub\u00e1nsk\u00e9m veden\u00ed lidi ochotn\u00e9 s n\u00edm spolupracovat a dostat Kubu, stejn\u011b jako p\u0159ed n\u00ed Venezuela, pod faktickou vl\u00e1du USA. Na tuto ot\u00e1zku v tuto chv\u00edli pravd\u011bpodobn\u011b nikdo nezn\u00e1 odpov\u011b\u010f.<\/span><\/p>\n<p><span dir=\"auto\">Alternativou by byl vojensk\u00fd \u00fatok podobn\u00fd tomu proti \u00cdr\u00e1nu. Do roku 1990 byly kub\u00e1nsk\u00e9 ozbrojen\u00e9 s\u00edly pova\u017eov\u00e1ny za nejlep\u0161\u00ed v Latinsk\u00e9 Americe, ale to bylo p\u0159ed 35 lety. Podle dostupn\u00fdch informac\u00ed je vybaven\u00ed kub\u00e1nsk\u00fdch ozbrojen\u00fdch sil zastaral\u00e9. Tvo\u0159\u00ed ho t\u00e9m\u011b\u0159 v\u00fdhradn\u011b zbra\u0148ov\u00e9 syst\u00e9my vyroben\u00e9 v Sov\u011btsk\u00e9m svazu b\u011bhem studen\u00e9 v\u00e1lky. Kub\u00e1nskou protivzdu\u0161nou obranu lze tak\u00e9 jen st\u011b\u017e\u00ed ozna\u010dit za modern\u00ed.<\/span><\/p>\n<p><span dir=\"auto\">To by nazna\u010dovalo, \u017ee Kuba by pro USA byla snadn\u00fdm soupe\u0159em, zejm\u00e9na proto, \u017ee kub\u00e1nsk\u00e9 ozbrojen\u00e9 s\u00edly maj\u00ed pouze asi 50 000 voj\u00e1k\u016f a 40 000 z\u00e1lo\u017en\u00edk\u016f. Kuba m\u00e1 v\u0161ak 1,1 milionu paramilit\u00e1rn\u00edch jednotek, kter\u00e9 by v p\u0159\u00edpad\u011b americk\u00e9ho \u00fatoku pravd\u011bpodobn\u011b p\u016fsobily jako partyz\u00e1ni, co\u017e by mohlo americk\u00fdm jednotk\u00e1m zp\u016fsobit zna\u010dn\u00e9 ztr\u00e1ty, jak uk\u00e1zaly v\u00e1lky v Afgh\u00e1nist\u00e1nu a Vietnamu.<\/span><\/p>\n<p><span dir=\"auto\">To by sotva byla vojensk\u00e1 proch\u00e1zka r\u016f\u017eovou zahradou a je tak\u00e9 ot\u00e1zkou, zda by americk\u00e1 arm\u00e1da, kter\u00e1 si v sou\u010dasn\u00e9 dob\u011b v \u00cdr\u00e1nu dost\u00e1v\u00e1 krvav\u00fd nos, byla motivov\u00e1na k v\u00e1lce proti Kub\u011b.<\/span><\/p>\n<p><span dir=\"auto\">Samoz\u0159ejm\u011b, \u017ee zde pouze spekuluji, ale vzhledem k tomu, co USA v sou\u010dasn\u00e9 dob\u011b za\u017e\u00edvaj\u00ed v \u00cdr\u00e1nu, pova\u017euji vojensk\u00fd \u00fatok na Kubu v sou\u010dasn\u00e9 dob\u011b za nepravd\u011bpodobn\u00fd.<\/span><\/p>\n<p><span dir=\"auto\">To v\u0161ak nevylu\u010duje mo\u017enost, \u017ee by Trump mohl zopakovat venezuelsk\u00fd sc\u00e9n\u00e1\u0159 na Kub\u011b, zejm\u00e9na proto, \u017ee ministr zahrani\u010d\u00ed Rubio, s\u00e1m Kub\u00e1nec v exilu, zjevn\u011b usilovn\u011b prosazuje zm\u011bnu re\u017eimu v zemi. A zejm\u00e9na v p\u0159\u00edpad\u011b ne\u00fasp\u011bchu v \u00cdr\u00e1nu by Trump mohl b\u00fdt v poku\u0161en\u00ed j\u00edt p\u0159ed podzimn\u00edmi volbami naplno a pokusit se prezentovat \u00fasp\u011b\u0161nou v\u00e1lku jako kone\u010dn\u00fd v\u00fdsledek.<\/span><\/p>\n<p><a href=\"https:\/\/anti-spiegel.ru\/2026\/haben-die-usa-noch-die-kraft-fuer-eine-operation-gegen-kuba\/\">Thomas R\u00f6per<\/a><\/p>\n<p><img decoding=\"async\" loading=\"lazy\" class=\"alignnone  wp-image-22016\" src=\"http:\/\/www.infokuryr.cz\/n\/wp-content\/uploads\/2023\/01\/Thomas-Roper-298x300.jpg\" alt=\"\" width=\"149\" height=\"150\" srcset=\"https:\/\/www.infokuryr.cz\/n\/wp-content\/uploads\/2023\/01\/Thomas-Roper-298x300.jpg 298w, https:\/\/www.infokuryr.cz\/n\/wp-content\/uploads\/2023\/01\/Thomas-Roper-150x150.jpg 150w, https:\/\/www.infokuryr.cz\/n\/wp-content\/uploads\/2023\/01\/Thomas-Roper.jpg 596w\" sizes=\"(max-width: 149px) 100vw, 149px\" \/><\/p>\n<p>&nbsp;<\/p>\n","protected":false},"excerpt":{"rendered":"<p>Trump prohl\u00e1sil, \u017ee si zaslou\u017e\u00ed \u010dest \u201edob\u00fdt Kubu\u201c. Ale po chybn\u00e9m odhadu v \u00cdr\u00e1nu, maj\u00ed&#8230;<\/p>\n","protected":false},"author":2,"featured_media":102165,"comment_status":"closed","ping_status":"closed","sticky":false,"template":"","format":"standard","meta":[],"categories":[7],"tags":[45,1503,135,125,452,37],"_links":{"self":[{"href":"https:\/\/www.infokuryr.cz\/n\/wp-json\/wp\/v2\/posts\/102164"}],"collection":[{"href":"https:\/\/www.infokuryr.cz\/n\/wp-json\/wp\/v2\/posts"}],"about":[{"href":"https:\/\/www.infokuryr.cz\/n\/wp-json\/wp\/v2\/types\/post"}],"author":[{"embeddable":true,"href":"https:\/\/www.infokuryr.cz\/n\/wp-json\/wp\/v2\/users\/2"}],"replies":[{"embeddable":true,"href":"https:\/\/www.infokuryr.cz\/n\/wp-json\/wp\/v2\/comments?post=102164"}],"version-history":[{"count":0,"href":"https:\/\/www.infokuryr.cz\/n\/wp-json\/wp\/v2\/posts\/102164\/revisions"}],"wp:featuredmedia":[{"embeddable":true,"href":"https:\/\/www.infokuryr.cz\/n\/wp-json\/wp\/v2\/media\/102165"}],"wp:attachment":[{"href":"https:\/\/www.infokuryr.cz\/n\/wp-json\/wp\/v2\/media?parent=102164"}],"wp:term":[{"taxonomy":"category","embeddable":true,"href":"https:\/\/www.infokuryr.cz\/n\/wp-json\/wp\/v2\/categories?post=102164"},{"taxonomy":"post_tag","embeddable":true,"href":"https:\/\/www.infokuryr.cz\/n\/wp-json\/wp\/v2\/tags?post=102164"}],"curies":[{"name":"wp","href":"https:\/\/api.w.org\/{rel}","templated":true}]}}