{"id":10216,"date":"2022-05-03T03:34:39","date_gmt":"2022-05-03T01:34:39","guid":{"rendered":"http:\/\/www.infokuryr.cz\/n\/?p=10216"},"modified":"2022-05-03T03:34:39","modified_gmt":"2022-05-03T01:34:39","slug":"plan-oznameny-v-kyjeve-vykopnout-z-nato-a-rozdelit-madarsko","status":"publish","type":"post","link":"https:\/\/www.infokuryr.cz\/n\/2022\/05\/03\/plan-oznameny-v-kyjeve-vykopnout-z-nato-a-rozdelit-madarsko\/","title":{"rendered":"Pl\u00e1n ozn\u00e1men\u00fd v Kyjev\u011b: Vykopnout z NATO a rozd\u011blit Ma\u010farsko"},"content":{"rendered":"<div id=\"fb-root\"><\/div>\n<p><strong>Ma\u010farsko nem\u00e1 mezi \u010dlensk\u00fdmi zem\u011bmi NATO m\u00edsto, proto\u017ee politika Budape\u0161ti \u201eneodpov\u00edd\u00e1 demokratick\u00fdm princip\u016fm rozvoje t\u00e9to instituce\u201c.<\/strong><\/p>\n<p>Aleksij Danilov, tajemn\u00edk Rady bezpe\u010dnosti Ukrajiny, to uvedl ve vys\u00edl\u00e1n\u00ed televizn\u00edho kan\u00e1lu Rada, uv\u00e1d\u00ed PolitNavigator.<\/p>\n<p><em>\u201ePokud jde o situaci, kdy jste p\u0159ijati do NATO, existuje takov\u00fd princip konsensu, bohu\u017eel v posledn\u00ed dob\u011b ne v\u0161echny zem\u011b dodr\u017euj\u00ed demokratick\u00e9 principy rozvoje t\u00e9to instituce.\u00a0Nap\u0159\u00edklad Ma\u010farsko, kter\u00e9 se otev\u0159en\u011b hl\u00e1s\u00ed ke spolupr\u00e1ci s Ruskou federac\u00ed.\u00a0Nav\u00edc Ma\u010farsko bylo Putinem p\u0159edem varov\u00e1no, \u017ee dojde k \u00fatoku na na\u0161i zemi.<\/em><\/p>\n<p><em>Vid\u011bli jste jeho pozici, z n\u011bjak\u00e9ho d\u016fvodu v\u011b\u0159\u00ed, \u017ee by mohli zabrat \u010d\u00e1st \u00fazem\u00ed.\u00a0To se nikdy nestane.\u00a0 V\u00edt\u011bzstv\u00ed bude jist\u011b na\u0161e.\u00a0A ta zem\u011b, kter\u00e1 se tak chov\u00e1, je\u0161t\u011b uvid\u00edme, jak\u00e9 d\u016fsledky bude m\u00edt tato v\u00e1lka pro tuto zemi,\u201c<\/em>\u00a0\u0159ekl Danilov.<\/p>\n<p>Kyjevsk\u00fd politolog Aleksij Golobuckij v\u011b\u0159\u00ed, \u017ee Ukrajina m\u016f\u017ee vzn\u00e9st n\u00e1roky i na Ma\u010farsko.<\/p>\n<p><em>\u201ePokud Ma\u010farsko pl\u00e1novalo ovl\u00e1dnout \u00fazem\u00ed pora\u017een\u00e9 Ukrajiny, Ukrajina bude m\u00edt pr\u00e1vo zrcadlit akce\u2026 Pot\u00e9, co bude Ma\u010farsko kv\u016fli spolupr\u00e1ci s teroristick\u00fdm st\u00e1tem, s re\u017eimem krvav\u00fdch kat\u016f a vrah\u016f\u00a0<\/em><em>definitivn\u011b vyhozeno z NATO a EU<\/em>\u00a0<em>(proto\u017ee tam je pozice Orb\u00e1nova re\u017eimu ji\u017e dlouho trnem v oku), se Ukrajina m\u016f\u017ee klidn\u011b p\u0159idat i k demont\u00e1\u017ei Ma\u010farska,\u201c<\/em>\u00a0chlub\u00ed se na sv\u00e9m blogu Golobuckij.<\/p>\n<p>Vojensk\u00fd zpravodaj Jevgenij Poddubnyj se domn\u00edv\u00e1, \u017ee agresivn\u00ed prohl\u00e1\u0161en\u00ed z Kyjeva jsou podn\u011bcov\u00e1na ze Spojen\u00fdch st\u00e1t\u016f:<\/p>\n<p><em>\u201e\u010c\u00edm v\u00edce americk\u00fdch letadel p\u0159ist\u00e1v\u00e1 v polsk\u00e9m uzlu a bylo jich 14 b\u011bhem jedin\u00e9ho dne a to pouze ze Spojen\u00fdch st\u00e1t\u016f, t\u00edm militantn\u011bj\u0161\u00ed jsou projevy,\u201c<\/em>\u00a0komentuje Poddubnyj.<\/p>\n<h2><\/h2>\n<p><iframe loading=\"lazy\" src=\"https:\/\/ok.ru\/videoembed\/3611727039108\" width=\"800\" height=\"440\" frameborder=\"0\" allowfullscreen=\"allowfullscreen\" data-gtm-yt-inspected-1_19=\"true\" data-mce-fragment=\"1\"><\/iframe><\/p>\n<p><a href=\"https:\/\/bit.ly\/3s488Uc\">Zdroj<\/a><\/p>\n<p>&nbsp;<\/p>\n","protected":false},"excerpt":{"rendered":"<p>Ma\u010farsko nem\u00e1 mezi \u010dlensk\u00fdmi zem\u011bmi NATO m\u00edsto, proto\u017ee politika Budape\u0161ti \u201eneodpov\u00edd\u00e1 demokratick\u00fdm princip\u016fm rozvoje t\u00e9to&#8230;<\/p>\n","protected":false},"author":2,"featured_media":9743,"comment_status":"closed","ping_status":"closed","sticky":false,"template":"","format":"standard","meta":[],"categories":[7],"tags":[221,78,39,1505],"_links":{"self":[{"href":"https:\/\/www.infokuryr.cz\/n\/wp-json\/wp\/v2\/posts\/10216"}],"collection":[{"href":"https:\/\/www.infokuryr.cz\/n\/wp-json\/wp\/v2\/posts"}],"about":[{"href":"https:\/\/www.infokuryr.cz\/n\/wp-json\/wp\/v2\/types\/post"}],"author":[{"embeddable":true,"href":"https:\/\/www.infokuryr.cz\/n\/wp-json\/wp\/v2\/users\/2"}],"replies":[{"embeddable":true,"href":"https:\/\/www.infokuryr.cz\/n\/wp-json\/wp\/v2\/comments?post=10216"}],"version-history":[{"count":0,"href":"https:\/\/www.infokuryr.cz\/n\/wp-json\/wp\/v2\/posts\/10216\/revisions"}],"wp:featuredmedia":[{"embeddable":true,"href":"https:\/\/www.infokuryr.cz\/n\/wp-json\/wp\/v2\/media\/9743"}],"wp:attachment":[{"href":"https:\/\/www.infokuryr.cz\/n\/wp-json\/wp\/v2\/media?parent=10216"}],"wp:term":[{"taxonomy":"category","embeddable":true,"href":"https:\/\/www.infokuryr.cz\/n\/wp-json\/wp\/v2\/categories?post=10216"},{"taxonomy":"post_tag","embeddable":true,"href":"https:\/\/www.infokuryr.cz\/n\/wp-json\/wp\/v2\/tags?post=10216"}],"curies":[{"name":"wp","href":"https:\/\/api.w.org\/{rel}","templated":true}]}}