{"id":102139,"date":"2026-03-17T00:33:01","date_gmt":"2026-03-16T23:33:01","guid":{"rendered":"https:\/\/www.infokuryr.cz\/n\/?p=102139"},"modified":"2026-03-16T18:32:34","modified_gmt":"2026-03-16T17:32:34","slug":"jana-markova-pripad-natalie-vachatova","status":"publish","type":"post","link":"https:\/\/www.infokuryr.cz\/n\/2026\/03\/17\/jana-markova-pripad-natalie-vachatova\/","title":{"rendered":"Jana Markov\u00e1: P\u0159\u00edpad Nat\u00e1lie Vachatov\u00e1"},"content":{"rendered":"<div id=\"fb-root\"><\/div>\n<h4><strong>Aneb s\u00e1hn\u011bte jim na pen\u00edze a ten kv\u00edkot by jim z\u00e1vid\u011bla sme\u010dka podsvin\u010dat.<\/strong><\/h4>\n<p>V\u0161ichni jsme asi v posledn\u00edch dnech zaznamenali hysterickou reakci m\u00e9di\u00ed a zvl\u00e1\u0161t\u011b n\u011bkter\u00fdch vybran\u00fdch jedinc\u016f na to, \u017ee by nov\u00e1 Babi\u0161ova vl\u00e1da r\u00e1da zpr\u016fhlednila politick\u00e9 neziskovky u n\u00e1s. A anga\u017eovala si na to poradkyni spojenou s\u00a0<a href=\"https:\/\/www.facebook.com\/SOSprojevu?__cft__[0]=AZYc6GveXdPCKUuQ72a8H1DvIH1DglQ4NDsKYY8DT1omUar-J54Zhiz-UhvGaXiqGFMe750En2sjOuYFZF3UGW1ohdLgFJ-dC-PAgsCzIrJo3O6Rd0iYWilm45th1kX2SZ7ncI_cq77-OKSZY8bk6rKx3W6zLz-5jbPxHWWfCP4u0g&amp;__tn__=-]K-R\">Spole\u010dnost pro obranu svobody projevu<\/a>, kter\u00e1 se t\u00edm dlouhodob\u011b zab\u00fdv\u00e1. Nic v\u00ed, nic m\u00ed\u0148. Ve zkratce jde o to, aby ka\u017ed\u00e1 takov\u00e1 neziskovka musela prok\u00e1zat p\u016fvod sv\u00e9ho sv\u00e9ho financov\u00e1n\u00ed, proto\u017ee kdo ma\u017ee (plat\u00ed), ten jede a vel\u00ed. Asi by se zd\u00e1lo, \u017ee na tom nen\u00ed ni\u010d \u0161patn\u00e9ho, proto\u017ee ten kdo nem\u00e1 co skr\u00fdvat a \u017e\u00e1dn\u00e1 \u0161m\u00e9\u010dka ned\u011bl\u00e1, by nem\u011bl d\u016fvod panicky je\u010det. Taky si jist\u011b mnoz\u00ed z v\u00e1s na soci\u00e1ln\u00edch i jin\u00fdch medi\u00e1ln\u00edch platform\u00e1ch za\u017eili od libtard\u016f takov\u00e9 to \u201eKdo t\u011b plat\u00ed?\u201c. Tak\u017ee nem\u011bli by pr\u00e1v\u011b oni b\u00fdt \u0161t\u011bst\u00edm bez sebe, \u017ee se to kone\u010dn\u011b uk\u00e1\u017ee? \u017de se kone\u010dn\u011b uk\u00e1\u017ee ta pavu\u010dina rusk\u00fdch pen\u011bz tekouc\u00ed proudem Niag\u00e1ry ke v\u0161em t\u011bm dezol\u00e1t\u016fm prost\u0159ednictv\u00edm tajn\u00fdch organizac\u00ed?\u00a0<img decoding=\"async\" loading=\"lazy\" src=\"https:\/\/static.xx.fbcdn.net\/images\/emoji.php\/v9\/t51\/1\/16\/1f603.png\" alt=\"\ud83d\ude03\" width=\"16\" height=\"16\" \/>\u00a0Sv\u011bte div se, nejsou. Dezol\u00e1ti jsou v klidu, proto\u017ee by se nejsp\u00ed\u0161 uk\u00e1zalo, \u017ee to cel\u00e9 je jen smy\u0161len\u00e1 pitomost a oni se mohou zm\u00edtnout. Pro\u010d asi. Proto\u017ee by se uk\u00e1zalo, jak moc lid\u00ed je zde poplatn\u00fdch a placen\u00fdch \u201evlasteneck\u00e9\u201c demokracii z Bruselu? Nebo odjinud? Najednou je transparentnost n\u011bco jako mor a cholera kombinovan\u00e1 syfilisem. Tak hlavn\u011b, \u017ee si na to oni po\u0159\u00eddili z\u00e1kon o \u010dinnosti pro ciz\u00ed moc. Ale asi jen tu jednu. Ehm\u2026.<\/p>\n<p>Kdo nejv\u00edc je\u010d\u00ed? Je jich hodn\u011b, ale zmi\u0148me nap\u0159\u00edklad Romana M\u00e1cu, kter\u00fd je kv\u016fli Nat\u00e1lii \u00fapln\u011b bez sebe nebo Lipavsk\u00e9ho, kter\u00fd zase zu\u0159iv\u011b interpeluje premi\u00e9ra nebo Adrianu \u010cernou. Aby nebyli za \u00fapln\u00e9 trap\u00e1ky, tak nenapadaj\u00ed ani tak to vznikaj\u00edc\u00ed na\u0159\u00edzen\u00ed, ale hlavn\u011b jeho domn\u011blou autorku, proto\u017ee n\u011bkdo na\u0161el v n\u011bjak\u00e9m nejsp\u00ed\u0161e \u0161lohnut\u00e9m souboru jej\u00ed metadata z po\u010d\u00edta\u010de. Zcela \u00fa\u010delov\u011b t\u00edm spustili takov\u00fd ten bol\u0161evick\u00fd normaliza\u010dn\u00ed lyn\u010d, kdy se pokou\u0161ej\u00ed zastra\u0161it danou osobu tak, aby to rad\u011bji u\u017e nikoho dal\u0161\u00edho nenapadlo a osoba to rad\u011bji vzdala. Humus nejv\u011bt\u0161\u00ed. Ale celkem p\u0159\u00edzna\u010dn\u00e9.<\/p>\n<p><strong>Co tedy mimo jin\u00e9 PR\u00dd vad\u00ed:<\/strong><\/p>\n<p>\u2013 Pr\u00fd m\u00e1 bratra, co pracuje v Rusku. No a? Folt\u00fdn m\u011bl zase bratra odsouzen\u00e9ho za loupe\u017e a vyd\u00edr\u00e1n\u00ed. Byl proto bezpe\u010dnostn\u00ed hrozba? Ne, to bylo \u0159e\u010d\u00ed, \u017ee za bratra nikdo nem\u016f\u017ee. Ale tohle je jin\u00e9. Jin\u00fd bratr jin\u00e9 osoby. Aha.<\/p>\n<p>\u2013 Pr\u00fd psala do Sputniku. V\u00edte, \u017ee cokoliv co zve\u0159ejn\u00edte na FB si m\u016f\u017ee p\u0159evz\u00edt jak\u00e9koliv m\u00e9dium a vy s t\u00edm neud\u011bl\u00e1te v\u016fbec nic? D\u011bje se mi to b\u011b\u017en\u011b a je to prost\u011b sou\u010d\u00e1st tohoto prostoru. Katastrofa, \u017ee?\u00a0<img decoding=\"async\" loading=\"lazy\" src=\"https:\/\/static.xx.fbcdn.net\/images\/emoji.php\/v9\/t4c\/1\/16\/1f642.png\" alt=\"\ud83d\ude42\" width=\"16\" height=\"16\" \/><\/p>\n<p>\u2013 \u017de se jednou na akci nechala vyfotit s poslancem AfD Bystron\u011bm? Ano, to je katastrofa a ur\u010dit\u011b to znamen\u00e1, \u017ee dostala p\u016flku jeho \u00fadajn\u00fdch pen\u011bz z Ruska. T\u0159eba jako j\u00e1 p\u016flku z honor\u00e1\u0159\u016f Freddieho Mercuryho, kdy\u017e s n\u00edm m\u00e1m fotku v Muzeu voskov\u00fdch figur\u00edn.<\/p>\n<p>\u2013 \u017de \u0159ekla, \u017ee jakkoliv je to problematick\u00e9, v\u011bt\u0161ina lid\u00ed v Rusku Putina vol\u00ed? No a ne? Nav\u00edc podstatou odpov\u011bdi k filmu!!! byl americk\u00fd dota\u010dn\u00ed program, nikoliv demokracie v Rusku.<\/p>\n<p><strong>Co ale asi vad\u00ed skute\u010dn\u011b:<\/strong><\/p>\n<p>\u2013 \u017de se bude vid\u011bt, odkud pen\u00edze do neziskovek proud\u00ed.<\/p>\n<p>\u2013 \u017de se bude vid\u011bt, kolik jak\u00fdch lid\u00ed a za kolik je na n\u011b p\u0159is\u00e1t\u00fdch<\/p>\n<p>A na z\u00e1v\u011br. Tento z\u00e1kon nem\u00e1 p\u016fvod v Rusku, ale v Americe pod n\u00e1zvem FARA. A mimochodem holky a kluci i EU p\u0159ipravuje vlastn\u00ed bal\u00ed\u010dek na \u201eochranu demokracie\u201c, kter\u00fd m\u00e1 t\u00e9\u017e zav\u00e9st registr transparentnosti pro subjekty zastupuj\u00edc\u00ed z\u00e1jmy t\u0159et\u00edch zem\u00ed. Tak\u017ee tak. A Nat\u00e1lii dr\u017e\u00edm palce a v\u011b\u0159\u00edm, \u017ee tenhle humus p\u0159ekon\u00e1, proto\u017ee my jsme na to dlouhodob\u011b zvykl\u00ed a nen\u00ed na to sama. A kone\u010dn\u011b se uk\u00e1\u017ee, kdo s k\u00fdm a za kolik. To p\u0159ece chceme v\u0161ichni, ne? Aha, tak ne.<\/p>\n<p><a href=\"https:\/\/web.litterate.cz\/pripad-natalie-vachatova\/\">Jana Markov\u00e1<\/a><\/p>\n<p><img decoding=\"async\" loading=\"lazy\" class=\"alignnone size-full wp-image-34862\" src=\"http:\/\/www.infokuryr.cz\/n\/wp-content\/uploads\/2023\/08\/jana-markova.jpg\" alt=\"\" width=\"180\" height=\"180\" srcset=\"https:\/\/www.infokuryr.cz\/n\/wp-content\/uploads\/2023\/08\/jana-markova.jpg 180w, https:\/\/www.infokuryr.cz\/n\/wp-content\/uploads\/2023\/08\/jana-markova-150x150.jpg 150w\" sizes=\"(max-width: 180px) 100vw, 180px\" \/><\/p>\n<p>&nbsp;<\/p>\n","protected":false},"excerpt":{"rendered":"<p>Aneb s\u00e1hn\u011bte jim na pen\u00edze a ten kv\u00edkot by jim z\u00e1vid\u011bla sme\u010dka podsvin\u010dat. V\u0161ichni jsme&#8230;<\/p>\n","protected":false},"author":2,"featured_media":102140,"comment_status":"closed","ping_status":"closed","sticky":false,"template":"","format":"standard","meta":[],"categories":[6],"tags":[45,1503,69,10751],"_links":{"self":[{"href":"https:\/\/www.infokuryr.cz\/n\/wp-json\/wp\/v2\/posts\/102139"}],"collection":[{"href":"https:\/\/www.infokuryr.cz\/n\/wp-json\/wp\/v2\/posts"}],"about":[{"href":"https:\/\/www.infokuryr.cz\/n\/wp-json\/wp\/v2\/types\/post"}],"author":[{"embeddable":true,"href":"https:\/\/www.infokuryr.cz\/n\/wp-json\/wp\/v2\/users\/2"}],"replies":[{"embeddable":true,"href":"https:\/\/www.infokuryr.cz\/n\/wp-json\/wp\/v2\/comments?post=102139"}],"version-history":[{"count":0,"href":"https:\/\/www.infokuryr.cz\/n\/wp-json\/wp\/v2\/posts\/102139\/revisions"}],"wp:featuredmedia":[{"embeddable":true,"href":"https:\/\/www.infokuryr.cz\/n\/wp-json\/wp\/v2\/media\/102140"}],"wp:attachment":[{"href":"https:\/\/www.infokuryr.cz\/n\/wp-json\/wp\/v2\/media?parent=102139"}],"wp:term":[{"taxonomy":"category","embeddable":true,"href":"https:\/\/www.infokuryr.cz\/n\/wp-json\/wp\/v2\/categories?post=102139"},{"taxonomy":"post_tag","embeddable":true,"href":"https:\/\/www.infokuryr.cz\/n\/wp-json\/wp\/v2\/tags?post=102139"}],"curies":[{"name":"wp","href":"https:\/\/api.w.org\/{rel}","templated":true}]}}