{"id":102132,"date":"2026-03-17T00:29:05","date_gmt":"2026-03-16T23:29:05","guid":{"rendered":"https:\/\/www.infokuryr.cz\/n\/?p=102132"},"modified":"2026-03-16T17:15:34","modified_gmt":"2026-03-16T16:15:34","slug":"jiri-vyvadil-spravny-krok-putina-trumpovi-navzdory","status":"publish","type":"post","link":"https:\/\/www.infokuryr.cz\/n\/2026\/03\/17\/jiri-vyvadil-spravny-krok-putina-trumpovi-navzdory\/","title":{"rendered":"Ji\u0159\u00ed Vyvadil: Spr\u00e1vn\u00fd krok Putina, Trumpovi navzdory"},"content":{"rendered":"<div id=\"fb-root\"><\/div>\n<p><strong>Zat\u00edmco se Trump po vra\u017ed\u011b ajatoll\u00e1ha Chamene\u00edho ve\u0159ejn\u011b t\u011b\u0161il, \u017ee nech\u00e1 zavra\u017edit jeho syna, kter\u00fd byl zvolen jeho n\u00e1stupcem, rozhodl Vladim\u00edr Putin, \u017ee tomu bude jinak.<\/strong><\/p>\n<p style=\"font-weight: 400;\">Uprost\u0159ed\u00a0 brut\u00e1ln\u00ed ir\u00e1nsko-izraelsk\u00e9 v\u00e1lky se objevily zpr\u00e1vy, potvrzen\u00e9 z\u00a0n\u011bkolika stran, \u017ee \u00a0nov\u00fd \u00edr\u00e1nsk\u00fd nejvy\u0161\u0161\u00ed v\u016fdce Mod\u017et\u00e1ba Chamene\u00ed byl tajn\u011b letecky p\u0159evezen do Moskvy na operaci nohy, kterou mu osobn\u011b nab\u00eddl Vladimir Putin, pot\u00e9, co byl t\u011b\u017ece zran\u011bn p\u0159i n\u00e1letech.<\/p>\n<p><img decoding=\"async\" loading=\"lazy\" class=\"wp-image-101420 aligncenter\" src=\"http:\/\/www.infokuryr.cz\/n\/wp-content\/uploads\/2026\/03\/iran-vudce-novy-1-300x169.jpg\" alt=\"\" width=\"566\" height=\"319\" srcset=\"https:\/\/www.infokuryr.cz\/n\/wp-content\/uploads\/2026\/03\/iran-vudce-novy-1-300x169.jpg 300w, https:\/\/www.infokuryr.cz\/n\/wp-content\/uploads\/2026\/03\/iran-vudce-novy-1.jpg 768w\" sizes=\"(max-width: 566px) 100vw, 566px\" \/><\/p>\n<p style=\"font-weight: 400;\">Podle zpr\u00e1v se operace zda\u0159ila a Mod\u017et\u00e1ba Chamene\u00ed je ubytov\u00e1n za p\u0159\u00edsn\u011b bezpe\u010dnostn\u00edch podm\u00ednek, kter\u00e9 doufejme nep\u0159ekonaj\u00ed agenti Mossadu \u010di CIA v\u00a0jednom se Putinov\u011b pal\u00e1ci.<\/p>\n<p style=\"font-weight: 400;\">To je skv\u011bl\u00e1 zpr\u00e1va a nesporn\u011b jde i o klasick\u00fd pokerov\u00fd pol\u00ed\u010dek Putina ve sm\u011bru k\u00a0Trumpovi, \u017ee op\u011bt ud\u011blal zcela n\u011bco jin\u00e9ho, ne\u017e co by si Trump p\u0159\u00e1l.<\/p>\n<p style=\"font-weight: 400;\">Je to v\u00fdznamn\u00fd symbolick\u00fd akt, \u017ee Trump zkr\u00e1tka nerozhoduje o v\u0161em a nesm\u00ed o\u00a0\u00a0v\u0161em rozhodovat, \u017ee Ir\u00e1n a jeho p\u0159edstavitel, o kter\u00e9m tvrd\u00ed, \u017ee u\u017e je zni\u010den se jen tak ned\u00e1.<\/p>\n<p style=\"font-weight: 400;\">Uprost\u0159ed situace, kdy nap\u0159\u00edklad i se st\u00e1ty\u00a0\u00a0NATO se odm\u00edtaj\u00ed podrobit Trumpovu n\u00e1tlaku chr\u00e1nit Hormuzsk\u00fd pr\u016fliv ukazuje Putin, u n\u00e1s jist\u011b v\u0161eobecn\u011b nen\u00e1vid\u011bn\u00fd, \u017ee m\u00e1 smysl pro dodr\u017eov\u00e1n\u00ed partnerstv\u00ed, kter\u00e9 zem\u011b kritick\u00e9 k\u00a0USA\u00a0\u00a0jist\u011b nesm\u00edrn\u011b ocen\u00ed<\/p>\n<p style=\"font-weight: 400;\">A kdy\u017e Trump st\u00e1le tvrd\u00ed, jak m\u00e1 v\u0161echno pod kontrolou, pak asi nem\u00e1. Rusk\u00e9 vojensk\u00e9 letadlo se vz\u00e1cn\u00fdm pasa\u017e\u00e9rem zachytit neum\u011bl.<\/p>\n<p style=\"font-weight: 400;\">A Mol\u017et\u00e1ba Chamenei\u00a0\u00a0m\u016f\u017ee d\u00e1vat do Ir\u00e1nu pokyny z\u00a0Moskvy.<\/p>\n<p style=\"font-weight: 400;\">Ne o v\u0161em rozhoduje Washington.<\/p>\n<p><a href=\"https:\/\/vasevec.info\/komentare\/spravny-krok-putina-trumpovi-navzdory\">Ji\u0159\u00ed Vyvadil<\/a><\/p>\n<p><img decoding=\"async\" loading=\"lazy\" class=\"alignnone size-medium wp-image-16474\" src=\"http:\/\/www.infokuryr.cz\/n\/wp-content\/uploads\/2022\/10\/jiri-vyvadil-300x200.jpg\" alt=\"\" width=\"300\" height=\"200\" srcset=\"https:\/\/www.infokuryr.cz\/n\/wp-content\/uploads\/2022\/10\/jiri-vyvadil-300x200.jpg 300w, https:\/\/www.infokuryr.cz\/n\/wp-content\/uploads\/2022\/10\/jiri-vyvadil-768x512.jpg 768w, https:\/\/www.infokuryr.cz\/n\/wp-content\/uploads\/2022\/10\/jiri-vyvadil.jpg 800w\" sizes=\"(max-width: 300px) 100vw, 300px\" \/><\/p>\n<p>&nbsp;<\/p>\n","protected":false},"excerpt":{"rendered":"<p>Zat\u00edmco se Trump po vra\u017ed\u011b ajatoll\u00e1ha Chamene\u00edho ve\u0159ejn\u011b t\u011b\u0161il, \u017ee nech\u00e1 zavra\u017edit jeho syna, kter\u00fd&#8230;<\/p>\n","protected":false},"author":2,"featured_media":84631,"comment_status":"closed","ping_status":"closed","sticky":false,"template":"","format":"standard","meta":[],"categories":[6],"tags":[38,1503,102,452,1111],"_links":{"self":[{"href":"https:\/\/www.infokuryr.cz\/n\/wp-json\/wp\/v2\/posts\/102132"}],"collection":[{"href":"https:\/\/www.infokuryr.cz\/n\/wp-json\/wp\/v2\/posts"}],"about":[{"href":"https:\/\/www.infokuryr.cz\/n\/wp-json\/wp\/v2\/types\/post"}],"author":[{"embeddable":true,"href":"https:\/\/www.infokuryr.cz\/n\/wp-json\/wp\/v2\/users\/2"}],"replies":[{"embeddable":true,"href":"https:\/\/www.infokuryr.cz\/n\/wp-json\/wp\/v2\/comments?post=102132"}],"version-history":[{"count":1,"href":"https:\/\/www.infokuryr.cz\/n\/wp-json\/wp\/v2\/posts\/102132\/revisions"}],"predecessor-version":[{"id":102133,"href":"https:\/\/www.infokuryr.cz\/n\/wp-json\/wp\/v2\/posts\/102132\/revisions\/102133"}],"wp:featuredmedia":[{"embeddable":true,"href":"https:\/\/www.infokuryr.cz\/n\/wp-json\/wp\/v2\/media\/84631"}],"wp:attachment":[{"href":"https:\/\/www.infokuryr.cz\/n\/wp-json\/wp\/v2\/media?parent=102132"}],"wp:term":[{"taxonomy":"category","embeddable":true,"href":"https:\/\/www.infokuryr.cz\/n\/wp-json\/wp\/v2\/categories?post=102132"},{"taxonomy":"post_tag","embeddable":true,"href":"https:\/\/www.infokuryr.cz\/n\/wp-json\/wp\/v2\/tags?post=102132"}],"curies":[{"name":"wp","href":"https:\/\/api.w.org\/{rel}","templated":true}]}}