{"id":102130,"date":"2026-03-17T00:32:56","date_gmt":"2026-03-16T23:32:56","guid":{"rendered":"https:\/\/www.infokuryr.cz\/n\/?p=102130"},"modified":"2026-03-16T17:06:11","modified_gmt":"2026-03-16T16:06:11","slug":"monstrum-z-cherbourgu-souzeno-za-znasilneni-francouzky-megane-kostetem-ktere-ji-uvrhlo-do-mesicniho-komatu","status":"publish","type":"post","link":"https:\/\/www.infokuryr.cz\/n\/2026\/03\/17\/monstrum-z-cherbourgu-souzeno-za-znasilneni-francouzky-megane-kostetem-ktere-ji-uvrhlo-do-mesicniho-komatu\/","title":{"rendered":"\u201eMonstrum z Cherbourgu\u201c souzeno za zn\u00e1siln\u011bn\u00ed Francouzky M\u00e9gane ko\u0161t\u011btem, kter\u00e9 ji uvrhlo do m\u011bs\u00ed\u010dn\u00edho k\u00f3matu"},"content":{"rendered":"<div id=\"fb-root\"><\/div>\n<h3 class=\"s-tagline fw-tagline\"><span dir=\"auto\">Podez\u0159el\u00fd opakovan\u011b zn\u00e1sil\u0148oval M\u00e9gan, mimo jin\u00e9 i 75 cm dlouhou n\u00e1sadou od ko\u0161t\u011bte. Do nemocnice dorazila s \u017eivot ohro\u017euj\u00edc\u00edmi vnit\u0159n\u00edmi zran\u011bn\u00edmi, kter\u00e1 byla tak hrozn\u00e1, \u017ee zdravotnick\u00fd person\u00e1l plakal a pot\u0159eboval psychologickou pomoc<\/span><\/h3>\n<div class=\"e-ct-outer\">\n<div class=\"entry-content rbct clearfix is-highlight-shares\">\n<p><span dir=\"auto\">Oumar Ndiaye, jeden z nejd\u011bsiv\u011bj\u0161\u00edch obvin\u011bn\u00fdch zlo\u010dinc\u016f ve Francii, zn\u00e1m\u00fd jako \u201eMonstrum z Cherbourgu\u201c, nyn\u00ed \u010del\u00ed soudu.<\/span><\/p>\n<p><span dir=\"auto\">Ndiaye je od st\u0159edy souzen u porotn\u00edho soudu v Manche. \u010cel\u00ed obvin\u011bn\u00ed ze zn\u00e1siln\u011bn\u00ed, mu\u010den\u00ed a barbarsk\u00fdch \u010din\u016f.<\/span><\/p>\n<p><span dir=\"auto\">Dne 4. srpna 2023 se tehdy\u00a0<\/span><a href=\"https:\/\/rmx.news\/crime\/sexual-predators-and-other-parasites-father-slams-french-governments-silence-after-migrant-tortured-and-raped-his-daughter-megane-into-a-coma-with-a-broomstick\/\"><span dir=\"auto\">osmn\u00e1ctilet\u00fd Ndiaye vloupal do domu 29let\u00e9 M\u00e9gane v Cherbourg-en-Cotentinu<\/span><\/a><span dir=\"auto\">\u00a0. Ndiaye, vysok\u00fd 1,90 metru, vyu\u017eil sv\u00e9 v\u00fd\u0161ky k p\u0159emoci ob\u011b\u0165 a brut\u00e1ln\u011b ji bil po t\u011ble a obli\u010deji.<\/span><\/p>\n<p><span dir=\"auto\">Pot\u00e9 ji opakovan\u011b zn\u00e1silnil, a to jak pohlavn\u00edm stykem, tak i 75 cm dlouhou n\u00e1sadou od ko\u0161t\u011bte.<\/span><\/p>\n<p><span dir=\"auto\">M\u00e9gane dorazila do nemocnice s \u017eivot ohro\u017euj\u00edc\u00edmi vnit\u0159n\u00edmi zran\u011bn\u00edmi, v\u010detn\u011b perforace tlust\u00e9ho st\u0159eva, tenk\u00e9ho st\u0159eva, pob\u0159i\u0161nice a br\u00e1nice. Utrp\u011bla tak\u00e9 kolaps plic a zlomeninu \u017eeber.<\/span><\/p>\n<p><span dir=\"auto\">Z\u00e1chran\u00e1\u0159\u016fm, kte\u0159\u00ed dorazili na m\u00edsto \u010dinu, byla nab\u00eddnuta psychologick\u00e1 p\u00e9\u010de a podpora a mnoho z nich se nad stavem ob\u011bti tak\u00e9 rozplakalo,\u00a0\u00a0\u00a0informoval tehdy den\u00edk\u00a0<\/span><a href=\"https:\/\/www.francebleu.fr\/infos\/faits-divers-justice\/le-viol-avec-actes-de-barbarie-d-une-cherbourgeoise-emeut-jusqu-aux-larmes-le-personnel-de-l-hopital-6995522\"><span dir=\"auto\">France Bleu .<\/span><\/a><\/p>\n<p><span dir=\"auto\">\u201eVy\u0161et\u0159ovatel\u00e9 jsou \u0161okov\u00e1ni, nikdy nevid\u011bli tolik barbarstv\u00ed,\u201c \u0159ekl den\u00edku France Bleu jeden zdroj obezn\u00e1men\u00fd s p\u0159\u00edpadem.<\/span><\/p>\n<p><span dir=\"auto\">Pot\u00e9, co str\u00e1vila m\u011bs\u00edc v k\u00f3matu na pokraji smrti, se 6. z\u00e1\u0159\u00ed 2023 kone\u010dn\u011b probrala k v\u011bdom\u00ed.<\/span><\/p>\n<p><span dir=\"auto\">Kr\u00e1tce pot\u00e9, co se probrala z k\u00f3matu, jej\u00ed otec \u0159ekl: \u201e(Vl\u00e1da) nekomunikuje o tomto \u00fatoku a d\u00e1v\u00e1 z\u00e1sluhy v\u0161em t\u011bmto sexu\u00e1ln\u00edm pred\u00e1tor\u016fm a dal\u0161\u00edm parazit\u016fm spole\u010dnosti, kte\u0159\u00ed su\u017euj\u00ed ulice. Bylo by v\u00edt\u00e1no, kdyby vl\u00e1da upozornila na skute\u010dnost, \u017ee nech\u00e1v\u00e1me takov\u00e9ho jedince s t\u011b\u017ekou krimin\u00e1ln\u00ed minulost\u00ed naprost\u00e9 svobod\u011b. \u201aD\u016fv\u011b\u0159ujte ve spravedlnost,\u2018 bylo n\u00e1m \u0159e\u010deno\u2026 Chceme jen to.\u201c<\/span><\/p>\n<p><span dir=\"auto\">P\u0159esto\u017ee p\u0159e\u017eila, jej\u00ed \u017eivot byl zni\u010den. Podstoupila \u0159adu operac\u00ed a byla nucena se nast\u011bhovat zp\u011bt k matce. Dnes trp\u00ed opakuj\u00edc\u00edmi se no\u010dn\u00edmi m\u016frami a t\u011b\u017ek\u00fdmi depresemi, kter\u00e9 vy\u017eaduj\u00ed neust\u00e1l\u00e9 u\u017e\u00edv\u00e1n\u00ed l\u00e9k\u016f. U\u017e nevych\u00e1z\u00ed z domu sama a musela se vzd\u00e1t jak sv\u00e9 kari\u00e9ry, tak i sv\u00e9 v\u00e1\u0161n\u011b pro sport.<\/span><\/p>\n<p><span dir=\"auto\">Ndiaye byl ve sv\u00e9 \u010dtvrti Octeville ji\u017e dlouho zn\u00e1mou hrozbou, proto\u017ee obyvatel\u00e9 uv\u00e1d\u011bli, \u017ee \u010dasto kou\u0159il konop\u00ed a terorizoval komunitu. V pouh\u00fdch 18 letech se ji\u017e dopustil 17 trestn\u00fdch \u010din\u016f zahrnuj\u00edc\u00edch fyzick\u00e9 napaden\u00ed, kr\u00e1de\u017e a incestn\u00ed sexu\u00e1ln\u00ed napaden\u00ed sv\u00e9 mlad\u0161\u00ed sestry. Znepokojiv\u00e9 je, \u017ee byl v minulosti vy\u0161et\u0159ov\u00e1n v n\u011bkolika p\u0159\u00edpadech zn\u00e1siln\u011bn\u00ed, kter\u00e9 byly v\u0161echny uzav\u0159eny bez dal\u0161\u00edho \u0159\u00edzen\u00ed. Nyn\u00ed mu hroz\u00ed do\u017eivotn\u00ed trest odn\u011bt\u00ed svobody.<\/span><\/p>\n<p><span dir=\"auto\">Podle den\u00edku Le Figaro podez\u0159el\u00fd b\u011bhem policejn\u00ed vazby \u201enevyj\u00e1d\u0159il ani empatii, ani l\u00edtost\u201c nad zlo\u010dinem.<\/span><\/p>\n<p><span dir=\"auto\">P\u0159\u00edpad m\u00e1 tak\u00e9 paralely s \u0159adou dal\u0161\u00edch p\u0159\u00edpad\u016f zn\u00e1siln\u011bn\u00ed cizinc\u016f, o kter\u00fdch Remix News v pr\u016fb\u011bhu let informoval. V jednom z nejtragi\u010dt\u011bj\u0161\u00edch p\u0159\u00edpad\u016f byla dev\u00edtilet\u00e1 \u0161v\u00e9dsk\u00e1 d\u00edvka Luna\u00a0\u00a0<\/span><a href=\"https:\/\/rmx.news\/crime\/after-9-year-old-swedish-schoolgirl-luna-was-strangled-into-a-coma-by-ethiopian-migrant-teen-her-family-faces-a-black-hole-with-no-bottom\/\"><span dir=\"auto\">zn\u00e1siln\u011bna a u\u0161krcena<\/span><\/a><span dir=\"auto\">\u00a0\u00a0do k\u00f3matu patn\u00e1ctilet\u00fdm etiopsk\u00fdm spolu\u017e\u00e1kem, kter\u00fd se v minulosti sexu\u00e1ln\u011b obt\u011b\u017eoval a sledoval \u0161krcen\u00ed pornografie na \u0161koln\u00edch po\u010d\u00edta\u010d\u00edch. V del\u0161\u00edm \u010dl\u00e1nku Remix News\u00a0\u00a0<\/span><a href=\"https:\/\/rmx.news\/crime\/after-9-year-old-swedish-schoolgirl-luna-was-strangled-into-a-coma-by-ethiopian-migrant-teen-her-family-faces-a-black-hole-with-no-bottom\/\"><span dir=\"auto\">informoval<\/span><\/a><span dir=\"auto\">\u00a0\u00a0o tom, jak Lunina rodina \u017eije s t\u00edm, co popisuj\u00ed jako \u201e\u010dernou d\u00edru beze dna\u201c, proto\u017ee kdysi temperamentn\u00ed d\u00edvka u\u017e nem\u016f\u017ee mluvit a z\u016fst\u00e1v\u00e1 upout\u00e1na na invalidn\u00ed voz\u00edk.<\/span><\/p>\n<p><img decoding=\"async\" loading=\"lazy\" class=\"alignnone size-full wp-image-1185\" src=\"http:\/\/www.infokuryr.cz\/n\/wp-content\/uploads\/2021\/04\/kuryr-podpis.png\" alt=\"\" width=\"84\" height=\"24\" \/><\/p>\n<p>&nbsp;<\/p>\n<\/div>\n<\/div>\n","protected":false},"excerpt":{"rendered":"<p>Podez\u0159el\u00fd opakovan\u011b zn\u00e1sil\u0148oval M\u00e9gan, mimo jin\u00e9 i 75 cm dlouhou n\u00e1sadou od ko\u0161t\u011bte. Do nemocnice&#8230;<\/p>\n","protected":false},"author":2,"featured_media":102131,"comment_status":"closed","ping_status":"closed","sticky":false,"template":"","format":"standard","meta":[],"categories":[7],"tags":[130,3463,324,366],"_links":{"self":[{"href":"https:\/\/www.infokuryr.cz\/n\/wp-json\/wp\/v2\/posts\/102130"}],"collection":[{"href":"https:\/\/www.infokuryr.cz\/n\/wp-json\/wp\/v2\/posts"}],"about":[{"href":"https:\/\/www.infokuryr.cz\/n\/wp-json\/wp\/v2\/types\/post"}],"author":[{"embeddable":true,"href":"https:\/\/www.infokuryr.cz\/n\/wp-json\/wp\/v2\/users\/2"}],"replies":[{"embeddable":true,"href":"https:\/\/www.infokuryr.cz\/n\/wp-json\/wp\/v2\/comments?post=102130"}],"version-history":[{"count":0,"href":"https:\/\/www.infokuryr.cz\/n\/wp-json\/wp\/v2\/posts\/102130\/revisions"}],"wp:featuredmedia":[{"embeddable":true,"href":"https:\/\/www.infokuryr.cz\/n\/wp-json\/wp\/v2\/media\/102131"}],"wp:attachment":[{"href":"https:\/\/www.infokuryr.cz\/n\/wp-json\/wp\/v2\/media?parent=102130"}],"wp:term":[{"taxonomy":"category","embeddable":true,"href":"https:\/\/www.infokuryr.cz\/n\/wp-json\/wp\/v2\/categories?post=102130"},{"taxonomy":"post_tag","embeddable":true,"href":"https:\/\/www.infokuryr.cz\/n\/wp-json\/wp\/v2\/tags?post=102130"}],"curies":[{"name":"wp","href":"https:\/\/api.w.org\/{rel}","templated":true}]}}