{"id":102126,"date":"2026-03-17T00:30:49","date_gmt":"2026-03-16T23:30:49","guid":{"rendered":"https:\/\/www.infokuryr.cz\/n\/?p=102126"},"modified":"2026-03-16T16:57:49","modified_gmt":"2026-03-16T15:57:49","slug":"proc-cirkve-hlasi-dalsi-milionovou-ztratu-clenu","status":"publish","type":"post","link":"https:\/\/www.infokuryr.cz\/n\/2026\/03\/17\/proc-cirkve-hlasi-dalsi-milionovou-ztratu-clenu\/","title":{"rendered":"Pro\u010d? C\u00edrkve hl\u00e1s\u00ed dal\u0161\u00ed milionovou ztr\u00e1tu \u010dlen\u016f"},"content":{"rendered":"<div id=\"fb-root\"><\/div>\n<p><strong><span dir=\"auto\">Co si spojujete s protestantskou a katolickou c\u00edrkv\u00ed? S k\u0159es\u0165ansk\u00fdmi hodnotami a spole\u010denstv\u00edm \u2013 respektive s vylou\u010den\u00edm neo\u010dkovan\u00fdch a t\u011bch s odli\u0161n\u00fdmi politick\u00fdmi n\u00e1zory, konvencemi \u201eprobuzen\u00e9\u201c c\u00edrkve, migra\u010dn\u00ed propagandou a zvr\u00e1cen\u011b rouha\u010dsk\u00fdmi my\u0161lenkami? Aktu\u00e1ln\u00ed data ukazuj\u00ed, \u017ee katolick\u00e1 a protestantsk\u00e1 c\u00edrkev v N\u011bmecku nad\u00e1le ztr\u00e1cej\u00ed \u010dleny\u2026<\/span><\/strong><\/p>\n<p><span dir=\"auto\">Klesaj\u00edc\u00ed trend\u00a0<\/span><a href=\"https:\/\/www.bild.de\/politik\/millionenverlust-austrittswelle-bei-kirchen-geht-weiter-69b7e4679c373f2aabf300e2\"><span dir=\"auto\">pokra\u010duje:<\/span><\/a><span dir=\"auto\"> Katolick\u00e1 a protestantsk\u00e1 c\u00edrkev zaznamenaly na konci roku 2025 p\u0159ibli\u017en\u011b o 1,2 milionu m\u00e9n\u011b \u010dlen\u016f ne\u017e v p\u0159edchoz\u00edm roce.<\/span><\/p>\n<p><span dir=\"auto\">Dohromady m\u011bly v t\u00e9 dob\u011b 36,6 milionu \u010dlen\u016f. K protestantsk\u00e9 c\u00edrkvi pat\u0159ilo 17,4 milionu lid\u00ed \u2013 co\u017e je pokles oproti 18 milion\u016fm v roce 2024. Katolick\u00e1 c\u00edrkev m\u011bla na konci roku 2025 19,2 milionu \u010dlen\u016f, oproti 19,8 milionu v roce 2024.<\/span><\/p>\n<p><span dir=\"auto\">Podle EKD (Evangelick\u00e9 c\u00edrkve v N\u011bmecku) se po\u010det \u010dlen\u016f sn\u00ed\u017eil o 3,2 procenta, stejn\u011b jako v p\u0159edchoz\u00edm roce. 350 000 lid\u00ed opustilo jednu z 20 region\u00e1ln\u00edch protestantsk\u00fdch c\u00edrkv\u00ed (p\u0159ibli\u017en\u011b o 5 000 v\u00edce ne\u017e v p\u0159edchoz\u00edm roce). Zem\u0159elo 330 000 \u010dlen\u016f (p\u0159ibli\u017en\u011b o 5 000 m\u00e9n\u011b ne\u017e v roce 2024). Bylo zaznamen\u00e1no pouze 105 000 k\u0159t\u016f a 16 000 nov\u00fdch \u010dlen\u016f.<\/span><\/p>\n<p><span dir=\"auto\">Katolickou c\u00edrkev opustilo p\u0159ibli\u017en\u011b 307 000 lid\u00ed (nejm\u00e9n\u011b o 14 000 m\u00e9n\u011b ne\u017e v p\u0159edchoz\u00edm roce). Bylo zaregistrov\u00e1no 203 000 katolick\u00fdch poh\u0159b\u016f (o \u200b\u200b10 000 m\u00e9n\u011b ne\u017e v p\u0159edchoz\u00edm roce). Prob\u011bhlo 109 000 k\u0159t\u016f, 2 000 konverz\u00ed do katolick\u00e9 c\u00edrkve a 5 000 op\u011btovn\u00fdch p\u0159ijet\u00ed. To v\u0161ak nesta\u010dilo k vyrovn\u00e1n\u00ed \u00fabytku \u010dlen\u016f.<\/span><\/p>\n<p><span dir=\"auto\">Alespo\u0148 toto: vzhledem k tomu, \u017ee c\u00edrkve tak aktivn\u011b propaguj\u00ed neleg\u00e1ln\u00ed masovou migraci, po\u010det v\u011b\u0159\u00edc\u00edch v zemi by se mohl velmi dob\u0159e zv\u00fd\u0161it. Tito lid\u00e9 v\u0161ak pat\u0159\u00ed k isl\u00e1mu, nikoli k k\u0159es\u0165anstv\u00ed. Ti, kte\u0159\u00ed cht\u011bj\u00ed \u017e\u00edt podle k\u0159es\u0165ansk\u00fdch hodnot, se v dne\u0161n\u00ed dob\u011b \u010dasto zdaj\u00ed b\u00fdt l\u00e9pe mimo c\u00edrkve.<\/span><\/p>\n<p><img decoding=\"async\" loading=\"lazy\" class=\"alignnone size-full wp-image-1185\" src=\"http:\/\/www.infokuryr.cz\/n\/wp-content\/uploads\/2021\/04\/kuryr-podpis.png\" alt=\"\" width=\"84\" height=\"24\" \/><\/p>\n<p>&nbsp;<\/p>\n","protected":false},"excerpt":{"rendered":"<p>Co si spojujete s protestantskou a katolickou c\u00edrkv\u00ed? S k\u0159es\u0165ansk\u00fdmi hodnotami a spole\u010denstv\u00edm \u2013 respektive&#8230;<\/p>\n","protected":false},"author":2,"featured_media":102127,"comment_status":"closed","ping_status":"closed","sticky":false,"template":"","format":"standard","meta":[],"categories":[7],"tags":[9565,3836,84,3509],"_links":{"self":[{"href":"https:\/\/www.infokuryr.cz\/n\/wp-json\/wp\/v2\/posts\/102126"}],"collection":[{"href":"https:\/\/www.infokuryr.cz\/n\/wp-json\/wp\/v2\/posts"}],"about":[{"href":"https:\/\/www.infokuryr.cz\/n\/wp-json\/wp\/v2\/types\/post"}],"author":[{"embeddable":true,"href":"https:\/\/www.infokuryr.cz\/n\/wp-json\/wp\/v2\/users\/2"}],"replies":[{"embeddable":true,"href":"https:\/\/www.infokuryr.cz\/n\/wp-json\/wp\/v2\/comments?post=102126"}],"version-history":[{"count":0,"href":"https:\/\/www.infokuryr.cz\/n\/wp-json\/wp\/v2\/posts\/102126\/revisions"}],"wp:featuredmedia":[{"embeddable":true,"href":"https:\/\/www.infokuryr.cz\/n\/wp-json\/wp\/v2\/media\/102127"}],"wp:attachment":[{"href":"https:\/\/www.infokuryr.cz\/n\/wp-json\/wp\/v2\/media?parent=102126"}],"wp:term":[{"taxonomy":"category","embeddable":true,"href":"https:\/\/www.infokuryr.cz\/n\/wp-json\/wp\/v2\/categories?post=102126"},{"taxonomy":"post_tag","embeddable":true,"href":"https:\/\/www.infokuryr.cz\/n\/wp-json\/wp\/v2\/tags?post=102126"}],"curies":[{"name":"wp","href":"https:\/\/api.w.org\/{rel}","templated":true}]}}