{"id":102120,"date":"2026-03-17T00:26:07","date_gmt":"2026-03-16T23:26:07","guid":{"rendered":"https:\/\/www.infokuryr.cz\/n\/?p=102120"},"modified":"2026-03-16T16:44:11","modified_gmt":"2026-03-16T15:44:11","slug":"norbert-haring-kdyz-se-do-politiky-zapoji-meteorologove-situace-se-vyhrocuje","status":"publish","type":"post","link":"https:\/\/www.infokuryr.cz\/n\/2026\/03\/17\/norbert-haring-kdyz-se-do-politiky-zapoji-meteorologove-situace-se-vyhrocuje\/","title":{"rendered":"Norbert H\u00e4ring: Kdy\u017e se do politiky zapoj\u00ed meteorologov\u00e9, situace se vyhrocuje"},"content":{"rendered":"<div id=\"fb-root\"><\/div>\n<p><a class=\"teaser\" href=\"https:\/\/norberthaering.de\/propaganda-zensur\/copernicus\/\"><strong><span dir=\"auto\">Mnoho mainstreamov\u00fdch m\u00e9di\u00ed<\/span><\/strong><span dir=\"auto\">\u00a0n\u00e1s 10. b\u0159ezna \u0161okovalo zpr\u00e1vou, \u017ee v \u00fanoru byla zaznamen\u00e1na p\u00e1t\u00e1 nejvy\u0161\u0161\u00ed glob\u00e1ln\u00ed teplota v ned\u00e1vn\u00e9 historii Zem\u011b. Ani slovo o tom, \u017ee \u00fanorov\u00e9 teploty klesaj\u00ed ji\u017e dva roky po sob\u011b. Pokud teplota n\u011bkolikr\u00e1t stoupne, jsme o tom pravideln\u011b informov\u00e1ni. Toto d\u016fsledn\u00e9, vynech\u00e1van\u00e9 informov\u00e1n\u00ed se \u0159\u00edd\u00ed ur\u010dit\u00fdm vzorcem.<\/span><\/a><\/p>\n<p><strong><span dir=\"auto\">M\u00e9dia<\/span><\/strong><span dir=\"auto\">\u00a0jako\u00a0<\/span><a href=\"https:\/\/www.sueddeutsche.de\/panorama\/copernicus-bilanz-global-fuenftwaermster-februar-mit-extremregen-in-westeuropa-dpa.urn-newsml-dpa-com-20090101-260310-930-793648\" target=\"_blank\" rel=\"noopener\"><em><span dir=\"auto\">S\u00fcddeutsche Zeitung<\/span><\/em><\/a><span dir=\"auto\">\u00a0,\u00a0<\/span><a href=\"https:\/\/www.zdfheute.de\/wissen\/februar-wetter-klima-rekordniederschlaege-copernicus-100.html\" target=\"_blank\" rel=\"noopener\"><span dir=\"auto\">ZDF<\/span><\/a><span dir=\"auto\">\u00a0a\u00a0<\/span><a href=\"https:\/\/www.zeit.de\/wissen\/umwelt\/2026-03\/februar-2026-fuenftwaermster-klima-gxe\" target=\"_blank\" rel=\"noopener\"><em><span dir=\"auto\">Die Zeit<\/span><\/em><\/a><span dir=\"auto\">\u00a0p\u0159evzala tyto informace od N\u011bmeck\u00e9 tiskov\u00e9 agentury (dpa) a \u010dasto pou\u017e\u00edvala titulek \u201eZm\u011bna klimatu\u201c. Na nez\u00e1visl\u00e9 ov\u011b\u0159en\u00ed nebyl \u010das. dpa, jako\u00a0<\/span><a href=\"https:\/\/norberthaering.de\/propaganda-zensur\/afp-serbien\/\" target=\"_blank\" rel=\"noopener\"><span dir=\"auto\">\u010dlen<\/span><\/a><span dir=\"auto\">\u00a0s\u00edt\u011b GADMO pro ov\u011b\u0159ov\u00e1n\u00ed fakt\u016f kontrolovan\u00e9 EU, a tedy sou\u010d\u00e1st \u201ekomplexu pravdy\u201c EU, nem\u00e1 ani \u010das, ani z\u00e1jem zpochyb\u0148ovat klimatickou propagandu EU.<\/span><\/p>\n<p><strong><span dir=\"auto\">Agentura DPA proto\u00a0<\/span><\/strong><a href=\"https:\/\/climate.copernicus.eu\/surface-air-temperature-february-2026\" target=\"_blank\" rel=\"noopener\"><span dir=\"auto\">tiskovou zpr\u00e1vu<\/span><\/a><span dir=\"auto\">\u00a0programu Copernicus\u00a0jednodu\u0161e znovu zve\u0159ejnila pod sv\u00fdm vlastn\u00edm n\u00e1zvem.\u00a0<\/span><a href=\"https:\/\/www.esa.int\/Space_in_Member_States\/Germany\/Copernicus\" target=\"_blank\" rel=\"noopener\"><span dir=\"auto\">Copernicus<\/span><\/a><span dir=\"auto\">\u00a0je program Evropsk\u00e9 komise a Evropsk\u00e9 kosmick\u00e9 agentury pro pozorov\u00e1n\u00ed Zem\u011b. Pomoc\u00ed satelit\u016f m\u011b\u0159\u00ed povrchov\u00e9 teploty a pravideln\u011b o nich publikuje zpr\u00e1vy, kter\u00e9 jsou \u010dasto matouc\u00ed a zaujat\u00e9.<\/span><\/p>\n<p><strong><span dir=\"auto\">Copernicus v\u0161ak<\/span><\/strong><span dir=\"auto\">\u00a0uvedl nam\u011b\u0159enou pr\u016fm\u011brnou glob\u00e1ln\u00ed teplotu nad zemsk\u00fdm povrchem za leto\u0161n\u00ed \u00fanor: 13,26 stup\u0148\u016f Celsia. V n\u011bkter\u00fdch p\u0159edchoz\u00edch letech,\u00a0<\/span><a href=\"https:\/\/climate.copernicus.eu\/surface-air-temperature-february-2023#48822642-6eb5-41a4-83af-cd06ae95acae\" target=\"_blank\" rel=\"noopener\"><span dir=\"auto\">nap\u0159\u00edklad v roce 2023,<\/span><\/a><span dir=\"auto\">\u00a0se omezil na porovn\u00e1n\u00ed bl\u00ed\u017ee neur\u010den\u00e9 teploty s bl\u00ed\u017ee neur\u010denou pr\u016fm\u011brnou teplotou z p\u0159edchoz\u00edch let. Vypad\u00e1 to (v p\u0159ekladu) n\u011bjak takto:<\/span><\/p>\n<p><em><span dir=\"auto\">\u201eGlob\u00e1ln\u011b byl \u00fanor 2023 o 0,29 stupn\u011b teplej\u0161\u00ed ne\u017e \u00fanorov\u00fd pr\u016fm\u011br z let 1991 a\u017e 2020, co\u017e je p\u00e1t\u00fd nejteplej\u0161\u00ed \u00fanor od za\u010d\u00e1tku m\u011b\u0159en\u00ed, a o 0,40 stupn\u011b chladn\u011bj\u0161\u00ed ne\u017e \u00fanor 2016, dosud nejteplej\u0161\u00ed \u00fanor.\u201c<\/span><\/em><\/p>\n<p><strong><span dir=\"auto\">Tato hra na klam\u00e1n\u00ed<\/span><\/strong><span dir=\"auto\">\u00a0se zd\u00e1 b\u00fdt \u00famysln\u00e1. Zaji\u0161\u0165uje, aby m\u00e9dia nebyla snadno v poku\u0161en\u00ed napsat si vlastn\u00ed p\u0159\u00edb\u011bh, nez\u00e1visl\u00fd na tiskov\u00e9 zpr\u00e1v\u011b Copernicus. A Copernicus pak m\u016f\u017ee vybrat, kter\u00e9 \u010d\u00edslo nebo v\u00fdvoj se nejv\u00edce podob\u00e1 glob\u00e1ln\u00edmu oteplov\u00e1n\u00ed, aby ho rozlepil po cel\u00e9 zemi a \u0161\u00ed\u0159il prost\u0159ednictv\u00edm m\u00e9di\u00ed.<\/span><\/p>\n<p><strong><span dir=\"auto\">Ani slovo o tom<\/span><\/strong><span dir=\"auto\">\u00a0, \u017ee \u00fanorov\u00e1 teplota klesala dva roky po sob\u011b. To by byla pro dopln\u011bn\u00ed obrazu z\u00e1sadn\u00ed informace. M\u00edsto toho pouze informace, \u017ee byla o 0,53 stupn\u011b vy\u0161\u0161\u00ed ne\u017e pr\u016fm\u011br z let 1991\u20132020 a o 1,49 stupn\u011b vy\u0161\u0161\u00ed ne\u017e pr\u016fm\u011br z let 1850\u20131900. V\u00a0<\/span><a href=\"https:\/\/climate.copernicus.eu\/surface-air-temperature-february-2025\" target=\"_blank\" rel=\"noopener\"><span dir=\"auto\">roce 2025<\/span><\/a><span dir=\"auto\">\u00a0byla \u00fanorov\u00e1 teplota o 0,1 stupn\u011b vy\u0161\u0161\u00ed a\u00a0<\/span><a href=\"https:\/\/climate.copernicus.eu\/surface-air-temperature-february-2024\" target=\"_blank\" rel=\"noopener\"><span dir=\"auto\">v roce 2024<\/span><\/a><span dir=\"auto\">\u00a0o dal\u0161\u00edch 0,2 stupn\u011b vy\u0161\u0161\u00ed.<\/span><\/p>\n<p><strong><span dir=\"auto\">Mimochodem, program Copernicus pou\u017e\u00edv\u00e1<\/span><\/strong><span dir=\"auto\">\u00a0obdob\u00ed let 1991 a\u017e 2020 jako referen\u010dn\u00ed obdob\u00ed pro srovn\u00e1n\u00ed ji\u017e l\u00e9ta, \u010d\u00edm\u017e vyvrac\u00ed N\u011bmeckou meteorologickou slu\u017ebu (DWD), kter\u00e1 tvrdohlav\u011b\u00a0<\/span><a href=\"https:\/\/www.dwd.de\/DE\/presse\/pressemitteilungen\/DE\/2025\/20250227_pm_februar_news.html\" target=\"_blank\" rel=\"noopener\"><span dir=\"auto\">tvrd\u00ed<\/span><\/a><span dir=\"auto\">\u00a0, \u017ee obdob\u00ed 1961\u20131990 je \u201emezin\u00e1rodn\u011b platn\u00fdm srovn\u00e1vac\u00edm obdob\u00edm\u201c. Na z\u00e1klad\u011b t\u00e9to\u00a0<\/span><a href=\"https:\/\/norberthaering.de\/propaganda-zensur\/dwd-referenzperiode\/\" target=\"_blank\" rel=\"noopener\"><span dir=\"auto\">l\u017ei<\/span><\/a><span dir=\"auto\">\u00a0m\u016f\u017ee DWD\u00a0<\/span><a href=\"https:\/\/www.dwd.de\/DE\/presse\/pressemitteilungen\/DE\/2025\/20250227_pm_februar_news.html\" target=\"_blank\" rel=\"noopener\"><span dir=\"auto\">tvrdit<\/span><\/a><span dir=\"auto\">\u00a0, \u017ee \u00fanor byl \u201em\u00edrn\u00fd\u201c, i kdy\u017e byl o n\u011bco chladn\u011bj\u0161\u00ed ne\u017e ve skute\u010dn\u011b mezin\u00e1rodn\u011b platn\u00e9m srovn\u00e1vac\u00edm obdob\u00ed.<\/span><\/p>\n<h3><span dir=\"auto\">Z\u00e1v\u011br<\/span><\/h3>\n<p><strong><span dir=\"auto\">M\u00e9dia, kter\u00e1<\/span><\/strong><span dir=\"auto\">\u00a0\u0161\u00ed\u0159\u00ed vysoce zaujat\u00e9 tiskov\u00e9 zpr\u00e1vy z programu Copernicus nebo zpr\u00e1vy agentury o nich bez ov\u011b\u0159en\u00ed, se st\u00e1vaj\u00ed spolupachatelkami dezinformac\u00ed.<\/span><\/p>\n<p><a href=\"https:\/\/norberthaering.de\/propaganda-zensur\/copernicus\/\">Norbert H\u00e4ring<\/a><\/p>\n<p>&nbsp;<\/p>\n","protected":false},"excerpt":{"rendered":"<p>Mnoho mainstreamov\u00fdch m\u00e9di\u00ed\u00a0n\u00e1s 10. b\u0159ezna \u0161okovalo zpr\u00e1vou, \u017ee v \u00fanoru byla zaznamen\u00e1na p\u00e1t\u00e1 nejvy\u0161\u0161\u00ed glob\u00e1ln\u00ed&#8230;<\/p>\n","protected":false},"author":2,"featured_media":84678,"comment_status":"closed","ping_status":"closed","sticky":false,"template":"","format":"standard","meta":[],"categories":[7],"tags":[28,873,158],"_links":{"self":[{"href":"https:\/\/www.infokuryr.cz\/n\/wp-json\/wp\/v2\/posts\/102120"}],"collection":[{"href":"https:\/\/www.infokuryr.cz\/n\/wp-json\/wp\/v2\/posts"}],"about":[{"href":"https:\/\/www.infokuryr.cz\/n\/wp-json\/wp\/v2\/types\/post"}],"author":[{"embeddable":true,"href":"https:\/\/www.infokuryr.cz\/n\/wp-json\/wp\/v2\/users\/2"}],"replies":[{"embeddable":true,"href":"https:\/\/www.infokuryr.cz\/n\/wp-json\/wp\/v2\/comments?post=102120"}],"version-history":[{"count":0,"href":"https:\/\/www.infokuryr.cz\/n\/wp-json\/wp\/v2\/posts\/102120\/revisions"}],"wp:featuredmedia":[{"embeddable":true,"href":"https:\/\/www.infokuryr.cz\/n\/wp-json\/wp\/v2\/media\/84678"}],"wp:attachment":[{"href":"https:\/\/www.infokuryr.cz\/n\/wp-json\/wp\/v2\/media?parent=102120"}],"wp:term":[{"taxonomy":"category","embeddable":true,"href":"https:\/\/www.infokuryr.cz\/n\/wp-json\/wp\/v2\/categories?post=102120"},{"taxonomy":"post_tag","embeddable":true,"href":"https:\/\/www.infokuryr.cz\/n\/wp-json\/wp\/v2\/tags?post=102120"}],"curies":[{"name":"wp","href":"https:\/\/api.w.org\/{rel}","templated":true}]}}