{"id":102099,"date":"2026-03-17T00:21:08","date_gmt":"2026-03-16T23:21:08","guid":{"rendered":"https:\/\/www.infokuryr.cz\/n\/?p=102099"},"modified":"2026-03-16T13:10:51","modified_gmt":"2026-03-16T12:10:51","slug":"zatimco-usa-bojuji-na-blizkem-vychode-kim-cong-un-odpalil-10-raket","status":"publish","type":"post","link":"https:\/\/www.infokuryr.cz\/n\/2026\/03\/17\/zatimco-usa-bojuji-na-blizkem-vychode-kim-cong-un-odpalil-10-raket\/","title":{"rendered":"Zat\u00edmco USA bojuj\u00ed na Bl\u00edzk\u00e9m v\u00fdchod\u011b: Kim \u010cong-un odp\u00e1lil 10 raket"},"content":{"rendered":"<div id=\"fb-root\"><\/div>\n<p><strong><span dir=\"auto\">Je to neochv\u011bjn\u00e9 pravidlo glob\u00e1ln\u00ed geopolitiky: ti, kdo vlastn\u00ed jadern\u00e9 zbran\u011b, nejsou napadeni. Severokorejsk\u00fd dikt\u00e1tor Kim \u010cong-un si to velmi dob\u0159e uv\u011bdomuje \u2013 a Z\u00e1padu op\u011bt ukazuje, jak je ve skute\u010dnosti zraniteln\u00fd.<\/span><\/strong><\/p>\n<p><span dir=\"auto\">V sobotu Pchjongjang uk\u00e1zal svaly. B\u011bhem prob\u00edhaj\u00edc\u00edch jarn\u00edch vojensk\u00fdch cvi\u010den\u00ed mezi USA a Ji\u017en\u00ed Koreou odp\u00e1lila Severn\u00ed Korea\u00a0<\/span><a href=\"https:\/\/www.nbcnews.com\/world\/north-korea\/north-korea-fires-missiles-sea-show-force-seoul-rcna263450\"><span dir=\"auto\">deset balistick\u00fdch raket<\/span><\/a><span dir=\"auto\"> sm\u011brem k v\u00fdchodn\u00edmu mo\u0159i. Japonsk\u00e9 ministerstvo obrany potvrdilo, \u017ee hlavice dopadly t\u011bsn\u011b za hranicemi v\u00fdlu\u010dn\u00e9 ekonomick\u00e9 z\u00f3ny zem\u011b. Tokio je od t\u00e9 doby uvedeno do stavu vysok\u00e9 pohotovosti: Japonsk\u00e1 vl\u00e1da okam\u017eit\u011b svolala krizov\u00fd t\u00fdm, aby situaci posoudil. Ji\u017en\u00ed Korea tak\u00e9 uvedla sv\u00e9 voj\u00e1ky do stavu vysok\u00e9 pohotovosti a drasticky zv\u00fd\u0161ila ostrahu hranic.<\/span><\/p>\n<p><span dir=\"auto\">Ale skute\u010dn\u00fd skand\u00e1l se odehr\u00e1v\u00e1 v z\u00e1kulis\u00ed. Severokorejsk\u00e1 provokace se neobjevila z ni\u010deho nic. Zasahuje Z\u00e1pad, kter\u00fd je masivn\u011b rozpt\u00fdlen. Zat\u00edmco USA a Ji\u017en\u00ed Korea prov\u00e1d\u011bj\u00ed hrani\u010dn\u00ed cvi\u010den\u00ed s tis\u00edci voj\u00e1k\u016f, Trumpova administrativa sou\u010dasn\u011b vede v\u00e1lku na Bl\u00edzk\u00e9m v\u00fdchod\u011b proti \u00cdr\u00e1nu. A to m\u00e1 zjevn\u011b dramatick\u00e9 d\u016fsledky pro bezpe\u010dnost v Asii.<\/span><\/p>\n<figure class=\"wp-block-embed is-type-rich is-provider-twitter wp-block-embed-twitter\">\n<div class=\"wp-block-embed__wrapper\">\n<div class=\"twitter-tweet twitter-tweet-rendered\"><iframe id=\"twitter-widget-0\" class=\"\" title=\"X P\u0159\u00edsp\u011bvek\" src=\"https:\/\/platform.twitter.com\/embed\/Tweet.html?dnt=true&amp;embedId=twitter-widget-0&amp;features=eyJ0ZndfdGltZWxpbmVfbGlzdCI6eyJidWNrZXQiOltdLCJ2ZXJzaW9uIjpudWxsfSwidGZ3X2ZvbGxvd2VyX2NvdW50X3N1bnNldCI6eyJidWNrZXQiOnRydWUsInZlcnNpb24iOm51bGx9LCJ0ZndfdHdlZXRfZWRpdF9iYWNrZW5kIjp7ImJ1Y2tldCI6Im9uIiwidmVyc2lvbiI6bnVsbH0sInRmd19yZWZzcmNfc2Vzc2lvbiI6eyJidWNrZXQiOiJvbiIsInZlcnNpb24iOm51bGx9LCJ0ZndfZm9zbnJfc29mdF9pbnRlcnZlbnRpb25zX2VuYWJsZWQiOnsiYnVja2V0Ijoib24iLCJ2ZXJzaW9uIjpudWxsfSwidGZ3X21peGVkX21lZGlhXzE1ODk3Ijp7ImJ1Y2tldCI6InRyZWF0bWVudCIsInZlcnNpb24iOm51bGx9LCJ0ZndfZXhwZXJpbWVudHNfY29va2llX2V4cGlyYXRpb24iOnsiYnVja2V0IjoxMjA5NjAwLCJ2ZXJzaW9uIjpudWxsfSwidGZ3X3Nob3dfYmlyZHdhdGNoX3Bpdm90c19lbmFibGVkIjp7ImJ1Y2tldCI6Im9uIiwidmVyc2lvbiI6bnVsbH0sInRmd19kdXBsaWNhdGVfc2NyaWJlc190b19zZXR0aW5ncyI6eyJidWNrZXQiOiJvbiIsInZlcnNpb24iOm51bGx9LCJ0ZndfdXNlX3Byb2ZpbGVfaW1hZ2Vfc2hhcGVfZW5hYmxlZCI6eyJidWNrZXQiOiJvbiIsInZlcnNpb24iOm51bGx9LCJ0ZndfdmlkZW9faGxzX2R5bmFtaWNfbWFuaWZlc3RzXzE1MDgyIjp7ImJ1Y2tldCI6InRydWVfYml0cmF0ZSIsInZlcnNpb24iOm51bGx9LCJ0ZndfbGVnYWN5X3RpbWVsaW5lX3N1bnNldCI6eyJidWNrZXQiOnRydWUsInZlcnNpb24iOm51bGx9LCJ0ZndfdHdlZXRfZWRpdF9mcm9udGVuZCI6eyJidWNrZXQiOiJvbiIsInZlcnNpb24iOm51bGx9fQ%3D%3D&amp;frame=false&amp;hideCard=false&amp;hideThread=false&amp;id=2033031950844440909&amp;lang=de&amp;origin=https%3A%2F%2Freport24.news%2Fwaehrend-die-usa-im-nahen-osten-kaempfen-kim-jong-un-feuert-10-raketen-ab%2F&amp;sessionId=062064589eb3eadc2b8ef269a255b8664fd4965e&amp;theme=light&amp;widgetsVersion=2615f7e52b7e0%3A1702314776716&amp;width=550px\" frameborder=\"0\" scrolling=\"no\" allowfullscreen=\"allowfullscreen\" data-tweet-id=\"2033031950844440909\" data-mce-fragment=\"1\"><\/iframe><\/div>\n<\/div>\n<\/figure>\n<p><span dir=\"auto\">V Ji\u017en\u00ed Koreji rostou obavy z nebezpe\u010dn\u00fdch bezpe\u010dnostn\u00edch mezer. M\u00edstn\u00ed m\u00e9dia ji\u017e bij\u00ed na poplach: z\u00e1znamy z bezpe\u010dnostn\u00edch kamer \u00fadajn\u011b ukazuj\u00ed, jak USA tajn\u011b stahuj\u00ed syst\u00e9my protiraketov\u00e9 obrany z Ji\u017en\u00ed Koreje, aby je znovu nasadily na Bl\u00edzk\u00fd v\u00fdchod pro v\u00e1lku proti \u00cdr\u00e1nu. Opou\u0161t\u00ed Washington sv\u00e9 spojence navzdory severokorejsk\u00e9 hrozb\u011b?<\/span><\/p>\n<figure class=\"wp-block-embed is-type-rich is-provider-twitter wp-block-embed-twitter\">\n<div class=\"wp-block-embed__wrapper\">\n<div class=\"twitter-tweet twitter-tweet-rendered\"><iframe id=\"twitter-widget-1\" class=\"\" title=\"X P\u0159\u00edsp\u011bvek\" src=\"https:\/\/platform.twitter.com\/embed\/Tweet.html?dnt=true&amp;embedId=twitter-widget-1&amp;features=eyJ0ZndfdGltZWxpbmVfbGlzdCI6eyJidWNrZXQiOltdLCJ2ZXJzaW9uIjpudWxsfSwidGZ3X2ZvbGxvd2VyX2NvdW50X3N1bnNldCI6eyJidWNrZXQiOnRydWUsInZlcnNpb24iOm51bGx9LCJ0ZndfdHdlZXRfZWRpdF9iYWNrZW5kIjp7ImJ1Y2tldCI6Im9uIiwidmVyc2lvbiI6bnVsbH0sInRmd19yZWZzcmNfc2Vzc2lvbiI6eyJidWNrZXQiOiJvbiIsInZlcnNpb24iOm51bGx9LCJ0ZndfZm9zbnJfc29mdF9pbnRlcnZlbnRpb25zX2VuYWJsZWQiOnsiYnVja2V0Ijoib24iLCJ2ZXJzaW9uIjpudWxsfSwidGZ3X21peGVkX21lZGlhXzE1ODk3Ijp7ImJ1Y2tldCI6InRyZWF0bWVudCIsInZlcnNpb24iOm51bGx9LCJ0ZndfZXhwZXJpbWVudHNfY29va2llX2V4cGlyYXRpb24iOnsiYnVja2V0IjoxMjA5NjAwLCJ2ZXJzaW9uIjpudWxsfSwidGZ3X3Nob3dfYmlyZHdhdGNoX3Bpdm90c19lbmFibGVkIjp7ImJ1Y2tldCI6Im9uIiwidmVyc2lvbiI6bnVsbH0sInRmd19kdXBsaWNhdGVfc2NyaWJlc190b19zZXR0aW5ncyI6eyJidWNrZXQiOiJvbiIsInZlcnNpb24iOm51bGx9LCJ0ZndfdXNlX3Byb2ZpbGVfaW1hZ2Vfc2hhcGVfZW5hYmxlZCI6eyJidWNrZXQiOiJvbiIsInZlcnNpb24iOm51bGx9LCJ0ZndfdmlkZW9faGxzX2R5bmFtaWNfbWFuaWZlc3RzXzE1MDgyIjp7ImJ1Y2tldCI6InRydWVfYml0cmF0ZSIsInZlcnNpb24iOm51bGx9LCJ0ZndfbGVnYWN5X3RpbWVsaW5lX3N1bnNldCI6eyJidWNrZXQiOnRydWUsInZlcnNpb24iOm51bGx9LCJ0ZndfdHdlZXRfZWRpdF9mcm9udGVuZCI6eyJidWNrZXQiOiJvbiIsInZlcnNpb24iOm51bGx9fQ%3D%3D&amp;frame=false&amp;hideCard=false&amp;hideThread=false&amp;id=2033020411965767879&amp;lang=de&amp;origin=https%3A%2F%2Freport24.news%2Fwaehrend-die-usa-im-nahen-osten-kaempfen-kim-jong-un-feuert-10-raketen-ab%2F&amp;sessionId=062064589eb3eadc2b8ef269a255b8664fd4965e&amp;theme=light&amp;widgetsVersion=2615f7e52b7e0%3A1702314776716&amp;width=550px\" frameborder=\"0\" scrolling=\"no\" allowfullscreen=\"allowfullscreen\" data-tweet-id=\"2033020411965767879\" data-mce-fragment=\"1\"><\/iframe><\/div>\n<\/div>\n<\/figure>\n<p><span dir=\"auto\">Kim\u016fv re\u017eim se jako v\u017edy roz\u010diluje kv\u016fli americk\u00fdm vojensk\u00fdm cvi\u010den\u00edm, kter\u00e1 se konaj\u00ed p\u0159\u00edmo u n\u011bj, a ozna\u010duje je za \u201en\u00e1cvikov\u00e9 invaze\u201c. Nyn\u00ed v\u0161ak, kdy\u017e v\u00e1lka proti \u00cdr\u00e1nu zu\u0159\u00ed ji\u017e p\u0159es dva t\u00fddny a kl\u00ed\u010dov\u00e9 americk\u00e9 obrann\u00e9 syst\u00e9my se zjevn\u011b stahuj\u00ed na Bl\u00edzk\u00fd v\u00fdchod, dikt\u00e1tor v Pchjongjangu c\u00edt\u00ed p\u0159\u00edle\u017eitost. Zkou\u0161\u00ed, jak daleko dok\u00e1\u017ee zaj\u00edt.<\/span><\/p>\n<p><img decoding=\"async\" loading=\"lazy\" class=\"alignnone size-full wp-image-1185\" src=\"http:\/\/www.infokuryr.cz\/n\/wp-content\/uploads\/2021\/04\/kuryr-podpis.png\" alt=\"\" width=\"84\" height=\"24\" \/><\/p>\n<p>&nbsp;<\/p>\n","protected":false},"excerpt":{"rendered":"<p>Je to neochv\u011bjn\u00e9 pravidlo glob\u00e1ln\u00ed geopolitiky: ti, kdo vlastn\u00ed jadern\u00e9 zbran\u011b, nejsou napadeni. Severokorejsk\u00fd dikt\u00e1tor&#8230;<\/p>\n","protected":false},"author":2,"featured_media":102100,"comment_status":"closed","ping_status":"closed","sticky":false,"template":"","format":"standard","meta":[],"categories":[7],"tags":[1644,502,349],"_links":{"self":[{"href":"https:\/\/www.infokuryr.cz\/n\/wp-json\/wp\/v2\/posts\/102099"}],"collection":[{"href":"https:\/\/www.infokuryr.cz\/n\/wp-json\/wp\/v2\/posts"}],"about":[{"href":"https:\/\/www.infokuryr.cz\/n\/wp-json\/wp\/v2\/types\/post"}],"author":[{"embeddable":true,"href":"https:\/\/www.infokuryr.cz\/n\/wp-json\/wp\/v2\/users\/2"}],"replies":[{"embeddable":true,"href":"https:\/\/www.infokuryr.cz\/n\/wp-json\/wp\/v2\/comments?post=102099"}],"version-history":[{"count":0,"href":"https:\/\/www.infokuryr.cz\/n\/wp-json\/wp\/v2\/posts\/102099\/revisions"}],"wp:featuredmedia":[{"embeddable":true,"href":"https:\/\/www.infokuryr.cz\/n\/wp-json\/wp\/v2\/media\/102100"}],"wp:attachment":[{"href":"https:\/\/www.infokuryr.cz\/n\/wp-json\/wp\/v2\/media?parent=102099"}],"wp:term":[{"taxonomy":"category","embeddable":true,"href":"https:\/\/www.infokuryr.cz\/n\/wp-json\/wp\/v2\/categories?post=102099"},{"taxonomy":"post_tag","embeddable":true,"href":"https:\/\/www.infokuryr.cz\/n\/wp-json\/wp\/v2\/tags?post=102099"}],"curies":[{"name":"wp","href":"https:\/\/api.w.org\/{rel}","templated":true}]}}