{"id":102058,"date":"2026-03-16T06:38:18","date_gmt":"2026-03-16T05:38:18","guid":{"rendered":"https:\/\/www.infokuryr.cz\/n\/?p=102058"},"modified":"2026-03-16T06:38:18","modified_gmt":"2026-03-16T05:38:18","slug":"jindrich-kulhavy-okupace","status":"publish","type":"post","link":"https:\/\/www.infokuryr.cz\/n\/2026\/03\/16\/jindrich-kulhavy-okupace\/","title":{"rendered":"Jind\u0159ich Kulhav\u00fd: Okupace"},"content":{"rendered":"<div id=\"fb-root\"><\/div>\n<p><span class=\"anotation\">\u00a0V\u00a0ned\u011bli jsme si p\u0159ipomn\u011bli okupaci \u010ceskoslovenska nacisty. Tedy jak kdo, proto\u017ee se toto v\u00fdro\u010d\u00ed, nyn\u00ed 75 let od n\u00ed,\u00a0u\u017e tak moc nep\u0159ipom\u00edn\u00e1, dokonce ani v m\u00e9di\u00edch. M\u00edsto toho se Brno chyst\u00e1 na sjezd Sudeton\u011bmeck\u00e9ho Landsmannschaftu, co\u017e je doslova v\u00fdsm\u011bch historii. Tehdej\u0161\u00ed okupace skon\u010dila d\u00edky Rud\u00e9 arm\u00e1d\u011b vyhn\u00e1n\u00edm v\u011bt\u0161iny N\u011bmc\u016f ze zem\u011b, n\u00e1sledovaly Bene\u0161ovy dekrety. I ty jsou prolamov\u00e1ny a \u201ene\u010dekan\u011b\u201c se na tom pod\u00edlel jak Havel, tak se o podobn\u00e9 sna\u017e\u00ed i Pavel. Havel kv\u016fli sob\u011b a Schwarzenbergovi, Pavel podl\u00e9z\u00e1 jinde. T\u0159eba Lichten\u0161tejn\u016fm. Nebude to zadarmo, samoz\u0159ejm\u011b.<\/span><\/p>\n<div id=\"pagetext\">\n<p>V sou\u010dasnosti n\u00e1m okupace hroz\u00ed znovu. Ze Z\u00e1padu, respektive z Evropsk\u00e9 unie by mohli dorazit islamist\u00e9 navo\u017een\u00ed p\u0159edev\u0161\u00edm N\u011bmci ve velk\u00e9m. Jen\u017ee je\u0161t\u011b p\u0159ed nimi n\u00e1s za\u010dali obsazovat Ukrajinci a nutno konstatovat, \u017ee jich k n\u00e1m dorazil cca milion. To u\u017e je solidn\u00ed hrozba. Zvl\u00e1\u0161t\u011b tehdy, kdy\u017e si uv\u011bdomujeme, jak se chov\u00e1 dikt\u00e1tor Zelenskyj. Vyhro\u017euje u\u017e nejen Ma\u010farsku a tamn\u00edmu premi\u00e9rovi Orb\u00e1novi, p\u0159i\u010dem\u017e se sna\u017e\u00ed mo\u017en\u00e1 po dohod\u011b s Evropskou komis\u00ed ovlivnit tamn\u00ed volby, ale i Slovensku a podprahov\u011b ka\u017ed\u00e9mu, kdo by cht\u011bl zabr\u00e1nit v p\u0159\u00edsunu dal\u0161\u00ed hromady pen\u011bz do Kyjeva. Pokud by vyhl\u00e1sil mobilizaci sv\u00fdch krajan\u016f v zem\u00edch EU, riziko r\u016fzn\u00fdch probl\u00e9m\u016f by bylo \u00fam\u011brn\u00e9 tomu, kde a kolik Ukrajinc\u016f loaj\u00e1ln\u00edch se Zelensk\u00fdm je.<\/p>\n<p>Zelenskyj se utrhl ze \u0159et\u011bzu. Ned\u00e1vno prohl\u00e1sil cosi o z\u0159\u00edzen\u00ed ukrajinsk\u00e9 profesion\u00e1ln\u00ed arm\u00e1dy placen\u00e9 Evropskou uni\u00ed. Zvl\u00e1\u0161tn\u00ed, kdy\u017e ve v\u00e1lce s Kremlem prohr\u00e1v\u00e1 na cel\u00e9 \u010d\u00e1\u0159e, dlu\u017e\u00ed obrovsk\u00e9 \u010d\u00e1stky a st\u00e1le v\u00edce se projevuje jako agresivn\u00ed fe\u0165\u00e1k ztr\u00e1cej\u00edc\u00ed smysl pro realitu. Nepodce\u0148ujme ho, opozici zlikvidoval t\u00e9m\u011b\u0159 \u00fapln\u011b, a t\u00e9, co zbyla, dal pr\u00e1v\u011b n\u016f\u017e na krk v\u00fdhru\u017ekou, \u017ee jej\u00ed problemati\u010dt\u00ed poslanci p\u016fjdou na frontu. Pokud by skute\u010dn\u011b do\u0161lo k tomu, \u017ee bude rusk\u00e1 SVO ukon\u010dena a kyjevsk\u00e1 junta by si dok\u00e1zala udr\u017eet arm\u00e1du, \u0161lo by o bezprecedentn\u00ed hrozbu pro polovinu Evropy. Rusov\u00e9 se demilitarizac\u00ed Ukrajiny v podstat\u011b sna\u017e\u00ed zachr\u00e1nit i zem\u011b bezprost\u0159edn\u011b hrani\u010d\u00edc\u00ed s Ukrajinou.<\/p>\n<p>T\u00edm sp\u00ed\u0161e je t\u0159eba si uv\u011bdomit rozs\u00e1hlou komunitu Ukrajinc\u016f u n\u00e1s. \u010c\u00e1st z n\u00ed nen\u00ed problematick\u00e1, zdaleka ne v\u0161ichni jsou v\u0161ak n\u00e1le\u017eit\u011b \u201edomestikovan\u00ed\u201c a chovaj\u00ed se velmi majetnicky a agresivn\u011b. Zat\u00e1hnuli k n\u00e1m \u201em\u00f3resy\u201c mafie a zdaleka nejde jen o odevzd\u00e1v\u00e1n\u00ed des\u00e1tek prost\u00fdmi d\u011bln\u00edky \u010di obchodn\u00edky samozvan\u00fdm mafi\u00e1n\u016fm. Najde se i plno t\u011bch, kte\u0159\u00ed s v\u00fdsm\u011bchem predikuj\u00ed p\u0159evzet\u00ed na\u0161\u00ed zem\u011b a jej\u00ed ovl\u00e1dnut\u00ed. Hovo\u0159\u00ed tak sp\u00ed\u0161e mlad\u0161\u00ed generace, ale po skon\u010den\u00ed v\u00e1lky m\u016f\u017ee doj\u00edt k jak\u00e9musi spojov\u00e1n\u00ed rodin a mohou dorazit b\u00fdval\u00ed voj\u00e1ci, jejich\u017e frustrace a jist\u00e9 t\u00e1p\u00e1n\u00ed, co se \u017eivotem d\u00e1le, budou obrovsk\u00fdm pr\u016f\u0161vihem a nebezpe\u010d\u00edm.<\/p>\n<p>N\u011bmeck\u00e1 okupace byla ukon\u010dena Sov\u011btsk\u00fdm svazem, nelze ale o\u010dek\u00e1vat, \u017ee by n\u00e1m Rusov\u00e9 pomohli od Ukrajinc\u016f. Chov\u00e1n\u00ed na\u0161ich vl\u00e1d, politik\u016f, m\u00e9di\u00ed a \u010d\u00e1sti spole\u010dnosti je nam\u00ed\u0159en\u00e9 proti Rusk\u00e9 federaci. Pln\u00edme p\u0159\u00edkazy Bruselu. M\u00e1me tady obrovskou proukrajinskou skupinu kolaborant\u016f, \u010d\u00e1st z n\u00ed byla vid\u011bt na vyhl\u00e1\u0161en\u00ed ankety \u010cesk\u00fd lev. V podstat\u011b tu neexistuje v\u016fle poslat Ukrajince dom\u016f. Rusov\u00e9 si sv\u00e9 ochr\u00e1n\u00ed, na n\u00e1s se vyka\u0161lou \u00fapln\u011b v\u0161ichni. Sta\u010d\u00ed sledovat v\u00fdvoj sporu mezi Ma\u010farskem a Zelensk\u00fdm, aroganci kyjevsk\u00e9ho kokainov\u00e9ho kr\u00e1le v\u016f\u010di Slovensku, vn\u00edmat zastaven\u00ed p\u0159\u00edvodu ropy a neust\u00e1lou pot\u0159ebu z\u00e1padn\u00edch pen\u011bz. Lze se domn\u00edvat, \u017ee s Ukrajinci bude je\u0161t\u011b mnoho probl\u00e9m\u016f. Zelenskyj nem\u00e1 brzdu.<\/p>\n<p><a href=\"https:\/\/www.inadhled.live\/uvaha-dne\/okupace\/\">Jind\u0159ich Kulhav\u00fd<\/a><\/p>\n<p><img decoding=\"async\" loading=\"lazy\" class=\"alignnone size-full wp-image-48136\" src=\"http:\/\/www.infokuryr.cz\/n\/wp-content\/uploads\/2024\/02\/kulhavy-jindrich.jpg\" alt=\"\" width=\"219\" height=\"221\" srcset=\"https:\/\/www.infokuryr.cz\/n\/wp-content\/uploads\/2024\/02\/kulhavy-jindrich.jpg 219w, https:\/\/www.infokuryr.cz\/n\/wp-content\/uploads\/2024\/02\/kulhavy-jindrich-150x150.jpg 150w\" sizes=\"(max-width: 219px) 100vw, 219px\" \/><\/p>\n<p>&nbsp;<\/p>\n<\/div>\n","protected":false},"excerpt":{"rendered":"<p>\u00a0V\u00a0ned\u011bli jsme si p\u0159ipomn\u011bli okupaci \u010ceskoslovenska nacisty. Tedy jak kdo, proto\u017ee se toto v\u00fdro\u010d\u00ed, nyn\u00ed&#8230;<\/p>\n","protected":false},"author":2,"featured_media":102059,"comment_status":"closed","ping_status":"closed","sticky":false,"template":"","format":"standard","meta":[],"categories":[6],"tags":[1503,111,673],"_links":{"self":[{"href":"https:\/\/www.infokuryr.cz\/n\/wp-json\/wp\/v2\/posts\/102058"}],"collection":[{"href":"https:\/\/www.infokuryr.cz\/n\/wp-json\/wp\/v2\/posts"}],"about":[{"href":"https:\/\/www.infokuryr.cz\/n\/wp-json\/wp\/v2\/types\/post"}],"author":[{"embeddable":true,"href":"https:\/\/www.infokuryr.cz\/n\/wp-json\/wp\/v2\/users\/2"}],"replies":[{"embeddable":true,"href":"https:\/\/www.infokuryr.cz\/n\/wp-json\/wp\/v2\/comments?post=102058"}],"version-history":[{"count":0,"href":"https:\/\/www.infokuryr.cz\/n\/wp-json\/wp\/v2\/posts\/102058\/revisions"}],"wp:featuredmedia":[{"embeddable":true,"href":"https:\/\/www.infokuryr.cz\/n\/wp-json\/wp\/v2\/media\/102059"}],"wp:attachment":[{"href":"https:\/\/www.infokuryr.cz\/n\/wp-json\/wp\/v2\/media?parent=102058"}],"wp:term":[{"taxonomy":"category","embeddable":true,"href":"https:\/\/www.infokuryr.cz\/n\/wp-json\/wp\/v2\/categories?post=102058"},{"taxonomy":"post_tag","embeddable":true,"href":"https:\/\/www.infokuryr.cz\/n\/wp-json\/wp\/v2\/tags?post=102058"}],"curies":[{"name":"wp","href":"https:\/\/api.w.org\/{rel}","templated":true}]}}