{"id":102056,"date":"2026-03-16T06:36:01","date_gmt":"2026-03-16T05:36:01","guid":{"rendered":"https:\/\/www.infokuryr.cz\/n\/?p=102056"},"modified":"2026-03-16T06:36:01","modified_gmt":"2026-03-16T05:36:01","slug":"orban-brusel-chce-aby-nasi-synove-zemreli-za-ukrajinu","status":"publish","type":"post","link":"https:\/\/www.infokuryr.cz\/n\/2026\/03\/16\/orban-brusel-chce-aby-nasi-synove-zemreli-za-ukrajinu\/","title":{"rendered":"Orb\u00e1n: Brusel chce, aby \u201ena\u0161i synov\u00e9 zem\u0159eli za Ukrajinu\u201c"},"content":{"rendered":"<div id=\"fb-root\"><\/div>\n<h3>Ma\u010farsk\u00fd premi\u00e9r obvinil EU, \u017ee si v\u00e1lku vzala na sebe sama<\/h3>\n<p><span dir=\"auto\">Ma\u010farsk\u00fd premi\u00e9r Viktor Orb\u00e1n obvinil Brusel z vtahov\u00e1n\u00ed EU do p\u0159\u00edm\u00e9 v\u00e1lky s Ruskem prost\u0159ednictv\u00edm mo\u017en\u00e9ho nasazen\u00ed vojsk na Ukrajinu.<\/span><\/p>\n<p><span dir=\"auto\">Orb\u00e1n v ned\u011bli na \u201ePochodu m\u00edru\u201c v Budape\u0161ti, kter\u00fd p\u0159il\u00e1kal des\u00edtky tis\u00edc p\u0159\u00edznivc\u016f, prohl\u00e1sil, \u017ee Brusel \u201evzal\u00a0<\/span><em><span dir=\"auto\">v\u00e1lku na sebe\u201c<\/span><\/em><span dir=\"auto\">\u00a0a prosazuje v\u00e1le\u010dnou hospod\u00e1\u0159skou politiku.<\/span><\/p>\n<p><em><span dir=\"auto\">\u201eNecht\u011bj\u00ed si probl\u00e9my dr\u017eet na uzd\u011b \u2013 cht\u011bj\u00ed do nich vstoupit: v\u00edce pen\u011bz, v\u00edce zbran\u00ed, v\u00edce voj\u00e1k\u016f. Nev\u00edme den ani hodinu, kdy prvn\u00ed voj\u00e1k z Bruselu vstoup\u00ed na ukrajinskou p\u016fdu, ale stane se to. U\u017e se nemohou do\u010dkat, a\u017e budou vysl\u00e1ni voj\u00e1ci s ozna\u010den\u00edm EU,\u201c<\/span><\/em><span dir=\"auto\">\u00a0\u0159ekl.<\/span><\/p>\n<p><span dir=\"auto\">Zd\u016fraznil d\u016fle\u017eitost obnoven\u00ed\u00a0<\/span><em><span dir=\"auto\">\u201eprotiv\u00e1le\u010dn\u00e9 aliance\u201c,<\/span><\/em><span dir=\"auto\">\u00a0kterou vytvo\u0159ila jeho vl\u00e1da, a zav\u00e1zal se, \u017ee\u00a0<\/span><em><span dir=\"auto\">\u201ezachov\u00e1 Ma\u010farsko jako ostrov bezpe\u010d\u00ed a klidu\u201c.<\/span><\/em><\/p>\n<p><em><span dir=\"auto\">\u201eNa\u0161i synov\u00e9 nezem\u0159ou za Ukrajinu; budou \u017e\u00edt pro Ma\u010farsko,\u201c<\/span><\/em><span dir=\"auto\">\u00a0\u0159ekl Orb\u00e1n.\u00a0<\/span><em><span dir=\"auto\">\u201eBudeme chr\u00e1nit podporu matek, budeme chr\u00e1nit na\u0161e d\u011bti a nedovol\u00edme, aby na\u0161e n\u00e1rodn\u00ed barvy byly nahrazeny ukrajinsk\u00fdmi nebo duhov\u00fdmi vlajkami.\u201c<\/span><\/em><\/p>\n<p><span dir=\"auto\">Orb\u00e1n tak\u00e9 prohl\u00e1sil, \u017ee\u00a0<\/span><em><span dir=\"auto\">\u201eobrovsk\u00e9 s\u00edly\u201c<\/span><\/em><span dir=\"auto\">\u00a0se sna\u017e\u00ed na Ma\u010farsko politicky a ekonomicky tla\u010dit, aby\u00a0<\/span><em><span dir=\"auto\">\u201ezemi svedlo z jej\u00ed vlastn\u00ed cesty\u201c<\/span><\/em><span dir=\"auto\">\u00a0blokov\u00e1n\u00edm financov\u00e1n\u00ed a cenov\u011b dostupn\u00fdch dod\u00e1vek energie. Obvinil Brusel ze snahy prom\u011bnit Ma\u010fary v\u00a0<\/span><em><span dir=\"auto\">\u201edluhov\u00e9 sluhy\u201c<\/span><\/em><span dir=\"auto\">\u00a0pro financov\u00e1n\u00ed v\u00e1le\u010dn\u00e9ho \u00fasil\u00ed,\u00a0<\/span><em><span dir=\"auto\">\u201evyu\u017e\u00edv\u00e1n\u00ed Ukrajiny jako z\u00e1minky\u201c<\/span><\/em><span dir=\"auto\">\u00a0a snahy o zm\u011bnu vl\u00e1dy v Budape\u0161ti, proto\u017ee jeho administrativa odm\u00edt\u00e1 p\u0159edat\u00a0<\/span><em><span dir=\"auto\">\u201ekl\u00ed\u010de od st\u00e1tn\u00ed pokladny\u201c.<\/span><\/em><\/p>\n<p><span dir=\"auto\">Orb\u00e1nova vl\u00e1da se dlouhodob\u011b stav\u00ed proti politice EU, kter\u00e1 spo\u010d\u00edv\u00e1 v vyzbrojov\u00e1n\u00ed a financov\u00e1n\u00ed Ukrajiny proti Rusku, a tak\u00e9 proti snaze Kyjeva o vstup do bloku. Nap\u011bt\u00ed mezi Budape\u0161t\u00ed a Kyjevem se v posledn\u00edch m\u011bs\u00edc\u00edch vyost\u0159ilo pot\u00e9, co Ukrajina pozastavila dod\u00e1vky rusk\u00e9 ropy do Ma\u010farska a Slovenska prost\u0159ednictv\u00edm sov\u011btsk\u00e9ho ropovodu, zat\u00edmco ukrajinsk\u00fd v\u016fdce Vladimir Zelenskyj Orb\u00e1novi osobn\u011b vyhro\u017eoval.<\/span><\/p>\n<p><img decoding=\"async\" loading=\"lazy\" class=\"alignnone size-full wp-image-1185\" src=\"http:\/\/www.infokuryr.cz\/n\/wp-content\/uploads\/2021\/04\/kuryr-podpis.png\" alt=\"\" width=\"84\" height=\"24\" \/><\/p>\n<p>&nbsp;<\/p>\n","protected":false},"excerpt":{"rendered":"<p>Ma\u010farsk\u00fd premi\u00e9r obvinil EU, \u017ee si v\u00e1lku vzala na sebe sama Ma\u010farsk\u00fd premi\u00e9r Viktor Orb\u00e1n&#8230;<\/p>\n","protected":false},"author":2,"featured_media":102057,"comment_status":"closed","ping_status":"closed","sticky":false,"template":"","format":"standard","meta":[],"categories":[7],"tags":[640,41,439,26,40],"_links":{"self":[{"href":"https:\/\/www.infokuryr.cz\/n\/wp-json\/wp\/v2\/posts\/102056"}],"collection":[{"href":"https:\/\/www.infokuryr.cz\/n\/wp-json\/wp\/v2\/posts"}],"about":[{"href":"https:\/\/www.infokuryr.cz\/n\/wp-json\/wp\/v2\/types\/post"}],"author":[{"embeddable":true,"href":"https:\/\/www.infokuryr.cz\/n\/wp-json\/wp\/v2\/users\/2"}],"replies":[{"embeddable":true,"href":"https:\/\/www.infokuryr.cz\/n\/wp-json\/wp\/v2\/comments?post=102056"}],"version-history":[{"count":0,"href":"https:\/\/www.infokuryr.cz\/n\/wp-json\/wp\/v2\/posts\/102056\/revisions"}],"wp:featuredmedia":[{"embeddable":true,"href":"https:\/\/www.infokuryr.cz\/n\/wp-json\/wp\/v2\/media\/102057"}],"wp:attachment":[{"href":"https:\/\/www.infokuryr.cz\/n\/wp-json\/wp\/v2\/media?parent=102056"}],"wp:term":[{"taxonomy":"category","embeddable":true,"href":"https:\/\/www.infokuryr.cz\/n\/wp-json\/wp\/v2\/categories?post=102056"},{"taxonomy":"post_tag","embeddable":true,"href":"https:\/\/www.infokuryr.cz\/n\/wp-json\/wp\/v2\/tags?post=102056"}],"curies":[{"name":"wp","href":"https:\/\/api.w.org\/{rel}","templated":true}]}}