{"id":102054,"date":"2026-03-16T06:32:34","date_gmt":"2026-03-16T05:32:34","guid":{"rendered":"https:\/\/www.infokuryr.cz\/n\/?p=102054"},"modified":"2026-03-16T06:33:03","modified_gmt":"2026-03-16T05:33:03","slug":"nebudeme-ukrajinskou-kolonii-v-budapesti-se-konal-masivni-protiukrajinsky-demonstracni-pochod","status":"publish","type":"post","link":"https:\/\/www.infokuryr.cz\/n\/2026\/03\/16\/nebudeme-ukrajinskou-kolonii-v-budapesti-se-konal-masivni-protiukrajinsky-demonstracni-pochod\/","title":{"rendered":"\u201eNebudeme ukrajinskou koloni\u00ed\u201c \u2013 v Budape\u0161ti se konal masivn\u00ed protiukrajinsk\u00fd demonstra\u010dn\u00ed pochod"},"content":{"rendered":"<div id=\"fb-root\"><\/div>\n<h3>Kyjev nikdy nezastra\u0161\u00ed Ma\u010farsko \u201eropnou blok\u00e1dou, vyd\u00edr\u00e1n\u00edm a hrozbami\u201c, \u0159ekl premi\u00e9r Viktor Orb\u00e1n davu sv\u00fdch p\u0159\u00edznivc\u016f<\/h3>\n<p><span dir=\"auto\">Des\u00edtky tis\u00edc Ma\u010far\u016f v ned\u011bli zaplavily ulice Budape\u0161ti na podporu premi\u00e9ra Viktora Orb\u00e1na. Lid\u00e9 z cel\u00e9 zem\u011b se v hlavn\u00edm m\u011bst\u011b p\u0159ipojili k \u201ePochodu m\u00edru\u201c, kter\u00fd se konal pod heslem:\u00a0<\/span><em><span dir=\"auto\">\u201eNebudeme ukrajinskou koloni\u00ed!\u201c<\/span><\/em><\/p>\n<p><span dir=\"auto\">Orb\u00e1nova vl\u00e1da se dlouhodob\u011b stav\u00ed proti politice EU, kter\u00e1 spo\u010d\u00edv\u00e1 v vyzbrojov\u00e1n\u00ed a financov\u00e1n\u00ed Ukrajiny proti Rusku, a tak\u00e9 proti snaze Ukrajiny o vstup do bloku. Nap\u011bt\u00ed mezi Budape\u0161t\u00ed a Kyjevem se v posledn\u00edch m\u011bs\u00edc\u00edch vyost\u0159ilo, kdy\u017e Ukrajina nejprve pozastavila dod\u00e1vky rusk\u00e9 ropy do Ma\u010farska a Slovenska prost\u0159ednictv\u00edm sov\u011btsk\u00e9ho ropovodu a jej\u00ed v\u016fdce Vladimir Zelenskyj pot\u00e9 osobn\u011b vyhro\u017eoval Orb\u00e1novi.<\/span><\/p>\n<p><span dir=\"auto\">Orb\u00e1n v ned\u011bli p\u0159ednesl projev ke sv\u00fdm p\u0159\u00edznivc\u016fm p\u0159ed parlamentem, v n\u011bm\u017e vyzval Kyjev, aby opustil svou nep\u0159\u00e1telskou politiku.\u00a0<\/span><em><span dir=\"auto\">\u201eV\u00edte, Zelensky, toto je tis\u00edcilet\u00fd st\u00e1t Ma\u010far\u016f. A vy si mysl\u00edte, \u017ee n\u00e1s m\u016f\u017eete vyd\u011bsit ropnou blok\u00e1dou, vyd\u00edr\u00e1n\u00edm a hrozbami v\u016f\u010di na\u0161im v\u016fdc\u016fm? Bu\u010fte chyt\u0159\u00ed a zastavte to,\u201c<\/span><\/em><span dir=\"auto\">\u00a0\u0159ekl premi\u00e9r.<\/span><\/p>\n<div class=\"rtcode\">\n<div class=\"twitter-tweet twitter-tweet-rendered\"><iframe id=\"twitter-widget-0\" class=\"\" title=\"X P\u0159\u00edsp\u011bvek\" src=\"https:\/\/platform.twitter.com\/embed\/Tweet.html?creatorScreenName=RT_com&amp;dnt=false&amp;embedId=twitter-widget-0&amp;features=eyJ0ZndfdGltZWxpbmVfbGlzdCI6eyJidWNrZXQiOltdLCJ2ZXJzaW9uIjpudWxsfSwidGZ3X2ZvbGxvd2VyX2NvdW50X3N1bnNldCI6eyJidWNrZXQiOnRydWUsInZlcnNpb24iOm51bGx9LCJ0ZndfdHdlZXRfZWRpdF9iYWNrZW5kIjp7ImJ1Y2tldCI6Im9uIiwidmVyc2lvbiI6bnVsbH0sInRmd19yZWZzcmNfc2Vzc2lvbiI6eyJidWNrZXQiOiJvbiIsInZlcnNpb24iOm51bGx9LCJ0ZndfZm9zbnJfc29mdF9pbnRlcnZlbnRpb25zX2VuYWJsZWQiOnsiYnVja2V0Ijoib24iLCJ2ZXJzaW9uIjpudWxsfSwidGZ3X21peGVkX21lZGlhXzE1ODk3Ijp7ImJ1Y2tldCI6InRyZWF0bWVudCIsInZlcnNpb24iOm51bGx9LCJ0ZndfZXhwZXJpbWVudHNfY29va2llX2V4cGlyYXRpb24iOnsiYnVja2V0IjoxMjA5NjAwLCJ2ZXJzaW9uIjpudWxsfSwidGZ3X3Nob3dfYmlyZHdhdGNoX3Bpdm90c19lbmFibGVkIjp7ImJ1Y2tldCI6Im9uIiwidmVyc2lvbiI6bnVsbH0sInRmd19kdXBsaWNhdGVfc2NyaWJlc190b19zZXR0aW5ncyI6eyJidWNrZXQiOiJvbiIsInZlcnNpb24iOm51bGx9LCJ0ZndfdXNlX3Byb2ZpbGVfaW1hZ2Vfc2hhcGVfZW5hYmxlZCI6eyJidWNrZXQiOiJvbiIsInZlcnNpb24iOm51bGx9LCJ0ZndfdmlkZW9faGxzX2R5bmFtaWNfbWFuaWZlc3RzXzE1MDgyIjp7ImJ1Y2tldCI6InRydWVfYml0cmF0ZSIsInZlcnNpb24iOm51bGx9LCJ0ZndfbGVnYWN5X3RpbWVsaW5lX3N1bnNldCI6eyJidWNrZXQiOnRydWUsInZlcnNpb24iOm51bGx9LCJ0ZndfdHdlZXRfZWRpdF9mcm9udGVuZCI6eyJidWNrZXQiOiJvbiIsInZlcnNpb24iOm51bGx9fQ%3D%3D&amp;frame=false&amp;hideCard=false&amp;hideThread=false&amp;id=2033153013905273119&amp;lang=cs&amp;maxWidth=560px&amp;origin=https%3A%2F%2Fwww.rt.com%2Fnews%2F635109-budapest-rally-not-ukrainian-colony%2F&amp;sessionId=87da7d213383cd9495e49002dac35e7776fb6fae&amp;siteScreenName=RT_com&amp;theme=light&amp;widgetsVersion=2615f7e52b7e0%3A1702314776716&amp;width=550px\" frameborder=\"0\" scrolling=\"no\" allowfullscreen=\"allowfullscreen\" data-tweet-id=\"2033153013905273119\" data-mce-fragment=\"1\"><\/iframe><\/div>\n<\/div>\n<p><span dir=\"auto\">Ministr zahrani\u010d\u00ed Peter Szijj\u00e1rt\u00f3, kter\u00fd byl na demonstraci tak\u00e9 p\u0159\u00edtomen, prohl\u00e1sil, \u017ee Brusel a Kyjev cht\u011bj\u00ed svrhnout Orb\u00e1novu vl\u00e1du\u00a0<\/span><em><span dir=\"auto\">, \u201eproto\u017ee cht\u011bj\u00ed, aby Zelenskyj sestavil vl\u00e1du i v Ma\u010farsku\u201c.<\/span><\/em><\/p>\n<div class=\"rtcode\">\n<div class=\"twitter-tweet twitter-tweet-rendered\"><iframe id=\"twitter-widget-1\" class=\"\" title=\"X P\u0159\u00edsp\u011bvek\" src=\"https:\/\/platform.twitter.com\/embed\/Tweet.html?creatorScreenName=RT_com&amp;dnt=false&amp;embedId=twitter-widget-1&amp;features=eyJ0ZndfdGltZWxpbmVfbGlzdCI6eyJidWNrZXQiOltdLCJ2ZXJzaW9uIjpudWxsfSwidGZ3X2ZvbGxvd2VyX2NvdW50X3N1bnNldCI6eyJidWNrZXQiOnRydWUsInZlcnNpb24iOm51bGx9LCJ0ZndfdHdlZXRfZWRpdF9iYWNrZW5kIjp7ImJ1Y2tldCI6Im9uIiwidmVyc2lvbiI6bnVsbH0sInRmd19yZWZzcmNfc2Vzc2lvbiI6eyJidWNrZXQiOiJvbiIsInZlcnNpb24iOm51bGx9LCJ0ZndfZm9zbnJfc29mdF9pbnRlcnZlbnRpb25zX2VuYWJsZWQiOnsiYnVja2V0Ijoib24iLCJ2ZXJzaW9uIjpudWxsfSwidGZ3X21peGVkX21lZGlhXzE1ODk3Ijp7ImJ1Y2tldCI6InRyZWF0bWVudCIsInZlcnNpb24iOm51bGx9LCJ0ZndfZXhwZXJpbWVudHNfY29va2llX2V4cGlyYXRpb24iOnsiYnVja2V0IjoxMjA5NjAwLCJ2ZXJzaW9uIjpudWxsfSwidGZ3X3Nob3dfYmlyZHdhdGNoX3Bpdm90c19lbmFibGVkIjp7ImJ1Y2tldCI6Im9uIiwidmVyc2lvbiI6bnVsbH0sInRmd19kdXBsaWNhdGVfc2NyaWJlc190b19zZXR0aW5ncyI6eyJidWNrZXQiOiJvbiIsInZlcnNpb24iOm51bGx9LCJ0ZndfdXNlX3Byb2ZpbGVfaW1hZ2Vfc2hhcGVfZW5hYmxlZCI6eyJidWNrZXQiOiJvbiIsInZlcnNpb24iOm51bGx9LCJ0ZndfdmlkZW9faGxzX2R5bmFtaWNfbWFuaWZlc3RzXzE1MDgyIjp7ImJ1Y2tldCI6InRydWVfYml0cmF0ZSIsInZlcnNpb24iOm51bGx9LCJ0ZndfbGVnYWN5X3RpbWVsaW5lX3N1bnNldCI6eyJidWNrZXQiOnRydWUsInZlcnNpb24iOm51bGx9LCJ0ZndfdHdlZXRfZWRpdF9mcm9udGVuZCI6eyJidWNrZXQiOiJvbiIsInZlcnNpb24iOm51bGx9fQ%3D%3D&amp;frame=false&amp;hideCard=false&amp;hideThread=false&amp;id=2033187391104598238&amp;lang=cs&amp;maxWidth=560px&amp;origin=https%3A%2F%2Fwww.rt.com%2Fnews%2F635109-budapest-rally-not-ukrainian-colony%2F&amp;sessionId=87da7d213383cd9495e49002dac35e7776fb6fae&amp;siteScreenName=RT_com&amp;theme=light&amp;widgetsVersion=2615f7e52b7e0%3A1702314776716&amp;width=550px\" frameborder=\"0\" scrolling=\"no\" allowfullscreen=\"allowfullscreen\" data-tweet-id=\"2033187391104598238\" data-mce-fragment=\"1\"><\/iframe><\/div>\n<\/div>\n<p><span dir=\"auto\">Fotografie a videa zve\u0159ejn\u011bn\u00e9 na soci\u00e1ln\u00edch s\u00edt\u00edch ukazuj\u00ed obrovsk\u00e9 davy lid\u00ed m\u00e1vaj\u00edc\u00edch st\u00e1tn\u00edmi vlajkami a pochoduj\u00edc\u00edch centrem Budape\u0161ti. Demonstranti nesli velk\u00fd transparent s n\u00e1pisem, \u017ee Ma\u010farsko nebude\u00a0<\/span><em><span dir=\"auto\">\u201ekoloni\u00ed\u201c<\/span><\/em><span dir=\"auto\">\u00a0Ukrajiny. N\u011bkte\u0159\u00ed \u00fa\u010dastn\u00edci demonstrace tak\u00e9 nesli transparenty s p\u0159e\u0161krtnut\u00fdmi obr\u00e1zky Zelensk\u00e9ho a Orb\u00e1nova kl\u00ed\u010dov\u00e9ho rivala v nadch\u00e1zej\u00edc\u00edch volb\u00e1ch, Petera Magyara. Ma\u010farsk\u00e1 strana Tisza uspo\u0159\u00e1dala v ned\u011bli tak\u00e9 masivn\u00ed demonstraci.<\/span><\/p>\n<div class=\"rtcode\">\n<div class=\"twitter-tweet twitter-tweet-rendered\"><iframe id=\"twitter-widget-2\" class=\"\" title=\"X P\u0159\u00edsp\u011bvek\" src=\"https:\/\/platform.twitter.com\/embed\/Tweet.html?creatorScreenName=RT_com&amp;dnt=false&amp;embedId=twitter-widget-2&amp;features=eyJ0ZndfdGltZWxpbmVfbGlzdCI6eyJidWNrZXQiOltdLCJ2ZXJzaW9uIjpudWxsfSwidGZ3X2ZvbGxvd2VyX2NvdW50X3N1bnNldCI6eyJidWNrZXQiOnRydWUsInZlcnNpb24iOm51bGx9LCJ0ZndfdHdlZXRfZWRpdF9iYWNrZW5kIjp7ImJ1Y2tldCI6Im9uIiwidmVyc2lvbiI6bnVsbH0sInRmd19yZWZzcmNfc2Vzc2lvbiI6eyJidWNrZXQiOiJvbiIsInZlcnNpb24iOm51bGx9LCJ0ZndfZm9zbnJfc29mdF9pbnRlcnZlbnRpb25zX2VuYWJsZWQiOnsiYnVja2V0Ijoib24iLCJ2ZXJzaW9uIjpudWxsfSwidGZ3X21peGVkX21lZGlhXzE1ODk3Ijp7ImJ1Y2tldCI6InRyZWF0bWVudCIsInZlcnNpb24iOm51bGx9LCJ0ZndfZXhwZXJpbWVudHNfY29va2llX2V4cGlyYXRpb24iOnsiYnVja2V0IjoxMjA5NjAwLCJ2ZXJzaW9uIjpudWxsfSwidGZ3X3Nob3dfYmlyZHdhdGNoX3Bpdm90c19lbmFibGVkIjp7ImJ1Y2tldCI6Im9uIiwidmVyc2lvbiI6bnVsbH0sInRmd19kdXBsaWNhdGVfc2NyaWJlc190b19zZXR0aW5ncyI6eyJidWNrZXQiOiJvbiIsInZlcnNpb24iOm51bGx9LCJ0ZndfdXNlX3Byb2ZpbGVfaW1hZ2Vfc2hhcGVfZW5hYmxlZCI6eyJidWNrZXQiOiJvbiIsInZlcnNpb24iOm51bGx9LCJ0ZndfdmlkZW9faGxzX2R5bmFtaWNfbWFuaWZlc3RzXzE1MDgyIjp7ImJ1Y2tldCI6InRydWVfYml0cmF0ZSIsInZlcnNpb24iOm51bGx9LCJ0ZndfbGVnYWN5X3RpbWVsaW5lX3N1bnNldCI6eyJidWNrZXQiOnRydWUsInZlcnNpb24iOm51bGx9LCJ0ZndfdHdlZXRfZWRpdF9mcm9udGVuZCI6eyJidWNrZXQiOiJvbiIsInZlcnNpb24iOm51bGx9fQ%3D%3D&amp;frame=false&amp;hideCard=false&amp;hideThread=false&amp;id=2033167825821479160&amp;lang=cs&amp;origin=https%3A%2F%2Fwww.rt.com%2Fnews%2F635109-budapest-rally-not-ukrainian-colony%2F&amp;sessionId=87da7d213383cd9495e49002dac35e7776fb6fae&amp;siteScreenName=RT_com&amp;theme=light&amp;widgetsVersion=2615f7e52b7e0%3A1702314776716&amp;width=550px\" frameborder=\"0\" scrolling=\"no\" allowfullscreen=\"allowfullscreen\" data-tweet-id=\"2033167825821479160\" data-mce-fragment=\"1\"><\/iframe><\/div>\n<\/div>\n<p><span dir=\"auto\">Za\u010d\u00e1tkem b\u0159ezna ma\u010farsk\u00e9 \u00fa\u0159ady v r\u00e1mci vy\u0161et\u0159ov\u00e1n\u00ed pran\u00ed \u0161pinav\u00fdch pen\u011bz zadr\u017eely konvoj s hotovost\u00ed a zlatem v hodnot\u011b a\u017e 100 milion\u016f dolar\u016f, \u00fadajn\u011b ur\u010den\u00fdm pro ukrajinskou st\u00e1tn\u00ed banku. Zelenskyj ve stejn\u00fd den navrhl, aby byla jeho arm\u00e1da vysl\u00e1na, aby s Orb\u00e1nem hovo\u0159ila\u00a0<\/span><em><span dir=\"auto\">\u201ejeho vlastn\u00edm jazykem\u201c.<\/span><\/em><span dir=\"auto\"> Orb\u00e1n i Ma\u010fa\u0159i tyto hrozby odsoudili.<\/span><\/p>\n<p><img decoding=\"async\" loading=\"lazy\" class=\"alignnone size-full wp-image-1185\" src=\"http:\/\/www.infokuryr.cz\/n\/wp-content\/uploads\/2021\/04\/kuryr-podpis.png\" alt=\"\" width=\"84\" height=\"24\" \/><\/p>\n<p>&nbsp;<\/p>\n","protected":false},"excerpt":{"rendered":"<p>Kyjev nikdy nezastra\u0161\u00ed Ma\u010farsko \u201eropnou blok\u00e1dou, vyd\u00edr\u00e1n\u00edm a hrozbami\u201c, \u0159ekl premi\u00e9r Viktor Orb\u00e1n davu sv\u00fdch&#8230;<\/p>\n","protected":false},"author":2,"featured_media":102055,"comment_status":"closed","ping_status":"closed","sticky":false,"template":"","format":"standard","meta":[],"categories":[7],"tags":[1976,243,78,26],"_links":{"self":[{"href":"https:\/\/www.infokuryr.cz\/n\/wp-json\/wp\/v2\/posts\/102054"}],"collection":[{"href":"https:\/\/www.infokuryr.cz\/n\/wp-json\/wp\/v2\/posts"}],"about":[{"href":"https:\/\/www.infokuryr.cz\/n\/wp-json\/wp\/v2\/types\/post"}],"author":[{"embeddable":true,"href":"https:\/\/www.infokuryr.cz\/n\/wp-json\/wp\/v2\/users\/2"}],"replies":[{"embeddable":true,"href":"https:\/\/www.infokuryr.cz\/n\/wp-json\/wp\/v2\/comments?post=102054"}],"version-history":[{"count":0,"href":"https:\/\/www.infokuryr.cz\/n\/wp-json\/wp\/v2\/posts\/102054\/revisions"}],"wp:featuredmedia":[{"embeddable":true,"href":"https:\/\/www.infokuryr.cz\/n\/wp-json\/wp\/v2\/media\/102055"}],"wp:attachment":[{"href":"https:\/\/www.infokuryr.cz\/n\/wp-json\/wp\/v2\/media?parent=102054"}],"wp:term":[{"taxonomy":"category","embeddable":true,"href":"https:\/\/www.infokuryr.cz\/n\/wp-json\/wp\/v2\/categories?post=102054"},{"taxonomy":"post_tag","embeddable":true,"href":"https:\/\/www.infokuryr.cz\/n\/wp-json\/wp\/v2\/tags?post=102054"}],"curies":[{"name":"wp","href":"https:\/\/api.w.org\/{rel}","templated":true}]}}