{"id":10205,"date":"2022-05-03T01:07:43","date_gmt":"2022-05-02T23:07:43","guid":{"rendered":"http:\/\/www.infokuryr.cz\/n\/?p=10205"},"modified":"2022-05-02T18:33:24","modified_gmt":"2022-05-02T16:33:24","slug":"nato-prevzalo-doprovod-ruskych-vojenskych-letadel-do-kaliningradu","status":"publish","type":"post","link":"https:\/\/www.infokuryr.cz\/n\/2022\/05\/03\/nato-prevzalo-doprovod-ruskych-vojenskych-letadel-do-kaliningradu\/","title":{"rendered":"NATO p\u0159evzalo doprovod rusk\u00fdch vojensk\u00fdch letadel do Kaliningradu"},"content":{"rendered":"<div id=\"fb-root\"><\/div>\n<p class=\"lead\"><strong>B\u011bhem posledn\u00edho dubnov\u00e9ho t\u00fddne st\u00edha\u010dky NATO um\u00edstn\u011bn\u00e9 v Pobalt\u00ed dev\u011btkr\u00e1t doprov\u00e1zely rusk\u00e1 v\u00e1le\u010dn\u00e1 letadla nad Baltsk\u00fdm mo\u0159em. Podle litevsk\u00e9ho ministerstva obrany je doprovod instalov\u00e1n pouze v p\u0159\u00edpad\u011b poru\u0161en\u00ed letov\u00fdch pravidel v mezin\u00e1rodn\u00edm vzdu\u0161n\u00e9m prostoru.<\/strong><\/p>\n<p><span>Od 25. dubna do 1. kv\u011btna eskortovala leteck\u00e1 policie NATO dev\u011btkr\u00e1t rusk\u00e1 vojensk\u00e1 letadla nad Baltsk\u00fdm mo\u0159em.\u00a0Uv\u00e1d\u00ed se to ve zpr\u00e1v\u011b Ministerstva obrany Litvy.\u00a0Agentura tvrd\u00ed, \u017ee st\u00edha\u010dky n\u00e1sleduj\u00ed\u00a0 rusk\u00e9 letouny pouze v p\u0159\u00edpad\u011b poru\u0161en\u00ed letov\u00fdch pravidel v mezin\u00e1rodn\u00edm vzdu\u0161n\u00e9m prostoru.<\/span><\/p>\n<p><span>Nej\u010dast\u011bji letouny NATO podle agentury doprov\u00e1zely letouny leteck\u00e9ho pr\u016fzkumu a leteck\u00e9ho sn\u00edmkov\u00e1n\u00ed An-30 a Il-20, vojensk\u00e9 transportn\u00ed letouny An-12 a bombard\u00e9ry Su-24.<\/span><\/p>\n<p><span>Litevsk\u00e9 ministerstvo obrany tvrd\u00ed, \u017ee letadla l\u00e9taj\u00ed bez p\u0159ilo\u017een\u00e9ho radarov\u00e9ho transpond\u00e9ru a letov\u00e9ho pl\u00e1nu.<\/span><\/p>\n<p><span>Rusk\u00e9 ministerstvo obrany uvedlo, \u017ee lety rusk\u00fdch vojensk\u00fdch letadel do Kaliningradsk\u00e9 oblasti a zp\u011bt jsou prov\u00e1d\u011bny nad neutr\u00e1ln\u00edmi vodami v souladu s mezin\u00e1rodn\u00edmi pravidly pro vyu\u017e\u00edv\u00e1n\u00ed vzdu\u0161n\u00e9ho prostoru.<\/span><\/p>\n<p><img decoding=\"async\" loading=\"lazy\" class=\"alignnone size-full wp-image-1185\" src=\"http:\/\/www.infokuryr.cz\/n\/wp-content\/uploads\/2021\/04\/kuryr-podpis.png\" alt=\"\" width=\"84\" height=\"24\" \/><\/p>\n<p>&nbsp;<\/p>\n","protected":false},"excerpt":{"rendered":"<p>B\u011bhem posledn\u00edho dubnov\u00e9ho t\u00fddne st\u00edha\u010dky NATO um\u00edstn\u011bn\u00e9 v Pobalt\u00ed dev\u011btkr\u00e1t doprov\u00e1zely rusk\u00e1 v\u00e1le\u010dn\u00e1 letadla nad&#8230;<\/p>\n","protected":false},"author":2,"featured_media":10206,"comment_status":"closed","ping_status":"closed","sticky":false,"template":"","format":"standard","meta":[],"categories":[7],"tags":[1422,2320,457,39],"_links":{"self":[{"href":"https:\/\/www.infokuryr.cz\/n\/wp-json\/wp\/v2\/posts\/10205"}],"collection":[{"href":"https:\/\/www.infokuryr.cz\/n\/wp-json\/wp\/v2\/posts"}],"about":[{"href":"https:\/\/www.infokuryr.cz\/n\/wp-json\/wp\/v2\/types\/post"}],"author":[{"embeddable":true,"href":"https:\/\/www.infokuryr.cz\/n\/wp-json\/wp\/v2\/users\/2"}],"replies":[{"embeddable":true,"href":"https:\/\/www.infokuryr.cz\/n\/wp-json\/wp\/v2\/comments?post=10205"}],"version-history":[{"count":0,"href":"https:\/\/www.infokuryr.cz\/n\/wp-json\/wp\/v2\/posts\/10205\/revisions"}],"wp:featuredmedia":[{"embeddable":true,"href":"https:\/\/www.infokuryr.cz\/n\/wp-json\/wp\/v2\/media\/10206"}],"wp:attachment":[{"href":"https:\/\/www.infokuryr.cz\/n\/wp-json\/wp\/v2\/media?parent=10205"}],"wp:term":[{"taxonomy":"category","embeddable":true,"href":"https:\/\/www.infokuryr.cz\/n\/wp-json\/wp\/v2\/categories?post=10205"},{"taxonomy":"post_tag","embeddable":true,"href":"https:\/\/www.infokuryr.cz\/n\/wp-json\/wp\/v2\/tags?post=10205"}],"curies":[{"name":"wp","href":"https:\/\/api.w.org\/{rel}","templated":true}]}}