{"id":102049,"date":"2026-03-16T06:25:42","date_gmt":"2026-03-16T05:25:42","guid":{"rendered":"https:\/\/www.infokuryr.cz\/n\/?p=102049"},"modified":"2026-03-16T06:25:42","modified_gmt":"2026-03-16T05:25:42","slug":"babisova-vlada-schvalila-statni-rozpocet-s-miniaturnim-rozpoctem-pro-armadu-ve-vysi-173-a-ihned-prisel-rev-od-americanu","status":"publish","type":"post","link":"https:\/\/www.infokuryr.cz\/n\/2026\/03\/16\/babisova-vlada-schvalila-statni-rozpocet-s-miniaturnim-rozpoctem-pro-armadu-ve-vysi-173-a-ihned-prisel-rev-od-americanu\/","title":{"rendered":"Babi\u0161ova vl\u00e1da schv\u00e1lila st\u00e1tn\u00ed rozpo\u010det s miniaturn\u00edm rozpo\u010dtem pro arm\u00e1du ve v\u00fd\u0161i 1,73% a ihned p\u0159i\u0161el \u0159ev od Ameri\u010dan\u016f!"},"content":{"rendered":"<div id=\"fb-root\"><\/div>\n<h4>Babi\u0161ova vl\u00e1da schv\u00e1lila st\u00e1tn\u00ed rozpo\u010det s miniaturn\u00edm rozpo\u010dtem pro arm\u00e1du ve v\u00fd\u0161i 1,73% a ihned p\u0159i\u0161el \u0159ev od Ameri\u010dan\u016f! Do NATO se ji\u017e sypat nebude, to je mrtv\u00fd projekt, zazn\u011blo pr\u00fd v z\u00e1kulis\u00ed vl\u00e1dy! Zn\u00e1me podrobnosti! Kr\u00e1tk\u00fd rom\u00e1nek Babi\u0161ovy vl\u00e1dy s Trumpem pr\u00e1v\u011b skon\u010dil a m\u016f\u017ee za to rozpoutan\u00e1 v\u00e1lka v Persk\u00e9m z\u00e1livu a ohro\u017een\u00ed bruselsk\u00fdch pl\u00e1n\u016f na euro-zbrojen\u00ed v p\u0159\u00edprav\u011b na v\u00e1lku s Ruskem!<\/h4>\n<p>Je to neuv\u011b\u0159iteln\u00e9, ale Babi\u0161ova vl\u00e1da a jej\u00ed parlamentn\u00ed v\u011bt\u0161ina znovu vyrobila ne\u010dekan\u00e9 p\u0159ekvapen\u00ed. T\u011bsn\u011b p\u0159ed 87. v\u00fdro\u010d\u00edm n\u011bmeck\u00e9 okupace II. Republiky, na kter\u00e9 si \u010desk\u00e1 m\u00e9dia \u2013 p\u0159ev\u00e1\u017en\u011b v n\u011bmeck\u00e9m a rovn\u011b\u017e v s\u00f3ro\u0161ovsk\u00e9m vlastnictv\u00ed \u2013 preventivn\u011b a jako ji\u017e tradi\u010dn\u011b op\u011bt nevzpomn\u011bla, \u010d\u00edm\u017e bylo dop\u0159edu a v p\u0159edstihu rozbaleno velikono\u010dn\u00ed a nek\u0159es\u0165ansk\u00e9\u00a0<em>chucp\u00e1tko<\/em>, pro\u0161el ve sn\u011bmovn\u011b n\u00e1vrh na nov\u00fd st\u00e1tn\u00ed rozpo\u010det z d\u00edlny Babi\u0161ovy trojkoalice\u00a0<strong>[<a href=\"https:\/\/href.li\/?https:\/\/www.irozhlas.cz\/zpravy-domov\/snemovna-schvalila-rozpocet-se-schodkem-310-miliard-opozice-s-navrhy-na-presuny_2603111845_cen\" target=\"_blank\" rel=\"nofollow noopener\">1<\/a>]<\/strong>.<\/p>\n<p>A ten rozpo\u010det vyrobil naprost\u00fd \u0161ok, a to p\u0159edev\u0161\u00edm pro americk\u00e9 partnery.\u00a0<strong>V nov\u00e9m \u010desk\u00e9m st\u00e1tn\u00edm rozpo\u010dtu je toti\u017e na zbrojen\u00ed vy\u010dlen\u011bno<\/strong>\u00a0<strong>jen 1,73% HDP<\/strong>, co\u017e je o v\u00edce jak \u010dtvrt procenta m\u00e9n\u011b, ne\u017e je star\u00fd 2% z\u00e1vazek zem\u00ed NATO na zbrojen\u00ed, kter\u00fd ale stejn\u011b u\u017e neplat\u00ed, proto\u017ee Trump vyhl\u00e1sil, \u017ee zem\u011b NATO mus\u00ed odv\u00e1d\u011bt 5% HDP na zbrojen\u00ed.<\/p>\n<figure id=\"attachment_66395\" class=\"wp-caption aligncenter\" style=\"width: 703px;\"><a href=\"https:\/\/aeronet.news\/wp-content\/uploads\/MatthewWhitakerFeature.jpg\"><img decoding=\"async\" loading=\"lazy\" class=\"wp-image-66395 \" src=\"https:\/\/aeronet.news\/wp-content\/uploads\/MatthewWhitakerFeature-1024x633.jpg\" sizes=\"(max-width: 700px) 100vw, 700px\" srcset=\"https:\/\/aeronet.news\/wp-content\/uploads\/MatthewWhitakerFeature-1024x633.jpg 1024w, https:\/\/aeronet.news\/wp-content\/uploads\/MatthewWhitakerFeature-300x185.jpg 300w, https:\/\/aeronet.news\/wp-content\/uploads\/MatthewWhitakerFeature-768x475.jpg 768w, https:\/\/aeronet.news\/wp-content\/uploads\/MatthewWhitakerFeature-700x433.jpg 700w, https:\/\/aeronet.news\/wp-content\/uploads\/MatthewWhitakerFeature-578x357.jpg 578w, https:\/\/aeronet.news\/wp-content\/uploads\/MatthewWhitakerFeature-782x483.jpg 782w, https:\/\/aeronet.news\/wp-content\/uploads\/MatthewWhitakerFeature.jpg 1280w\" alt=\"\" width=\"703\" height=\"434\" \/><\/a><figcaption class=\"wp-caption-text\">Matthew Whitaker, velvyslanec USA p\u0159i NATO<\/figcaption><\/figure>\n<p>Okam\u017eit\u011b p\u0159i\u0161lo pok\u00e1r\u00e1n\u00ed od americk\u00e9ho velvyslance p\u0159i NATO. Matthew Whitaker na s\u00edti X napsal, \u017ee je t\u0159eba odv\u00e1d\u011bt 5% na zbrojen\u00ed, \u017ee to tak na\u0159\u00eddila skopov\u00e1 hlava v B\u00edl\u00e9m dom\u011b, a \u017ee nikdo se z toho pr\u00fd vyv\u00e1zat nem\u016f\u017ee. Jen\u017ee 5% by znamenalo o\u0159ezat starobn\u00ed d\u016fchody. Dalo by se o\u0159ezat i n\u011bco jin\u00e9ho, t\u0159eba investice do dopravy, ale to by za\u0159valy zak\u00e1zky. A to nen\u00ed rovn\u011b\u017e dovoleno.<\/p>\n<p>\u010cesk\u00e1 republika na v\u011bt\u0161\u00ed v\u00fddaje do zbrojen\u00ed nem\u00e1 prost\u0159edky a hlavn\u011b ekonomiku, kter\u00e1 bez rusk\u00fdch energi\u00ed a surovin kolabuje, a to i v d\u016fsledku kolapsu n\u011bmeck\u00e9ho pr\u016fmyslu, na kter\u00fd je \u010desk\u00e1 ekonomika velice t\u011bsn\u011b nav\u00e1z\u00e1na. Ka\u017edop\u00e1dn\u011b ale to procento lze pova\u017eovat za provokaci. Mohla to b\u00fdt klidn\u011b 2% p\u016fvodn\u00edho z\u00e1vazku, ale nam\u00edsto toho je to pouze 1,73% jako sign\u00e1l sni\u017eov\u00e1n\u00ed v\u00fddaj\u016f pro NATO.<\/p>\n<h3>Babi\u0161ova vl\u00e1da se pr\u00e1v\u011b roze\u0161la s Trumpem a sp\u00e1lila v\u0161echny mosty<\/h3>\n<p>Jak n\u00e1s informoval do na\u0161\u00ed redakce n\u00e1\u0161 zdroj, na vl\u00e1d\u011b pr\u00fd b\u011bhem projedn\u00e1v\u00e1n\u00ed v diskusi zazn\u011blo, \u017ee\u2026 \u201c<em>NATO je de facto mrtv\u00fd projekt, do kter\u00e9ho ji\u017e nem\u00e1 smysl sypat velk\u00e9 prost\u0159edky, pod\u00edvejte se na Trumpa, v\u017edy\u0165 on se \u00fapln\u011b zbl\u00e1znil, je to magor..<\/em>.\u201d Jednalo se pr\u00fd o reakci na chov\u00e1n\u00ed Trumpa okolo \u00cdr\u00e1nu, o roli USA a o americk\u00e9 arm\u00e1d\u011b, o jej\u00ed nezodpov\u011bdnosti, o nep\u0159edv\u00eddatelnosti Donalda Trumpa, o uvr\u017een\u00ed cel\u00e9 Evropy do energetick\u00e9 t\u00edsn\u011b kv\u016fli v\u00e1le\u010dn\u00e9mu po\u017e\u00e1ru v Persk\u00e9m z\u00e1livu.<\/p>\n<p>V d\u016fsledku toho je zablokovan\u00fd Hormuzsk\u00fd pr\u016fliv a ceny ropy vyl\u00e9tly ke 100 dolar\u016fm za barel a de facto okolo t\u00e9to hranice ceny ropy osciluj\u00ed u\u017e d\u00e9le ne\u017e t\u00fdden.\u00a0<strong>Z konceptu\u00e1ln\u00edho hlediska jde o sign\u00e1l, \u017ee Babi\u0161ova vl\u00e1da pr\u00e1v\u011b sp\u00e1lila trans-atlantick\u00e9 vztahy s Trumpem, a to znamen\u00e1, \u017ee Praha se dostane pod kontrolu Lond\u00fdna a Bruselu.<\/strong>\u00a0Je to sign\u00e1l, \u017ee Trump v Praze skon\u010dil. A to je opravdu z\u00e1sadn\u00ed sign\u00e1l, kter\u00fd m\u016f\u017ee m\u00edt odraz i ve volb\u00e1ch v Ma\u010farsku.<\/p>\n<div class=\"twitter-tweet twitter-tweet-rendered\"><a href=\"https:\/\/x.com\/USAmbNATO\/status\/2032065675636691408?ref_src=twsrc%5Etfw%7Ctwcamp%5Etweetembed%7Ctwterm%5E2032065675636691408%7Ctwgr%5E0dc8c4a5b850b1260a0726275e15135952dfe901%7Ctwcon%5Es1_&amp;ref_url=https%3A%2F%2Faeronet.news%2Fbabisova-vlada-schvalila-statni-rozpocet-s-miniaturnim-rozpoctem-pro-armadu-ve-vysi-173-a-ihned-prisel-rev-od-americanu-do-nato-se-jiz-sypat-nebude-to-je-mrtvy-projekt-zaznelo-pry-v-zakulisi-vlady%2F\"><img decoding=\"async\" loading=\"lazy\" class=\"wp-image-102050 aligncenter\" src=\"http:\/\/www.infokuryr.cz\/n\/wp-content\/uploads\/2026\/03\/x1-12-199x300.jpg\" alt=\"\" width=\"368\" height=\"555\" srcset=\"https:\/\/www.infokuryr.cz\/n\/wp-content\/uploads\/2026\/03\/x1-12-199x300.jpg 199w, https:\/\/www.infokuryr.cz\/n\/wp-content\/uploads\/2026\/03\/x1-12.jpg 602w\" sizes=\"(max-width: 368px) 100vw, 368px\" \/><\/a><\/div>\n<p>V p\u0159edchoz\u00edm \u010dl\u00e1nku\u00a0<strong>[<a href=\"https:\/\/aeronet.news\/orban-v-emotivnim-telefonatu-varoval-rodinu-ze-ukrajinci-uz-vyhrozuji-fyzickou-likvidaci-i-jim-nejen-jemu-general-sbu-varoval-orbana-ze-ukrajinska-organizace-karma-vi-kde-spi-kam-chodi\/\">2<\/a>]<\/strong>\u00a0v p\u00e1tek jsem psal, jak se cel\u00e1 Evropa p\u0159ipravuje pod velen\u00edm eurofa\u0161ist\u016f z Bruselu na v\u00e1lku s Ruskem, jak je usilov\u00e1no o odstran\u011bn\u00ed Orb\u00e1na v Ma\u010farsku, kter\u00fd jako posledn\u00ed blokuje v\u00e1le\u010dn\u00e9 pl\u00e1ny EU proti Rusku. A jako posledn\u00ed blokuje zrychlen\u00fd p\u0159\u00edstup\u00a0<em>Banderov\u010diny<\/em>, tedy Ukrajiny do EU. Jedinou velkou blokac\u00ed proti zata\u017een\u00ed EU do v\u00e1lky s Ruskem byl Trump.<\/p>\n<p>Ale po schv\u00e1len\u00ed \u010desk\u00e9ho st\u00e1tn\u00edho rozpo\u010dtu s v\u00fdm\u011brem na zbrojen\u00ed hluboko pod limitem 5% a dokonce i pod star\u00fdm 2% limitem je mo\u017en\u00e9 prohl\u00e1sit, \u017ee Trump pr\u00e1v\u011b v Evrop\u011b skon\u010dil a s n\u00edm i m\u00edrov\u00fd proces na Ukrajin\u011b. Praha pr\u00e1v\u011b vyslala sign\u00e1l, \u017ee Trump je odepsan\u00fd.\u00a0<strong>T\u011bch 1,73% HDP na zbrojen\u00ed je toti\u017e vzkaz od Bruselu a p\u0159edev\u0161\u00edm z Berl\u00edna do USA, \u017ee jejich role v Evrop\u011b a i role NATO pr\u00e1v\u011b skon\u010dila.<\/strong>\u00a0Praha se zkr\u00e1tka rozhodla p\u0159ipojit na stranu Berl\u00edna a na p\u0159\u00edpravu v\u00e1lky s Ruskem, kter\u00e1 se bude odehr\u00e1vat ji\u017e bez NATO a hlavn\u011b bez USA.<\/p>\n<h3>Sign\u00e1ly, \u017ee Babi\u0161ova vl\u00e1da se odkl\u00e1n\u00ed od Chabadu zp\u00e1tky k domu Sion, p\u0159ich\u00e1zely u\u017e del\u0161\u00ed dobu<\/h3>\n<p>Je t\u0159eba si uv\u011bdomit, \u017ee v Evrop\u011b se jednotliv\u00e9 st\u00e1ty \u0159\u00edd\u00ed podle dvou sm\u011br\u016f. Jeden sm\u011br ur\u010duje Lond\u00fdn a jeho D\u016fm Sion. To je sm\u011br tandemu ve sm\u011bru v\u00e1lky proti Rusku. Druh\u00fd sm\u011br tandemu ur\u010duje D\u016fm Chabad, a to je sm\u011br servility a slu\u017eby Donaldu Trumpovi, kter\u00fd je nejvy\u0161\u0161\u00edm k\u00e1drem Chabadu v tzv. kolektivn\u00edm Z\u00e1padu.<\/p>\n<p>Podle toho, kter\u00e9mu domu politici a vl\u00e1dy slou\u017e\u00ed, koho poslouchaj\u00ed, komu jdou vst\u0159\u00edc, komu pln\u00ed p\u0159\u00e1n\u00ed, tak tomu domu dan\u00e1 vl\u00e1da slou\u017e\u00ed. A pokud naopak dan\u00e1 vl\u00e1da druh\u00e9mu domu vy\u0161le facku, odhlasuje navzdory rozkazu 5% skand\u00e1ln\u011b miniaturn\u00ed zbrojn\u00ed rozpo\u010det ve v\u00fd\u0161i 1,73%, tak je jasn\u00e9, proti jak\u00e9mu domu vl\u00e1da vyt\u00e1hla do v\u00e1lky, resp. s jak\u00fdm domem se pr\u00e1v\u011b roze\u0161la. A t\u00edm je to dan\u00e9. A v\u016fbec to nen\u00ed p\u0159ekvapiv\u00e9.<\/p>\n<p>&nbsp;<\/p>\n<div id=\"rumble_v7433zi\">\n<div id=\"vid_v7433zi\" class=\"rumble_v7433zi-Rumble-cls\" tabindex=\"-1\"><div class='videoWrapper'>\r\n\t            <iframe src='https:\/\/rumble.com\/embed\/pj.v7433zi\/' frameborder='0' allowfullscreen><\/iframe>\r\n\t        <\/div><\/div>\n<\/div>\n<p>&nbsp;<\/p>\n<p>Posledn\u00ed\u00a0<strong>d\u011bsiv\u011b vst\u0159\u00edcn\u00e9 a p\u0159\u00e1telsk\u00e9 v\u00fdroky \u010desk\u00e9ho ministra zahrani\u010d\u00ed Petra Macinky sm\u011brem k Ukrajin\u011b a naopak proti Rusku jasn\u011b nazna\u010dily, \u017ee n\u011bco se stalo a Babi\u0161ova vl\u00e1da opustila D\u016fm Chabad<\/strong>\u00a0a opustila trans-atlantickou cestu Donalda Trumpa. Praha se vr\u00e1tila pod kontrolu Lond\u00fdna a Domu Sion, tedy pod kontrolu pro-v\u00e1le\u010dn\u00fdch a pro-ukrajinsk\u00fdch proces\u016f v Evrop\u011b. A tyto procesy nebudou \u0159\u00edzeny skrze NATO a nepo\u010d\u00edt\u00e1 se s rol\u00ed USA, proto\u017ee USA u\u017e jsou z NATO prakticky pry\u010d. D\u011blaj\u00ed si, co cht\u011bj\u00ed a co je napadne.<\/p>\n<p>Rozpoutaly v\u00e1lku s \u00cdr\u00e1nem a t\u00edm po\u0161kodily EU a ohrozily palivovou a energetickou bezpe\u010dnost EU, kter\u00e1 se chyst\u00e1 na v\u00e1lku s Ruskem. Za t\u00e9to situace Evropa u\u017e nem\u016f\u017ee s USA po\u010d\u00edtat, a proto\u017ee USA rovn\u00e1 se NATO, tak prost\u011b nejde po\u010d\u00edtat ani s NATO, a proto Babi\u0161ova vl\u00e1da u\u017e nem\u00e1 d\u016fvod pos\u00edlat do NATO ani 5% HDP, ani 2% HDP, ale necel\u00fdch 1 a t\u0159i \u010dtvrt\u011b procenta.<\/p>\n<h3>Bruselu a Lond\u00fdnu do\u0161la trp\u011blivost s Trumpem. V\u00e1lka v Persk\u00e9m z\u00e1livu a exploze cen ropy byla posledn\u00ed kapkou<\/h3>\n<p>Abychom pochopili, k \u010demu do\u0161lo, je t\u0159eba si uv\u011bdomit, co vlastn\u011b provedla skopov\u00e1 hlava v Persk\u00e9m z\u00e1livu. P\u016fvodn\u00ed pl\u00e1n byl, \u017ee zabit\u00edm ajatoll\u00e1ha dojde ke kolapsu \u00edr\u00e1nsk\u00e9ho re\u017eimu a USA dosad\u00ed v Teher\u00e1nu nov\u00e9ho \u0161\u00e1ha a vytvo\u0159\u00ed pro-americkou loutkovou vl\u00e1du. V\u016fbec se nepo\u010d\u00edtalo s t\u00edm, \u017ee \u00cdr\u00e1n nepadne, a \u017ee naopak za\u010dne bombardovat americk\u00e9 z\u00e1kladny v 9 zem\u00edch Persk\u00e9ho z\u00e1livu.<\/p>\n<p>A \u017ee dojde k praktick\u00e9mu zablokov\u00e1n\u00ed Hormuzsk\u00e9ho pr\u016flivu, co\u017e povede k vyst\u0159elen\u00ed cen ropy na burz\u00e1ch k cen\u00e1m okolo 100 a v\u00edce dolar\u016f. Trumpovo zru\u0161en\u00ed sankc\u00ed na ruskou ropu nalo\u017eenou na tankerech vedla o v\u00edkendu k poklesu ceny ropy na zhruba 82 USD za barel, ale to je pouze kr\u00e1tkodob\u00fd stimul.\u00a0<strong>T\u00fdk\u00e1 se to jen 100 milion\u016f barel\u016f ropy na tankerech rusk\u00e9 st\u00ednov\u00e9 flotily, co\u017e je z\u00e1soba, kter\u00e1 na trhu vydr\u017e\u00ed zhruba 10 dn\u00ed.<\/strong>\u00a0Srbsk\u00fd prezident Aleksandar Vucic ji\u017e p\u0159ed p\u00e1r dny varoval, \u017ee ceny ropy n\u00e1s v Evrop\u011b zabij\u00ed, pokud urychlen\u011b nedojde k otev\u0159en\u00ed Hromuzsk\u00e9ho pr\u016flivu.<\/p>\n<p>&nbsp;<\/p>\n<div id=\"rumble_v74g2y4\">\n<div id=\"vid_v74g2y4\" class=\"rumble_v74g2y4-Rumble-cls\" tabindex=\"-1\">\n<div><div class='videoWrapper'>\r\n\t            <iframe src='https:\/\/rumble.com\/embed\/pj.v74g2y4\/' frameborder='0' allowfullscreen><\/iframe>\r\n\t        <\/div><\/div>\n<\/div>\n<\/div>\n<p>&nbsp;<\/p>\n<p>A tady se dost\u00e1v\u00e1me k cel\u00e9 point\u011b a k rozuzlen\u00ed toho, k \u010demu do\u0161lo v Praze a v Babi\u0161ov\u011b vl\u00e1d\u011b. Brusel a pota\u017emo Berl\u00edn a pod veden\u00edm Lond\u00fdna maj\u00ed, nebo sp\u00ed\u0161 m\u011bli, pl\u00e1n na vyzbrojen\u00ed EU do v\u00e1lky s Ruskem. N\u00edzk\u00e1 cena ropy na sv\u011btov\u00fdch trz\u00edch p\u0159ed 28. \u00fanorem umo\u017e\u0148ovala EU ten pl\u00e1n realizovat a rozjet zbrojen\u00ed. Jen\u017ee po zah\u00e1jen\u00ed Trumpova \u00fatoku na \u00cdr\u00e1n a pot\u00e9, co ropa se te\u010f prod\u00e1v\u00e1 za astronomick\u00e9 ceny plovouc\u00ed okolo 100 USD, je realizace tohoto pl\u00e1nu odsunuta na dobu neur\u010ditou, proto\u017ee za tyto ceny ropy nelze evropsk\u00fd mamut\u00ed zbrojn\u00ed program ReArm prost\u011b spustit.<\/p>\n<p>Evropsk\u00e1 komise v b\u0159eznu 2025 p\u0159edstavila pl\u00e1n \u201e<em>ReArm Europe<\/em>\u201c \/\u00a0<em>Readiness 2030<\/em>, ambici\u00f3zn\u00ed strategii, jej\u00edm\u017e c\u00edlem je do roku 2030 nav\u00fd\u0161it investice do obrany o v\u00edce ne\u017e 800 miliard EUR a pos\u00edlit tak v\u00fdrobn\u00ed a bezpe\u010dnostn\u00ed kapacity v p\u0159\u00edprav\u011b na v\u00e1lku s Ruskem. Tato iniciativa si ofici\u00e1ln\u011b klade za c\u00edl pos\u00edlit evropskou obrannou pr\u016fmyslovou z\u00e1kladnu, usnadnit rychlej\u0161\u00ed spole\u010dn\u00e9 zad\u00e1v\u00e1n\u00ed ve\u0159ejn\u00fdch zak\u00e1zek a pos\u00edlit v\u00e1le\u010dnou podporu banderovsk\u00e9 Ukrajin\u011b.<\/p>\n<h3>Zbrojn\u00ed evropsk\u00e1 iniciativa je kv\u016fli cen\u00e1m ropy odsunuta na neur\u010dito<\/h3>\n<p>Mezi kl\u00ed\u010dov\u00e1 opat\u0159en\u00ed pat\u0159\u00ed \u00fav\u011brov\u00fd n\u00e1stroj (SAFE) ve v\u00fd\u0161i 150 miliard EUR pro obrann\u00e9 projekty a vyu\u017eit\u00ed n\u00e1rodn\u00ed p\u0159\u00edm\u00e9 fisk\u00e1ln\u00ed flexibility ke zv\u00fd\u0161en\u00ed vojensk\u00fdch v\u00fddaj\u016f. Flexibilitami se p\u0159itom mysl\u00ed p\u0159esouv\u00e1n\u00ed pen\u011bz mezi rozpo\u010dtov\u00fdmi kapitolami, nap\u0159. z rozpo\u010dt\u016f na zdravotnictv\u00ed, z d\u016fchod\u016f, soci\u00e1ln\u00edch titul\u016f nebo ze \u0161kolstv\u00ed sm\u011brem na obranu EU.<\/p>\n<p>Co je ale z\u00e1sadn\u00ed, \u017ee tento program EU nen\u00ed integr\u00e1lem zbrojn\u00edho z\u00e1vazku \u010dlensk\u00fdch zem\u00ed NATO.\u00a0<strong>ReArm Europe je koncipov\u00e1n jako extra projekt mimo p\u0159\u00edsp\u011bvek do NATO.<\/strong>\u00a0Z toho potom logicky vypl\u00fdv\u00e1 to, co u\u017e v\u00e1m ur\u010dit\u011b pr\u00e1v\u011b do\u0161lo. \u010cesk\u00e1 vl\u00e1da m\u00e1 prost\u011b u\u017e jin\u00e9 priority ne\u017e NATO. A nen\u00ed divu, \u017ee Viktor Orb\u00e1n na p\u0159edvolebn\u00edm m\u00edtinku v ned\u011bli znovu varoval, \u017ee EU se chyst\u00e1 na v\u00e1lku s Ruskem.<\/p>\n<div class=\"twitter-tweet twitter-tweet-rendered\"><iframe id=\"twitter-widget-1\" class=\"\" title=\"X Post\" src=\"https:\/\/platform.twitter.com\/embed\/Tweet.html?dnt=false&amp;embedId=twitter-widget-1&amp;features=eyJ0ZndfdGltZWxpbmVfbGlzdCI6eyJidWNrZXQiOltdLCJ2ZXJzaW9uIjpudWxsfSwidGZ3X2ZvbGxvd2VyX2NvdW50X3N1bnNldCI6eyJidWNrZXQiOnRydWUsInZlcnNpb24iOm51bGx9LCJ0ZndfdHdlZXRfZWRpdF9iYWNrZW5kIjp7ImJ1Y2tldCI6Im9uIiwidmVyc2lvbiI6bnVsbH0sInRmd19yZWZzcmNfc2Vzc2lvbiI6eyJidWNrZXQiOiJvbiIsInZlcnNpb24iOm51bGx9LCJ0ZndfZm9zbnJfc29mdF9pbnRlcnZlbnRpb25zX2VuYWJsZWQiOnsiYnVja2V0Ijoib24iLCJ2ZXJzaW9uIjpudWxsfSwidGZ3X21peGVkX21lZGlhXzE1ODk3Ijp7ImJ1Y2tldCI6InRyZWF0bWVudCIsInZlcnNpb24iOm51bGx9LCJ0ZndfZXhwZXJpbWVudHNfY29va2llX2V4cGlyYXRpb24iOnsiYnVja2V0IjoxMjA5NjAwLCJ2ZXJzaW9uIjpudWxsfSwidGZ3X3Nob3dfYmlyZHdhdGNoX3Bpdm90c19lbmFibGVkIjp7ImJ1Y2tldCI6Im9uIiwidmVyc2lvbiI6bnVsbH0sInRmd19kdXBsaWNhdGVfc2NyaWJlc190b19zZXR0aW5ncyI6eyJidWNrZXQiOiJvbiIsInZlcnNpb24iOm51bGx9LCJ0ZndfdXNlX3Byb2ZpbGVfaW1hZ2Vfc2hhcGVfZW5hYmxlZCI6eyJidWNrZXQiOiJvbiIsInZlcnNpb24iOm51bGx9LCJ0ZndfdmlkZW9faGxzX2R5bmFtaWNfbWFuaWZlc3RzXzE1MDgyIjp7ImJ1Y2tldCI6InRydWVfYml0cmF0ZSIsInZlcnNpb24iOm51bGx9LCJ0ZndfbGVnYWN5X3RpbWVsaW5lX3N1bnNldCI6eyJidWNrZXQiOnRydWUsInZlcnNpb24iOm51bGx9LCJ0ZndfdHdlZXRfZWRpdF9mcm9udGVuZCI6eyJidWNrZXQiOiJvbiIsInZlcnNpb24iOm51bGx9fQ%3D%3D&amp;frame=false&amp;hideCard=false&amp;hideThread=false&amp;id=2033309242694729837&amp;lang=cs&amp;origin=https%3A%2F%2Faeronet.news%2Fbabisova-vlada-schvalila-statni-rozpocet-s-miniaturnim-rozpoctem-pro-armadu-ve-vysi-173-a-ihned-prisel-rev-od-americanu-do-nato-se-jiz-sypat-nebude-to-je-mrtvy-projekt-zaznelo-pry-v-zakulisi-vlady%2F&amp;sessionId=0dc8c4a5b850b1260a0726275e15135952dfe901&amp;theme=light&amp;widgetsVersion=2615f7e52b7e0%3A1702314776716&amp;width=550px\" frameborder=\"0\" scrolling=\"no\" allowfullscreen=\"allowfullscreen\" data-tweet-id=\"2033309242694729837\" data-mce-fragment=\"1\"><\/iframe><\/div>\n<p>Evropsk\u00fd zbrojn\u00ed z\u00e1vazek\u00a0<em>ReArm<\/em>\u00a0a rovn\u011b\u017e tzv.\u00a0<em>Zbrojn\u00ed iniciativa Petra Fialy<\/em>\u00a0bude pokra\u010dovat, jak ji\u017e zazn\u011blo od vl\u00e1dy. Ale do NATO se u\u017e moc pos\u00edlat nebude. Jenom mal\u00e9\u00a0<em>v\u0161imn\u00e9<\/em>, jenom provoka\u010dn\u00ed p\u0159\u00edsp\u011bvek ve v\u00fd\u0161i 1,73% HDP. A t\u00edm je \u0159e\u010deno \u00fapln\u011b v\u0161echno. Ty v\u00fdroky Petra Macinky v OSN o Ukrajin\u011b, to nadb\u00edh\u00e1n\u00ed Ukrajinc\u016fm, to byly pouze kou\u0159ov\u00e9 sign\u00e1ly, kter\u00e9 dop\u0159edu oznamovaly, \u017ee Babi\u0161ova vl\u00e1da se chyst\u00e1 na sp\u00e1len\u00ed most\u016f s Trumpem a s USA, a \u017ee se chyst\u00e1 n\u00e1vrat pod D\u016fm Sion.<\/p>\n<p>A to znamen\u00e1 n\u00e1vrat do skupiny zem\u00ed chystaj\u00edc\u00edch se na v\u00e1lku s Ruskem, proto\u017ee pro\u010d? Proto\u017ee zbroja\u0159i v \u010cR, proto\u017ee r\u016fzn\u00ed Strnadov\u00e9, r\u016fzn\u00ed H\u00e1vov\u00e9 a r\u016fzn\u00ed mnoz\u00ed dal\u0161\u00ed maj\u00ed z\u00e1jem na zapojen\u00ed \u010cR do\u00a0<em>zbrojen\u00ed EU na Rusa<\/em>! To je cel\u00e9. A to znamen\u00e1, \u017ee Viktor Orb\u00e1n je posledn\u00edm Trumpov\u00fdm pil\u00ed\u0159em v Evrop\u011b. Jestli 12. dubna po volb\u00e1ch padne, bude v Evrop\u011b vymalov\u00e1no. Ji\u017e nikdo nebude blokovat p\u0159\u00edpravn\u00e9 procesy na v\u00e1lku s Ruskem. A takov\u00e1 je bohu\u017eel realita.<\/p>\n<p><a href=\"https:\/\/aeronet.news\/babisova-vlada-schvalila-statni-rozpocet-s-miniaturnim-rozpoctem-pro-armadu-ve-vysi-173-a-ihned-prisel-rev-od-americanu-do-nato-se-jiz-sypat-nebude-to-je-mrtvy-projekt-zaznelo-pry-v-zakulisi-vlady\/\">-VK-<\/a><\/p>\n<p>&nbsp;<\/p>\n","protected":false},"excerpt":{"rendered":"<p>Babi\u0161ova vl\u00e1da schv\u00e1lila st\u00e1tn\u00ed rozpo\u010det s miniaturn\u00edm rozpo\u010dtem pro arm\u00e1du ve v\u00fd\u0161i 1,73% a ihned&#8230;<\/p>\n","protected":false},"author":2,"featured_media":102051,"comment_status":"closed","ping_status":"closed","sticky":false,"template":"","format":"standard","meta":[],"categories":[6],"tags":[1042,126,477,37,99],"_links":{"self":[{"href":"https:\/\/www.infokuryr.cz\/n\/wp-json\/wp\/v2\/posts\/102049"}],"collection":[{"href":"https:\/\/www.infokuryr.cz\/n\/wp-json\/wp\/v2\/posts"}],"about":[{"href":"https:\/\/www.infokuryr.cz\/n\/wp-json\/wp\/v2\/types\/post"}],"author":[{"embeddable":true,"href":"https:\/\/www.infokuryr.cz\/n\/wp-json\/wp\/v2\/users\/2"}],"replies":[{"embeddable":true,"href":"https:\/\/www.infokuryr.cz\/n\/wp-json\/wp\/v2\/comments?post=102049"}],"version-history":[{"count":0,"href":"https:\/\/www.infokuryr.cz\/n\/wp-json\/wp\/v2\/posts\/102049\/revisions"}],"wp:featuredmedia":[{"embeddable":true,"href":"https:\/\/www.infokuryr.cz\/n\/wp-json\/wp\/v2\/media\/102051"}],"wp:attachment":[{"href":"https:\/\/www.infokuryr.cz\/n\/wp-json\/wp\/v2\/media?parent=102049"}],"wp:term":[{"taxonomy":"category","embeddable":true,"href":"https:\/\/www.infokuryr.cz\/n\/wp-json\/wp\/v2\/categories?post=102049"},{"taxonomy":"post_tag","embeddable":true,"href":"https:\/\/www.infokuryr.cz\/n\/wp-json\/wp\/v2\/tags?post=102049"}],"curies":[{"name":"wp","href":"https:\/\/api.w.org\/{rel}","templated":true}]}}