{"id":102047,"date":"2026-03-16T06:14:10","date_gmt":"2026-03-16T05:14:10","guid":{"rendered":"https:\/\/www.infokuryr.cz\/n\/?p=102047"},"modified":"2026-03-16T06:14:10","modified_gmt":"2026-03-16T05:14:10","slug":"papez-lev-odsuzuje-americko-izraelskou-valku-proti-iranu","status":"publish","type":"post","link":"https:\/\/www.infokuryr.cz\/n\/2026\/03\/16\/papez-lev-odsuzuje-americko-izraelskou-valku-proti-iranu\/","title":{"rendered":"Pape\u017e Lev odsuzuje americko-izraelskou v\u00e1lku proti \u00cdr\u00e1nu"},"content":{"rendered":"<div id=\"fb-root\"><\/div>\n<h3>Pape\u017e americk\u00e9ho p\u016fvodu prohl\u00e1sil, \u017ee \u201en\u00e1sil\u00ed nikdy nem\u016f\u017ee v\u00e9st ke spravedlnosti\u201c<\/h3>\n<p><span dir=\"auto\">Pape\u017e Lev XIV. se vyj\u00e1d\u0159il proti prob\u00edhaj\u00edc\u00ed americko-izraelsk\u00e9 v\u00e1lce proti \u00cdr\u00e1nu a vyzval k okam\u017eit\u00e9mu p\u0159\u00edm\u011b\u0159\u00ed. Pape\u017e narozen\u00fd v Chicagu varoval, \u017ee stability nelze nikdy dos\u00e1hnout n\u00e1sil\u00edm.<\/span><\/p>\n<p><span dir=\"auto\">Pape\u017e pronesl sv\u016fj projev v r\u00e1mci t\u00fddenn\u00ed modlitby And\u011bl P\u00e1n\u011b na n\u00e1m\u011bst\u00ed svat\u00e9ho Petra ve Vatik\u00e1nu v ned\u011bli, kde odsoudil dva t\u00fddny\u00a0<\/span><em><span dir=\"auto\">\u201ehrozn\u00e9ho n\u00e1sil\u00ed\u201c,<\/span><\/em><span dir=\"auto\">\u00a0kter\u00e9mu trp\u00ed lid\u00e9 na Bl\u00edzk\u00e9m v\u00fdchod\u011b.<\/span><\/p>\n<p><em><span dir=\"auto\">\u201eObnovuji svou modlitebn\u00ed bl\u00edzkost v\u0161em, kte\u0159\u00ed p\u0159i \u00fatoc\u00edch, je\u017e zas\u00e1hly \u0161koly, nemocnice a obytn\u00e9 oblasti, ztratili sv\u00e9 bl\u00edzk\u00e9,\u201c<\/span><\/em><span dir=\"auto\">\u00a0\u0159ekl Leo.<\/span><\/p>\n<p><span dir=\"auto\">Prvn\u00ed den vojensk\u00e9 kampan\u011b srovnala d\u00edv\u010d\u00ed \u0161kolu Shajarah Tayyebeh se zem\u00ed \u00fadajn\u00e1 americk\u00e1 st\u0159ela Tomahawk s plochou dr\u00e1hou letu, p\u0159i\u010dem\u017e zabila nejm\u00e9n\u011b 175 lid\u00ed, v\u011bt\u0161inou d\u011bt\u00ed, v jednom z nejtragi\u010dt\u011bj\u0161\u00edch incident\u016f konfliktu.<\/span><\/p>\n<p><span dir=\"auto\">Pape\u017e vyzval v\u0161echny strany konfliktu k zastaven\u00ed nep\u0159\u00e1telsk\u00fdch akc\u00ed a znovuotev\u0159en\u00ed\u00a0\u00a0<\/span><em><span dir=\"auto\">\u201ecest dialogu\u201c.<\/span><\/em><span dir=\"auto\">\u00a0V\u00fdvoj v Libanonu tak\u00e9 ozna\u010dil za\u00a0<\/span><em><span dir=\"auto\">\u201ed\u016fvod velk\u00e9ho znepokojen\u00ed\u201c.<\/span><\/em><\/p>\n<p><span dir=\"auto\">Izrael v posledn\u00edch t\u00fddnech podnikl leteck\u00e9 \u00fadery proti Libanonu v odvet\u011b za raketov\u00e9 \u00fatoky Hizball\u00e1hu na \u017eidovsk\u00fd st\u00e1t. Militantn\u00ed hnut\u00ed reagovalo na atent\u00e1t na \u00edr\u00e1nsk\u00e9ho nejvy\u0161\u0161\u00edho v\u016fdce ajatoll\u00e1ha Al\u00edho Chamene\u00edho p\u0159i americko-izraelsk\u00fdch \u00faderech.<\/span><\/p>\n<p><em><span dir=\"auto\">\u201eN\u00e1sil\u00ed nikdy nem\u016f\u017ee v\u00e9st ke spravedlnosti, stabilit\u011b a m\u00edru, na kter\u00e9 lid\u00e9 \u010dekaj\u00ed,\u201c<\/span><\/em><span dir=\"auto\">\u00a0varoval Lev. B\u011bhem n\u00e1v\u0161t\u011bvy \u0159\u00edmsk\u00e9 farnosti pozd\u011bji v ned\u011bli pape\u017e tak\u00e9 odsoudil my\u0161lenku, \u017ee by spory mohly b\u00fdt vy\u0159e\u0161eny v\u00e1lkou, jako\u00a0<\/span><em><span dir=\"auto\">\u201eabsurdn\u00ed\u201c.<\/span><\/em><\/p>\n<p><span dir=\"auto\">Americk\u00fd prezident Donald Trump \u00fadajn\u011b odm\u00edtl snahy bl\u00edzkov\u00fdchodn\u00edch spojenc\u016f Washingtonu o zah\u00e1jen\u00ed jedn\u00e1n\u00ed s Teher\u00e1nem.\u00a0<\/span><em><span dir=\"auto\">\u201eS \u00cdr\u00e1nem nebude \u017e\u00e1dn\u00e1 dohoda krom\u011b BEZPODM\u00cdNE\u010cN\u00c9 KAPITULACE,\u201c<\/span><\/em><span dir=\"auto\">\u00a0\u00a0napsal za\u010d\u00e1tkem b\u0159ezna na Truth Social.<\/span><\/p>\n<p><span dir=\"auto\">Teher\u00e1n zase trv\u00e1 na tom, \u017ee m\u00edr nem\u016f\u017ee nastat, dokud USA nest\u00e1hnou sv\u00e9 s\u00edly z Bl\u00edzk\u00e9ho v\u00fdchodu. Mohsen Rezaee, \u010dlen poradn\u00edho sboru nejvy\u0161\u0161\u00edho v\u016fdce \u00edr\u00e1nsk\u00e9 vl\u00e1dy, ozna\u010dil americkou p\u0159\u00edtomnost v regionu za\u00a0<\/span><em><span dir=\"auto\">\u201ehlavn\u00ed p\u0159\u00ed\u010dinu nejistoty za posledn\u00edch 50 let\u201c.<\/span><\/em><\/p>\n<p><img decoding=\"async\" loading=\"lazy\" class=\"alignnone size-full wp-image-1185\" src=\"http:\/\/www.infokuryr.cz\/n\/wp-content\/uploads\/2021\/04\/kuryr-podpis.png\" alt=\"\" width=\"84\" height=\"24\" \/><\/p>\n<p>&nbsp;<\/p>\n","protected":false},"excerpt":{"rendered":"<p>Pape\u017e americk\u00e9ho p\u016fvodu prohl\u00e1sil, \u017ee \u201en\u00e1sil\u00ed nikdy nem\u016f\u017ee v\u00e9st ke spravedlnosti\u201c Pape\u017e Lev XIV. se&#8230;<\/p>\n","protected":false},"author":2,"featured_media":102048,"comment_status":"closed","ping_status":"closed","sticky":false,"template":"","format":"standard","meta":[],"categories":[7],"tags":[38,4815,254,37],"_links":{"self":[{"href":"https:\/\/www.infokuryr.cz\/n\/wp-json\/wp\/v2\/posts\/102047"}],"collection":[{"href":"https:\/\/www.infokuryr.cz\/n\/wp-json\/wp\/v2\/posts"}],"about":[{"href":"https:\/\/www.infokuryr.cz\/n\/wp-json\/wp\/v2\/types\/post"}],"author":[{"embeddable":true,"href":"https:\/\/www.infokuryr.cz\/n\/wp-json\/wp\/v2\/users\/2"}],"replies":[{"embeddable":true,"href":"https:\/\/www.infokuryr.cz\/n\/wp-json\/wp\/v2\/comments?post=102047"}],"version-history":[{"count":0,"href":"https:\/\/www.infokuryr.cz\/n\/wp-json\/wp\/v2\/posts\/102047\/revisions"}],"wp:featuredmedia":[{"embeddable":true,"href":"https:\/\/www.infokuryr.cz\/n\/wp-json\/wp\/v2\/media\/102048"}],"wp:attachment":[{"href":"https:\/\/www.infokuryr.cz\/n\/wp-json\/wp\/v2\/media?parent=102047"}],"wp:term":[{"taxonomy":"category","embeddable":true,"href":"https:\/\/www.infokuryr.cz\/n\/wp-json\/wp\/v2\/categories?post=102047"},{"taxonomy":"post_tag","embeddable":true,"href":"https:\/\/www.infokuryr.cz\/n\/wp-json\/wp\/v2\/tags?post=102047"}],"curies":[{"name":"wp","href":"https:\/\/api.w.org\/{rel}","templated":true}]}}