{"id":102044,"date":"2026-03-16T06:12:32","date_gmt":"2026-03-16T05:12:32","guid":{"rendered":"https:\/\/www.infokuryr.cz\/n\/?p=102044"},"modified":"2026-03-16T06:12:32","modified_gmt":"2026-03-16T05:12:32","slug":"trump-kritizuje-nato-a-naleha-na-cinu-o-pomoc-s-nasledky-valky-s-iranem","status":"publish","type":"post","link":"https:\/\/www.infokuryr.cz\/n\/2026\/03\/16\/trump-kritizuje-nato-a-naleha-na-cinu-o-pomoc-s-nasledky-valky-s-iranem\/","title":{"rendered":"Trump kritizuje NATO a nal\u00e9h\u00e1 na \u010c\u00ednu o pomoc s n\u00e1sledky v\u00e1lky s \u00cdr\u00e1nem"},"content":{"rendered":"<div id=\"fb-root\"><\/div>\n<h3>Americk\u00fd prezident slibuje, \u017ee si \u201evzpomene\u201c, kdo ignoroval jeho v\u00fdzvy ke spole\u010dn\u00e9mu nasazen\u00ed v Hormuzsk\u00e9m pr\u016flivu<\/h3>\n<div class=\"article__text text \">\n<p><span dir=\"auto\">Prezident Donald Trump varoval evropsk\u00e9 \u010dleny NATO p\u0159ed\u00a0<\/span><em><span dir=\"auto\">\u201evelmi \u0161patnou budoucnost\u00ed\u201c,<\/span><\/em><span dir=\"auto\">\u00a0pokud odm\u00edtnou jeho \u017e\u00e1dost o pomoc se zabezpe\u010den\u00edm Hormuzsk\u00e9ho pr\u016flivu. Teher\u00e1n trv\u00e1 na tom, \u017ee tento kritick\u00fd energetick\u00fd uzl\u00edk pro n\u00e1mo\u0159n\u00ed dopravu z\u016fst\u00e1v\u00e1 otev\u0159en\u00fd v\u0161em \u2013 s v\u00fdjimkou\u00a0<\/span><em><span dir=\"auto\">\u201enep\u0159\u00e1telsk\u00fdch\u201c<\/span><\/em><span dir=\"auto\">\u00a0st\u00e1t\u016f.<\/span><\/p>\n<p><span dir=\"auto\">Zem\u011b, kter\u00e9 dost\u00e1vaj\u00ed ropu p\u0159es Hormuzsk\u00fd pr\u016fliv,\u00a0<\/span><em><span dir=\"auto\">\u201ese mus\u00ed postarat\u201c<\/span><\/em><span dir=\"auto\">\u00a0o jej\u00ed zabezpe\u010den\u00ed, zopakoval Trump o v\u00edkendu a vyzval Spojen\u00e9 kr\u00e1lovstv\u00ed, Francii, Japonsko, Ji\u017en\u00ed Koreu a dokonce i \u010c\u00ednu, aby se p\u0159ipojily k\u00a0<\/span><em><span dir=\"auto\">\u201et\u00fdmov\u00e9mu \u00fasil\u00ed\u201c.<\/span><\/em><\/p>\n<p><em><span dir=\"auto\">\u201ePokud nedojde k \u017e\u00e1dn\u00e9 reakci, nebo pokud bude reakce negativn\u00ed, mysl\u00edm, \u017ee to bude pro budoucnost NATO velmi \u0161patn\u00e9,\u201c<\/span><\/em><span dir=\"auto\">\u00a0\u0159ekl Trump den\u00edku Financial Times. Trump tak\u00e9 nazna\u010dil, \u017ee pokud Peking odm\u00edtne pomoci Washingtonu, mohl by\u00a0\u00a0\u00a0svou n\u00e1v\u0161t\u011bvu \u010c\u00edny\u00a0\u00a0<\/span><em><span dir=\"auto\">\u201eodlo\u017eit\u201c .<\/span><\/em><\/p>\n<p><span dir=\"auto\">V reakci na to Isl\u00e1msk\u00e9 revolu\u010dn\u00ed gardy (IRGC) vyzvaly Trumpa, aby vyslal americk\u00e9 v\u00e1le\u010dn\u00e9 lod\u011b, aby podpo\u0159il sv\u00e1 opakovan\u00e1 tvrzen\u00ed, \u017ee \u00edr\u00e1nsk\u00e9 n\u00e1mo\u0159nictvo bylo\u00a0<\/span><em><span dir=\"auto\">\u201ev podstat\u011b zdecimov\u00e1no\u201c.<\/span><\/em><\/p>\n<p><em><span dir=\"auto\">\u201eNe\u0159ekl Trump, \u017ee \u00edr\u00e1nsk\u00e9 n\u00e1mo\u0159nictvo bylo zni\u010deno? Pokud ano, a\u0165 po\u0161le sv\u00e9 lod\u011b do Persk\u00e9ho z\u00e1livu, pokud si to dovol\u00ed,\u201c<\/span><\/em><span dir=\"auto\">\u00a0\u0159ekl mluv\u010d\u00ed IRGC.<\/span><\/p>\n<p><strong><span dir=\"auto\">Zde jsou nejnov\u011bj\u0161\u00ed informace, kter\u00e9 v\u00e1s RT pr\u016fb\u011b\u017en\u011b informuje:<\/span><\/strong><\/p>\n<ul>\n<li><span dir=\"auto\">Izraelsk\u00e1 arm\u00e1da \u00fadajn\u011b po\u017e\u00e1dala vl\u00e1du o schv\u00e1len\u00ed mobilizace a\u017e 450 000 z\u00e1lo\u017en\u00edk\u016f v r\u00e1mci p\u0159\u00edpravy na mo\u017enou pozemn\u00ed operaci v Libanonu, jeliko\u017e americko-izraelsk\u00e1 v\u00e1lka s \u00cdr\u00e1nem vstoupila do sv\u00e9ho 17. dne.<\/span><\/li>\n<li><span dir=\"auto\">Americk\u00e9 \u00fatoky na \u00cdr\u00e1n dosud st\u00e1ly Washington 12 miliard dolar\u016f, uvedl \u0159editel americk\u00e9 N\u00e1rodn\u00ed ekonomick\u00e9 rady Kevin Hassett.<\/span><\/li>\n<li><span dir=\"auto\">Cena ropy Brent v pond\u011bl\u00ed prudce vzrostla na t\u00e9m\u011b\u0159 106 dolar\u016f za barel pot\u00e9, co Trump o v\u00edkendu prohl\u00e1sil, \u017ee \u00edr\u00e1nsk\u00fd ostrov Charg byl\u00a0<\/span><em><span dir=\"auto\">\u201ezcela zni\u010den\u201c,<\/span><\/em><span dir=\"auto\">\u00a0ale\u00a0<\/span><em><span dir=\"auto\">\u201emo\u017en\u00e1 ho zas\u00e1hneme je\u0161t\u011b n\u011bkolikr\u00e1t jen tak pro z\u00e1bavu\u201c,<\/span><\/em><span dir=\"auto\"> \u00a0co\u017e vyvolalo obavy z hlub\u0161\u00edho ot\u0159esu pro glob\u00e1ln\u00ed dod\u00e1vky energie, pokud bude po\u0161kozena infrastruktura hlavn\u00edho \u00edr\u00e1nsk\u00e9ho exportn\u00edho centra ropy<\/span><\/li>\n<li><span dir=\"auto\">16. b\u0159ezna 2026<br \/>\n<\/span><strong class=\"updates-dates__time\"><span dir=\"auto\">04:26 GMT<\/span><\/strong><\/p>\n<div class=\"updates-dates__text text\">\n<p><span dir=\"auto\">Japonsko odm\u00edtlo v\u00fdzvu prezidenta Trumpa ke spole\u010dn\u00e9mu nasazen\u00ed n\u00e1mo\u0159nictva na Bl\u00edzk\u00e9m v\u00fdchod\u011b a premi\u00e9r Sanae Takai\u010di prohl\u00e1sil, \u017ee jak\u00e1koli operace v oblasti n\u00e1mo\u0159n\u00ed bezpe\u010dnosti by byla\u00a0<\/span><em><span dir=\"auto\">\u201ez pr\u00e1vn\u00edho hlediska extr\u00e9mn\u011b obt\u00ed\u017en\u00e1\u201c.<\/span><\/em><\/p>\n<p><em><span dir=\"auto\">\u201eV sou\u010dasn\u00e9 situaci v \u00cdr\u00e1nu v tuto chv\u00edli neuva\u017eujeme o zah\u00e1jen\u00ed operace na podporu n\u00e1mo\u0159n\u00ed bezpe\u010dnosti,\u201c<\/span><\/em><span dir=\"auto\"> dodal ministr obrany \u0160ind\u017eir\u00f3 Koizu<\/span><\/p>\n<p><strong class=\"updates-dates__time\"><span dir=\"auto\">03:40 GMT<\/span><\/strong><\/p>\n<\/div>\n<div class=\"updates-dates__text text\">\n<p><span dir=\"auto\">Prezident Trump obvinil\u00a0<\/span><em><span dir=\"auto\">\u201em\u00e9dia \u0161\u00ed\u0159\u00edc\u00ed fale\u0161n\u00e9 zpr\u00e1vy\u201c<\/span><\/em><span dir=\"auto\">\u00a0z v\u011bdom\u00e9 dohody s Teher\u00e1nem za \u00fa\u010delem \u0161\u00ed\u0159en\u00ed nejr\u016fzn\u011bj\u0161\u00edch dezinformac\u00ed generovan\u00fdch um\u011blou inteligenc\u00ed, kter\u00e9 zpochyb\u0148uj\u00ed rozhoduj\u00edc\u00ed\u00a0<\/span><em><span dir=\"auto\">\u201ev\u00edt\u011bzstv\u00ed\u201c Washingtonu.<\/span><\/em><\/p>\n<p><em><span dir=\"auto\">\u201eFaktem je, \u017ee \u00cdr\u00e1n je decimov\u00e1n a jedin\u00e9 bitvy, kter\u00e9 \u201avyhr\u00e1vaj\u00ed\u2018, jsou ty, kter\u00e9 si sami vytv\u00e1\u0159ej\u00ed pomoc\u00ed um\u011bl\u00e9 inteligence a \u0161\u00ed\u0159\u00ed je zkorumpovan\u00e1 m\u00e9dia. Radik\u00e1ln\u011b levicov\u00fd tisk si to velmi dob\u0159e uv\u011bdomuje, ale nad\u00e1le \u0161\u00ed\u0159\u00ed fale\u0161n\u00e9 p\u0159\u00edb\u011bhy a L\u017dI,\u201c<\/span><\/em><span dir=\"auto\">\u00a0uvedl v dlouh\u00e9m 400slovn\u00e9m v\u00fdlevu na Truth Social.<\/span><\/p>\n<p><span dir=\"auto\">Trump d\u00e1le varoval, \u017ee m\u00e9dia \u0161\u00ed\u0159\u00edc\u00ed\u00a0<\/span><em><span dir=\"auto\">\u201ev\u011bdom\u011b FALE\u0160N\u00c9\u201c<\/span><\/em><span dir=\"auto\">\u00a0zpr\u00e1vy\u00a0<\/span><em><span dir=\"auto\">\u201eby m\u011bla b\u00fdt obvin\u011bna ze ZRADY za \u0161\u00ed\u0159en\u00ed nepravdiv\u00fdch informac\u00ed\u201c.<\/span><\/em><\/p>\n<div class=\"rtcode\">\n<div><iframe class=\"truthsocial-embed\" src=\"https:\/\/truthsocial.com\/@realDonaldTrump\/116235861005528220\/embed\" width=\"600\" scrolling=\"no\" allowfullscreen=\"allowfullscreen\" data-mce-fragment=\"1\"><\/iframe><\/div>\n<\/div>\n<\/div>\n<p><strong class=\"updates-dates__time\"><span dir=\"auto\">03:12 GMT<\/span><\/strong><\/p>\n<div class=\"updates-dates__text text\">\n<p><span dir=\"auto\">Prezident Trump formuloval svou \u017e\u00e1dost spojenc\u016fm o pomoc se zabezpe\u010den\u00edm Hormuzsk\u00e9ho pr\u016flivu jako\u00a0<\/span><em><span dir=\"auto\">\u201en\u011bco, co my nepot\u0159ebujeme, a tyto zem\u011b pot\u0159ebuj\u00ed\u201c.<\/span><\/em><\/p>\n<p><em><span dir=\"auto\">\u201eMysl\u00edm, \u017ee je dobr\u00e9, aby se k n\u00ed p\u0159idaly i dal\u0161\u00ed zem\u011b,\u201c<\/span><\/em><span dir=\"auto\">\u00a0\u0159ekl americk\u00fd prezident novin\u00e1\u0159\u016fm na palub\u011b Air Force One a nazna\u010dil, \u017ee by bylo je\u0161t\u011b hez\u010d\u00ed, kdyby se k p\u016fvodn\u00edmu americko-izraelsk\u00e9mu \u00fatoku na \u00cdr\u00e1n p\u0159ipojily i dal\u0161\u00ed.<\/span><\/p>\n<p><span dir=\"auto\">Trump vzpomn\u011bl, jak odm\u00edtl opo\u017ed\u011bnou nab\u00eddku britsk\u00e9ho premi\u00e9ra Keira Starmera na vysl\u00e1n\u00ed dvou letadlov\u00fdch lod\u00ed a \u00fadajn\u011b mu \u0159ekl:\u00a0<\/span><em><span dir=\"auto\">\u201eNechci je a\u017e po v\u00edt\u011bzstv\u00ed ve v\u00e1lce. Chci je d\u0159\u00edve, ne\u017e v\u00e1lku za\u010dneme.\u201c<\/span><\/em><\/p>\n<p><em><span dir=\"auto\">\u201eTak\u017ee a\u0165 u\u017e dostaneme podporu, nebo ne, m\u016f\u017eu \u0159\u00edct toto a \u0159ekl jsem to i jim: Budeme si to pamatovat,\u201c<\/span><\/em><span dir=\"auto\">\u00a0\u0159ekl Trump.<\/span><\/p>\n<\/div>\n<p><strong class=\"updates-dates__time\"><span dir=\"auto\">02:42 GMT<\/span><\/strong><\/p>\n<div class=\"updates-dates__text text\">\n<p><span dir=\"auto\">Americk\u00e9 centr\u00e1ln\u00ed velen\u00ed zve\u0159ejnilo z\u00e1b\u011bry tankov\u00e1n\u00ed bombard\u00e9ru B-1B Lancer ve vzduchu, kter\u00fd se pod\u00edlel na prob\u00edhaj\u00edc\u00ed operaci Epic Fury proti \u00cdr\u00e1nu, a vychvalovalo \u201esv\u011btov\u00e9 rekordy bombard\u00e9ru\u00a0<\/span><em><span dir=\"auto\">v rychlosti, u\u017eite\u010dn\u00e9m zat\u00ed\u017een\u00ed a doletu\u201c.<\/span><\/em><\/p>\n<p><span dir=\"auto\">USA ned\u00e1vno ztratily Boeing KC-135 Stratotanker nad\u00a0<\/span><em><span dir=\"auto\">\u201ep\u0159\u00e1telsk\u00fdm vzdu\u0161n\u00fdm prostorem\u201c<\/span><\/em><span dir=\"auto\">\u00a0Ir\u00e1ku p\u0159i nevysv\u011btliteln\u00e9\u00a0<\/span><em><span dir=\"auto\">\u201eincidentu\u201c<\/span><\/em><span dir=\"auto\">\u00a0, p\u0159i kter\u00e9m zahynulo v\u0161ech \u0161est \u010dlen\u016f pos\u00e1dky. Druh\u00fd tanker zapojen\u00fd do stejn\u00e9ho incidentu byl po\u0161kozen, ale poda\u0159ilo se mu nouzov\u011b p\u0159ist\u00e1t v Tel Avivu.<\/span><\/p>\n<p><span dir=\"auto\">Dal\u0161\u00edch p\u011bt tanker\u016f KC-135 bylo po\u0161kozeno b\u011bhem \u00edr\u00e1nsk\u00e9ho raketov\u00e9ho \u00fatoku na leteckou z\u00e1kladnu prince Sult\u00e1na v Sa\u00fadsk\u00e9 Ar\u00e1bii. Prezident Trump trval na tom, \u017ee \u010dty\u0159i z nich neutrp\u011bly\u00a0<\/span><em><span dir=\"auto\">\u201eprakticky \u017e\u00e1dn\u00e9 po\u0161kozen\u00ed\u201c<\/span><\/em><span dir=\"auto\">\u00a0a pouze jeden byl\u00a0<\/span><em><span dir=\"auto\">\u201epo\u0161kozen o n\u011bco v\u00edce, ale brzy bude ve vzduchu\u201c.<\/span><\/em><\/p>\n<div class=\"rtcode\">\n<div class=\"twitter-tweet twitter-tweet-rendered\"><iframe id=\"twitter-widget-0\" class=\"\" title=\"X P\u0159\u00edsp\u011bvek\" src=\"https:\/\/platform.twitter.com\/embed\/Tweet.html?creatorScreenName=RT_com&amp;dnt=false&amp;embedId=twitter-widget-0&amp;features=eyJ0ZndfdGltZWxpbmVfbGlzdCI6eyJidWNrZXQiOltdLCJ2ZXJzaW9uIjpudWxsfSwidGZ3X2ZvbGxvd2VyX2NvdW50X3N1bnNldCI6eyJidWNrZXQiOnRydWUsInZlcnNpb24iOm51bGx9LCJ0ZndfdHdlZXRfZWRpdF9iYWNrZW5kIjp7ImJ1Y2tldCI6Im9uIiwidmVyc2lvbiI6bnVsbH0sInRmd19yZWZzcmNfc2Vzc2lvbiI6eyJidWNrZXQiOiJvbiIsInZlcnNpb24iOm51bGx9LCJ0ZndfZm9zbnJfc29mdF9pbnRlcnZlbnRpb25zX2VuYWJsZWQiOnsiYnVja2V0Ijoib24iLCJ2ZXJzaW9uIjpudWxsfSwidGZ3X21peGVkX21lZGlhXzE1ODk3Ijp7ImJ1Y2tldCI6InRyZWF0bWVudCIsInZlcnNpb24iOm51bGx9LCJ0ZndfZXhwZXJpbWVudHNfY29va2llX2V4cGlyYXRpb24iOnsiYnVja2V0IjoxMjA5NjAwLCJ2ZXJzaW9uIjpudWxsfSwidGZ3X3Nob3dfYmlyZHdhdGNoX3Bpdm90c19lbmFibGVkIjp7ImJ1Y2tldCI6Im9uIiwidmVyc2lvbiI6bnVsbH0sInRmd19kdXBsaWNhdGVfc2NyaWJlc190b19zZXR0aW5ncyI6eyJidWNrZXQiOiJvbiIsInZlcnNpb24iOm51bGx9LCJ0ZndfdXNlX3Byb2ZpbGVfaW1hZ2Vfc2hhcGVfZW5hYmxlZCI6eyJidWNrZXQiOiJvbiIsInZlcnNpb24iOm51bGx9LCJ0ZndfdmlkZW9faGxzX2R5bmFtaWNfbWFuaWZlc3RzXzE1MDgyIjp7ImJ1Y2tldCI6InRydWVfYml0cmF0ZSIsInZlcnNpb24iOm51bGx9LCJ0ZndfbGVnYWN5X3RpbWVsaW5lX3N1bnNldCI6eyJidWNrZXQiOnRydWUsInZlcnNpb24iOm51bGx9LCJ0ZndfdHdlZXRfZWRpdF9mcm9udGVuZCI6eyJidWNrZXQiOiJvbiIsInZlcnNpb24iOm51bGx9fQ%3D%3D&amp;frame=false&amp;hideCard=false&amp;hideThread=false&amp;id=2033318693908697537&amp;lang=cs&amp;origin=https%3A%2F%2Fwww.rt.com%2Fnews%2F635011-iran-us-israel-war-updates%2F&amp;sessionId=e3b58db204c4ed9db4d9adac1c60c10aef6554c0&amp;siteScreenName=RT_com&amp;theme=light&amp;widgetsVersion=2615f7e52b7e0%3A1702314776716&amp;width=550px\" frameborder=\"0\" scrolling=\"no\" allowfullscreen=\"allowfullscreen\" data-tweet-id=\"2033318693908697537\" data-mce-fragment=\"1\"><\/iframe><\/div>\n<\/div>\n<\/div>\n<p><strong class=\"updates-dates__time\"><span dir=\"auto\">02:28 GMT<\/span><\/strong><\/p>\n<div class=\"updates-dates__text text\">\n<p data-start=\"1193\" data-end=\"1342\"><span dir=\"auto\">Prezident Trump nazna\u010dil, \u017ee pokud Peking odm\u00edtne pomoci Washingtonu, mohl by\u00a0<\/span><em><span dir=\"auto\">\u201eodlo\u017eit\u201c<\/span><\/em><span dir=\"auto\">\u00a0svou n\u00e1v\u0161t\u011bvu \u010c\u00edny kv\u016fli summitu s prezidentem Si \u0164in-pchingem.<\/span><\/p>\n<p data-start=\"1344\" data-end=\"1563\"><em><span dir=\"auto\">\u201eMysl\u00edm, \u017ee by m\u011bla pomoci i \u010c\u00edna, proto\u017ee \u010c\u00edna z\u00edsk\u00e1v\u00e1 90 procent sv\u00e9 ropy z \u00fa\u017einy,\u201c<\/span><\/em><span dir=\"auto\">\u00a0\u0159ekl Trump a zd\u016fraznil, \u017ee\u00a0<\/span><em><span dir=\"auto\">\u201eje to dlouh\u00e1 doba\u201c<\/span><\/em><span dir=\"auto\">\u00a0a \u017ee chce zn\u00e1t odpov\u011b\u010f p\u0159ed daty n\u00e1v\u0161t\u011bvy od 31. b\u0159ezna do 2. dubna.<\/span><\/p>\n<\/div>\n<p><strong class=\"updates-dates__time\"><span dir=\"auto\">02:16 GMT<\/span><\/strong><\/p>\n<div class=\"updates-dates__text text\">\n<p><span dir=\"auto\">Trump \u0159ekl agentu\u0159e FT, \u017ee Washington chce, aby jeho spojenci vyslali\u00a0<\/span><em><span dir=\"auto\">\u201ecokoli bude pot\u0159eba\u201c<\/span><\/em><span dir=\"auto\">\u00a0, aby pomohli s \u0159e\u0161en\u00edm\u00a0<\/span><em><span dir=\"auto\">\u201enep\u0159\u00edjemnost\u00ed\u201c<\/span><\/em><span dir=\"auto\">\u00a0v Hormuzsk\u00e9m pr\u016flivu.<\/span><\/p>\n<p><span dir=\"auto\">To by mohlo potenci\u00e1ln\u011b zahrnovat evropsk\u00e9 speci\u00e1ln\u00ed jednotky nebo jin\u00e9\u00a0<\/span><em><span dir=\"auto\">\u201elidi, kte\u0159\u00ed se chystaj\u00ed zlikvidovat n\u011bjak\u00e9 zl\u00e9 akt\u00e9ry pod\u00e9l [\u00edr\u00e1nsk\u00e9ho] pob\u0159e\u017e\u00ed,\u201c<\/span><\/em><span dir=\"auto\">\u00a0\u0159ekl.<\/span><\/p>\n<\/div>\n<p><strong class=\"updates-dates__time\"><span dir=\"auto\">02:00 GMT<\/span><\/strong><\/p>\n<div class=\"updates-dates__text text\">\n<p><span dir=\"auto\">Austr\u00e1lie nevy\u0161le v\u00e1le\u010dn\u00e9 lod\u011b, aby pomohly Washingtonu\u00a0<\/span><em><span dir=\"auto\">\u201ezabezpe\u010dit\u201c<\/span><\/em><span dir=\"auto\">\u00a0Hormuzsk\u00fd pr\u016fliv, uvedla feder\u00e1ln\u00ed ministryn\u011b infrastruktury Catherine Kingov\u00e1.<\/span><\/p>\n<p><em><span dir=\"auto\">\u201eNepo\u0161leme lo\u010f do Hormuzsk\u00e9ho pr\u016flivu. V\u00edme, jak neuv\u011b\u0159iteln\u011b d\u016fle\u017eit\u00e9 to je, ale o to jsme nebyli po\u017e\u00e1d\u00e1ni ani k tomu nep\u0159isp\u00edv\u00e1me,\u201c<\/span><\/em><span dir=\"auto\">\u00a0uvedla a dodala, \u017ee z\u00e1sobov\u00e1n\u00ed zem\u011b palivem nebylo ovlivn\u011bno.<\/span><\/p>\n<p><em><span dir=\"auto\">\u201eV t\u00e9to f\u00e1zi v\u0161echny lod\u011b, kter\u00e9 maj\u00ed v pl\u00e1nu p\u0159iplout do Austr\u00e1lie, p\u0159iplouvaj\u00ed. Z\u00e1soby paliva jsou v po\u0159\u00e1dku,\u201c<\/span><\/em><span dir=\"auto\">\u00a0\u0159ekla.<\/span><\/p>\n<\/div>\n<p><strong class=\"updates-dates__time\"><span dir=\"auto\">01:39 GMT<\/span><\/strong><\/p>\n<div class=\"updates-dates__text text\">\n<p><span dir=\"auto\">Z\u00e1chrann\u00e9 t\u00fdmy \u00fasp\u011b\u0161n\u011b lokalizovaly po\u017e\u00e1r palivov\u00e9 n\u00e1dr\u017ee pobl\u00ed\u017e mezin\u00e1rodn\u00edho leti\u0161t\u011b v Dubaji, p\u0159i\u010dem\u017e po \u00fadajn\u00e9m \u00fatoku dronem nebyly hl\u00e1\u0161eny \u017e\u00e1dn\u00e9 zran\u011bn\u00ed, uvedla m\u011bstsk\u00e1 tiskov\u00e1 kancel\u00e1\u0159.<\/span><\/p>\n<p><span dir=\"auto\">Dubajsk\u00fd \u00fa\u0159ad pro civiln\u00ed letectv\u00ed se v\u0161ak rozhodl pozastavit v\u0161echny lety jako\u00a0<\/span><em><span dir=\"auto\">\u201epreventivn\u00ed opat\u0159en\u00ed k zaji\u0161t\u011bn\u00ed bezpe\u010dnosti v\u0161ech cestuj\u00edc\u00edch a zam\u011bstnanc\u016f\u201c.<\/span><\/em><\/p>\n<div class=\"rtcode\">\n<div class=\"twitter-tweet twitter-tweet-rendered\"><iframe id=\"twitter-widget-1\" class=\"\" title=\"X P\u0159\u00edsp\u011bvek\" src=\"https:\/\/platform.twitter.com\/embed\/Tweet.html?creatorScreenName=RT_com&amp;dnt=false&amp;embedId=twitter-widget-1&amp;features=eyJ0ZndfdGltZWxpbmVfbGlzdCI6eyJidWNrZXQiOltdLCJ2ZXJzaW9uIjpudWxsfSwidGZ3X2ZvbGxvd2VyX2NvdW50X3N1bnNldCI6eyJidWNrZXQiOnRydWUsInZlcnNpb24iOm51bGx9LCJ0ZndfdHdlZXRfZWRpdF9iYWNrZW5kIjp7ImJ1Y2tldCI6Im9uIiwidmVyc2lvbiI6bnVsbH0sInRmd19yZWZzcmNfc2Vzc2lvbiI6eyJidWNrZXQiOiJvbiIsInZlcnNpb24iOm51bGx9LCJ0ZndfZm9zbnJfc29mdF9pbnRlcnZlbnRpb25zX2VuYWJsZWQiOnsiYnVja2V0Ijoib24iLCJ2ZXJzaW9uIjpudWxsfSwidGZ3X21peGVkX21lZGlhXzE1ODk3Ijp7ImJ1Y2tldCI6InRyZWF0bWVudCIsInZlcnNpb24iOm51bGx9LCJ0ZndfZXhwZXJpbWVudHNfY29va2llX2V4cGlyYXRpb24iOnsiYnVja2V0IjoxMjA5NjAwLCJ2ZXJzaW9uIjpudWxsfSwidGZ3X3Nob3dfYmlyZHdhdGNoX3Bpdm90c19lbmFibGVkIjp7ImJ1Y2tldCI6Im9uIiwidmVyc2lvbiI6bnVsbH0sInRmd19kdXBsaWNhdGVfc2NyaWJlc190b19zZXR0aW5ncyI6eyJidWNrZXQiOiJvbiIsInZlcnNpb24iOm51bGx9LCJ0ZndfdXNlX3Byb2ZpbGVfaW1hZ2Vfc2hhcGVfZW5hYmxlZCI6eyJidWNrZXQiOiJvbiIsInZlcnNpb24iOm51bGx9LCJ0ZndfdmlkZW9faGxzX2R5bmFtaWNfbWFuaWZlc3RzXzE1MDgyIjp7ImJ1Y2tldCI6InRydWVfYml0cmF0ZSIsInZlcnNpb24iOm51bGx9LCJ0ZndfbGVnYWN5X3RpbWVsaW5lX3N1bnNldCI6eyJidWNrZXQiOnRydWUsInZlcnNpb24iOm51bGx9LCJ0ZndfdHdlZXRfZWRpdF9mcm9udGVuZCI6eyJidWNrZXQiOiJvbiIsInZlcnNpb24iOm51bGx9fQ%3D%3D&amp;frame=false&amp;hideCard=false&amp;hideThread=false&amp;id=2033334192587620782&amp;lang=cs&amp;origin=https%3A%2F%2Fwww.rt.com%2Fnews%2F635011-iran-us-israel-war-updates%2F&amp;sessionId=e3b58db204c4ed9db4d9adac1c60c10aef6554c0&amp;siteScreenName=RT_com&amp;theme=light&amp;widgetsVersion=2615f7e52b7e0%3A1702314776716&amp;width=550px\" frameborder=\"0\" scrolling=\"no\" allowfullscreen=\"allowfullscreen\" data-tweet-id=\"2033334192587620782\" data-mce-fragment=\"1\"><\/iframe><\/div>\n<\/div>\n<\/div>\n<p><strong class=\"updates-dates__time\"><span dir=\"auto\">01:02 GMT<\/span><\/strong><\/p>\n<div class=\"updates-dates__text text\">\n<p><span dir=\"auto\">Spojen\u00e9 st\u00e1ty aktivn\u011b hledaj\u00ed spojence pro\u00a0<\/span><em><span dir=\"auto\">\u201ehl\u00edd\u00e1n\u00ed\u201c<\/span><\/em><span dir=\"auto\">\u00a0Hormuzsk\u00e9ho pr\u016flivu, zopakoval prezident Trump na tiskov\u00e9 konferenci na palub\u011b Air Force One.<\/span><\/p>\n<p><em><span dir=\"auto\">\u201eJedn\u00e1me s dal\u0161\u00edmi zem\u011bmi o spolupr\u00e1ci na policejn\u00ed kontrole \u00fa\u017einy. A mysl\u00edm, \u017ee se n\u00e1m dost\u00e1v\u00e1 dobr\u00e9 odezvy,\u201c<\/span><\/em><span dir=\"auto\">\u00a0\u0159ekl Trump.\u00a0<\/span><em><span dir=\"auto\">\u201eBylo by zaj\u00edmav\u00e9 sledovat, kter\u00e1 zem\u011b by n\u00e1m nepomohla s velmi mal\u00fdm \u00fasil\u00edm, kter\u00fdm je jen udr\u017een\u00ed pr\u016flivu otev\u0159en\u00e9ho.\u201c<\/span><\/em><\/p>\n<div id=\"mediaplayer-container69b7573d20302723604f6e61\" class=\"mediaplayer js-mediaplayer-container\">\n<div id=\"js-mediaplayer-69b7573d20302723604f6e61\" class=\"jwplayer jw-reset jw-state-idle jw-skin-five jw-stretch-uniform jw-flag-aspect-mode jw-breakpoint-6 jw-flag-user-inactive\" tabindex=\"0\">\n<div class=\"jw-media jw-reset\"><\/div>\n<div class=\"jw-overlays jw-reset\">\n<div style=\"width: 640px;\" class=\"wp-video\"><!--[if lt IE 9]><script>document.createElement('video');<\/script><![endif]-->\n<video class=\"wp-video-shortcode\" id=\"video-102044-1\" width=\"640\" height=\"338\" preload=\"metadata\" controls=\"controls\"><source type=\"video\/mp4\" src=\"http:\/\/www.infokuryr.cz\/n\/wp-content\/uploads\/2026\/03\/69b7573d20302723604f6e61.mp4?_=1\" \/><a href=\"http:\/\/www.infokuryr.cz\/n\/wp-content\/uploads\/2026\/03\/69b7573d20302723604f6e61.mp4\">http:\/\/www.infokuryr.cz\/n\/wp-content\/uploads\/2026\/03\/69b7573d20302723604f6e61.mp4<\/a><\/video><\/div>\n<\/div>\n<div class=\"jw-controls jw-reset\">\n<div class=\"jw-display-icon-container jw-background-color jw-reset\"><\/div>\n<div class=\"jw-controls-right jw-reset\"><\/div>\n<div class=\"jw-nextup-container jw-reset\">\n<div class=\"jw-nextup jw-reset\">\n<div class=\"jw-nextup-tooltip jw-reset\">\n<div class=\"jw-nextup-header jw-reset\"><\/div>\n<div class=\"jw-nextup-body jw-background-color jw-reset\"><strong class=\"updates-dates__time\"><span dir=\"auto\">00:36 GMT<\/span><\/strong><\/div>\n<\/div>\n<\/div>\n<\/div>\n<\/div>\n<\/div>\n<\/div>\n<\/div>\n<div class=\"updates-dates__text text\">\n<p><span dir=\"auto\">Izraelsk\u00e9 obrann\u00e9 s\u00edly (IDF) ozn\u00e1mily, \u017ee\u00a0Izrael zah\u00e1jil novou\u00a0<\/span><em><span dir=\"auto\">\u201erozs\u00e1hlou vlnu \u00fader\u016f zam\u011b\u0159en\u00fdch na infrastrukturu \u00edr\u00e1nsk\u00e9ho teroristick\u00e9ho re\u017eimu v Teher\u00e1nu\u201c\u00a0<\/span><\/em><\/p>\n<p><img decoding=\"async\" loading=\"lazy\" class=\"alignnone size-full wp-image-1185\" src=\"http:\/\/www.infokuryr.cz\/n\/wp-content\/uploads\/2021\/04\/kuryr-podpis.png\" alt=\"\" width=\"84\" height=\"24\" \/><\/p>\n<p>&nbsp;<\/p>\n<\/div>\n<\/li>\n<\/ul>\n<\/div>\n","protected":false},"excerpt":{"rendered":"<p>Americk\u00fd prezident slibuje, \u017ee si \u201evzpomene\u201c, kdo ignoroval jeho v\u00fdzvy ke spole\u010dn\u00e9mu nasazen\u00ed v Hormuzsk\u00e9m&#8230;<\/p>\n","protected":false},"author":2,"featured_media":102046,"comment_status":"closed","ping_status":"closed","sticky":false,"template":"","format":"standard","meta":[],"categories":[7],"tags":[38,39,452],"_links":{"self":[{"href":"https:\/\/www.infokuryr.cz\/n\/wp-json\/wp\/v2\/posts\/102044"}],"collection":[{"href":"https:\/\/www.infokuryr.cz\/n\/wp-json\/wp\/v2\/posts"}],"about":[{"href":"https:\/\/www.infokuryr.cz\/n\/wp-json\/wp\/v2\/types\/post"}],"author":[{"embeddable":true,"href":"https:\/\/www.infokuryr.cz\/n\/wp-json\/wp\/v2\/users\/2"}],"replies":[{"embeddable":true,"href":"https:\/\/www.infokuryr.cz\/n\/wp-json\/wp\/v2\/comments?post=102044"}],"version-history":[{"count":0,"href":"https:\/\/www.infokuryr.cz\/n\/wp-json\/wp\/v2\/posts\/102044\/revisions"}],"wp:featuredmedia":[{"embeddable":true,"href":"https:\/\/www.infokuryr.cz\/n\/wp-json\/wp\/v2\/media\/102046"}],"wp:attachment":[{"href":"https:\/\/www.infokuryr.cz\/n\/wp-json\/wp\/v2\/media?parent=102044"}],"wp:term":[{"taxonomy":"category","embeddable":true,"href":"https:\/\/www.infokuryr.cz\/n\/wp-json\/wp\/v2\/categories?post=102044"},{"taxonomy":"post_tag","embeddable":true,"href":"https:\/\/www.infokuryr.cz\/n\/wp-json\/wp\/v2\/tags?post=102044"}],"curies":[{"name":"wp","href":"https:\/\/api.w.org\/{rel}","templated":true}]}}